{"id":22001,"date":"2017-12-13T08:31:35","date_gmt":"2017-12-13T10:31:35","guid":{"rendered":"http:\/\/dana.com.br\/canaldana\/?p=22001"},"modified":"2017-12-13T08:31:35","modified_gmt":"2017-12-13T10:31:35","slug":"apos-seis-anos-de-queda-bons-ventos-no-setor-de-motos","status":"publish","type":"post","link":"https:\/\/dana.com.br\/canaldana\/2017\/12\/13\/apos-seis-anos-de-queda-bons-ventos-no-setor-de-motos\/","title":{"rendered":"Ap\u00f3s seis anos de queda, bons ventos no setor de motos"},"content":{"rendered":"<p><em>AutoInd\u00fastria<\/em><\/p>\n<p>&nbsp;<\/p>\n<p>Ap\u00f3s seis anos consecutivos de queda, a ind\u00fastria de motocicletas deve encerrar este ano com ligeira alta de 0,3% na produ\u00e7\u00e3o, atingindo total de 890 mil unidades fabricadas no Polo Industrial de Manaus, no Amazonas. As vendas no varejo ainda apresentar\u00e3o queda, de quase 6%, fruto de um descompasso entre a oferta e a demanda nos meses de outubro e novembro que provocou desabastecimento no mercado.<\/p>\n<p>&nbsp;<\/p>\n<p>\u201cForam tempos dif\u00edceis, mas agora bons ares come\u00e7am a soprar no nosso setor\u201d, disse na ter\u00e7a-feira, 12, o presidente da Abraciclo, Marcos Fermanian. Em novembro foram fabricadas 83,1 mil motos, alta de 5,6% em rela\u00e7\u00e3o a outubro e de 18,2% no confronto com o mesmo m\u00eas do ano passado. \u201cS\u00e3o n\u00fameros que melhoraram nossas perspectivas e indicam crescimento para o pr\u00f3ximo ano\u201d.<\/p>\n<p>&nbsp;<\/p>\n<p>A Abraciclo est\u00e1 prevendo alta de 5,1% na produ\u00e7\u00e3o em 2108, com a sa\u00edda das linhas de montagem de 935 mil unidades. As vendas no varejo, que este ano ficar\u00e3o em cerca de 847 mil motos, volume 5,9% inferior ao do ano passado, devem atingir 865 mil unidades, com crescimento de 2,1%. Para o atacado o \u00edndice projetado \u00e9 um pouco maior \u2013 alta de 4,6% \u2013 num total de 850 mil motos.<\/p>\n<p>&nbsp;<\/p>\n<p>Segundo o presidente da Abraciclo, as vendas no varejo \u2013 que totalizaram 773,5 mil licenciamentos at\u00e9 novembro, com redu\u00e7\u00e3o de 5,5% sobre o mesmo per\u00edodo do ano passado \u2013 poderiam at\u00e9 ser positivas no ano se a oferta de produtos tivesse sido maior nos \u00faltimos meses. \u201cO mercado reagiu e a ind\u00fastria n\u00e3o conseguiu acelerar a sua produ\u00e7\u00e3o a tempo de acompanhar a demanda. Por isso a falta de alguns modelos no mercado\u201d.<\/p>\n<p>&nbsp;<\/p>\n<p>Com rela\u00e7\u00e3o \u00e0s exporta\u00e7\u00f5es, a alta este ano deve ficar em torno de 40%, com o embarque de 83 mil unidades. O \u00edndice \u00e9 elevado, segundo Fermanian, porque em 2016 o principal mercado da ind\u00fastria brasileira, a Argentina, imp\u00f4s restri\u00e7\u00f5es aos produtos vindos de fora. Tanto \u00e9 que para 2018 a Abraciclo projeta crescimento de apenas 2,4% nas vendas externas. De acordo com o presidente da Abraciclo, as motos que v\u00eam da \u00c1sia, com pre\u00e7os mais acess\u00edveis, dominam os mercados da Am\u00e9rica do Sul.<\/p>\n<p>&nbsp;<\/p>\n<p><strong>Cr\u00e9dito<\/strong><\/p>\n<p>&nbsp;<\/p>\n<p>Por atingir um p\u00fablico de menor poder aquisitivo principalmente no segmento de baixa cilindrada, o setor de ve\u00edculos duas rodas sofre mais com as restri\u00e7\u00f5es de cr\u00e9dito do que o de autom\u00f3veis e comerciais leves. Mas o consumidor come\u00e7a a ter um pouco mais de facilidade na obten\u00e7\u00e3o de cr\u00e9dito para a compra de motos. \u201cAntes eram aprovadas apenas duas fichas de cada dez. Agora j\u00e1 s\u00e3o tr\u00eas\u201d, comenta o presidente da Abraciclo.<\/p>\n<p>&nbsp;<\/p>\n<p>Enquanto as vendas \u00e0 vista e via cons\u00f3rcio ca\u00edram este ano, respectivamente 7,5% e 20%, as realizadas via CDC, Cr\u00e9dito Direto ao Consumidor, cresceram 9,8% no per\u00edodo de janeiro a novembro. A participa\u00e7\u00e3o do CDC nos neg\u00f3cios do setor saltou de 34,6% no ano passado para 40,4% este ano, enquanto a das compras \u00e0 vista baixou de 31,3% para 30,7% e a do cons\u00f3rcio de 34,1% para 29%. (AutoInd\u00fastria\/Alzira Rodrigues)<\/p>\n","protected":false},"excerpt":{"rendered":"<p>AutoInd\u00fastria &nbsp; Ap\u00f3s seis anos consecutivos de queda, a ind\u00fastria de motocicletas deve encerrar este ano com ligeira alta de 0,3% na produ\u00e7\u00e3o, atingindo total de 890 mil unidades fabricadas no Polo Industrial de Manaus, no Amazonas. As vendas no varejo ainda apresentar\u00e3o queda, de quase 6%, fruto de um descompasso entre a oferta e\u2026 <a class=\"readmore\" href=\"https:\/\/dana.com.br\/canaldana\/2017\/12\/13\/apos-seis-anos-de-queda-bons-ventos-no-setor-de-motos\/\">Leia mais \u00bb<\/a><\/p>\n","protected":false},"author":3,"featured_media":0,"comment_status":"closed","ping_status":"closed","sticky":false,"template":"","format":"standard","meta":{"_acf_changed":false,"footnotes":""},"categories":[79],"tags":[],"class_list":["post-22001","post","type-post","status-publish","format-standard","hentry","category-mercado"],"acf":[],"yoast_head":"<!-- This site is optimized with the Yoast SEO plugin v27.3 - https:\/\/yoast.com\/product\/yoast-seo-wordpress\/ -->\n<title>Ap\u00f3s seis anos de queda, bons ventos no setor de motos - Canal Dana<\/title>\n<meta name=\"robots\" content=\"index, follow, max-snippet:-1, max-image-preview:large, max-video-preview:-1\" \/>\n<link rel=\"canonical\" href=\"https:\/\/dana.com.br\/canaldana\/2017\/12\/13\/apos-seis-anos-de-queda-bons-ventos-no-setor-de-motos\/\" \/>\n<meta property=\"og:locale\" content=\"pt_BR\" \/>\n<meta property=\"og:type\" content=\"article\" \/>\n<meta property=\"og:title\" content=\"Ap\u00f3s seis anos de queda, bons ventos no setor de motos - Canal Dana\" \/>\n<meta property=\"og:description\" content=\"AutoInd\u00fastria &nbsp; Ap\u00f3s seis anos consecutivos de queda, a ind\u00fastria de motocicletas deve encerrar este ano com ligeira alta de 0,3% na produ\u00e7\u00e3o, atingindo total de 890 mil unidades fabricadas no Polo Industrial de Manaus, no Amazonas. As vendas no varejo ainda apresentar\u00e3o queda, de quase 6%, fruto de um descompasso entre a oferta e\u2026 Leia mais \u00bb\" \/>\n<meta property=\"og:url\" content=\"https:\/\/dana.com.br\/canaldana\/2017\/12\/13\/apos-seis-anos-de-queda-bons-ventos-no-setor-de-motos\/\" \/>\n<meta property=\"og:site_name\" content=\"Canal Dana\" \/>\n<meta property=\"article:published_time\" content=\"2017-12-13T10:31:35+00:00\" \/>\n<meta name=\"author\" content=\"Canal Dana\" \/>\n<meta name=\"twitter:card\" content=\"summary_large_image\" \/>\n<meta name=\"twitter:label1\" content=\"Escrito por\" \/>\n\t<meta name=\"twitter:data1\" content=\"Canal Dana\" \/>\n\t<meta name=\"twitter:label2\" content=\"Est. tempo de leitura\" \/>\n\t<meta name=\"twitter:data2\" content=\"3 minutos\" \/>\n<script type=\"application\/ld+json\" class=\"yoast-schema-graph\">{\"@context\":\"https:\\\/\\\/schema.org\",\"@graph\":[{\"@type\":\"Article\",\"@id\":\"https:\\\/\\\/dana.com.br\\\/canaldana\\\/2017\\\/12\\\/13\\\/apos-seis-anos-de-queda-bons-ventos-no-setor-de-motos\\\/#article\",\"isPartOf\":{\"@id\":\"https:\\\/\\\/dana.com.br\\\/canaldana\\\/2017\\\/12\\\/13\\\/apos-seis-anos-de-queda-bons-ventos-no-setor-de-motos\\\/\"},\"author\":{\"name\":\"Canal Dana\",\"@id\":\"https:\\\/\\\/dana.com.br\\\/canaldana\\\/#\\\/schema\\\/person\\\/3c21f22f56fcf3bc46b94bc60ea4fef6\"},\"headline\":\"Ap\u00f3s seis anos de queda, bons ventos no setor de motos\",\"datePublished\":\"2017-12-13T10:31:35+00:00\",\"mainEntityOfPage\":{\"@id\":\"https:\\\/\\\/dana.com.br\\\/canaldana\\\/2017\\\/12\\\/13\\\/apos-seis-anos-de-queda-bons-ventos-no-setor-de-motos\\\/\"},\"wordCount\":532,\"articleSection\":[\"Mercado\"],\"inLanguage\":\"pt-BR\"},{\"@type\":\"WebPage\",\"@id\":\"https:\\\/\\\/dana.com.br\\\/canaldana\\\/2017\\\/12\\\/13\\\/apos-seis-anos-de-queda-bons-ventos-no-setor-de-motos\\\/\",\"url\":\"https:\\\/\\\/dana.com.br\\\/canaldana\\\/2017\\\/12\\\/13\\\/apos-seis-anos-de-queda-bons-ventos-no-setor-de-motos\\\/\",\"name\":\"Ap\u00f3s seis anos de queda, bons ventos no setor de motos - Canal Dana\",\"isPartOf\":{\"@id\":\"https:\\\/\\\/dana.com.br\\\/canaldana\\\/#website\"},\"datePublished\":\"2017-12-13T10:31:35+00:00\",\"author\":{\"@id\":\"https:\\\/\\\/dana.com.br\\\/canaldana\\\/#\\\/schema\\\/person\\\/3c21f22f56fcf3bc46b94bc60ea4fef6\"},\"breadcrumb\":{\"@id\":\"https:\\\/\\\/dana.com.br\\\/canaldana\\\/2017\\\/12\\\/13\\\/apos-seis-anos-de-queda-bons-ventos-no-setor-de-motos\\\/#breadcrumb\"},\"inLanguage\":\"pt-BR\",\"potentialAction\":[{\"@type\":\"ReadAction\",\"target\":[\"https:\\\/\\\/dana.com.br\\\/canaldana\\\/2017\\\/12\\\/13\\\/apos-seis-anos-de-queda-bons-ventos-no-setor-de-motos\\\/\"]}]},{\"@type\":\"BreadcrumbList\",\"@id\":\"https:\\\/\\\/dana.com.br\\\/canaldana\\\/2017\\\/12\\\/13\\\/apos-seis-anos-de-queda-bons-ventos-no-setor-de-motos\\\/#breadcrumb\",\"itemListElement\":[{\"@type\":\"ListItem\",\"position\":1,\"name\":\"Home\",\"item\":\"https:\\\/\\\/dana.com.br\\\/canaldana\\\/\"},{\"@type\":\"ListItem\",\"position\":2,\"name\":\"Mercado\",\"item\":\"https:\\\/\\\/dana.com.br\\\/canaldana\\\/mercado\\\/\"},{\"@type\":\"ListItem\",\"position\":3,\"name\":\"Ap\u00f3s seis anos de queda, bons ventos no setor de motos\"}]},{\"@type\":\"WebSite\",\"@id\":\"https:\\\/\\\/dana.com.br\\\/canaldana\\\/#website\",\"url\":\"https:\\\/\\\/dana.com.br\\\/canaldana\\\/\",\"name\":\"Canal Dana\",\"description\":\"Informativo com as principais not\u00edcias da ind\u00fastria automotiva\",\"potentialAction\":[{\"@type\":\"SearchAction\",\"target\":{\"@type\":\"EntryPoint\",\"urlTemplate\":\"https:\\\/\\\/dana.com.br\\\/canaldana\\\/?s={search_term_string}\"},\"query-input\":{\"@type\":\"PropertyValueSpecification\",\"valueRequired\":true,\"valueName\":\"search_term_string\"}}],\"inLanguage\":\"pt-BR\"},{\"@type\":\"Person\",\"@id\":\"https:\\\/\\\/dana.com.br\\\/canaldana\\\/#\\\/schema\\\/person\\\/3c21f22f56fcf3bc46b94bc60ea4fef6\",\"name\":\"Canal Dana\",\"image\":{\"@type\":\"ImageObject\",\"inLanguage\":\"pt-BR\",\"@id\":\"https:\\\/\\\/secure.gravatar.com\\\/avatar\\\/420aaf9278582877d9018637c6817617705899d2858d7572ef0fe59a6b6454b4?s=96&d=mm&r=g\",\"url\":\"https:\\\/\\\/secure.gravatar.com\\\/avatar\\\/420aaf9278582877d9018637c6817617705899d2858d7572ef0fe59a6b6454b4?s=96&d=mm&r=g\",\"contentUrl\":\"https:\\\/\\\/secure.gravatar.com\\\/avatar\\\/420aaf9278582877d9018637c6817617705899d2858d7572ef0fe59a6b6454b4?s=96&d=mm&r=g\",\"caption\":\"Canal Dana\"},\"url\":\"https:\\\/\\\/dana.com.br\\\/canaldana\\\/author\\\/cdeditor\\\/\"}]}<\/script>\n<!-- \/ Yoast SEO plugin. -->","yoast_head_json":{"title":"Ap\u00f3s seis anos de queda, bons ventos no setor de motos - Canal Dana","robots":{"index":"index","follow":"follow","max-snippet":"max-snippet:-1","max-image-preview":"max-image-preview:large","max-video-preview":"max-video-preview:-1"},"canonical":"https:\/\/dana.com.br\/canaldana\/2017\/12\/13\/apos-seis-anos-de-queda-bons-ventos-no-setor-de-motos\/","og_locale":"pt_BR","og_type":"article","og_title":"Ap\u00f3s seis anos de queda, bons ventos no setor de motos - Canal Dana","og_description":"AutoInd\u00fastria &nbsp; Ap\u00f3s seis anos consecutivos de queda, a ind\u00fastria de motocicletas deve encerrar este ano com ligeira alta de 0,3% na produ\u00e7\u00e3o, atingindo total de 890 mil unidades fabricadas no Polo Industrial de Manaus, no Amazonas. As vendas no varejo ainda apresentar\u00e3o queda, de quase 6%, fruto de um descompasso entre a oferta e\u2026 Leia mais \u00bb","og_url":"https:\/\/dana.com.br\/canaldana\/2017\/12\/13\/apos-seis-anos-de-queda-bons-ventos-no-setor-de-motos\/","og_site_name":"Canal Dana","article_published_time":"2017-12-13T10:31:35+00:00","author":"Canal Dana","twitter_card":"summary_large_image","twitter_misc":{"Escrito por":"Canal Dana","Est. tempo de leitura":"3 minutos"},"schema":{"@context":"https:\/\/schema.org","@graph":[{"@type":"Article","@id":"https:\/\/dana.com.br\/canaldana\/2017\/12\/13\/apos-seis-anos-de-queda-bons-ventos-no-setor-de-motos\/#article","isPartOf":{"@id":"https:\/\/dana.com.br\/canaldana\/2017\/12\/13\/apos-seis-anos-de-queda-bons-ventos-no-setor-de-motos\/"},"author":{"name":"Canal Dana","@id":"https:\/\/dana.com.br\/canaldana\/#\/schema\/person\/3c21f22f56fcf3bc46b94bc60ea4fef6"},"headline":"Ap\u00f3s seis anos de queda, bons ventos no setor de motos","datePublished":"2017-12-13T10:31:35+00:00","mainEntityOfPage":{"@id":"https:\/\/dana.com.br\/canaldana\/2017\/12\/13\/apos-seis-anos-de-queda-bons-ventos-no-setor-de-motos\/"},"wordCount":532,"articleSection":["Mercado"],"inLanguage":"pt-BR"},{"@type":"WebPage","@id":"https:\/\/dana.com.br\/canaldana\/2017\/12\/13\/apos-seis-anos-de-queda-bons-ventos-no-setor-de-motos\/","url":"https:\/\/dana.com.br\/canaldana\/2017\/12\/13\/apos-seis-anos-de-queda-bons-ventos-no-setor-de-motos\/","name":"Ap\u00f3s seis anos de queda, bons ventos no setor de motos - Canal Dana","isPartOf":{"@id":"https:\/\/dana.com.br\/canaldana\/#website"},"datePublished":"2017-12-13T10:31:35+00:00","author":{"@id":"https:\/\/dana.com.br\/canaldana\/#\/schema\/person\/3c21f22f56fcf3bc46b94bc60ea4fef6"},"breadcrumb":{"@id":"https:\/\/dana.com.br\/canaldana\/2017\/12\/13\/apos-seis-anos-de-queda-bons-ventos-no-setor-de-motos\/#breadcrumb"},"inLanguage":"pt-BR","potentialAction":[{"@type":"ReadAction","target":["https:\/\/dana.com.br\/canaldana\/2017\/12\/13\/apos-seis-anos-de-queda-bons-ventos-no-setor-de-motos\/"]}]},{"@type":"BreadcrumbList","@id":"https:\/\/dana.com.br\/canaldana\/2017\/12\/13\/apos-seis-anos-de-queda-bons-ventos-no-setor-de-motos\/#breadcrumb","itemListElement":[{"@type":"ListItem","position":1,"name":"Home","item":"https:\/\/dana.com.br\/canaldana\/"},{"@type":"ListItem","position":2,"name":"Mercado","item":"https:\/\/dana.com.br\/canaldana\/mercado\/"},{"@type":"ListItem","position":3,"name":"Ap\u00f3s seis anos de queda, bons ventos no setor de motos"}]},{"@type":"WebSite","@id":"https:\/\/dana.com.br\/canaldana\/#website","url":"https:\/\/dana.com.br\/canaldana\/","name":"Canal Dana","description":"Informativo com as principais not\u00edcias da ind\u00fastria automotiva","potentialAction":[{"@type":"SearchAction","target":{"@type":"EntryPoint","urlTemplate":"https:\/\/dana.com.br\/canaldana\/?s={search_term_string}"},"query-input":{"@type":"PropertyValueSpecification","valueRequired":true,"valueName":"search_term_string"}}],"inLanguage":"pt-BR"},{"@type":"Person","@id":"https:\/\/dana.com.br\/canaldana\/#\/schema\/person\/3c21f22f56fcf3bc46b94bc60ea4fef6","name":"Canal Dana","image":{"@type":"ImageObject","inLanguage":"pt-BR","@id":"https:\/\/secure.gravatar.com\/avatar\/420aaf9278582877d9018637c6817617705899d2858d7572ef0fe59a6b6454b4?s=96&d=mm&r=g","url":"https:\/\/secure.gravatar.com\/avatar\/420aaf9278582877d9018637c6817617705899d2858d7572ef0fe59a6b6454b4?s=96&d=mm&r=g","contentUrl":"https:\/\/secure.gravatar.com\/avatar\/420aaf9278582877d9018637c6817617705899d2858d7572ef0fe59a6b6454b4?s=96&d=mm&r=g","caption":"Canal Dana"},"url":"https:\/\/dana.com.br\/canaldana\/author\/cdeditor\/"}]}},"_links":{"self":[{"href":"https:\/\/dana.com.br\/canaldana\/wp-json\/wp\/v2\/posts\/22001","targetHints":{"allow":["GET"]}}],"collection":[{"href":"https:\/\/dana.com.br\/canaldana\/wp-json\/wp\/v2\/posts"}],"about":[{"href":"https:\/\/dana.com.br\/canaldana\/wp-json\/wp\/v2\/types\/post"}],"author":[{"embeddable":true,"href":"https:\/\/dana.com.br\/canaldana\/wp-json\/wp\/v2\/users\/3"}],"replies":[{"embeddable":true,"href":"https:\/\/dana.com.br\/canaldana\/wp-json\/wp\/v2\/comments?post=22001"}],"version-history":[{"count":0,"href":"https:\/\/dana.com.br\/canaldana\/wp-json\/wp\/v2\/posts\/22001\/revisions"}],"wp:attachment":[{"href":"https:\/\/dana.com.br\/canaldana\/wp-json\/wp\/v2\/media?parent=22001"}],"wp:term":[{"taxonomy":"category","embeddable":true,"href":"https:\/\/dana.com.br\/canaldana\/wp-json\/wp\/v2\/categories?post=22001"},{"taxonomy":"post_tag","embeddable":true,"href":"https:\/\/dana.com.br\/canaldana\/wp-json\/wp\/v2\/tags?post=22001"}],"curies":[{"name":"wp","href":"https:\/\/api.w.org\/{rel}","templated":true}]}}