{"id":21958,"date":"2017-12-12T08:14:35","date_gmt":"2017-12-12T10:14:35","guid":{"rendered":"http:\/\/dana.com.br\/canaldana\/?p=21958"},"modified":"2017-12-12T08:14:35","modified_gmt":"2017-12-12T10:14:35","slug":"reboques-e-semirreboques-apuram-primeira-alta-do-ano","status":"publish","type":"post","link":"https:\/\/dana.com.br\/canaldana\/2017\/12\/12\/reboques-e-semirreboques-apuram-primeira-alta-do-ano\/","title":{"rendered":"Reboques e semirreboques apuram primeira alta do ano"},"content":{"rendered":"<p><em>Estrad\u00e3o<\/em><\/p>\n<p>&nbsp;<\/p>\n<p>As vendas de reboques e semirreboques acumularam de janeiro a novembro 22.454 emplacamentos, volume 4,48% superior ao registrado no mesmo per\u00edodo do ano passado de 21.492 unidades. Segundo a Anfir, a Associa\u00e7\u00e3o Nacional dos Fabricantes de Implementos Rodovi\u00e1rio, \u00e9 o primeiro resultado positivo no ano.<\/p>\n<p>&nbsp;<\/p>\n<p>No balan\u00e7o anterior divulgado pela associa\u00e7\u00e3o no in\u00edcio de outubro, os n\u00fameros j\u00e1 se mostravam melhores, com os volumes de licenciamentos quase empatados na compara\u00e7\u00e3o anual. \u201cUm momento importante no processo de recupera\u00e7\u00e3o da ind\u00fastria\u201d, disse na ocasi\u00e3o Alcides Braga, presidente da Anfir. Agora, com o registro do crescimento o dirigente acredita na retomada das vendas \u201ce dever\u00e1 seguir em rota ascendente daqui para frente.\u201d<\/p>\n<p>&nbsp;<\/p>\n<p>Dentre reboques e semirreboques se destacam tanques de alum\u00ednio, com crescimento de 108,7%, para 48 unidades at\u00e9 novembro, ba\u00fa carga geral, alta de 54,5%, com 2.075 equipamentos vendidos e ba\u00fa lonado, que acumula vendas de 1.888 unidades, evolu\u00e7\u00e3o de 39,23%.<\/p>\n<p>&nbsp;<\/p>\n<p>Na categoria de carrocerias sobre chassi, no entanto, os neg\u00f3cios ainda seguem abaixo do desempenho do ano passado. Segundo Braga, sinal de que o com\u00e9rcio urbano e as compras ainda n\u00e3o reagiram. De janeiro a novembro, o mercado absorveu 31.314 equipamentos leves, queda de 11,2% em rela\u00e7\u00e3o \u00e0s 35.263 unidades registradas nos onze primeiros meses de 2016.<\/p>\n<p>&nbsp;<\/p>\n<p>O desempenho do segmento de leves, trouxe para baixo o resultado do mercado total. Os 53.768 implementos rodovi\u00e1rios emplacado no acumulado do ano at\u00e9 novembro representaram decl\u00ednio de 5,26% na compara\u00e7\u00e3o com os 56.755 licenciamentos de um ano antes. (Estrad\u00e3o)<\/p>\n","protected":false},"excerpt":{"rendered":"<p>Estrad\u00e3o &nbsp; As vendas de reboques e semirreboques acumularam de janeiro a novembro 22.454 emplacamentos, volume 4,48% superior ao registrado no mesmo per\u00edodo do ano passado de 21.492 unidades. Segundo a Anfir, a Associa\u00e7\u00e3o Nacional dos Fabricantes de Implementos Rodovi\u00e1rio, \u00e9 o primeiro resultado positivo no ano. &nbsp; No balan\u00e7o anterior divulgado pela associa\u00e7\u00e3o no\u2026 <a class=\"readmore\" href=\"https:\/\/dana.com.br\/canaldana\/2017\/12\/12\/reboques-e-semirreboques-apuram-primeira-alta-do-ano\/\">Leia mais \u00bb<\/a><\/p>\n","protected":false},"author":3,"featured_media":0,"comment_status":"closed","ping_status":"closed","sticky":false,"template":"","format":"standard","meta":{"_acf_changed":false,"footnotes":""},"categories":[79],"tags":[],"class_list":["post-21958","post","type-post","status-publish","format-standard","hentry","category-mercado"],"acf":[],"yoast_head":"<!-- This site is optimized with the Yoast SEO plugin v27.5 - https:\/\/yoast.com\/product\/yoast-seo-wordpress\/ -->\n<title>Reboques e semirreboques apuram primeira alta do ano - Canal Dana<\/title>\n<meta name=\"robots\" content=\"index, follow, max-snippet:-1, max-image-preview:large, max-video-preview:-1\" \/>\n<link rel=\"canonical\" href=\"https:\/\/dana.com.br\/canaldana\/2017\/12\/12\/reboques-e-semirreboques-apuram-primeira-alta-do-ano\/\" \/>\n<meta property=\"og:locale\" content=\"pt_BR\" \/>\n<meta property=\"og:type\" content=\"article\" \/>\n<meta property=\"og:title\" content=\"Reboques e semirreboques apuram primeira alta do ano - Canal Dana\" \/>\n<meta property=\"og:description\" content=\"Estrad\u00e3o &nbsp; As vendas de reboques e semirreboques acumularam de janeiro a novembro 22.454 emplacamentos, volume 4,48% superior ao registrado no mesmo per\u00edodo do ano passado de 21.492 unidades. Segundo a Anfir, a Associa\u00e7\u00e3o Nacional dos Fabricantes de Implementos Rodovi\u00e1rio, \u00e9 o primeiro resultado positivo no ano. &nbsp; No balan\u00e7o anterior divulgado pela associa\u00e7\u00e3o no\u2026 Leia mais \u00bb\" \/>\n<meta property=\"og:url\" content=\"https:\/\/dana.com.br\/canaldana\/2017\/12\/12\/reboques-e-semirreboques-apuram-primeira-alta-do-ano\/\" \/>\n<meta property=\"og:site_name\" content=\"Canal Dana\" \/>\n<meta property=\"article:published_time\" content=\"2017-12-12T10:14:35+00:00\" \/>\n<meta name=\"author\" content=\"Canal Dana\" \/>\n<meta name=\"twitter:card\" content=\"summary_large_image\" \/>\n<meta name=\"twitter:label1\" content=\"Escrito por\" \/>\n\t<meta name=\"twitter:data1\" content=\"Canal Dana\" \/>\n\t<meta name=\"twitter:label2\" content=\"Est. tempo de leitura\" \/>\n\t<meta name=\"twitter:data2\" content=\"1 minuto\" \/>\n<script type=\"application\/ld+json\" class=\"yoast-schema-graph\">{\"@context\":\"https:\\\/\\\/schema.org\",\"@graph\":[{\"@type\":\"Article\",\"@id\":\"https:\\\/\\\/dana.com.br\\\/canaldana\\\/2017\\\/12\\\/12\\\/reboques-e-semirreboques-apuram-primeira-alta-do-ano\\\/#article\",\"isPartOf\":{\"@id\":\"https:\\\/\\\/dana.com.br\\\/canaldana\\\/2017\\\/12\\\/12\\\/reboques-e-semirreboques-apuram-primeira-alta-do-ano\\\/\"},\"author\":{\"name\":\"Canal Dana\",\"@id\":\"https:\\\/\\\/dana.com.br\\\/canaldana\\\/#\\\/schema\\\/person\\\/3c21f22f56fcf3bc46b94bc60ea4fef6\"},\"headline\":\"Reboques e semirreboques apuram primeira alta do ano\",\"datePublished\":\"2017-12-12T10:14:35+00:00\",\"mainEntityOfPage\":{\"@id\":\"https:\\\/\\\/dana.com.br\\\/canaldana\\\/2017\\\/12\\\/12\\\/reboques-e-semirreboques-apuram-primeira-alta-do-ano\\\/\"},\"wordCount\":266,\"articleSection\":[\"Mercado\"],\"inLanguage\":\"pt-BR\"},{\"@type\":\"WebPage\",\"@id\":\"https:\\\/\\\/dana.com.br\\\/canaldana\\\/2017\\\/12\\\/12\\\/reboques-e-semirreboques-apuram-primeira-alta-do-ano\\\/\",\"url\":\"https:\\\/\\\/dana.com.br\\\/canaldana\\\/2017\\\/12\\\/12\\\/reboques-e-semirreboques-apuram-primeira-alta-do-ano\\\/\",\"name\":\"Reboques e semirreboques apuram primeira alta do ano - Canal Dana\",\"isPartOf\":{\"@id\":\"https:\\\/\\\/dana.com.br\\\/canaldana\\\/#website\"},\"datePublished\":\"2017-12-12T10:14:35+00:00\",\"author\":{\"@id\":\"https:\\\/\\\/dana.com.br\\\/canaldana\\\/#\\\/schema\\\/person\\\/3c21f22f56fcf3bc46b94bc60ea4fef6\"},\"breadcrumb\":{\"@id\":\"https:\\\/\\\/dana.com.br\\\/canaldana\\\/2017\\\/12\\\/12\\\/reboques-e-semirreboques-apuram-primeira-alta-do-ano\\\/#breadcrumb\"},\"inLanguage\":\"pt-BR\",\"potentialAction\":[{\"@type\":\"ReadAction\",\"target\":[\"https:\\\/\\\/dana.com.br\\\/canaldana\\\/2017\\\/12\\\/12\\\/reboques-e-semirreboques-apuram-primeira-alta-do-ano\\\/\"]}]},{\"@type\":\"BreadcrumbList\",\"@id\":\"https:\\\/\\\/dana.com.br\\\/canaldana\\\/2017\\\/12\\\/12\\\/reboques-e-semirreboques-apuram-primeira-alta-do-ano\\\/#breadcrumb\",\"itemListElement\":[{\"@type\":\"ListItem\",\"position\":1,\"name\":\"Home\",\"item\":\"https:\\\/\\\/dana.com.br\\\/canaldana\\\/\"},{\"@type\":\"ListItem\",\"position\":2,\"name\":\"Mercado\",\"item\":\"https:\\\/\\\/dana.com.br\\\/canaldana\\\/mercado\\\/\"},{\"@type\":\"ListItem\",\"position\":3,\"name\":\"Reboques e semirreboques apuram primeira alta do ano\"}]},{\"@type\":\"WebSite\",\"@id\":\"https:\\\/\\\/dana.com.br\\\/canaldana\\\/#website\",\"url\":\"https:\\\/\\\/dana.com.br\\\/canaldana\\\/\",\"name\":\"Canal Dana\",\"description\":\"Informativo com as principais not\u00edcias da ind\u00fastria automotiva\",\"potentialAction\":[{\"@type\":\"SearchAction\",\"target\":{\"@type\":\"EntryPoint\",\"urlTemplate\":\"https:\\\/\\\/dana.com.br\\\/canaldana\\\/?s={search_term_string}\"},\"query-input\":{\"@type\":\"PropertyValueSpecification\",\"valueRequired\":true,\"valueName\":\"search_term_string\"}}],\"inLanguage\":\"pt-BR\"},{\"@type\":\"Person\",\"@id\":\"https:\\\/\\\/dana.com.br\\\/canaldana\\\/#\\\/schema\\\/person\\\/3c21f22f56fcf3bc46b94bc60ea4fef6\",\"name\":\"Canal Dana\",\"image\":{\"@type\":\"ImageObject\",\"inLanguage\":\"pt-BR\",\"@id\":\"https:\\\/\\\/secure.gravatar.com\\\/avatar\\\/420aaf9278582877d9018637c6817617705899d2858d7572ef0fe59a6b6454b4?s=96&d=mm&r=g\",\"url\":\"https:\\\/\\\/secure.gravatar.com\\\/avatar\\\/420aaf9278582877d9018637c6817617705899d2858d7572ef0fe59a6b6454b4?s=96&d=mm&r=g\",\"contentUrl\":\"https:\\\/\\\/secure.gravatar.com\\\/avatar\\\/420aaf9278582877d9018637c6817617705899d2858d7572ef0fe59a6b6454b4?s=96&d=mm&r=g\",\"caption\":\"Canal Dana\"},\"url\":\"https:\\\/\\\/dana.com.br\\\/canaldana\\\/author\\\/cdeditor\\\/\"}]}<\/script>\n<!-- \/ Yoast SEO plugin. -->","yoast_head_json":{"title":"Reboques e semirreboques apuram primeira alta do ano - Canal Dana","robots":{"index":"index","follow":"follow","max-snippet":"max-snippet:-1","max-image-preview":"max-image-preview:large","max-video-preview":"max-video-preview:-1"},"canonical":"https:\/\/dana.com.br\/canaldana\/2017\/12\/12\/reboques-e-semirreboques-apuram-primeira-alta-do-ano\/","og_locale":"pt_BR","og_type":"article","og_title":"Reboques e semirreboques apuram primeira alta do ano - Canal Dana","og_description":"Estrad\u00e3o &nbsp; As vendas de reboques e semirreboques acumularam de janeiro a novembro 22.454 emplacamentos, volume 4,48% superior ao registrado no mesmo per\u00edodo do ano passado de 21.492 unidades. Segundo a Anfir, a Associa\u00e7\u00e3o Nacional dos Fabricantes de Implementos Rodovi\u00e1rio, \u00e9 o primeiro resultado positivo no ano. &nbsp; No balan\u00e7o anterior divulgado pela associa\u00e7\u00e3o no\u2026 Leia mais \u00bb","og_url":"https:\/\/dana.com.br\/canaldana\/2017\/12\/12\/reboques-e-semirreboques-apuram-primeira-alta-do-ano\/","og_site_name":"Canal Dana","article_published_time":"2017-12-12T10:14:35+00:00","author":"Canal Dana","twitter_card":"summary_large_image","twitter_misc":{"Escrito por":"Canal Dana","Est. tempo de leitura":"1 minuto"},"schema":{"@context":"https:\/\/schema.org","@graph":[{"@type":"Article","@id":"https:\/\/dana.com.br\/canaldana\/2017\/12\/12\/reboques-e-semirreboques-apuram-primeira-alta-do-ano\/#article","isPartOf":{"@id":"https:\/\/dana.com.br\/canaldana\/2017\/12\/12\/reboques-e-semirreboques-apuram-primeira-alta-do-ano\/"},"author":{"name":"Canal Dana","@id":"https:\/\/dana.com.br\/canaldana\/#\/schema\/person\/3c21f22f56fcf3bc46b94bc60ea4fef6"},"headline":"Reboques e semirreboques apuram primeira alta do ano","datePublished":"2017-12-12T10:14:35+00:00","mainEntityOfPage":{"@id":"https:\/\/dana.com.br\/canaldana\/2017\/12\/12\/reboques-e-semirreboques-apuram-primeira-alta-do-ano\/"},"wordCount":266,"articleSection":["Mercado"],"inLanguage":"pt-BR"},{"@type":"WebPage","@id":"https:\/\/dana.com.br\/canaldana\/2017\/12\/12\/reboques-e-semirreboques-apuram-primeira-alta-do-ano\/","url":"https:\/\/dana.com.br\/canaldana\/2017\/12\/12\/reboques-e-semirreboques-apuram-primeira-alta-do-ano\/","name":"Reboques e semirreboques apuram primeira alta do ano - Canal Dana","isPartOf":{"@id":"https:\/\/dana.com.br\/canaldana\/#website"},"datePublished":"2017-12-12T10:14:35+00:00","author":{"@id":"https:\/\/dana.com.br\/canaldana\/#\/schema\/person\/3c21f22f56fcf3bc46b94bc60ea4fef6"},"breadcrumb":{"@id":"https:\/\/dana.com.br\/canaldana\/2017\/12\/12\/reboques-e-semirreboques-apuram-primeira-alta-do-ano\/#breadcrumb"},"inLanguage":"pt-BR","potentialAction":[{"@type":"ReadAction","target":["https:\/\/dana.com.br\/canaldana\/2017\/12\/12\/reboques-e-semirreboques-apuram-primeira-alta-do-ano\/"]}]},{"@type":"BreadcrumbList","@id":"https:\/\/dana.com.br\/canaldana\/2017\/12\/12\/reboques-e-semirreboques-apuram-primeira-alta-do-ano\/#breadcrumb","itemListElement":[{"@type":"ListItem","position":1,"name":"Home","item":"https:\/\/dana.com.br\/canaldana\/"},{"@type":"ListItem","position":2,"name":"Mercado","item":"https:\/\/dana.com.br\/canaldana\/mercado\/"},{"@type":"ListItem","position":3,"name":"Reboques e semirreboques apuram primeira alta do ano"}]},{"@type":"WebSite","@id":"https:\/\/dana.com.br\/canaldana\/#website","url":"https:\/\/dana.com.br\/canaldana\/","name":"Canal Dana","description":"Informativo com as principais not\u00edcias da ind\u00fastria automotiva","potentialAction":[{"@type":"SearchAction","target":{"@type":"EntryPoint","urlTemplate":"https:\/\/dana.com.br\/canaldana\/?s={search_term_string}"},"query-input":{"@type":"PropertyValueSpecification","valueRequired":true,"valueName":"search_term_string"}}],"inLanguage":"pt-BR"},{"@type":"Person","@id":"https:\/\/dana.com.br\/canaldana\/#\/schema\/person\/3c21f22f56fcf3bc46b94bc60ea4fef6","name":"Canal Dana","image":{"@type":"ImageObject","inLanguage":"pt-BR","@id":"https:\/\/secure.gravatar.com\/avatar\/420aaf9278582877d9018637c6817617705899d2858d7572ef0fe59a6b6454b4?s=96&d=mm&r=g","url":"https:\/\/secure.gravatar.com\/avatar\/420aaf9278582877d9018637c6817617705899d2858d7572ef0fe59a6b6454b4?s=96&d=mm&r=g","contentUrl":"https:\/\/secure.gravatar.com\/avatar\/420aaf9278582877d9018637c6817617705899d2858d7572ef0fe59a6b6454b4?s=96&d=mm&r=g","caption":"Canal Dana"},"url":"https:\/\/dana.com.br\/canaldana\/author\/cdeditor\/"}]}},"_links":{"self":[{"href":"https:\/\/dana.com.br\/canaldana\/wp-json\/wp\/v2\/posts\/21958","targetHints":{"allow":["GET"]}}],"collection":[{"href":"https:\/\/dana.com.br\/canaldana\/wp-json\/wp\/v2\/posts"}],"about":[{"href":"https:\/\/dana.com.br\/canaldana\/wp-json\/wp\/v2\/types\/post"}],"author":[{"embeddable":true,"href":"https:\/\/dana.com.br\/canaldana\/wp-json\/wp\/v2\/users\/3"}],"replies":[{"embeddable":true,"href":"https:\/\/dana.com.br\/canaldana\/wp-json\/wp\/v2\/comments?post=21958"}],"version-history":[{"count":0,"href":"https:\/\/dana.com.br\/canaldana\/wp-json\/wp\/v2\/posts\/21958\/revisions"}],"wp:attachment":[{"href":"https:\/\/dana.com.br\/canaldana\/wp-json\/wp\/v2\/media?parent=21958"}],"wp:term":[{"taxonomy":"category","embeddable":true,"href":"https:\/\/dana.com.br\/canaldana\/wp-json\/wp\/v2\/categories?post=21958"},{"taxonomy":"post_tag","embeddable":true,"href":"https:\/\/dana.com.br\/canaldana\/wp-json\/wp\/v2\/tags?post=21958"}],"curies":[{"name":"wp","href":"https:\/\/api.w.org\/{rel}","templated":true}]}}