{"id":21788,"date":"2017-12-05T08:26:29","date_gmt":"2017-12-05T10:26:29","guid":{"rendered":"http:\/\/dana.com.br\/canaldana\/?p=21788"},"modified":"2017-12-05T08:26:29","modified_gmt":"2017-12-05T10:26:29","slug":"financiamento-de-veiculos-aumenta-103-em-outubro","status":"publish","type":"post","link":"https:\/\/dana.com.br\/canaldana\/2017\/12\/05\/financiamento-de-veiculos-aumenta-103-em-outubro\/","title":{"rendered":"Financiamento de ve\u00edculos aumenta 10,3% em outubro"},"content":{"rendered":"<p><em>Frota &amp; Cia<\/em><\/p>\n<p>&nbsp;<\/p>\n<p>O mercado de cr\u00e9dito para financiamento de ve\u00edculos acusou, em outubro, o segundo melhor resultado do ano. As empresas associadas \u00e0 Anef, que re\u00fane os bancos de montadoras de ve\u00edculos e institui\u00e7\u00f5es independentes, registraram um aumento de 10,3% no volume de cr\u00e9dito em rela\u00e7\u00e3o ao m\u00eas anterior, alcan\u00e7ando a marca de R$ 9,23 bilh\u00f5es liberados. O montante s\u00f3 ficou abaixo do registrado em agosto, com R$ 9,26 bilh\u00f5es. Em compara\u00e7\u00e3o a setembro do ano passado a varia\u00e7\u00e3o foi ainda maior, totalizando 38,7% de expans\u00e3o nos volumes de cr\u00e9dito.<\/p>\n<p>&nbsp;<\/p>\n<p>No acumulado do ano, o sistema financeiro liberou R$ 81,4 bilh\u00f5es at\u00e9 outubro, o que representa uma alta de 22,6% em doze meses. Em apenas dez meses, o volume liberado pelos bancos atingiu quase o mesmo montante registrado durante todo o ano de 2016, que foi de R$ 82,2 bilh\u00f5es. Outro indicador que confirma a recupera\u00e7\u00e3o do mercado \u00e9 a taxa de inadimpl\u00eancia: 3,8%, o menor \u00edndice de 2017.<\/p>\n<p>&nbsp;<\/p>\n<p>\u201cUma das principais raz\u00f5es para o aumento na procura pelo cr\u00e9dito se deve \u00e0 queda das taxas de juros. Com isso, o consumidor tem se sentido mais confiante em investir num bem de maior valor\u201d, afirma o presidente da Anef, Luiz Montenegro. \u201cSe for mantida a previs\u00e3o atual para o cen\u00e1rio econ\u00f4mico, a tend\u00eancia para os pr\u00f3ximos meses dever\u00e1 ser de juros mais baixos, aumento da confian\u00e7a do consumidor, crescimento na procura pelo financiamento e redu\u00e7\u00e3o no n\u00famero de n\u00e3o pagadores\u201d, completa. (Frota &amp; Cia)<\/p>\n","protected":false},"excerpt":{"rendered":"<p>Frota &amp; Cia &nbsp; O mercado de cr\u00e9dito para financiamento de ve\u00edculos acusou, em outubro, o segundo melhor resultado do ano. As empresas associadas \u00e0 Anef, que re\u00fane os bancos de montadoras de ve\u00edculos e institui\u00e7\u00f5es independentes, registraram um aumento de 10,3% no volume de cr\u00e9dito em rela\u00e7\u00e3o ao m\u00eas anterior, alcan\u00e7ando a marca de\u2026 <a class=\"readmore\" href=\"https:\/\/dana.com.br\/canaldana\/2017\/12\/05\/financiamento-de-veiculos-aumenta-103-em-outubro\/\">Leia mais \u00bb<\/a><\/p>\n","protected":false},"author":3,"featured_media":0,"comment_status":"closed","ping_status":"closed","sticky":false,"template":"","format":"standard","meta":{"_acf_changed":false,"footnotes":""},"categories":[61],"tags":[],"class_list":["post-21788","post","type-post","status-publish","format-standard","hentry","category-destaques"],"acf":[],"yoast_head":"<!-- This site is optimized with the Yoast SEO plugin v27.3 - https:\/\/yoast.com\/product\/yoast-seo-wordpress\/ -->\n<title>Financiamento de ve\u00edculos aumenta 10,3% em outubro - Canal Dana<\/title>\n<meta name=\"robots\" content=\"index, follow, max-snippet:-1, max-image-preview:large, max-video-preview:-1\" \/>\n<link rel=\"canonical\" href=\"https:\/\/dana.com.br\/canaldana\/2017\/12\/05\/financiamento-de-veiculos-aumenta-103-em-outubro\/\" \/>\n<meta property=\"og:locale\" content=\"pt_BR\" \/>\n<meta property=\"og:type\" content=\"article\" \/>\n<meta property=\"og:title\" content=\"Financiamento de ve\u00edculos aumenta 10,3% em outubro - Canal Dana\" \/>\n<meta property=\"og:description\" content=\"Frota &amp; Cia &nbsp; O mercado de cr\u00e9dito para financiamento de ve\u00edculos acusou, em outubro, o segundo melhor resultado do ano. As empresas associadas \u00e0 Anef, que re\u00fane os bancos de montadoras de ve\u00edculos e institui\u00e7\u00f5es independentes, registraram um aumento de 10,3% no volume de cr\u00e9dito em rela\u00e7\u00e3o ao m\u00eas anterior, alcan\u00e7ando a marca de\u2026 Leia mais \u00bb\" \/>\n<meta property=\"og:url\" content=\"https:\/\/dana.com.br\/canaldana\/2017\/12\/05\/financiamento-de-veiculos-aumenta-103-em-outubro\/\" \/>\n<meta property=\"og:site_name\" content=\"Canal Dana\" \/>\n<meta property=\"article:published_time\" content=\"2017-12-05T10:26:29+00:00\" \/>\n<meta name=\"author\" content=\"Canal Dana\" \/>\n<meta name=\"twitter:card\" content=\"summary_large_image\" \/>\n<meta name=\"twitter:label1\" content=\"Escrito por\" \/>\n\t<meta name=\"twitter:data1\" content=\"Canal Dana\" \/>\n\t<meta name=\"twitter:label2\" content=\"Est. tempo de leitura\" \/>\n\t<meta name=\"twitter:data2\" content=\"1 minuto\" \/>\n<script type=\"application\/ld+json\" class=\"yoast-schema-graph\">{\"@context\":\"https:\\\/\\\/schema.org\",\"@graph\":[{\"@type\":\"Article\",\"@id\":\"https:\\\/\\\/dana.com.br\\\/canaldana\\\/2017\\\/12\\\/05\\\/financiamento-de-veiculos-aumenta-103-em-outubro\\\/#article\",\"isPartOf\":{\"@id\":\"https:\\\/\\\/dana.com.br\\\/canaldana\\\/2017\\\/12\\\/05\\\/financiamento-de-veiculos-aumenta-103-em-outubro\\\/\"},\"author\":{\"name\":\"Canal Dana\",\"@id\":\"https:\\\/\\\/dana.com.br\\\/canaldana\\\/#\\\/schema\\\/person\\\/3c21f22f56fcf3bc46b94bc60ea4fef6\"},\"headline\":\"Financiamento de ve\u00edculos aumenta 10,3% em outubro\",\"datePublished\":\"2017-12-05T10:26:29+00:00\",\"mainEntityOfPage\":{\"@id\":\"https:\\\/\\\/dana.com.br\\\/canaldana\\\/2017\\\/12\\\/05\\\/financiamento-de-veiculos-aumenta-103-em-outubro\\\/\"},\"wordCount\":272,\"articleSection\":[\"Destaques\"],\"inLanguage\":\"pt-BR\"},{\"@type\":\"WebPage\",\"@id\":\"https:\\\/\\\/dana.com.br\\\/canaldana\\\/2017\\\/12\\\/05\\\/financiamento-de-veiculos-aumenta-103-em-outubro\\\/\",\"url\":\"https:\\\/\\\/dana.com.br\\\/canaldana\\\/2017\\\/12\\\/05\\\/financiamento-de-veiculos-aumenta-103-em-outubro\\\/\",\"name\":\"Financiamento de ve\u00edculos aumenta 10,3% em outubro - Canal Dana\",\"isPartOf\":{\"@id\":\"https:\\\/\\\/dana.com.br\\\/canaldana\\\/#website\"},\"datePublished\":\"2017-12-05T10:26:29+00:00\",\"author\":{\"@id\":\"https:\\\/\\\/dana.com.br\\\/canaldana\\\/#\\\/schema\\\/person\\\/3c21f22f56fcf3bc46b94bc60ea4fef6\"},\"breadcrumb\":{\"@id\":\"https:\\\/\\\/dana.com.br\\\/canaldana\\\/2017\\\/12\\\/05\\\/financiamento-de-veiculos-aumenta-103-em-outubro\\\/#breadcrumb\"},\"inLanguage\":\"pt-BR\",\"potentialAction\":[{\"@type\":\"ReadAction\",\"target\":[\"https:\\\/\\\/dana.com.br\\\/canaldana\\\/2017\\\/12\\\/05\\\/financiamento-de-veiculos-aumenta-103-em-outubro\\\/\"]}]},{\"@type\":\"BreadcrumbList\",\"@id\":\"https:\\\/\\\/dana.com.br\\\/canaldana\\\/2017\\\/12\\\/05\\\/financiamento-de-veiculos-aumenta-103-em-outubro\\\/#breadcrumb\",\"itemListElement\":[{\"@type\":\"ListItem\",\"position\":1,\"name\":\"Home\",\"item\":\"https:\\\/\\\/dana.com.br\\\/canaldana\\\/\"},{\"@type\":\"ListItem\",\"position\":2,\"name\":\"Destaques\",\"item\":\"https:\\\/\\\/dana.com.br\\\/canaldana\\\/destaques\\\/\"},{\"@type\":\"ListItem\",\"position\":3,\"name\":\"Financiamento de ve\u00edculos aumenta 10,3% em outubro\"}]},{\"@type\":\"WebSite\",\"@id\":\"https:\\\/\\\/dana.com.br\\\/canaldana\\\/#website\",\"url\":\"https:\\\/\\\/dana.com.br\\\/canaldana\\\/\",\"name\":\"Canal Dana\",\"description\":\"Informativo com as principais not\u00edcias da ind\u00fastria automotiva\",\"potentialAction\":[{\"@type\":\"SearchAction\",\"target\":{\"@type\":\"EntryPoint\",\"urlTemplate\":\"https:\\\/\\\/dana.com.br\\\/canaldana\\\/?s={search_term_string}\"},\"query-input\":{\"@type\":\"PropertyValueSpecification\",\"valueRequired\":true,\"valueName\":\"search_term_string\"}}],\"inLanguage\":\"pt-BR\"},{\"@type\":\"Person\",\"@id\":\"https:\\\/\\\/dana.com.br\\\/canaldana\\\/#\\\/schema\\\/person\\\/3c21f22f56fcf3bc46b94bc60ea4fef6\",\"name\":\"Canal Dana\",\"image\":{\"@type\":\"ImageObject\",\"inLanguage\":\"pt-BR\",\"@id\":\"https:\\\/\\\/secure.gravatar.com\\\/avatar\\\/420aaf9278582877d9018637c6817617705899d2858d7572ef0fe59a6b6454b4?s=96&d=mm&r=g\",\"url\":\"https:\\\/\\\/secure.gravatar.com\\\/avatar\\\/420aaf9278582877d9018637c6817617705899d2858d7572ef0fe59a6b6454b4?s=96&d=mm&r=g\",\"contentUrl\":\"https:\\\/\\\/secure.gravatar.com\\\/avatar\\\/420aaf9278582877d9018637c6817617705899d2858d7572ef0fe59a6b6454b4?s=96&d=mm&r=g\",\"caption\":\"Canal Dana\"},\"url\":\"https:\\\/\\\/dana.com.br\\\/canaldana\\\/author\\\/cdeditor\\\/\"}]}<\/script>\n<!-- \/ Yoast SEO plugin. -->","yoast_head_json":{"title":"Financiamento de ve\u00edculos aumenta 10,3% em outubro - Canal Dana","robots":{"index":"index","follow":"follow","max-snippet":"max-snippet:-1","max-image-preview":"max-image-preview:large","max-video-preview":"max-video-preview:-1"},"canonical":"https:\/\/dana.com.br\/canaldana\/2017\/12\/05\/financiamento-de-veiculos-aumenta-103-em-outubro\/","og_locale":"pt_BR","og_type":"article","og_title":"Financiamento de ve\u00edculos aumenta 10,3% em outubro - Canal Dana","og_description":"Frota &amp; Cia &nbsp; O mercado de cr\u00e9dito para financiamento de ve\u00edculos acusou, em outubro, o segundo melhor resultado do ano. As empresas associadas \u00e0 Anef, que re\u00fane os bancos de montadoras de ve\u00edculos e institui\u00e7\u00f5es independentes, registraram um aumento de 10,3% no volume de cr\u00e9dito em rela\u00e7\u00e3o ao m\u00eas anterior, alcan\u00e7ando a marca de\u2026 Leia mais \u00bb","og_url":"https:\/\/dana.com.br\/canaldana\/2017\/12\/05\/financiamento-de-veiculos-aumenta-103-em-outubro\/","og_site_name":"Canal Dana","article_published_time":"2017-12-05T10:26:29+00:00","author":"Canal Dana","twitter_card":"summary_large_image","twitter_misc":{"Escrito por":"Canal Dana","Est. tempo de leitura":"1 minuto"},"schema":{"@context":"https:\/\/schema.org","@graph":[{"@type":"Article","@id":"https:\/\/dana.com.br\/canaldana\/2017\/12\/05\/financiamento-de-veiculos-aumenta-103-em-outubro\/#article","isPartOf":{"@id":"https:\/\/dana.com.br\/canaldana\/2017\/12\/05\/financiamento-de-veiculos-aumenta-103-em-outubro\/"},"author":{"name":"Canal Dana","@id":"https:\/\/dana.com.br\/canaldana\/#\/schema\/person\/3c21f22f56fcf3bc46b94bc60ea4fef6"},"headline":"Financiamento de ve\u00edculos aumenta 10,3% em outubro","datePublished":"2017-12-05T10:26:29+00:00","mainEntityOfPage":{"@id":"https:\/\/dana.com.br\/canaldana\/2017\/12\/05\/financiamento-de-veiculos-aumenta-103-em-outubro\/"},"wordCount":272,"articleSection":["Destaques"],"inLanguage":"pt-BR"},{"@type":"WebPage","@id":"https:\/\/dana.com.br\/canaldana\/2017\/12\/05\/financiamento-de-veiculos-aumenta-103-em-outubro\/","url":"https:\/\/dana.com.br\/canaldana\/2017\/12\/05\/financiamento-de-veiculos-aumenta-103-em-outubro\/","name":"Financiamento de ve\u00edculos aumenta 10,3% em outubro - Canal Dana","isPartOf":{"@id":"https:\/\/dana.com.br\/canaldana\/#website"},"datePublished":"2017-12-05T10:26:29+00:00","author":{"@id":"https:\/\/dana.com.br\/canaldana\/#\/schema\/person\/3c21f22f56fcf3bc46b94bc60ea4fef6"},"breadcrumb":{"@id":"https:\/\/dana.com.br\/canaldana\/2017\/12\/05\/financiamento-de-veiculos-aumenta-103-em-outubro\/#breadcrumb"},"inLanguage":"pt-BR","potentialAction":[{"@type":"ReadAction","target":["https:\/\/dana.com.br\/canaldana\/2017\/12\/05\/financiamento-de-veiculos-aumenta-103-em-outubro\/"]}]},{"@type":"BreadcrumbList","@id":"https:\/\/dana.com.br\/canaldana\/2017\/12\/05\/financiamento-de-veiculos-aumenta-103-em-outubro\/#breadcrumb","itemListElement":[{"@type":"ListItem","position":1,"name":"Home","item":"https:\/\/dana.com.br\/canaldana\/"},{"@type":"ListItem","position":2,"name":"Destaques","item":"https:\/\/dana.com.br\/canaldana\/destaques\/"},{"@type":"ListItem","position":3,"name":"Financiamento de ve\u00edculos aumenta 10,3% em outubro"}]},{"@type":"WebSite","@id":"https:\/\/dana.com.br\/canaldana\/#website","url":"https:\/\/dana.com.br\/canaldana\/","name":"Canal Dana","description":"Informativo com as principais not\u00edcias da ind\u00fastria automotiva","potentialAction":[{"@type":"SearchAction","target":{"@type":"EntryPoint","urlTemplate":"https:\/\/dana.com.br\/canaldana\/?s={search_term_string}"},"query-input":{"@type":"PropertyValueSpecification","valueRequired":true,"valueName":"search_term_string"}}],"inLanguage":"pt-BR"},{"@type":"Person","@id":"https:\/\/dana.com.br\/canaldana\/#\/schema\/person\/3c21f22f56fcf3bc46b94bc60ea4fef6","name":"Canal Dana","image":{"@type":"ImageObject","inLanguage":"pt-BR","@id":"https:\/\/secure.gravatar.com\/avatar\/420aaf9278582877d9018637c6817617705899d2858d7572ef0fe59a6b6454b4?s=96&d=mm&r=g","url":"https:\/\/secure.gravatar.com\/avatar\/420aaf9278582877d9018637c6817617705899d2858d7572ef0fe59a6b6454b4?s=96&d=mm&r=g","contentUrl":"https:\/\/secure.gravatar.com\/avatar\/420aaf9278582877d9018637c6817617705899d2858d7572ef0fe59a6b6454b4?s=96&d=mm&r=g","caption":"Canal Dana"},"url":"https:\/\/dana.com.br\/canaldana\/author\/cdeditor\/"}]}},"_links":{"self":[{"href":"https:\/\/dana.com.br\/canaldana\/wp-json\/wp\/v2\/posts\/21788","targetHints":{"allow":["GET"]}}],"collection":[{"href":"https:\/\/dana.com.br\/canaldana\/wp-json\/wp\/v2\/posts"}],"about":[{"href":"https:\/\/dana.com.br\/canaldana\/wp-json\/wp\/v2\/types\/post"}],"author":[{"embeddable":true,"href":"https:\/\/dana.com.br\/canaldana\/wp-json\/wp\/v2\/users\/3"}],"replies":[{"embeddable":true,"href":"https:\/\/dana.com.br\/canaldana\/wp-json\/wp\/v2\/comments?post=21788"}],"version-history":[{"count":0,"href":"https:\/\/dana.com.br\/canaldana\/wp-json\/wp\/v2\/posts\/21788\/revisions"}],"wp:attachment":[{"href":"https:\/\/dana.com.br\/canaldana\/wp-json\/wp\/v2\/media?parent=21788"}],"wp:term":[{"taxonomy":"category","embeddable":true,"href":"https:\/\/dana.com.br\/canaldana\/wp-json\/wp\/v2\/categories?post=21788"},{"taxonomy":"post_tag","embeddable":true,"href":"https:\/\/dana.com.br\/canaldana\/wp-json\/wp\/v2\/tags?post=21788"}],"curies":[{"name":"wp","href":"https:\/\/api.w.org\/{rel}","templated":true}]}}