{"id":2176,"date":"2015-08-31T08:28:22","date_gmt":"2015-08-31T11:28:22","guid":{"rendered":"http:\/\/dana.com.br\/canaldana\/?p=2176"},"modified":"2015-08-31T08:28:22","modified_gmt":"2015-08-31T11:28:22","slug":"volkswagen-tera-plataforma-modular-de-menor-custo-para-mercados-emergentes","status":"publish","type":"post","link":"https:\/\/dana.com.br\/canaldana\/2015\/08\/31\/volkswagen-tera-plataforma-modular-de-menor-custo-para-mercados-emergentes\/","title":{"rendered":"Volkswagen ter\u00e1 plataforma modular de menor custo para mercados emergentes"},"content":{"rendered":"<p><em>MotorDream<\/em><\/p>\n<p>&nbsp;<\/p>\n<p>A Volkswagen j\u00e1 trabalha em cima de uma nova plataforma modular, semelhante \u00e0 atual MQB, mas com menor tecnologia e custo reduzido. A inten\u00e7\u00e3o da marca alem\u00e3 \u00e9 us\u00e1-la em mercados emergentes, como \u00cdndia, China e, claro, Brasil. Dela sair\u00e3o modelos de carros mais simples e ser\u00e1 desenvolvida a partir do barateamento de elementos da pr\u00f3pria MQB \u2013 como aconteceu com a anterior PQ25, que tem uma vers\u00e3o de baixo custo utilizada no Gol, Voyage e Fox por aqui.<\/p>\n<p>&nbsp;<\/p>\n<p>A ideia \u00e9 que quase todo o line-up de ve\u00edculos Volkswagen destinados aos mercados de segunda linha sejam desenvolvidos nesta nova plataforma. Al\u00e9m disso, alguns modelos da Skoda e outros que s\u00f3 circulam pela China devem ser constru\u00eddos nela. O carro que deve estrear a novidade, a princ\u00edpio, ser\u00e1 o compacto Vento \u2013 sed\u00e3 chin\u00eas que corresponde ao Voyage. O modelo ganhar\u00e1 nova gera\u00e7\u00e3o entre 2018 e 2019 e ser\u00e1 comercializado no M\u00e9xico, na \u00cdndia e na Argentina. Outro forte concorrente a ser um dos primeiros a utilizar a plataforma \u00e9 o Skoda Fabia. (MotorDream)<\/p>\n<p>&nbsp;<\/p>\n","protected":false},"excerpt":{"rendered":"<p>MotorDream &nbsp; A Volkswagen j\u00e1 trabalha em cima de uma nova plataforma modular, semelhante \u00e0 atual MQB, mas com menor tecnologia e custo reduzido. A inten\u00e7\u00e3o da marca alem\u00e3 \u00e9 us\u00e1-la em mercados emergentes, como \u00cdndia, China e, claro, Brasil. Dela sair\u00e3o modelos de carros mais simples e ser\u00e1 desenvolvida a partir do barateamento de\u2026 <a class=\"readmore\" href=\"https:\/\/dana.com.br\/canaldana\/2015\/08\/31\/volkswagen-tera-plataforma-modular-de-menor-custo-para-mercados-emergentes\/\">Leia mais \u00bb<\/a><\/p>\n","protected":false},"author":3,"featured_media":0,"comment_status":"closed","ping_status":"closed","sticky":false,"template":"","format":"standard","meta":{"_acf_changed":false,"footnotes":""},"categories":[79],"tags":[],"class_list":["post-2176","post","type-post","status-publish","format-standard","hentry","category-mercado"],"acf":[],"yoast_head":"<!-- This site is optimized with the Yoast SEO plugin v27.3 - https:\/\/yoast.com\/product\/yoast-seo-wordpress\/ -->\n<title>Volkswagen ter\u00e1 plataforma modular de menor custo para mercados emergentes - Canal Dana<\/title>\n<meta name=\"robots\" content=\"index, follow, max-snippet:-1, max-image-preview:large, max-video-preview:-1\" \/>\n<link rel=\"canonical\" href=\"https:\/\/dana.com.br\/canaldana\/2015\/08\/31\/volkswagen-tera-plataforma-modular-de-menor-custo-para-mercados-emergentes\/\" \/>\n<meta property=\"og:locale\" content=\"pt_BR\" \/>\n<meta property=\"og:type\" content=\"article\" \/>\n<meta property=\"og:title\" content=\"Volkswagen ter\u00e1 plataforma modular de menor custo para mercados emergentes - Canal Dana\" \/>\n<meta property=\"og:description\" content=\"MotorDream &nbsp; A Volkswagen j\u00e1 trabalha em cima de uma nova plataforma modular, semelhante \u00e0 atual MQB, mas com menor tecnologia e custo reduzido. A inten\u00e7\u00e3o da marca alem\u00e3 \u00e9 us\u00e1-la em mercados emergentes, como \u00cdndia, China e, claro, Brasil. Dela sair\u00e3o modelos de carros mais simples e ser\u00e1 desenvolvida a partir do barateamento de\u2026 Leia mais \u00bb\" \/>\n<meta property=\"og:url\" content=\"https:\/\/dana.com.br\/canaldana\/2015\/08\/31\/volkswagen-tera-plataforma-modular-de-menor-custo-para-mercados-emergentes\/\" \/>\n<meta property=\"og:site_name\" content=\"Canal Dana\" \/>\n<meta property=\"article:published_time\" content=\"2015-08-31T11:28:22+00:00\" \/>\n<meta name=\"author\" content=\"Canal Dana\" \/>\n<meta name=\"twitter:card\" content=\"summary_large_image\" \/>\n<meta name=\"twitter:label1\" content=\"Escrito por\" \/>\n\t<meta name=\"twitter:data1\" content=\"Canal Dana\" \/>\n\t<meta name=\"twitter:label2\" content=\"Est. tempo de leitura\" \/>\n\t<meta name=\"twitter:data2\" content=\"1 minuto\" \/>\n<script type=\"application\/ld+json\" class=\"yoast-schema-graph\">{\"@context\":\"https:\\\/\\\/schema.org\",\"@graph\":[{\"@type\":\"Article\",\"@id\":\"https:\\\/\\\/dana.com.br\\\/canaldana\\\/2015\\\/08\\\/31\\\/volkswagen-tera-plataforma-modular-de-menor-custo-para-mercados-emergentes\\\/#article\",\"isPartOf\":{\"@id\":\"https:\\\/\\\/dana.com.br\\\/canaldana\\\/2015\\\/08\\\/31\\\/volkswagen-tera-plataforma-modular-de-menor-custo-para-mercados-emergentes\\\/\"},\"author\":{\"name\":\"Canal Dana\",\"@id\":\"https:\\\/\\\/dana.com.br\\\/canaldana\\\/#\\\/schema\\\/person\\\/3c21f22f56fcf3bc46b94bc60ea4fef6\"},\"headline\":\"Volkswagen ter\u00e1 plataforma modular de menor custo para mercados emergentes\",\"datePublished\":\"2015-08-31T11:28:22+00:00\",\"mainEntityOfPage\":{\"@id\":\"https:\\\/\\\/dana.com.br\\\/canaldana\\\/2015\\\/08\\\/31\\\/volkswagen-tera-plataforma-modular-de-menor-custo-para-mercados-emergentes\\\/\"},\"wordCount\":192,\"articleSection\":[\"Mercado\"],\"inLanguage\":\"pt-BR\"},{\"@type\":\"WebPage\",\"@id\":\"https:\\\/\\\/dana.com.br\\\/canaldana\\\/2015\\\/08\\\/31\\\/volkswagen-tera-plataforma-modular-de-menor-custo-para-mercados-emergentes\\\/\",\"url\":\"https:\\\/\\\/dana.com.br\\\/canaldana\\\/2015\\\/08\\\/31\\\/volkswagen-tera-plataforma-modular-de-menor-custo-para-mercados-emergentes\\\/\",\"name\":\"Volkswagen ter\u00e1 plataforma modular de menor custo para mercados emergentes - Canal Dana\",\"isPartOf\":{\"@id\":\"https:\\\/\\\/dana.com.br\\\/canaldana\\\/#website\"},\"datePublished\":\"2015-08-31T11:28:22+00:00\",\"author\":{\"@id\":\"https:\\\/\\\/dana.com.br\\\/canaldana\\\/#\\\/schema\\\/person\\\/3c21f22f56fcf3bc46b94bc60ea4fef6\"},\"breadcrumb\":{\"@id\":\"https:\\\/\\\/dana.com.br\\\/canaldana\\\/2015\\\/08\\\/31\\\/volkswagen-tera-plataforma-modular-de-menor-custo-para-mercados-emergentes\\\/#breadcrumb\"},\"inLanguage\":\"pt-BR\",\"potentialAction\":[{\"@type\":\"ReadAction\",\"target\":[\"https:\\\/\\\/dana.com.br\\\/canaldana\\\/2015\\\/08\\\/31\\\/volkswagen-tera-plataforma-modular-de-menor-custo-para-mercados-emergentes\\\/\"]}]},{\"@type\":\"BreadcrumbList\",\"@id\":\"https:\\\/\\\/dana.com.br\\\/canaldana\\\/2015\\\/08\\\/31\\\/volkswagen-tera-plataforma-modular-de-menor-custo-para-mercados-emergentes\\\/#breadcrumb\",\"itemListElement\":[{\"@type\":\"ListItem\",\"position\":1,\"name\":\"Home\",\"item\":\"https:\\\/\\\/dana.com.br\\\/canaldana\\\/\"},{\"@type\":\"ListItem\",\"position\":2,\"name\":\"Mercado\",\"item\":\"https:\\\/\\\/dana.com.br\\\/canaldana\\\/mercado\\\/\"},{\"@type\":\"ListItem\",\"position\":3,\"name\":\"Volkswagen ter\u00e1 plataforma modular de menor custo para mercados emergentes\"}]},{\"@type\":\"WebSite\",\"@id\":\"https:\\\/\\\/dana.com.br\\\/canaldana\\\/#website\",\"url\":\"https:\\\/\\\/dana.com.br\\\/canaldana\\\/\",\"name\":\"Canal Dana\",\"description\":\"Informativo com as principais not\u00edcias da ind\u00fastria automotiva\",\"potentialAction\":[{\"@type\":\"SearchAction\",\"target\":{\"@type\":\"EntryPoint\",\"urlTemplate\":\"https:\\\/\\\/dana.com.br\\\/canaldana\\\/?s={search_term_string}\"},\"query-input\":{\"@type\":\"PropertyValueSpecification\",\"valueRequired\":true,\"valueName\":\"search_term_string\"}}],\"inLanguage\":\"pt-BR\"},{\"@type\":\"Person\",\"@id\":\"https:\\\/\\\/dana.com.br\\\/canaldana\\\/#\\\/schema\\\/person\\\/3c21f22f56fcf3bc46b94bc60ea4fef6\",\"name\":\"Canal Dana\",\"image\":{\"@type\":\"ImageObject\",\"inLanguage\":\"pt-BR\",\"@id\":\"https:\\\/\\\/secure.gravatar.com\\\/avatar\\\/420aaf9278582877d9018637c6817617705899d2858d7572ef0fe59a6b6454b4?s=96&d=mm&r=g\",\"url\":\"https:\\\/\\\/secure.gravatar.com\\\/avatar\\\/420aaf9278582877d9018637c6817617705899d2858d7572ef0fe59a6b6454b4?s=96&d=mm&r=g\",\"contentUrl\":\"https:\\\/\\\/secure.gravatar.com\\\/avatar\\\/420aaf9278582877d9018637c6817617705899d2858d7572ef0fe59a6b6454b4?s=96&d=mm&r=g\",\"caption\":\"Canal Dana\"},\"url\":\"https:\\\/\\\/dana.com.br\\\/canaldana\\\/author\\\/cdeditor\\\/\"}]}<\/script>\n<!-- \/ Yoast SEO plugin. -->","yoast_head_json":{"title":"Volkswagen ter\u00e1 plataforma modular de menor custo para mercados emergentes - Canal Dana","robots":{"index":"index","follow":"follow","max-snippet":"max-snippet:-1","max-image-preview":"max-image-preview:large","max-video-preview":"max-video-preview:-1"},"canonical":"https:\/\/dana.com.br\/canaldana\/2015\/08\/31\/volkswagen-tera-plataforma-modular-de-menor-custo-para-mercados-emergentes\/","og_locale":"pt_BR","og_type":"article","og_title":"Volkswagen ter\u00e1 plataforma modular de menor custo para mercados emergentes - Canal Dana","og_description":"MotorDream &nbsp; A Volkswagen j\u00e1 trabalha em cima de uma nova plataforma modular, semelhante \u00e0 atual MQB, mas com menor tecnologia e custo reduzido. A inten\u00e7\u00e3o da marca alem\u00e3 \u00e9 us\u00e1-la em mercados emergentes, como \u00cdndia, China e, claro, Brasil. Dela sair\u00e3o modelos de carros mais simples e ser\u00e1 desenvolvida a partir do barateamento de\u2026 Leia mais \u00bb","og_url":"https:\/\/dana.com.br\/canaldana\/2015\/08\/31\/volkswagen-tera-plataforma-modular-de-menor-custo-para-mercados-emergentes\/","og_site_name":"Canal Dana","article_published_time":"2015-08-31T11:28:22+00:00","author":"Canal Dana","twitter_card":"summary_large_image","twitter_misc":{"Escrito por":"Canal Dana","Est. tempo de leitura":"1 minuto"},"schema":{"@context":"https:\/\/schema.org","@graph":[{"@type":"Article","@id":"https:\/\/dana.com.br\/canaldana\/2015\/08\/31\/volkswagen-tera-plataforma-modular-de-menor-custo-para-mercados-emergentes\/#article","isPartOf":{"@id":"https:\/\/dana.com.br\/canaldana\/2015\/08\/31\/volkswagen-tera-plataforma-modular-de-menor-custo-para-mercados-emergentes\/"},"author":{"name":"Canal Dana","@id":"https:\/\/dana.com.br\/canaldana\/#\/schema\/person\/3c21f22f56fcf3bc46b94bc60ea4fef6"},"headline":"Volkswagen ter\u00e1 plataforma modular de menor custo para mercados emergentes","datePublished":"2015-08-31T11:28:22+00:00","mainEntityOfPage":{"@id":"https:\/\/dana.com.br\/canaldana\/2015\/08\/31\/volkswagen-tera-plataforma-modular-de-menor-custo-para-mercados-emergentes\/"},"wordCount":192,"articleSection":["Mercado"],"inLanguage":"pt-BR"},{"@type":"WebPage","@id":"https:\/\/dana.com.br\/canaldana\/2015\/08\/31\/volkswagen-tera-plataforma-modular-de-menor-custo-para-mercados-emergentes\/","url":"https:\/\/dana.com.br\/canaldana\/2015\/08\/31\/volkswagen-tera-plataforma-modular-de-menor-custo-para-mercados-emergentes\/","name":"Volkswagen ter\u00e1 plataforma modular de menor custo para mercados emergentes - Canal Dana","isPartOf":{"@id":"https:\/\/dana.com.br\/canaldana\/#website"},"datePublished":"2015-08-31T11:28:22+00:00","author":{"@id":"https:\/\/dana.com.br\/canaldana\/#\/schema\/person\/3c21f22f56fcf3bc46b94bc60ea4fef6"},"breadcrumb":{"@id":"https:\/\/dana.com.br\/canaldana\/2015\/08\/31\/volkswagen-tera-plataforma-modular-de-menor-custo-para-mercados-emergentes\/#breadcrumb"},"inLanguage":"pt-BR","potentialAction":[{"@type":"ReadAction","target":["https:\/\/dana.com.br\/canaldana\/2015\/08\/31\/volkswagen-tera-plataforma-modular-de-menor-custo-para-mercados-emergentes\/"]}]},{"@type":"BreadcrumbList","@id":"https:\/\/dana.com.br\/canaldana\/2015\/08\/31\/volkswagen-tera-plataforma-modular-de-menor-custo-para-mercados-emergentes\/#breadcrumb","itemListElement":[{"@type":"ListItem","position":1,"name":"Home","item":"https:\/\/dana.com.br\/canaldana\/"},{"@type":"ListItem","position":2,"name":"Mercado","item":"https:\/\/dana.com.br\/canaldana\/mercado\/"},{"@type":"ListItem","position":3,"name":"Volkswagen ter\u00e1 plataforma modular de menor custo para mercados emergentes"}]},{"@type":"WebSite","@id":"https:\/\/dana.com.br\/canaldana\/#website","url":"https:\/\/dana.com.br\/canaldana\/","name":"Canal Dana","description":"Informativo com as principais not\u00edcias da ind\u00fastria automotiva","potentialAction":[{"@type":"SearchAction","target":{"@type":"EntryPoint","urlTemplate":"https:\/\/dana.com.br\/canaldana\/?s={search_term_string}"},"query-input":{"@type":"PropertyValueSpecification","valueRequired":true,"valueName":"search_term_string"}}],"inLanguage":"pt-BR"},{"@type":"Person","@id":"https:\/\/dana.com.br\/canaldana\/#\/schema\/person\/3c21f22f56fcf3bc46b94bc60ea4fef6","name":"Canal Dana","image":{"@type":"ImageObject","inLanguage":"pt-BR","@id":"https:\/\/secure.gravatar.com\/avatar\/420aaf9278582877d9018637c6817617705899d2858d7572ef0fe59a6b6454b4?s=96&d=mm&r=g","url":"https:\/\/secure.gravatar.com\/avatar\/420aaf9278582877d9018637c6817617705899d2858d7572ef0fe59a6b6454b4?s=96&d=mm&r=g","contentUrl":"https:\/\/secure.gravatar.com\/avatar\/420aaf9278582877d9018637c6817617705899d2858d7572ef0fe59a6b6454b4?s=96&d=mm&r=g","caption":"Canal Dana"},"url":"https:\/\/dana.com.br\/canaldana\/author\/cdeditor\/"}]}},"_links":{"self":[{"href":"https:\/\/dana.com.br\/canaldana\/wp-json\/wp\/v2\/posts\/2176","targetHints":{"allow":["GET"]}}],"collection":[{"href":"https:\/\/dana.com.br\/canaldana\/wp-json\/wp\/v2\/posts"}],"about":[{"href":"https:\/\/dana.com.br\/canaldana\/wp-json\/wp\/v2\/types\/post"}],"author":[{"embeddable":true,"href":"https:\/\/dana.com.br\/canaldana\/wp-json\/wp\/v2\/users\/3"}],"replies":[{"embeddable":true,"href":"https:\/\/dana.com.br\/canaldana\/wp-json\/wp\/v2\/comments?post=2176"}],"version-history":[{"count":0,"href":"https:\/\/dana.com.br\/canaldana\/wp-json\/wp\/v2\/posts\/2176\/revisions"}],"wp:attachment":[{"href":"https:\/\/dana.com.br\/canaldana\/wp-json\/wp\/v2\/media?parent=2176"}],"wp:term":[{"taxonomy":"category","embeddable":true,"href":"https:\/\/dana.com.br\/canaldana\/wp-json\/wp\/v2\/categories?post=2176"},{"taxonomy":"post_tag","embeddable":true,"href":"https:\/\/dana.com.br\/canaldana\/wp-json\/wp\/v2\/tags?post=2176"}],"curies":[{"name":"wp","href":"https:\/\/api.w.org\/{rel}","templated":true}]}}