{"id":2160,"date":"2015-08-28T08:42:29","date_gmt":"2015-08-28T11:42:29","guid":{"rendered":"http:\/\/dana.com.br\/canaldana\/?p=2160"},"modified":"2015-08-28T08:42:29","modified_gmt":"2015-08-28T11:42:29","slug":"ford-ka-alcanca-30-mil-unidades-produzidas-em-apenas-nove-meses","status":"publish","type":"post","link":"https:\/\/dana.com.br\/canaldana\/2015\/08\/28\/ford-ka-alcanca-30-mil-unidades-produzidas-em-apenas-nove-meses\/","title":{"rendered":"Ford Ka+ alcan\u00e7a 30 mil unidades produzidas em apenas nove meses"},"content":{"rendered":"<p><em>Carplace<\/em><\/p>\n<p>&nbsp;<\/p>\n<p>A Ford comemora nesta semana a produ\u00e7\u00e3o de 30 mil unidades do sed\u00e3 Ka+ na f\u00e1brica de Cama\u00e7ari, na Bahia. Primeira deriva\u00e7\u00e3o tr\u00eas volumes da hist\u00f3ria do compacto, o modelo alcan\u00e7a o feito hist\u00f3rico apenas nove meses depois de oficialmente chegar \u00e0s lojas. No \u00faltimo m\u00eas de julho, por exemplo, alcan\u00e7ou 4.133 unidades emplacadas, sendo comercializado em cinco vers\u00f5es de acabamento (SE 1.0, SE Plus 1.0, SE 1.5, SE Plus 1.5 e SEL 1.5) com pre\u00e7os entre R$ 42.390 e R$ 51.190.<\/p>\n<p>&nbsp;<\/p>\n<p>De s\u00e9rie, o Ka+ traz itens como dire\u00e7\u00e3o el\u00e9trica, ar-condicionado, vidros el\u00e9tricos dianteiros, travas el\u00e9tricas com controle remoto, airbag duplo, freios ABS com EBD e CBC. Na compara\u00e7\u00e3o com os concorrentes diretos (leia-se Chevrolet Prisma, Toyota Etios Sedan, Nissan Versa e Hyundai HB20S), o modelo inovou por trazer equipamentos in\u00e9ditos para o segmento, como controles eletr\u00f4nicos de estabilidade e tra\u00e7\u00e3o (vers\u00e3o SEL), e o assistente de emerg\u00eancia, que liga automaticamente para o SAMU em caso de acidentes.<\/p>\n<p>&nbsp;<\/p>\n<p>Sob o cap\u00f4, \u00e9 oferecido com os motores 1.0 12V flex de tr\u00eas cilindros com 85\/82 cv e Sigma 1.5 16V flex de 110\/105 cv. O c\u00e2mbio \u00e9 sempre manual de cinco marchas (a transmiss\u00e3o autom\u00e1tica, presente na maioria dos rivais, \u00e9 ausente no modelo). (Carplace\/Dyogo Fagundes)<\/p>\n","protected":false},"excerpt":{"rendered":"<p>Carplace &nbsp; A Ford comemora nesta semana a produ\u00e7\u00e3o de 30 mil unidades do sed\u00e3 Ka+ na f\u00e1brica de Cama\u00e7ari, na Bahia. Primeira deriva\u00e7\u00e3o tr\u00eas volumes da hist\u00f3ria do compacto, o modelo alcan\u00e7a o feito hist\u00f3rico apenas nove meses depois de oficialmente chegar \u00e0s lojas. No \u00faltimo m\u00eas de julho, por exemplo, alcan\u00e7ou 4.133 unidades\u2026 <a class=\"readmore\" href=\"https:\/\/dana.com.br\/canaldana\/2015\/08\/28\/ford-ka-alcanca-30-mil-unidades-produzidas-em-apenas-nove-meses\/\">Leia mais \u00bb<\/a><\/p>\n","protected":false},"author":3,"featured_media":0,"comment_status":"closed","ping_status":"closed","sticky":false,"template":"","format":"standard","meta":{"_acf_changed":false,"footnotes":""},"categories":[79],"tags":[],"class_list":["post-2160","post","type-post","status-publish","format-standard","hentry","category-mercado"],"acf":[],"yoast_head":"<!-- This site is optimized with the Yoast SEO plugin v27.3 - https:\/\/yoast.com\/product\/yoast-seo-wordpress\/ -->\n<title>Ford Ka+ alcan\u00e7a 30 mil unidades produzidas em apenas nove meses - Canal Dana<\/title>\n<meta name=\"robots\" content=\"index, follow, max-snippet:-1, max-image-preview:large, max-video-preview:-1\" \/>\n<link rel=\"canonical\" href=\"https:\/\/dana.com.br\/canaldana\/2015\/08\/28\/ford-ka-alcanca-30-mil-unidades-produzidas-em-apenas-nove-meses\/\" \/>\n<meta property=\"og:locale\" content=\"pt_BR\" \/>\n<meta property=\"og:type\" content=\"article\" \/>\n<meta property=\"og:title\" content=\"Ford Ka+ alcan\u00e7a 30 mil unidades produzidas em apenas nove meses - Canal Dana\" \/>\n<meta property=\"og:description\" content=\"Carplace &nbsp; A Ford comemora nesta semana a produ\u00e7\u00e3o de 30 mil unidades do sed\u00e3 Ka+ na f\u00e1brica de Cama\u00e7ari, na Bahia. Primeira deriva\u00e7\u00e3o tr\u00eas volumes da hist\u00f3ria do compacto, o modelo alcan\u00e7a o feito hist\u00f3rico apenas nove meses depois de oficialmente chegar \u00e0s lojas. No \u00faltimo m\u00eas de julho, por exemplo, alcan\u00e7ou 4.133 unidades\u2026 Leia mais \u00bb\" \/>\n<meta property=\"og:url\" content=\"https:\/\/dana.com.br\/canaldana\/2015\/08\/28\/ford-ka-alcanca-30-mil-unidades-produzidas-em-apenas-nove-meses\/\" \/>\n<meta property=\"og:site_name\" content=\"Canal Dana\" \/>\n<meta property=\"article:published_time\" content=\"2015-08-28T11:42:29+00:00\" \/>\n<meta name=\"author\" content=\"Canal Dana\" \/>\n<meta name=\"twitter:card\" content=\"summary_large_image\" \/>\n<meta name=\"twitter:label1\" content=\"Escrito por\" \/>\n\t<meta name=\"twitter:data1\" content=\"Canal Dana\" \/>\n\t<meta name=\"twitter:label2\" content=\"Est. tempo de leitura\" \/>\n\t<meta name=\"twitter:data2\" content=\"1 minuto\" \/>\n<script type=\"application\/ld+json\" class=\"yoast-schema-graph\">{\"@context\":\"https:\\\/\\\/schema.org\",\"@graph\":[{\"@type\":\"Article\",\"@id\":\"https:\\\/\\\/dana.com.br\\\/canaldana\\\/2015\\\/08\\\/28\\\/ford-ka-alcanca-30-mil-unidades-produzidas-em-apenas-nove-meses\\\/#article\",\"isPartOf\":{\"@id\":\"https:\\\/\\\/dana.com.br\\\/canaldana\\\/2015\\\/08\\\/28\\\/ford-ka-alcanca-30-mil-unidades-produzidas-em-apenas-nove-meses\\\/\"},\"author\":{\"name\":\"Canal Dana\",\"@id\":\"https:\\\/\\\/dana.com.br\\\/canaldana\\\/#\\\/schema\\\/person\\\/3c21f22f56fcf3bc46b94bc60ea4fef6\"},\"headline\":\"Ford Ka+ alcan\u00e7a 30 mil unidades produzidas em apenas nove meses\",\"datePublished\":\"2015-08-28T11:42:29+00:00\",\"mainEntityOfPage\":{\"@id\":\"https:\\\/\\\/dana.com.br\\\/canaldana\\\/2015\\\/08\\\/28\\\/ford-ka-alcanca-30-mil-unidades-produzidas-em-apenas-nove-meses\\\/\"},\"wordCount\":234,\"articleSection\":[\"Mercado\"],\"inLanguage\":\"pt-BR\"},{\"@type\":\"WebPage\",\"@id\":\"https:\\\/\\\/dana.com.br\\\/canaldana\\\/2015\\\/08\\\/28\\\/ford-ka-alcanca-30-mil-unidades-produzidas-em-apenas-nove-meses\\\/\",\"url\":\"https:\\\/\\\/dana.com.br\\\/canaldana\\\/2015\\\/08\\\/28\\\/ford-ka-alcanca-30-mil-unidades-produzidas-em-apenas-nove-meses\\\/\",\"name\":\"Ford Ka+ alcan\u00e7a 30 mil unidades produzidas em apenas nove meses - Canal Dana\",\"isPartOf\":{\"@id\":\"https:\\\/\\\/dana.com.br\\\/canaldana\\\/#website\"},\"datePublished\":\"2015-08-28T11:42:29+00:00\",\"author\":{\"@id\":\"https:\\\/\\\/dana.com.br\\\/canaldana\\\/#\\\/schema\\\/person\\\/3c21f22f56fcf3bc46b94bc60ea4fef6\"},\"breadcrumb\":{\"@id\":\"https:\\\/\\\/dana.com.br\\\/canaldana\\\/2015\\\/08\\\/28\\\/ford-ka-alcanca-30-mil-unidades-produzidas-em-apenas-nove-meses\\\/#breadcrumb\"},\"inLanguage\":\"pt-BR\",\"potentialAction\":[{\"@type\":\"ReadAction\",\"target\":[\"https:\\\/\\\/dana.com.br\\\/canaldana\\\/2015\\\/08\\\/28\\\/ford-ka-alcanca-30-mil-unidades-produzidas-em-apenas-nove-meses\\\/\"]}]},{\"@type\":\"BreadcrumbList\",\"@id\":\"https:\\\/\\\/dana.com.br\\\/canaldana\\\/2015\\\/08\\\/28\\\/ford-ka-alcanca-30-mil-unidades-produzidas-em-apenas-nove-meses\\\/#breadcrumb\",\"itemListElement\":[{\"@type\":\"ListItem\",\"position\":1,\"name\":\"Home\",\"item\":\"https:\\\/\\\/dana.com.br\\\/canaldana\\\/\"},{\"@type\":\"ListItem\",\"position\":2,\"name\":\"Mercado\",\"item\":\"https:\\\/\\\/dana.com.br\\\/canaldana\\\/mercado\\\/\"},{\"@type\":\"ListItem\",\"position\":3,\"name\":\"Ford Ka+ alcan\u00e7a 30 mil unidades produzidas em apenas nove meses\"}]},{\"@type\":\"WebSite\",\"@id\":\"https:\\\/\\\/dana.com.br\\\/canaldana\\\/#website\",\"url\":\"https:\\\/\\\/dana.com.br\\\/canaldana\\\/\",\"name\":\"Canal Dana\",\"description\":\"Informativo com as principais not\u00edcias da ind\u00fastria automotiva\",\"potentialAction\":[{\"@type\":\"SearchAction\",\"target\":{\"@type\":\"EntryPoint\",\"urlTemplate\":\"https:\\\/\\\/dana.com.br\\\/canaldana\\\/?s={search_term_string}\"},\"query-input\":{\"@type\":\"PropertyValueSpecification\",\"valueRequired\":true,\"valueName\":\"search_term_string\"}}],\"inLanguage\":\"pt-BR\"},{\"@type\":\"Person\",\"@id\":\"https:\\\/\\\/dana.com.br\\\/canaldana\\\/#\\\/schema\\\/person\\\/3c21f22f56fcf3bc46b94bc60ea4fef6\",\"name\":\"Canal Dana\",\"image\":{\"@type\":\"ImageObject\",\"inLanguage\":\"pt-BR\",\"@id\":\"https:\\\/\\\/secure.gravatar.com\\\/avatar\\\/420aaf9278582877d9018637c6817617705899d2858d7572ef0fe59a6b6454b4?s=96&d=mm&r=g\",\"url\":\"https:\\\/\\\/secure.gravatar.com\\\/avatar\\\/420aaf9278582877d9018637c6817617705899d2858d7572ef0fe59a6b6454b4?s=96&d=mm&r=g\",\"contentUrl\":\"https:\\\/\\\/secure.gravatar.com\\\/avatar\\\/420aaf9278582877d9018637c6817617705899d2858d7572ef0fe59a6b6454b4?s=96&d=mm&r=g\",\"caption\":\"Canal Dana\"},\"url\":\"https:\\\/\\\/dana.com.br\\\/canaldana\\\/author\\\/cdeditor\\\/\"}]}<\/script>\n<!-- \/ Yoast SEO plugin. -->","yoast_head_json":{"title":"Ford Ka+ alcan\u00e7a 30 mil unidades produzidas em apenas nove meses - Canal Dana","robots":{"index":"index","follow":"follow","max-snippet":"max-snippet:-1","max-image-preview":"max-image-preview:large","max-video-preview":"max-video-preview:-1"},"canonical":"https:\/\/dana.com.br\/canaldana\/2015\/08\/28\/ford-ka-alcanca-30-mil-unidades-produzidas-em-apenas-nove-meses\/","og_locale":"pt_BR","og_type":"article","og_title":"Ford Ka+ alcan\u00e7a 30 mil unidades produzidas em apenas nove meses - Canal Dana","og_description":"Carplace &nbsp; A Ford comemora nesta semana a produ\u00e7\u00e3o de 30 mil unidades do sed\u00e3 Ka+ na f\u00e1brica de Cama\u00e7ari, na Bahia. Primeira deriva\u00e7\u00e3o tr\u00eas volumes da hist\u00f3ria do compacto, o modelo alcan\u00e7a o feito hist\u00f3rico apenas nove meses depois de oficialmente chegar \u00e0s lojas. No \u00faltimo m\u00eas de julho, por exemplo, alcan\u00e7ou 4.133 unidades\u2026 Leia mais \u00bb","og_url":"https:\/\/dana.com.br\/canaldana\/2015\/08\/28\/ford-ka-alcanca-30-mil-unidades-produzidas-em-apenas-nove-meses\/","og_site_name":"Canal Dana","article_published_time":"2015-08-28T11:42:29+00:00","author":"Canal Dana","twitter_card":"summary_large_image","twitter_misc":{"Escrito por":"Canal Dana","Est. tempo de leitura":"1 minuto"},"schema":{"@context":"https:\/\/schema.org","@graph":[{"@type":"Article","@id":"https:\/\/dana.com.br\/canaldana\/2015\/08\/28\/ford-ka-alcanca-30-mil-unidades-produzidas-em-apenas-nove-meses\/#article","isPartOf":{"@id":"https:\/\/dana.com.br\/canaldana\/2015\/08\/28\/ford-ka-alcanca-30-mil-unidades-produzidas-em-apenas-nove-meses\/"},"author":{"name":"Canal Dana","@id":"https:\/\/dana.com.br\/canaldana\/#\/schema\/person\/3c21f22f56fcf3bc46b94bc60ea4fef6"},"headline":"Ford Ka+ alcan\u00e7a 30 mil unidades produzidas em apenas nove meses","datePublished":"2015-08-28T11:42:29+00:00","mainEntityOfPage":{"@id":"https:\/\/dana.com.br\/canaldana\/2015\/08\/28\/ford-ka-alcanca-30-mil-unidades-produzidas-em-apenas-nove-meses\/"},"wordCount":234,"articleSection":["Mercado"],"inLanguage":"pt-BR"},{"@type":"WebPage","@id":"https:\/\/dana.com.br\/canaldana\/2015\/08\/28\/ford-ka-alcanca-30-mil-unidades-produzidas-em-apenas-nove-meses\/","url":"https:\/\/dana.com.br\/canaldana\/2015\/08\/28\/ford-ka-alcanca-30-mil-unidades-produzidas-em-apenas-nove-meses\/","name":"Ford Ka+ alcan\u00e7a 30 mil unidades produzidas em apenas nove meses - Canal Dana","isPartOf":{"@id":"https:\/\/dana.com.br\/canaldana\/#website"},"datePublished":"2015-08-28T11:42:29+00:00","author":{"@id":"https:\/\/dana.com.br\/canaldana\/#\/schema\/person\/3c21f22f56fcf3bc46b94bc60ea4fef6"},"breadcrumb":{"@id":"https:\/\/dana.com.br\/canaldana\/2015\/08\/28\/ford-ka-alcanca-30-mil-unidades-produzidas-em-apenas-nove-meses\/#breadcrumb"},"inLanguage":"pt-BR","potentialAction":[{"@type":"ReadAction","target":["https:\/\/dana.com.br\/canaldana\/2015\/08\/28\/ford-ka-alcanca-30-mil-unidades-produzidas-em-apenas-nove-meses\/"]}]},{"@type":"BreadcrumbList","@id":"https:\/\/dana.com.br\/canaldana\/2015\/08\/28\/ford-ka-alcanca-30-mil-unidades-produzidas-em-apenas-nove-meses\/#breadcrumb","itemListElement":[{"@type":"ListItem","position":1,"name":"Home","item":"https:\/\/dana.com.br\/canaldana\/"},{"@type":"ListItem","position":2,"name":"Mercado","item":"https:\/\/dana.com.br\/canaldana\/mercado\/"},{"@type":"ListItem","position":3,"name":"Ford Ka+ alcan\u00e7a 30 mil unidades produzidas em apenas nove meses"}]},{"@type":"WebSite","@id":"https:\/\/dana.com.br\/canaldana\/#website","url":"https:\/\/dana.com.br\/canaldana\/","name":"Canal Dana","description":"Informativo com as principais not\u00edcias da ind\u00fastria automotiva","potentialAction":[{"@type":"SearchAction","target":{"@type":"EntryPoint","urlTemplate":"https:\/\/dana.com.br\/canaldana\/?s={search_term_string}"},"query-input":{"@type":"PropertyValueSpecification","valueRequired":true,"valueName":"search_term_string"}}],"inLanguage":"pt-BR"},{"@type":"Person","@id":"https:\/\/dana.com.br\/canaldana\/#\/schema\/person\/3c21f22f56fcf3bc46b94bc60ea4fef6","name":"Canal Dana","image":{"@type":"ImageObject","inLanguage":"pt-BR","@id":"https:\/\/secure.gravatar.com\/avatar\/420aaf9278582877d9018637c6817617705899d2858d7572ef0fe59a6b6454b4?s=96&d=mm&r=g","url":"https:\/\/secure.gravatar.com\/avatar\/420aaf9278582877d9018637c6817617705899d2858d7572ef0fe59a6b6454b4?s=96&d=mm&r=g","contentUrl":"https:\/\/secure.gravatar.com\/avatar\/420aaf9278582877d9018637c6817617705899d2858d7572ef0fe59a6b6454b4?s=96&d=mm&r=g","caption":"Canal Dana"},"url":"https:\/\/dana.com.br\/canaldana\/author\/cdeditor\/"}]}},"_links":{"self":[{"href":"https:\/\/dana.com.br\/canaldana\/wp-json\/wp\/v2\/posts\/2160","targetHints":{"allow":["GET"]}}],"collection":[{"href":"https:\/\/dana.com.br\/canaldana\/wp-json\/wp\/v2\/posts"}],"about":[{"href":"https:\/\/dana.com.br\/canaldana\/wp-json\/wp\/v2\/types\/post"}],"author":[{"embeddable":true,"href":"https:\/\/dana.com.br\/canaldana\/wp-json\/wp\/v2\/users\/3"}],"replies":[{"embeddable":true,"href":"https:\/\/dana.com.br\/canaldana\/wp-json\/wp\/v2\/comments?post=2160"}],"version-history":[{"count":0,"href":"https:\/\/dana.com.br\/canaldana\/wp-json\/wp\/v2\/posts\/2160\/revisions"}],"wp:attachment":[{"href":"https:\/\/dana.com.br\/canaldana\/wp-json\/wp\/v2\/media?parent=2160"}],"wp:term":[{"taxonomy":"category","embeddable":true,"href":"https:\/\/dana.com.br\/canaldana\/wp-json\/wp\/v2\/categories?post=2160"},{"taxonomy":"post_tag","embeddable":true,"href":"https:\/\/dana.com.br\/canaldana\/wp-json\/wp\/v2\/tags?post=2160"}],"curies":[{"name":"wp","href":"https:\/\/api.w.org\/{rel}","templated":true}]}}