{"id":2142,"date":"2015-08-28T08:37:45","date_gmt":"2015-08-28T11:37:45","guid":{"rendered":"http:\/\/dana.com.br\/canaldana\/?p=2142"},"modified":"2015-08-28T08:37:45","modified_gmt":"2015-08-28T11:37:45","slug":"fiscalizacoes-de-transito-terao-teste-de-uso-de-drogas-segundo-denatran","status":"publish","type":"post","link":"https:\/\/dana.com.br\/canaldana\/2015\/08\/28\/fiscalizacoes-de-transito-terao-teste-de-uso-de-drogas-segundo-denatran\/","title":{"rendered":"Fiscaliza\u00e7\u00f5es de tr\u00e2nsito ter\u00e3o teste de uso de drogas, segundo Denatran"},"content":{"rendered":"<p><em>Ag\u00eancia C\u00e2mara<\/em><\/p>\n<p>&nbsp;<\/p>\n<p>O Brasil deve passar a fazer testes de uso de drogas em fiscaliza\u00e7\u00f5es de tr\u00e2nsito, a exemplo do que ocorre com o baf\u00f4metro para o consumo de \u00e1lcool. A afirma\u00e7\u00e3o foi dada pelo assessor do Departamento Nacional de Tr\u00e2nsito (Denatran), Daniel C\u00e2ndido, em audi\u00eancia p\u00fablica na \u00faltima ter\u00e7a-feira, 25, na Comiss\u00e3o de Via\u00e7\u00e3o e Transportes.<\/p>\n<p>&nbsp;<\/p>\n<p>A falta dos kits para detec\u00e7\u00e3o de uso de drogas faz com que a Pol\u00edcia Rodovi\u00e1ria Federal use a intui\u00e7\u00e3o, agindo de acordo com ind\u00edcios que os motoristas possam apresentar.<\/p>\n<p>&nbsp;<\/p>\n<p>O presidente da Associa\u00e7\u00e3o Brasileira de Criminal\u00edstica, Bruno Telles, afirmou que, em 2013, a incid\u00eancia de drogas il\u00edcitas em acidentes aumentou um ponto percentual e chegou a 13%. Ressaltou tamb\u00e9m que cada morte em rodovia chega a custar ao Estado R$ 200 mil s\u00f3 em atendimento \u00e0 v\u00edtima.<\/p>\n<p>&nbsp;<\/p>\n<p><strong>Detec\u00e7\u00e3o de drogas<\/strong><\/p>\n<p>&nbsp;<\/p>\n<p>Segundo Daniel C\u00e2ndido, a an\u00e1lise dos produtos come\u00e7ou h\u00e1 poucas semanas e alguns detectam dezenas de drogas pela saliva. Entre as drogas verificadas pelo reagente, est\u00e3o coca\u00edna, maconha e opil\u00e1ceos.<\/p>\n<p>&nbsp;<\/p>\n<p>O assessor do Denatran acredita que em seis meses a avalia\u00e7\u00e3o do equipamento ser\u00e1 conclu\u00edda nas c\u00e2maras tem\u00e1ticas no Contran, Instituto Nacional de Metrologia, Qualidade e Tecnologia (Inmetro) e Ag\u00eancia Nacional de Vigil\u00e2ncia Sanit\u00e1ria (Anvisa).<\/p>\n<p>&nbsp;<\/p>\n<p>Segundo pesquisa realizada pelo Minist\u00e9rio P\u00fablico com dados coletados de boletins de ocorr\u00eancia, laudos de per\u00edcia e exames de corpo de delito, 12% das v\u00edtimas fatais de acidentes de tr\u00e2nsito usaram drogas il\u00edcitas. Destas, 71% usaram coca\u00edna ou crack.<\/p>\n<p>&nbsp;<\/p>\n<p>J\u00e1 est\u00e1 em vigor lei 13.103\/15 que estabelece a realiza\u00e7\u00e3o de exame para analisar o consumo de drogas em motoristas que tirem ou renovem carteiras de habilita\u00e7\u00e3o para caminh\u00e3o, \u00f4nibus e ve\u00edculos com dois reboques. (Ag\u00eancia C\u00e2mara)<\/p>\n","protected":false},"excerpt":{"rendered":"<p>Ag\u00eancia C\u00e2mara &nbsp; O Brasil deve passar a fazer testes de uso de drogas em fiscaliza\u00e7\u00f5es de tr\u00e2nsito, a exemplo do que ocorre com o baf\u00f4metro para o consumo de \u00e1lcool. A afirma\u00e7\u00e3o foi dada pelo assessor do Departamento Nacional de Tr\u00e2nsito (Denatran), Daniel C\u00e2ndido, em audi\u00eancia p\u00fablica na \u00faltima ter\u00e7a-feira, 25, na Comiss\u00e3o de\u2026 <a class=\"readmore\" href=\"https:\/\/dana.com.br\/canaldana\/2015\/08\/28\/fiscalizacoes-de-transito-terao-teste-de-uso-de-drogas-segundo-denatran\/\">Leia mais \u00bb<\/a><\/p>\n","protected":false},"author":3,"featured_media":0,"comment_status":"closed","ping_status":"closed","sticky":false,"template":"","format":"standard","meta":{"_acf_changed":false,"footnotes":""},"categories":[79],"tags":[],"class_list":["post-2142","post","type-post","status-publish","format-standard","hentry","category-mercado"],"acf":[],"yoast_head":"<!-- This site is optimized with the Yoast SEO plugin v27.3 - https:\/\/yoast.com\/product\/yoast-seo-wordpress\/ -->\n<title>Fiscaliza\u00e7\u00f5es de tr\u00e2nsito ter\u00e3o teste de uso de drogas, segundo Denatran - Canal Dana<\/title>\n<meta name=\"robots\" content=\"index, follow, max-snippet:-1, max-image-preview:large, max-video-preview:-1\" \/>\n<link rel=\"canonical\" href=\"https:\/\/dana.com.br\/canaldana\/2015\/08\/28\/fiscalizacoes-de-transito-terao-teste-de-uso-de-drogas-segundo-denatran\/\" \/>\n<meta property=\"og:locale\" content=\"pt_BR\" \/>\n<meta property=\"og:type\" content=\"article\" \/>\n<meta property=\"og:title\" content=\"Fiscaliza\u00e7\u00f5es de tr\u00e2nsito ter\u00e3o teste de uso de drogas, segundo Denatran - Canal Dana\" \/>\n<meta property=\"og:description\" content=\"Ag\u00eancia C\u00e2mara &nbsp; O Brasil deve passar a fazer testes de uso de drogas em fiscaliza\u00e7\u00f5es de tr\u00e2nsito, a exemplo do que ocorre com o baf\u00f4metro para o consumo de \u00e1lcool. A afirma\u00e7\u00e3o foi dada pelo assessor do Departamento Nacional de Tr\u00e2nsito (Denatran), Daniel C\u00e2ndido, em audi\u00eancia p\u00fablica na \u00faltima ter\u00e7a-feira, 25, na Comiss\u00e3o de\u2026 Leia mais \u00bb\" \/>\n<meta property=\"og:url\" content=\"https:\/\/dana.com.br\/canaldana\/2015\/08\/28\/fiscalizacoes-de-transito-terao-teste-de-uso-de-drogas-segundo-denatran\/\" \/>\n<meta property=\"og:site_name\" content=\"Canal Dana\" \/>\n<meta property=\"article:published_time\" content=\"2015-08-28T11:37:45+00:00\" \/>\n<meta name=\"author\" content=\"Canal Dana\" \/>\n<meta name=\"twitter:card\" content=\"summary_large_image\" \/>\n<meta name=\"twitter:label1\" content=\"Escrito por\" \/>\n\t<meta name=\"twitter:data1\" content=\"Canal Dana\" \/>\n\t<meta name=\"twitter:label2\" content=\"Est. tempo de leitura\" \/>\n\t<meta name=\"twitter:data2\" content=\"2 minutos\" \/>\n<script type=\"application\/ld+json\" class=\"yoast-schema-graph\">{\"@context\":\"https:\\\/\\\/schema.org\",\"@graph\":[{\"@type\":\"Article\",\"@id\":\"https:\\\/\\\/dana.com.br\\\/canaldana\\\/2015\\\/08\\\/28\\\/fiscalizacoes-de-transito-terao-teste-de-uso-de-drogas-segundo-denatran\\\/#article\",\"isPartOf\":{\"@id\":\"https:\\\/\\\/dana.com.br\\\/canaldana\\\/2015\\\/08\\\/28\\\/fiscalizacoes-de-transito-terao-teste-de-uso-de-drogas-segundo-denatran\\\/\"},\"author\":{\"name\":\"Canal Dana\",\"@id\":\"https:\\\/\\\/dana.com.br\\\/canaldana\\\/#\\\/schema\\\/person\\\/3c21f22f56fcf3bc46b94bc60ea4fef6\"},\"headline\":\"Fiscaliza\u00e7\u00f5es de tr\u00e2nsito ter\u00e3o teste de uso de drogas, segundo Denatran\",\"datePublished\":\"2015-08-28T11:37:45+00:00\",\"mainEntityOfPage\":{\"@id\":\"https:\\\/\\\/dana.com.br\\\/canaldana\\\/2015\\\/08\\\/28\\\/fiscalizacoes-de-transito-terao-teste-de-uso-de-drogas-segundo-denatran\\\/\"},\"wordCount\":345,\"articleSection\":[\"Mercado\"],\"inLanguage\":\"pt-BR\"},{\"@type\":\"WebPage\",\"@id\":\"https:\\\/\\\/dana.com.br\\\/canaldana\\\/2015\\\/08\\\/28\\\/fiscalizacoes-de-transito-terao-teste-de-uso-de-drogas-segundo-denatran\\\/\",\"url\":\"https:\\\/\\\/dana.com.br\\\/canaldana\\\/2015\\\/08\\\/28\\\/fiscalizacoes-de-transito-terao-teste-de-uso-de-drogas-segundo-denatran\\\/\",\"name\":\"Fiscaliza\u00e7\u00f5es de tr\u00e2nsito ter\u00e3o teste de uso de drogas, segundo Denatran - Canal Dana\",\"isPartOf\":{\"@id\":\"https:\\\/\\\/dana.com.br\\\/canaldana\\\/#website\"},\"datePublished\":\"2015-08-28T11:37:45+00:00\",\"author\":{\"@id\":\"https:\\\/\\\/dana.com.br\\\/canaldana\\\/#\\\/schema\\\/person\\\/3c21f22f56fcf3bc46b94bc60ea4fef6\"},\"breadcrumb\":{\"@id\":\"https:\\\/\\\/dana.com.br\\\/canaldana\\\/2015\\\/08\\\/28\\\/fiscalizacoes-de-transito-terao-teste-de-uso-de-drogas-segundo-denatran\\\/#breadcrumb\"},\"inLanguage\":\"pt-BR\",\"potentialAction\":[{\"@type\":\"ReadAction\",\"target\":[\"https:\\\/\\\/dana.com.br\\\/canaldana\\\/2015\\\/08\\\/28\\\/fiscalizacoes-de-transito-terao-teste-de-uso-de-drogas-segundo-denatran\\\/\"]}]},{\"@type\":\"BreadcrumbList\",\"@id\":\"https:\\\/\\\/dana.com.br\\\/canaldana\\\/2015\\\/08\\\/28\\\/fiscalizacoes-de-transito-terao-teste-de-uso-de-drogas-segundo-denatran\\\/#breadcrumb\",\"itemListElement\":[{\"@type\":\"ListItem\",\"position\":1,\"name\":\"Home\",\"item\":\"https:\\\/\\\/dana.com.br\\\/canaldana\\\/\"},{\"@type\":\"ListItem\",\"position\":2,\"name\":\"Mercado\",\"item\":\"https:\\\/\\\/dana.com.br\\\/canaldana\\\/mercado\\\/\"},{\"@type\":\"ListItem\",\"position\":3,\"name\":\"Fiscaliza\u00e7\u00f5es de tr\u00e2nsito ter\u00e3o teste de uso de drogas, segundo Denatran\"}]},{\"@type\":\"WebSite\",\"@id\":\"https:\\\/\\\/dana.com.br\\\/canaldana\\\/#website\",\"url\":\"https:\\\/\\\/dana.com.br\\\/canaldana\\\/\",\"name\":\"Canal Dana\",\"description\":\"Informativo com as principais not\u00edcias da ind\u00fastria automotiva\",\"potentialAction\":[{\"@type\":\"SearchAction\",\"target\":{\"@type\":\"EntryPoint\",\"urlTemplate\":\"https:\\\/\\\/dana.com.br\\\/canaldana\\\/?s={search_term_string}\"},\"query-input\":{\"@type\":\"PropertyValueSpecification\",\"valueRequired\":true,\"valueName\":\"search_term_string\"}}],\"inLanguage\":\"pt-BR\"},{\"@type\":\"Person\",\"@id\":\"https:\\\/\\\/dana.com.br\\\/canaldana\\\/#\\\/schema\\\/person\\\/3c21f22f56fcf3bc46b94bc60ea4fef6\",\"name\":\"Canal Dana\",\"image\":{\"@type\":\"ImageObject\",\"inLanguage\":\"pt-BR\",\"@id\":\"https:\\\/\\\/secure.gravatar.com\\\/avatar\\\/420aaf9278582877d9018637c6817617705899d2858d7572ef0fe59a6b6454b4?s=96&d=mm&r=g\",\"url\":\"https:\\\/\\\/secure.gravatar.com\\\/avatar\\\/420aaf9278582877d9018637c6817617705899d2858d7572ef0fe59a6b6454b4?s=96&d=mm&r=g\",\"contentUrl\":\"https:\\\/\\\/secure.gravatar.com\\\/avatar\\\/420aaf9278582877d9018637c6817617705899d2858d7572ef0fe59a6b6454b4?s=96&d=mm&r=g\",\"caption\":\"Canal Dana\"},\"url\":\"https:\\\/\\\/dana.com.br\\\/canaldana\\\/author\\\/cdeditor\\\/\"}]}<\/script>\n<!-- \/ Yoast SEO plugin. -->","yoast_head_json":{"title":"Fiscaliza\u00e7\u00f5es de tr\u00e2nsito ter\u00e3o teste de uso de drogas, segundo Denatran - Canal Dana","robots":{"index":"index","follow":"follow","max-snippet":"max-snippet:-1","max-image-preview":"max-image-preview:large","max-video-preview":"max-video-preview:-1"},"canonical":"https:\/\/dana.com.br\/canaldana\/2015\/08\/28\/fiscalizacoes-de-transito-terao-teste-de-uso-de-drogas-segundo-denatran\/","og_locale":"pt_BR","og_type":"article","og_title":"Fiscaliza\u00e7\u00f5es de tr\u00e2nsito ter\u00e3o teste de uso de drogas, segundo Denatran - Canal Dana","og_description":"Ag\u00eancia C\u00e2mara &nbsp; O Brasil deve passar a fazer testes de uso de drogas em fiscaliza\u00e7\u00f5es de tr\u00e2nsito, a exemplo do que ocorre com o baf\u00f4metro para o consumo de \u00e1lcool. A afirma\u00e7\u00e3o foi dada pelo assessor do Departamento Nacional de Tr\u00e2nsito (Denatran), Daniel C\u00e2ndido, em audi\u00eancia p\u00fablica na \u00faltima ter\u00e7a-feira, 25, na Comiss\u00e3o de\u2026 Leia mais \u00bb","og_url":"https:\/\/dana.com.br\/canaldana\/2015\/08\/28\/fiscalizacoes-de-transito-terao-teste-de-uso-de-drogas-segundo-denatran\/","og_site_name":"Canal Dana","article_published_time":"2015-08-28T11:37:45+00:00","author":"Canal Dana","twitter_card":"summary_large_image","twitter_misc":{"Escrito por":"Canal Dana","Est. tempo de leitura":"2 minutos"},"schema":{"@context":"https:\/\/schema.org","@graph":[{"@type":"Article","@id":"https:\/\/dana.com.br\/canaldana\/2015\/08\/28\/fiscalizacoes-de-transito-terao-teste-de-uso-de-drogas-segundo-denatran\/#article","isPartOf":{"@id":"https:\/\/dana.com.br\/canaldana\/2015\/08\/28\/fiscalizacoes-de-transito-terao-teste-de-uso-de-drogas-segundo-denatran\/"},"author":{"name":"Canal Dana","@id":"https:\/\/dana.com.br\/canaldana\/#\/schema\/person\/3c21f22f56fcf3bc46b94bc60ea4fef6"},"headline":"Fiscaliza\u00e7\u00f5es de tr\u00e2nsito ter\u00e3o teste de uso de drogas, segundo Denatran","datePublished":"2015-08-28T11:37:45+00:00","mainEntityOfPage":{"@id":"https:\/\/dana.com.br\/canaldana\/2015\/08\/28\/fiscalizacoes-de-transito-terao-teste-de-uso-de-drogas-segundo-denatran\/"},"wordCount":345,"articleSection":["Mercado"],"inLanguage":"pt-BR"},{"@type":"WebPage","@id":"https:\/\/dana.com.br\/canaldana\/2015\/08\/28\/fiscalizacoes-de-transito-terao-teste-de-uso-de-drogas-segundo-denatran\/","url":"https:\/\/dana.com.br\/canaldana\/2015\/08\/28\/fiscalizacoes-de-transito-terao-teste-de-uso-de-drogas-segundo-denatran\/","name":"Fiscaliza\u00e7\u00f5es de tr\u00e2nsito ter\u00e3o teste de uso de drogas, segundo Denatran - Canal Dana","isPartOf":{"@id":"https:\/\/dana.com.br\/canaldana\/#website"},"datePublished":"2015-08-28T11:37:45+00:00","author":{"@id":"https:\/\/dana.com.br\/canaldana\/#\/schema\/person\/3c21f22f56fcf3bc46b94bc60ea4fef6"},"breadcrumb":{"@id":"https:\/\/dana.com.br\/canaldana\/2015\/08\/28\/fiscalizacoes-de-transito-terao-teste-de-uso-de-drogas-segundo-denatran\/#breadcrumb"},"inLanguage":"pt-BR","potentialAction":[{"@type":"ReadAction","target":["https:\/\/dana.com.br\/canaldana\/2015\/08\/28\/fiscalizacoes-de-transito-terao-teste-de-uso-de-drogas-segundo-denatran\/"]}]},{"@type":"BreadcrumbList","@id":"https:\/\/dana.com.br\/canaldana\/2015\/08\/28\/fiscalizacoes-de-transito-terao-teste-de-uso-de-drogas-segundo-denatran\/#breadcrumb","itemListElement":[{"@type":"ListItem","position":1,"name":"Home","item":"https:\/\/dana.com.br\/canaldana\/"},{"@type":"ListItem","position":2,"name":"Mercado","item":"https:\/\/dana.com.br\/canaldana\/mercado\/"},{"@type":"ListItem","position":3,"name":"Fiscaliza\u00e7\u00f5es de tr\u00e2nsito ter\u00e3o teste de uso de drogas, segundo Denatran"}]},{"@type":"WebSite","@id":"https:\/\/dana.com.br\/canaldana\/#website","url":"https:\/\/dana.com.br\/canaldana\/","name":"Canal Dana","description":"Informativo com as principais not\u00edcias da ind\u00fastria automotiva","potentialAction":[{"@type":"SearchAction","target":{"@type":"EntryPoint","urlTemplate":"https:\/\/dana.com.br\/canaldana\/?s={search_term_string}"},"query-input":{"@type":"PropertyValueSpecification","valueRequired":true,"valueName":"search_term_string"}}],"inLanguage":"pt-BR"},{"@type":"Person","@id":"https:\/\/dana.com.br\/canaldana\/#\/schema\/person\/3c21f22f56fcf3bc46b94bc60ea4fef6","name":"Canal Dana","image":{"@type":"ImageObject","inLanguage":"pt-BR","@id":"https:\/\/secure.gravatar.com\/avatar\/420aaf9278582877d9018637c6817617705899d2858d7572ef0fe59a6b6454b4?s=96&d=mm&r=g","url":"https:\/\/secure.gravatar.com\/avatar\/420aaf9278582877d9018637c6817617705899d2858d7572ef0fe59a6b6454b4?s=96&d=mm&r=g","contentUrl":"https:\/\/secure.gravatar.com\/avatar\/420aaf9278582877d9018637c6817617705899d2858d7572ef0fe59a6b6454b4?s=96&d=mm&r=g","caption":"Canal Dana"},"url":"https:\/\/dana.com.br\/canaldana\/author\/cdeditor\/"}]}},"_links":{"self":[{"href":"https:\/\/dana.com.br\/canaldana\/wp-json\/wp\/v2\/posts\/2142","targetHints":{"allow":["GET"]}}],"collection":[{"href":"https:\/\/dana.com.br\/canaldana\/wp-json\/wp\/v2\/posts"}],"about":[{"href":"https:\/\/dana.com.br\/canaldana\/wp-json\/wp\/v2\/types\/post"}],"author":[{"embeddable":true,"href":"https:\/\/dana.com.br\/canaldana\/wp-json\/wp\/v2\/users\/3"}],"replies":[{"embeddable":true,"href":"https:\/\/dana.com.br\/canaldana\/wp-json\/wp\/v2\/comments?post=2142"}],"version-history":[{"count":0,"href":"https:\/\/dana.com.br\/canaldana\/wp-json\/wp\/v2\/posts\/2142\/revisions"}],"wp:attachment":[{"href":"https:\/\/dana.com.br\/canaldana\/wp-json\/wp\/v2\/media?parent=2142"}],"wp:term":[{"taxonomy":"category","embeddable":true,"href":"https:\/\/dana.com.br\/canaldana\/wp-json\/wp\/v2\/categories?post=2142"},{"taxonomy":"post_tag","embeddable":true,"href":"https:\/\/dana.com.br\/canaldana\/wp-json\/wp\/v2\/tags?post=2142"}],"curies":[{"name":"wp","href":"https:\/\/api.w.org\/{rel}","templated":true}]}}