{"id":21342,"date":"2017-11-16T09:00:34","date_gmt":"2017-11-16T11:00:34","guid":{"rendered":"http:\/\/dana.com.br\/canaldana\/?p=21342"},"modified":"2017-11-16T09:00:34","modified_gmt":"2017-11-16T11:00:34","slug":"producao-de-veiculos-reforca-industria","status":"publish","type":"post","link":"https:\/\/dana.com.br\/canaldana\/2017\/11\/16\/producao-de-veiculos-reforca-industria\/","title":{"rendered":"Produ\u00e7\u00e3o de ve\u00edculos refor\u00e7a a ind\u00fastria"},"content":{"rendered":"<p><em>O Estado de S. Paulo<\/em><\/p>\n<p>&nbsp;<\/p>\n<p>Foram expressivos os indicadores de outubro da produ\u00e7\u00e3o de ve\u00edculos automotores divulgados pela associa\u00e7\u00e3o das montadoras (Anfavea). Os n\u00fameros refor\u00e7aram tanto a percep\u00e7\u00e3o de melhora da atividade econ\u00f4mica, em geral, e do consumo, em particular, como a import\u00e2ncia do segmento automobil\u00edstico para os resultados da ind\u00fastria brasileira. Estados que abrigam grandes parques automotivos, como S\u00e3o Paulo e Paran\u00e1 \u2013 e, em menor escala, Minas Gerais \u2013, tamb\u00e9m se incluem entre os que apresentaram bom comportamento, indicado nos resultados regionais da ind\u00fastria relativos a setembro e apurados pelo Instituto Brasileiro de Geografia e Estat\u00edstica (IBGE).<\/p>\n<p>&nbsp;<\/p>\n<p>A produ\u00e7\u00e3o de 249,9 mil ve\u00edculos em outubro superou em 5,3% a de setembro e em 42,2% a de outubro de 2016. Entre os primeiros 10 meses de 2016 e 2017 a produ\u00e7\u00e3o avan\u00e7ou 28,5%, chegando a 28,9% na compara\u00e7\u00e3o de 12 meses \u2013 de 2,06 milh\u00f5es para 2,65 milh\u00f5es de unidades. Tamb\u00e9m foi expressivo o aumento da produ\u00e7\u00e3o de caminh\u00f5es, indicando uma renova\u00e7\u00e3o de frotas para atender \u00e0 demanda crescente do final de ano.<\/p>\n<p>&nbsp;<\/p>\n<p>Em parte o vigor da produ\u00e7\u00e3o se deve \u00e0s exporta\u00e7\u00f5es, que dever\u00e3o alcan\u00e7ar neste ano resultado recorde. Em 2017 j\u00e1 foram embarcadas 627 mil unidades, ou 56,7% mais do que em igual per\u00edodo de 2016. Somando autove\u00edculos e m\u00e1quinas agr\u00edcolas e rodovi\u00e1rias, as exporta\u00e7\u00f5es foram de US$ 13,1 bilh\u00f5es nos primeiros 10 meses deste ano. A Anfavea estima que o aumento das exporta\u00e7\u00f5es entre 2016 e 2017 supere 40%, alcan\u00e7ando um montante superior a US$ 15 bilh\u00f5es.<\/p>\n<p>&nbsp;<\/p>\n<p>Um corol\u00e1rio relevante do aumento da produ\u00e7\u00e3o foi a contrata\u00e7\u00e3o de pessoal pelas montadoras, que cresceu 0,3% entre setembro e outubro deste ano e 2,5% entre os meses de outubro de 2016 e de 2017. O n\u00famero de vagas abertas foi de 432 entre setembro e outubro de 2017 e de 3.084 entre outubro de 2016 e outubro de 2017.<\/p>\n<p>&nbsp;<\/p>\n<p>As perspectivas para o \u00faltimo bimestre deste ano s\u00e3o favor\u00e1veis. Entre os fatores positivos est\u00e1 o da diminui\u00e7\u00e3o dos juros ao consumidor, como enfatizou pesquisa recente da Confedera\u00e7\u00e3o Nacional do Com\u00e9rcio de Bens, Servi\u00e7os e Turismo (CNC). Mantendo pre\u00e7os, as montadoras contribuir\u00e3o para assegurar a demanda e a retomada de um setor que, em 2013, fabricou um recorde de 3,7 milh\u00f5es de ve\u00edculos. (O Estado de S. Paulo)<\/p>\n","protected":false},"excerpt":{"rendered":"<p>O Estado de S. Paulo &nbsp; Foram expressivos os indicadores de outubro da produ\u00e7\u00e3o de ve\u00edculos automotores divulgados pela associa\u00e7\u00e3o das montadoras (Anfavea). Os n\u00fameros refor\u00e7aram tanto a percep\u00e7\u00e3o de melhora da atividade econ\u00f4mica, em geral, e do consumo, em particular, como a import\u00e2ncia do segmento automobil\u00edstico para os resultados da ind\u00fastria brasileira. Estados que\u2026 <a class=\"readmore\" href=\"https:\/\/dana.com.br\/canaldana\/2017\/11\/16\/producao-de-veiculos-reforca-industria\/\">Leia mais \u00bb<\/a><\/p>\n","protected":false},"author":3,"featured_media":0,"comment_status":"closed","ping_status":"closed","sticky":false,"template":"","format":"standard","meta":{"_acf_changed":false,"footnotes":""},"categories":[61],"tags":[],"class_list":["post-21342","post","type-post","status-publish","format-standard","hentry","category-destaques"],"acf":[],"yoast_head":"<!-- This site is optimized with the Yoast SEO plugin v27.3 - https:\/\/yoast.com\/product\/yoast-seo-wordpress\/ -->\n<title>Produ\u00e7\u00e3o de ve\u00edculos refor\u00e7a a ind\u00fastria - Canal Dana<\/title>\n<meta name=\"robots\" content=\"index, follow, max-snippet:-1, max-image-preview:large, max-video-preview:-1\" \/>\n<link rel=\"canonical\" href=\"https:\/\/dana.com.br\/canaldana\/2017\/11\/16\/producao-de-veiculos-reforca-industria\/\" \/>\n<meta property=\"og:locale\" content=\"pt_BR\" \/>\n<meta property=\"og:type\" content=\"article\" \/>\n<meta property=\"og:title\" content=\"Produ\u00e7\u00e3o de ve\u00edculos refor\u00e7a a ind\u00fastria - Canal Dana\" \/>\n<meta property=\"og:description\" content=\"O Estado de S. Paulo &nbsp; Foram expressivos os indicadores de outubro da produ\u00e7\u00e3o de ve\u00edculos automotores divulgados pela associa\u00e7\u00e3o das montadoras (Anfavea). Os n\u00fameros refor\u00e7aram tanto a percep\u00e7\u00e3o de melhora da atividade econ\u00f4mica, em geral, e do consumo, em particular, como a import\u00e2ncia do segmento automobil\u00edstico para os resultados da ind\u00fastria brasileira. Estados que\u2026 Leia mais \u00bb\" \/>\n<meta property=\"og:url\" content=\"https:\/\/dana.com.br\/canaldana\/2017\/11\/16\/producao-de-veiculos-reforca-industria\/\" \/>\n<meta property=\"og:site_name\" content=\"Canal Dana\" \/>\n<meta property=\"article:published_time\" content=\"2017-11-16T11:00:34+00:00\" \/>\n<meta name=\"author\" content=\"Canal Dana\" \/>\n<meta name=\"twitter:card\" content=\"summary_large_image\" \/>\n<meta name=\"twitter:label1\" content=\"Escrito por\" \/>\n\t<meta name=\"twitter:data1\" content=\"Canal Dana\" \/>\n\t<meta name=\"twitter:label2\" content=\"Est. tempo de leitura\" \/>\n\t<meta name=\"twitter:data2\" content=\"2 minutos\" \/>\n<script type=\"application\/ld+json\" class=\"yoast-schema-graph\">{\"@context\":\"https:\\\/\\\/schema.org\",\"@graph\":[{\"@type\":\"Article\",\"@id\":\"https:\\\/\\\/dana.com.br\\\/canaldana\\\/2017\\\/11\\\/16\\\/producao-de-veiculos-reforca-industria\\\/#article\",\"isPartOf\":{\"@id\":\"https:\\\/\\\/dana.com.br\\\/canaldana\\\/2017\\\/11\\\/16\\\/producao-de-veiculos-reforca-industria\\\/\"},\"author\":{\"name\":\"Canal Dana\",\"@id\":\"https:\\\/\\\/dana.com.br\\\/canaldana\\\/#\\\/schema\\\/person\\\/3c21f22f56fcf3bc46b94bc60ea4fef6\"},\"headline\":\"Produ\u00e7\u00e3o de ve\u00edculos refor\u00e7a a ind\u00fastria\",\"datePublished\":\"2017-11-16T11:00:34+00:00\",\"mainEntityOfPage\":{\"@id\":\"https:\\\/\\\/dana.com.br\\\/canaldana\\\/2017\\\/11\\\/16\\\/producao-de-veiculos-reforca-industria\\\/\"},\"wordCount\":410,\"articleSection\":[\"Destaques\"],\"inLanguage\":\"pt-BR\"},{\"@type\":\"WebPage\",\"@id\":\"https:\\\/\\\/dana.com.br\\\/canaldana\\\/2017\\\/11\\\/16\\\/producao-de-veiculos-reforca-industria\\\/\",\"url\":\"https:\\\/\\\/dana.com.br\\\/canaldana\\\/2017\\\/11\\\/16\\\/producao-de-veiculos-reforca-industria\\\/\",\"name\":\"Produ\u00e7\u00e3o de ve\u00edculos refor\u00e7a a ind\u00fastria - Canal Dana\",\"isPartOf\":{\"@id\":\"https:\\\/\\\/dana.com.br\\\/canaldana\\\/#website\"},\"datePublished\":\"2017-11-16T11:00:34+00:00\",\"author\":{\"@id\":\"https:\\\/\\\/dana.com.br\\\/canaldana\\\/#\\\/schema\\\/person\\\/3c21f22f56fcf3bc46b94bc60ea4fef6\"},\"breadcrumb\":{\"@id\":\"https:\\\/\\\/dana.com.br\\\/canaldana\\\/2017\\\/11\\\/16\\\/producao-de-veiculos-reforca-industria\\\/#breadcrumb\"},\"inLanguage\":\"pt-BR\",\"potentialAction\":[{\"@type\":\"ReadAction\",\"target\":[\"https:\\\/\\\/dana.com.br\\\/canaldana\\\/2017\\\/11\\\/16\\\/producao-de-veiculos-reforca-industria\\\/\"]}]},{\"@type\":\"BreadcrumbList\",\"@id\":\"https:\\\/\\\/dana.com.br\\\/canaldana\\\/2017\\\/11\\\/16\\\/producao-de-veiculos-reforca-industria\\\/#breadcrumb\",\"itemListElement\":[{\"@type\":\"ListItem\",\"position\":1,\"name\":\"Home\",\"item\":\"https:\\\/\\\/dana.com.br\\\/canaldana\\\/\"},{\"@type\":\"ListItem\",\"position\":2,\"name\":\"Destaques\",\"item\":\"https:\\\/\\\/dana.com.br\\\/canaldana\\\/destaques\\\/\"},{\"@type\":\"ListItem\",\"position\":3,\"name\":\"Produ\u00e7\u00e3o de ve\u00edculos refor\u00e7a a ind\u00fastria\"}]},{\"@type\":\"WebSite\",\"@id\":\"https:\\\/\\\/dana.com.br\\\/canaldana\\\/#website\",\"url\":\"https:\\\/\\\/dana.com.br\\\/canaldana\\\/\",\"name\":\"Canal Dana\",\"description\":\"Informativo com as principais not\u00edcias da ind\u00fastria automotiva\",\"potentialAction\":[{\"@type\":\"SearchAction\",\"target\":{\"@type\":\"EntryPoint\",\"urlTemplate\":\"https:\\\/\\\/dana.com.br\\\/canaldana\\\/?s={search_term_string}\"},\"query-input\":{\"@type\":\"PropertyValueSpecification\",\"valueRequired\":true,\"valueName\":\"search_term_string\"}}],\"inLanguage\":\"pt-BR\"},{\"@type\":\"Person\",\"@id\":\"https:\\\/\\\/dana.com.br\\\/canaldana\\\/#\\\/schema\\\/person\\\/3c21f22f56fcf3bc46b94bc60ea4fef6\",\"name\":\"Canal Dana\",\"image\":{\"@type\":\"ImageObject\",\"inLanguage\":\"pt-BR\",\"@id\":\"https:\\\/\\\/secure.gravatar.com\\\/avatar\\\/420aaf9278582877d9018637c6817617705899d2858d7572ef0fe59a6b6454b4?s=96&d=mm&r=g\",\"url\":\"https:\\\/\\\/secure.gravatar.com\\\/avatar\\\/420aaf9278582877d9018637c6817617705899d2858d7572ef0fe59a6b6454b4?s=96&d=mm&r=g\",\"contentUrl\":\"https:\\\/\\\/secure.gravatar.com\\\/avatar\\\/420aaf9278582877d9018637c6817617705899d2858d7572ef0fe59a6b6454b4?s=96&d=mm&r=g\",\"caption\":\"Canal Dana\"},\"url\":\"https:\\\/\\\/dana.com.br\\\/canaldana\\\/author\\\/cdeditor\\\/\"}]}<\/script>\n<!-- \/ Yoast SEO plugin. -->","yoast_head_json":{"title":"Produ\u00e7\u00e3o de ve\u00edculos refor\u00e7a a ind\u00fastria - Canal Dana","robots":{"index":"index","follow":"follow","max-snippet":"max-snippet:-1","max-image-preview":"max-image-preview:large","max-video-preview":"max-video-preview:-1"},"canonical":"https:\/\/dana.com.br\/canaldana\/2017\/11\/16\/producao-de-veiculos-reforca-industria\/","og_locale":"pt_BR","og_type":"article","og_title":"Produ\u00e7\u00e3o de ve\u00edculos refor\u00e7a a ind\u00fastria - Canal Dana","og_description":"O Estado de S. Paulo &nbsp; Foram expressivos os indicadores de outubro da produ\u00e7\u00e3o de ve\u00edculos automotores divulgados pela associa\u00e7\u00e3o das montadoras (Anfavea). Os n\u00fameros refor\u00e7aram tanto a percep\u00e7\u00e3o de melhora da atividade econ\u00f4mica, em geral, e do consumo, em particular, como a import\u00e2ncia do segmento automobil\u00edstico para os resultados da ind\u00fastria brasileira. Estados que\u2026 Leia mais \u00bb","og_url":"https:\/\/dana.com.br\/canaldana\/2017\/11\/16\/producao-de-veiculos-reforca-industria\/","og_site_name":"Canal Dana","article_published_time":"2017-11-16T11:00:34+00:00","author":"Canal Dana","twitter_card":"summary_large_image","twitter_misc":{"Escrito por":"Canal Dana","Est. tempo de leitura":"2 minutos"},"schema":{"@context":"https:\/\/schema.org","@graph":[{"@type":"Article","@id":"https:\/\/dana.com.br\/canaldana\/2017\/11\/16\/producao-de-veiculos-reforca-industria\/#article","isPartOf":{"@id":"https:\/\/dana.com.br\/canaldana\/2017\/11\/16\/producao-de-veiculos-reforca-industria\/"},"author":{"name":"Canal Dana","@id":"https:\/\/dana.com.br\/canaldana\/#\/schema\/person\/3c21f22f56fcf3bc46b94bc60ea4fef6"},"headline":"Produ\u00e7\u00e3o de ve\u00edculos refor\u00e7a a ind\u00fastria","datePublished":"2017-11-16T11:00:34+00:00","mainEntityOfPage":{"@id":"https:\/\/dana.com.br\/canaldana\/2017\/11\/16\/producao-de-veiculos-reforca-industria\/"},"wordCount":410,"articleSection":["Destaques"],"inLanguage":"pt-BR"},{"@type":"WebPage","@id":"https:\/\/dana.com.br\/canaldana\/2017\/11\/16\/producao-de-veiculos-reforca-industria\/","url":"https:\/\/dana.com.br\/canaldana\/2017\/11\/16\/producao-de-veiculos-reforca-industria\/","name":"Produ\u00e7\u00e3o de ve\u00edculos refor\u00e7a a ind\u00fastria - Canal Dana","isPartOf":{"@id":"https:\/\/dana.com.br\/canaldana\/#website"},"datePublished":"2017-11-16T11:00:34+00:00","author":{"@id":"https:\/\/dana.com.br\/canaldana\/#\/schema\/person\/3c21f22f56fcf3bc46b94bc60ea4fef6"},"breadcrumb":{"@id":"https:\/\/dana.com.br\/canaldana\/2017\/11\/16\/producao-de-veiculos-reforca-industria\/#breadcrumb"},"inLanguage":"pt-BR","potentialAction":[{"@type":"ReadAction","target":["https:\/\/dana.com.br\/canaldana\/2017\/11\/16\/producao-de-veiculos-reforca-industria\/"]}]},{"@type":"BreadcrumbList","@id":"https:\/\/dana.com.br\/canaldana\/2017\/11\/16\/producao-de-veiculos-reforca-industria\/#breadcrumb","itemListElement":[{"@type":"ListItem","position":1,"name":"Home","item":"https:\/\/dana.com.br\/canaldana\/"},{"@type":"ListItem","position":2,"name":"Destaques","item":"https:\/\/dana.com.br\/canaldana\/destaques\/"},{"@type":"ListItem","position":3,"name":"Produ\u00e7\u00e3o de ve\u00edculos refor\u00e7a a ind\u00fastria"}]},{"@type":"WebSite","@id":"https:\/\/dana.com.br\/canaldana\/#website","url":"https:\/\/dana.com.br\/canaldana\/","name":"Canal Dana","description":"Informativo com as principais not\u00edcias da ind\u00fastria automotiva","potentialAction":[{"@type":"SearchAction","target":{"@type":"EntryPoint","urlTemplate":"https:\/\/dana.com.br\/canaldana\/?s={search_term_string}"},"query-input":{"@type":"PropertyValueSpecification","valueRequired":true,"valueName":"search_term_string"}}],"inLanguage":"pt-BR"},{"@type":"Person","@id":"https:\/\/dana.com.br\/canaldana\/#\/schema\/person\/3c21f22f56fcf3bc46b94bc60ea4fef6","name":"Canal Dana","image":{"@type":"ImageObject","inLanguage":"pt-BR","@id":"https:\/\/secure.gravatar.com\/avatar\/420aaf9278582877d9018637c6817617705899d2858d7572ef0fe59a6b6454b4?s=96&d=mm&r=g","url":"https:\/\/secure.gravatar.com\/avatar\/420aaf9278582877d9018637c6817617705899d2858d7572ef0fe59a6b6454b4?s=96&d=mm&r=g","contentUrl":"https:\/\/secure.gravatar.com\/avatar\/420aaf9278582877d9018637c6817617705899d2858d7572ef0fe59a6b6454b4?s=96&d=mm&r=g","caption":"Canal Dana"},"url":"https:\/\/dana.com.br\/canaldana\/author\/cdeditor\/"}]}},"_links":{"self":[{"href":"https:\/\/dana.com.br\/canaldana\/wp-json\/wp\/v2\/posts\/21342","targetHints":{"allow":["GET"]}}],"collection":[{"href":"https:\/\/dana.com.br\/canaldana\/wp-json\/wp\/v2\/posts"}],"about":[{"href":"https:\/\/dana.com.br\/canaldana\/wp-json\/wp\/v2\/types\/post"}],"author":[{"embeddable":true,"href":"https:\/\/dana.com.br\/canaldana\/wp-json\/wp\/v2\/users\/3"}],"replies":[{"embeddable":true,"href":"https:\/\/dana.com.br\/canaldana\/wp-json\/wp\/v2\/comments?post=21342"}],"version-history":[{"count":0,"href":"https:\/\/dana.com.br\/canaldana\/wp-json\/wp\/v2\/posts\/21342\/revisions"}],"wp:attachment":[{"href":"https:\/\/dana.com.br\/canaldana\/wp-json\/wp\/v2\/media?parent=21342"}],"wp:term":[{"taxonomy":"category","embeddable":true,"href":"https:\/\/dana.com.br\/canaldana\/wp-json\/wp\/v2\/categories?post=21342"},{"taxonomy":"post_tag","embeddable":true,"href":"https:\/\/dana.com.br\/canaldana\/wp-json\/wp\/v2\/tags?post=21342"}],"curies":[{"name":"wp","href":"https:\/\/api.w.org\/{rel}","templated":true}]}}