{"id":21292,"date":"2017-11-14T08:43:38","date_gmt":"2017-11-14T10:43:38","guid":{"rendered":"http:\/\/dana.com.br\/canaldana\/?p=21292"},"modified":"2017-11-14T08:43:38","modified_gmt":"2017-11-14T10:43:38","slug":"volkswagen-precisa-ampliar-fatia-no-mercado-do-pais-diz-presidente-global","status":"publish","type":"post","link":"https:\/\/dana.com.br\/canaldana\/2017\/11\/14\/volkswagen-precisa-ampliar-fatia-no-mercado-do-pais-diz-presidente-global\/","title":{"rendered":"Volkswagen precisa ampliar fatia no mercado do Pa\u00eds, diz presidente global"},"content":{"rendered":"<p><em>O Estado de S. Paulo<\/em><\/p>\n<p>&nbsp;<\/p>\n<p>Em passagem \u201crel\u00e2mpago\u201d de dois dias pela Argentina e pelo Brasil, o presidente global da marca Volkswagen, Herbert Diess, afirmou que ainda n\u00e3o est\u00e1 satisfeito com os resultados no Brasil, apesar da recupera\u00e7\u00e3o da empresa no Pa\u00eds no \u00faltimo ano. Hoje com 12% do setor de autom\u00f3veis e comerciais leves, a montadora viu seu dom\u00ednio cair a menos da metade de patamares hist\u00f3ricos. \u201cO mercado hoje est\u00e1 mais competitivo, n\u00e3o vamos voltar a 30%. Mas n\u00e3o estamos satisfeitos\u201d, disse Diess, em entrevista no \u00faltimo s\u00e1bado, em S\u00e3o Bernardo do Campo.<\/p>\n<p>&nbsp;<\/p>\n<p>Os \u00faltimos anos foram desafiadores para a montadora alem\u00e3. Al\u00e9m de a empresa ter admitido a culpa em um esc\u00e2ndalo global por burlar testes de emiss\u00f5es de poluentes de seus ve\u00edculos a diesel, o que lhe rendeu multas bilion\u00e1rias, a Volkswagen sofreu com a lentid\u00e3o para se renovar \u2013 como resultado, sua linha de produtos ficou antiga e pouco atraente. No Brasil, o efeito foi t\u00e3o forte que a alem\u00e3 viu sua participa\u00e7\u00e3o cair a menos de 7% em 2016.<\/p>\n<p>&nbsp;<\/p>\n<p>Apesar da recupera\u00e7\u00e3o dos \u00faltimos 12 meses, o esfor\u00e7o de rejuvenescimento da marca e de produtos continua, afirma o presidente da Volkswagen Brasil e Am\u00e9rica do Sul, Pablo Di Si. At\u00e9 2020, diz o executivo, est\u00e3o previstos lan\u00e7amentos de 14 novos ve\u00edculos no Pa\u00eds, entre desenvolvimentos locais e ideias globais adaptadas \u00e0 realidade regional. At\u00e9 l\u00e1, os investimentos v\u00e3o somar R$ 7 bilh\u00f5es.<\/p>\n<p>&nbsp;<\/p>\n<p>Dentro desse processo de renova\u00e7\u00e3o, come\u00e7aram no \u00faltimo s\u00e1bado as entregas dos novos Polo, o \u201cprimo\u201d mais compacto do Golf. Na quinta-feira, a montadora far\u00e1 a apresenta\u00e7\u00e3o do Virtus, que dever\u00e1 ser lan\u00e7ado em janeiro de 2018.<\/p>\n<p>&nbsp;<\/p>\n<p>Uma das quest\u00f5es em aberto, atualmente, \u00e9 o destino do Gol, que est\u00e1 na linha da Volkswagen do Brasil desde o in\u00edcio dos anos 1980. O martelo sobre o modelo n\u00e3o est\u00e1 batido, segundo o presidente global da marca. \u201cN\u00e3o desistimos do Gol, mas nos programamos para dar uma solu\u00e7\u00e3o de longo prazo para a carro em 2018.\u201d<\/p>\n<p>&nbsp;<\/p>\n<p><strong>Opera\u00e7\u00e3o local<\/strong><\/p>\n<p>&nbsp;<\/p>\n<p>Diante do resultado do mercado de autom\u00f3veis neste ano \u2013 a Anfavea, associa\u00e7\u00e3o do setor, aponta alta de 28,5% na produ\u00e7\u00e3o de ve\u00edculos at\u00e9 outubro \u2013 e das previs\u00f5es de nova expans\u00e3o para o ano que vem, Di Si descarta novas redu\u00e7\u00f5es de m\u00e3o de obra no Pa\u00eds (a empresa, nos \u00faltimos anos, cortou cerca de 30% de seu efetivo local). O executivo tamb\u00e9m diz que a mudan\u00e7a na Consolida\u00e7\u00e3o das Leis do Trabalho (CLT) \u00e9 \u201cgrande passo na dire\u00e7\u00e3o correta\u201d, que dever\u00e1 ajudar na produtividade brasileira.<\/p>\n<p>&nbsp;<\/p>\n<p>Para Diess, com o c\u00e2mbio no patamar atual, o Brasil consegue viabilizar uma plataforma de exporta\u00e7\u00f5es para a Am\u00e9rica do Sul. A montadora diz que as vendas externas de ve\u00edculos subiram 69% entre janeiro e outubro, na compara\u00e7\u00e3o com 2016. (O Estado de S. Paulo\/Fernando Scheller)<\/p>\n","protected":false},"excerpt":{"rendered":"<p>O Estado de S. Paulo &nbsp; Em passagem \u201crel\u00e2mpago\u201d de dois dias pela Argentina e pelo Brasil, o presidente global da marca Volkswagen, Herbert Diess, afirmou que ainda n\u00e3o est\u00e1 satisfeito com os resultados no Brasil, apesar da recupera\u00e7\u00e3o da empresa no Pa\u00eds no \u00faltimo ano. Hoje com 12% do setor de autom\u00f3veis e comerciais\u2026 <a class=\"readmore\" href=\"https:\/\/dana.com.br\/canaldana\/2017\/11\/14\/volkswagen-precisa-ampliar-fatia-no-mercado-do-pais-diz-presidente-global\/\">Leia mais \u00bb<\/a><\/p>\n","protected":false},"author":3,"featured_media":0,"comment_status":"closed","ping_status":"closed","sticky":false,"template":"","format":"standard","meta":{"_acf_changed":false,"footnotes":""},"categories":[61],"tags":[],"class_list":["post-21292","post","type-post","status-publish","format-standard","hentry","category-destaques"],"acf":[],"yoast_head":"<!-- This site is optimized with the Yoast SEO plugin v27.3 - https:\/\/yoast.com\/product\/yoast-seo-wordpress\/ -->\n<title>Volkswagen precisa ampliar fatia no mercado do Pa\u00eds, diz presidente global - Canal Dana<\/title>\n<meta name=\"robots\" content=\"index, follow, max-snippet:-1, max-image-preview:large, max-video-preview:-1\" \/>\n<link rel=\"canonical\" href=\"https:\/\/dana.com.br\/canaldana\/2017\/11\/14\/volkswagen-precisa-ampliar-fatia-no-mercado-do-pais-diz-presidente-global\/\" \/>\n<meta property=\"og:locale\" content=\"pt_BR\" \/>\n<meta property=\"og:type\" content=\"article\" \/>\n<meta property=\"og:title\" content=\"Volkswagen precisa ampliar fatia no mercado do Pa\u00eds, diz presidente global - Canal Dana\" \/>\n<meta property=\"og:description\" content=\"O Estado de S. Paulo &nbsp; Em passagem \u201crel\u00e2mpago\u201d de dois dias pela Argentina e pelo Brasil, o presidente global da marca Volkswagen, Herbert Diess, afirmou que ainda n\u00e3o est\u00e1 satisfeito com os resultados no Brasil, apesar da recupera\u00e7\u00e3o da empresa no Pa\u00eds no \u00faltimo ano. Hoje com 12% do setor de autom\u00f3veis e comerciais\u2026 Leia mais \u00bb\" \/>\n<meta property=\"og:url\" content=\"https:\/\/dana.com.br\/canaldana\/2017\/11\/14\/volkswagen-precisa-ampliar-fatia-no-mercado-do-pais-diz-presidente-global\/\" \/>\n<meta property=\"og:site_name\" content=\"Canal Dana\" \/>\n<meta property=\"article:published_time\" content=\"2017-11-14T10:43:38+00:00\" \/>\n<meta name=\"author\" content=\"Canal Dana\" \/>\n<meta name=\"twitter:card\" content=\"summary_large_image\" \/>\n<meta name=\"twitter:label1\" content=\"Escrito por\" \/>\n\t<meta name=\"twitter:data1\" content=\"Canal Dana\" \/>\n\t<meta name=\"twitter:label2\" content=\"Est. tempo de leitura\" \/>\n\t<meta name=\"twitter:data2\" content=\"3 minutos\" \/>\n<script type=\"application\/ld+json\" class=\"yoast-schema-graph\">{\"@context\":\"https:\\\/\\\/schema.org\",\"@graph\":[{\"@type\":\"Article\",\"@id\":\"https:\\\/\\\/dana.com.br\\\/canaldana\\\/2017\\\/11\\\/14\\\/volkswagen-precisa-ampliar-fatia-no-mercado-do-pais-diz-presidente-global\\\/#article\",\"isPartOf\":{\"@id\":\"https:\\\/\\\/dana.com.br\\\/canaldana\\\/2017\\\/11\\\/14\\\/volkswagen-precisa-ampliar-fatia-no-mercado-do-pais-diz-presidente-global\\\/\"},\"author\":{\"name\":\"Canal Dana\",\"@id\":\"https:\\\/\\\/dana.com.br\\\/canaldana\\\/#\\\/schema\\\/person\\\/3c21f22f56fcf3bc46b94bc60ea4fef6\"},\"headline\":\"Volkswagen precisa ampliar fatia no mercado do Pa\u00eds, diz presidente global\",\"datePublished\":\"2017-11-14T10:43:38+00:00\",\"mainEntityOfPage\":{\"@id\":\"https:\\\/\\\/dana.com.br\\\/canaldana\\\/2017\\\/11\\\/14\\\/volkswagen-precisa-ampliar-fatia-no-mercado-do-pais-diz-presidente-global\\\/\"},\"wordCount\":525,\"articleSection\":[\"Destaques\"],\"inLanguage\":\"pt-BR\"},{\"@type\":\"WebPage\",\"@id\":\"https:\\\/\\\/dana.com.br\\\/canaldana\\\/2017\\\/11\\\/14\\\/volkswagen-precisa-ampliar-fatia-no-mercado-do-pais-diz-presidente-global\\\/\",\"url\":\"https:\\\/\\\/dana.com.br\\\/canaldana\\\/2017\\\/11\\\/14\\\/volkswagen-precisa-ampliar-fatia-no-mercado-do-pais-diz-presidente-global\\\/\",\"name\":\"Volkswagen precisa ampliar fatia no mercado do Pa\u00eds, diz presidente global - Canal Dana\",\"isPartOf\":{\"@id\":\"https:\\\/\\\/dana.com.br\\\/canaldana\\\/#website\"},\"datePublished\":\"2017-11-14T10:43:38+00:00\",\"author\":{\"@id\":\"https:\\\/\\\/dana.com.br\\\/canaldana\\\/#\\\/schema\\\/person\\\/3c21f22f56fcf3bc46b94bc60ea4fef6\"},\"breadcrumb\":{\"@id\":\"https:\\\/\\\/dana.com.br\\\/canaldana\\\/2017\\\/11\\\/14\\\/volkswagen-precisa-ampliar-fatia-no-mercado-do-pais-diz-presidente-global\\\/#breadcrumb\"},\"inLanguage\":\"pt-BR\",\"potentialAction\":[{\"@type\":\"ReadAction\",\"target\":[\"https:\\\/\\\/dana.com.br\\\/canaldana\\\/2017\\\/11\\\/14\\\/volkswagen-precisa-ampliar-fatia-no-mercado-do-pais-diz-presidente-global\\\/\"]}]},{\"@type\":\"BreadcrumbList\",\"@id\":\"https:\\\/\\\/dana.com.br\\\/canaldana\\\/2017\\\/11\\\/14\\\/volkswagen-precisa-ampliar-fatia-no-mercado-do-pais-diz-presidente-global\\\/#breadcrumb\",\"itemListElement\":[{\"@type\":\"ListItem\",\"position\":1,\"name\":\"Home\",\"item\":\"https:\\\/\\\/dana.com.br\\\/canaldana\\\/\"},{\"@type\":\"ListItem\",\"position\":2,\"name\":\"Destaques\",\"item\":\"https:\\\/\\\/dana.com.br\\\/canaldana\\\/destaques\\\/\"},{\"@type\":\"ListItem\",\"position\":3,\"name\":\"Volkswagen precisa ampliar fatia no mercado do Pa\u00eds, diz presidente global\"}]},{\"@type\":\"WebSite\",\"@id\":\"https:\\\/\\\/dana.com.br\\\/canaldana\\\/#website\",\"url\":\"https:\\\/\\\/dana.com.br\\\/canaldana\\\/\",\"name\":\"Canal Dana\",\"description\":\"Informativo com as principais not\u00edcias da ind\u00fastria automotiva\",\"potentialAction\":[{\"@type\":\"SearchAction\",\"target\":{\"@type\":\"EntryPoint\",\"urlTemplate\":\"https:\\\/\\\/dana.com.br\\\/canaldana\\\/?s={search_term_string}\"},\"query-input\":{\"@type\":\"PropertyValueSpecification\",\"valueRequired\":true,\"valueName\":\"search_term_string\"}}],\"inLanguage\":\"pt-BR\"},{\"@type\":\"Person\",\"@id\":\"https:\\\/\\\/dana.com.br\\\/canaldana\\\/#\\\/schema\\\/person\\\/3c21f22f56fcf3bc46b94bc60ea4fef6\",\"name\":\"Canal Dana\",\"image\":{\"@type\":\"ImageObject\",\"inLanguage\":\"pt-BR\",\"@id\":\"https:\\\/\\\/secure.gravatar.com\\\/avatar\\\/420aaf9278582877d9018637c6817617705899d2858d7572ef0fe59a6b6454b4?s=96&d=mm&r=g\",\"url\":\"https:\\\/\\\/secure.gravatar.com\\\/avatar\\\/420aaf9278582877d9018637c6817617705899d2858d7572ef0fe59a6b6454b4?s=96&d=mm&r=g\",\"contentUrl\":\"https:\\\/\\\/secure.gravatar.com\\\/avatar\\\/420aaf9278582877d9018637c6817617705899d2858d7572ef0fe59a6b6454b4?s=96&d=mm&r=g\",\"caption\":\"Canal Dana\"},\"url\":\"https:\\\/\\\/dana.com.br\\\/canaldana\\\/author\\\/cdeditor\\\/\"}]}<\/script>\n<!-- \/ Yoast SEO plugin. -->","yoast_head_json":{"title":"Volkswagen precisa ampliar fatia no mercado do Pa\u00eds, diz presidente global - Canal Dana","robots":{"index":"index","follow":"follow","max-snippet":"max-snippet:-1","max-image-preview":"max-image-preview:large","max-video-preview":"max-video-preview:-1"},"canonical":"https:\/\/dana.com.br\/canaldana\/2017\/11\/14\/volkswagen-precisa-ampliar-fatia-no-mercado-do-pais-diz-presidente-global\/","og_locale":"pt_BR","og_type":"article","og_title":"Volkswagen precisa ampliar fatia no mercado do Pa\u00eds, diz presidente global - Canal Dana","og_description":"O Estado de S. Paulo &nbsp; Em passagem \u201crel\u00e2mpago\u201d de dois dias pela Argentina e pelo Brasil, o presidente global da marca Volkswagen, Herbert Diess, afirmou que ainda n\u00e3o est\u00e1 satisfeito com os resultados no Brasil, apesar da recupera\u00e7\u00e3o da empresa no Pa\u00eds no \u00faltimo ano. Hoje com 12% do setor de autom\u00f3veis e comerciais\u2026 Leia mais \u00bb","og_url":"https:\/\/dana.com.br\/canaldana\/2017\/11\/14\/volkswagen-precisa-ampliar-fatia-no-mercado-do-pais-diz-presidente-global\/","og_site_name":"Canal Dana","article_published_time":"2017-11-14T10:43:38+00:00","author":"Canal Dana","twitter_card":"summary_large_image","twitter_misc":{"Escrito por":"Canal Dana","Est. tempo de leitura":"3 minutos"},"schema":{"@context":"https:\/\/schema.org","@graph":[{"@type":"Article","@id":"https:\/\/dana.com.br\/canaldana\/2017\/11\/14\/volkswagen-precisa-ampliar-fatia-no-mercado-do-pais-diz-presidente-global\/#article","isPartOf":{"@id":"https:\/\/dana.com.br\/canaldana\/2017\/11\/14\/volkswagen-precisa-ampliar-fatia-no-mercado-do-pais-diz-presidente-global\/"},"author":{"name":"Canal Dana","@id":"https:\/\/dana.com.br\/canaldana\/#\/schema\/person\/3c21f22f56fcf3bc46b94bc60ea4fef6"},"headline":"Volkswagen precisa ampliar fatia no mercado do Pa\u00eds, diz presidente global","datePublished":"2017-11-14T10:43:38+00:00","mainEntityOfPage":{"@id":"https:\/\/dana.com.br\/canaldana\/2017\/11\/14\/volkswagen-precisa-ampliar-fatia-no-mercado-do-pais-diz-presidente-global\/"},"wordCount":525,"articleSection":["Destaques"],"inLanguage":"pt-BR"},{"@type":"WebPage","@id":"https:\/\/dana.com.br\/canaldana\/2017\/11\/14\/volkswagen-precisa-ampliar-fatia-no-mercado-do-pais-diz-presidente-global\/","url":"https:\/\/dana.com.br\/canaldana\/2017\/11\/14\/volkswagen-precisa-ampliar-fatia-no-mercado-do-pais-diz-presidente-global\/","name":"Volkswagen precisa ampliar fatia no mercado do Pa\u00eds, diz presidente global - Canal Dana","isPartOf":{"@id":"https:\/\/dana.com.br\/canaldana\/#website"},"datePublished":"2017-11-14T10:43:38+00:00","author":{"@id":"https:\/\/dana.com.br\/canaldana\/#\/schema\/person\/3c21f22f56fcf3bc46b94bc60ea4fef6"},"breadcrumb":{"@id":"https:\/\/dana.com.br\/canaldana\/2017\/11\/14\/volkswagen-precisa-ampliar-fatia-no-mercado-do-pais-diz-presidente-global\/#breadcrumb"},"inLanguage":"pt-BR","potentialAction":[{"@type":"ReadAction","target":["https:\/\/dana.com.br\/canaldana\/2017\/11\/14\/volkswagen-precisa-ampliar-fatia-no-mercado-do-pais-diz-presidente-global\/"]}]},{"@type":"BreadcrumbList","@id":"https:\/\/dana.com.br\/canaldana\/2017\/11\/14\/volkswagen-precisa-ampliar-fatia-no-mercado-do-pais-diz-presidente-global\/#breadcrumb","itemListElement":[{"@type":"ListItem","position":1,"name":"Home","item":"https:\/\/dana.com.br\/canaldana\/"},{"@type":"ListItem","position":2,"name":"Destaques","item":"https:\/\/dana.com.br\/canaldana\/destaques\/"},{"@type":"ListItem","position":3,"name":"Volkswagen precisa ampliar fatia no mercado do Pa\u00eds, diz presidente global"}]},{"@type":"WebSite","@id":"https:\/\/dana.com.br\/canaldana\/#website","url":"https:\/\/dana.com.br\/canaldana\/","name":"Canal Dana","description":"Informativo com as principais not\u00edcias da ind\u00fastria automotiva","potentialAction":[{"@type":"SearchAction","target":{"@type":"EntryPoint","urlTemplate":"https:\/\/dana.com.br\/canaldana\/?s={search_term_string}"},"query-input":{"@type":"PropertyValueSpecification","valueRequired":true,"valueName":"search_term_string"}}],"inLanguage":"pt-BR"},{"@type":"Person","@id":"https:\/\/dana.com.br\/canaldana\/#\/schema\/person\/3c21f22f56fcf3bc46b94bc60ea4fef6","name":"Canal Dana","image":{"@type":"ImageObject","inLanguage":"pt-BR","@id":"https:\/\/secure.gravatar.com\/avatar\/420aaf9278582877d9018637c6817617705899d2858d7572ef0fe59a6b6454b4?s=96&d=mm&r=g","url":"https:\/\/secure.gravatar.com\/avatar\/420aaf9278582877d9018637c6817617705899d2858d7572ef0fe59a6b6454b4?s=96&d=mm&r=g","contentUrl":"https:\/\/secure.gravatar.com\/avatar\/420aaf9278582877d9018637c6817617705899d2858d7572ef0fe59a6b6454b4?s=96&d=mm&r=g","caption":"Canal Dana"},"url":"https:\/\/dana.com.br\/canaldana\/author\/cdeditor\/"}]}},"_links":{"self":[{"href":"https:\/\/dana.com.br\/canaldana\/wp-json\/wp\/v2\/posts\/21292","targetHints":{"allow":["GET"]}}],"collection":[{"href":"https:\/\/dana.com.br\/canaldana\/wp-json\/wp\/v2\/posts"}],"about":[{"href":"https:\/\/dana.com.br\/canaldana\/wp-json\/wp\/v2\/types\/post"}],"author":[{"embeddable":true,"href":"https:\/\/dana.com.br\/canaldana\/wp-json\/wp\/v2\/users\/3"}],"replies":[{"embeddable":true,"href":"https:\/\/dana.com.br\/canaldana\/wp-json\/wp\/v2\/comments?post=21292"}],"version-history":[{"count":0,"href":"https:\/\/dana.com.br\/canaldana\/wp-json\/wp\/v2\/posts\/21292\/revisions"}],"wp:attachment":[{"href":"https:\/\/dana.com.br\/canaldana\/wp-json\/wp\/v2\/media?parent=21292"}],"wp:term":[{"taxonomy":"category","embeddable":true,"href":"https:\/\/dana.com.br\/canaldana\/wp-json\/wp\/v2\/categories?post=21292"},{"taxonomy":"post_tag","embeddable":true,"href":"https:\/\/dana.com.br\/canaldana\/wp-json\/wp\/v2\/tags?post=21292"}],"curies":[{"name":"wp","href":"https:\/\/api.w.org\/{rel}","templated":true}]}}