{"id":2124,"date":"2015-08-27T08:14:59","date_gmt":"2015-08-27T11:14:59","guid":{"rendered":"http:\/\/dana.com.br\/canaldana\/?p=2124"},"modified":"2015-08-27T08:14:59","modified_gmt":"2015-08-27T11:14:59","slug":"vendas-de-etanol-no-mercado-brasileiro-crescem-mais-de-50-em-julho","status":"publish","type":"post","link":"https:\/\/dana.com.br\/canaldana\/2015\/08\/27\/vendas-de-etanol-no-mercado-brasileiro-crescem-mais-de-50-em-julho\/","title":{"rendered":"Vendas de etanol no mercado brasileiro crescem mais de 50% em julho"},"content":{"rendered":"<p><em>Reuters<\/em><\/p>\n<p>&nbsp;<\/p>\n<p>As vendas de etanol hidratado no mercado brasileiro dispararam 52,6% em julho &#8211; na compara\u00e7\u00e3o com o mesmo m\u00eas do ano passado &#8211; para um novo recorde mensal, com os pre\u00e7os do biocombust\u00edvel utilizado nos ve\u00edculos flex mais competitivos frente aos da gasolina, que tem registrado queda no consumo este ano.<\/p>\n<p>&nbsp;<\/p>\n<p>A comercializa\u00e7\u00e3o de etanol hidratado somou 1,55 bi de litros, o maior volume j\u00e1 registrado em toda a s\u00e9rie hist\u00f3rica que come\u00e7ou a ser divulgada em 2000, apontou nesta segunda-feira a Uni\u00e3o da Ind\u00fastria de Cana-de-a\u00e7\u00facar (Unica), citando dados do \u00f3rg\u00e3o regulador, a ANP.<\/p>\n<p>&nbsp;<\/p>\n<p>A melhor marca anterior datava de dezembro de 2009, com 1,51 bilh\u00e3o de litros, segundo nota da Unica.<\/p>\n<p>&nbsp;<\/p>\n<p>No acumulado do ano, as vendas de etanol hidratado cresceram mais de 40%, com o consumo do biocombust\u00edvel refletindo o pre\u00e7o competitivo do renov\u00e1vel frente ao seu concorrente f\u00f3ssil, a gasolina, disse o diretor t\u00e9cnico da Unica, Antonio de Padua Rodrigues, em comunicado.<\/p>\n<p>&nbsp;<\/p>\n<p>&#8220;Em diversos Estados, a paridade de pre\u00e7os entre o etanol hidratado e a gasolina segue em patamares inferiores \u00e0 rela\u00e7\u00e3o t\u00e9cnica de 70% do rendimento dos ve\u00edculos. Chamo a aten\u00e7\u00e3o para S\u00e3o Paulo, onde a paridade ficou na casa dos 62% e Mato Grosso com 60%&#8221;, afirmou Padua.<\/p>\n<p>&nbsp;<\/p>\n<p>O consumo de etanol em Minas Gerais, beneficiado tamb\u00e9m por uma mudan\u00e7a tribut\u00e1ria, saltou para 183 milh\u00f5es de litros, ante 59,7 milh\u00f5es no mesmo m\u00eas do ano passado. No acumulado do ano, a alta na demanda \u00e9 de 118,5% entre os mineiros.<\/p>\n<p>&nbsp;<\/p>\n<p><strong>Gasolina e Diesel em baixa<\/strong><\/p>\n<p>&nbsp;<\/p>\n<p>Se o consumo de etanol hidratado est\u00e1 em alta, o de gasolina C registrou baixa de 6,2% em julho, segundo dados da ANP divulgados na \u00faltima sexta-feira, 21. E no acumulado do ano o recuo \u00e9 de 5,2%, com a perda de mercado para o biocombust\u00edvel.<\/p>\n<p>&nbsp;<\/p>\n<p>J\u00e1 o consumo de diesel recuou 4,35% no m\u00eas passado &#8211; na compara\u00e7\u00e3o anual &#8211; e 2,8% de janeiro a julho, com a atividade econ\u00f4mica mais fraca reduzindo a demanda pelo combust\u00edvel mais usado no pa\u00eds. (Reuters)<\/p>\n","protected":false},"excerpt":{"rendered":"<p>Reuters &nbsp; As vendas de etanol hidratado no mercado brasileiro dispararam 52,6% em julho &#8211; na compara\u00e7\u00e3o com o mesmo m\u00eas do ano passado &#8211; para um novo recorde mensal, com os pre\u00e7os do biocombust\u00edvel utilizado nos ve\u00edculos flex mais competitivos frente aos da gasolina, que tem registrado queda no consumo este ano. &nbsp; A\u2026 <a class=\"readmore\" href=\"https:\/\/dana.com.br\/canaldana\/2015\/08\/27\/vendas-de-etanol-no-mercado-brasileiro-crescem-mais-de-50-em-julho\/\">Leia mais \u00bb<\/a><\/p>\n","protected":false},"author":3,"featured_media":0,"comment_status":"closed","ping_status":"closed","sticky":false,"template":"","format":"standard","meta":{"_acf_changed":false,"footnotes":""},"categories":[79],"tags":[],"class_list":["post-2124","post","type-post","status-publish","format-standard","hentry","category-mercado"],"acf":[],"yoast_head":"<!-- This site is optimized with the Yoast SEO plugin v27.3 - https:\/\/yoast.com\/product\/yoast-seo-wordpress\/ -->\n<title>Vendas de etanol no mercado brasileiro crescem mais de 50% em julho - Canal Dana<\/title>\n<meta name=\"robots\" content=\"index, follow, max-snippet:-1, max-image-preview:large, max-video-preview:-1\" \/>\n<link rel=\"canonical\" href=\"https:\/\/dana.com.br\/canaldana\/2015\/08\/27\/vendas-de-etanol-no-mercado-brasileiro-crescem-mais-de-50-em-julho\/\" \/>\n<meta property=\"og:locale\" content=\"pt_BR\" \/>\n<meta property=\"og:type\" content=\"article\" \/>\n<meta property=\"og:title\" content=\"Vendas de etanol no mercado brasileiro crescem mais de 50% em julho - Canal Dana\" \/>\n<meta property=\"og:description\" content=\"Reuters &nbsp; As vendas de etanol hidratado no mercado brasileiro dispararam 52,6% em julho &#8211; na compara\u00e7\u00e3o com o mesmo m\u00eas do ano passado &#8211; para um novo recorde mensal, com os pre\u00e7os do biocombust\u00edvel utilizado nos ve\u00edculos flex mais competitivos frente aos da gasolina, que tem registrado queda no consumo este ano. &nbsp; A\u2026 Leia mais \u00bb\" \/>\n<meta property=\"og:url\" content=\"https:\/\/dana.com.br\/canaldana\/2015\/08\/27\/vendas-de-etanol-no-mercado-brasileiro-crescem-mais-de-50-em-julho\/\" \/>\n<meta property=\"og:site_name\" content=\"Canal Dana\" \/>\n<meta property=\"article:published_time\" content=\"2015-08-27T11:14:59+00:00\" \/>\n<meta name=\"author\" content=\"Canal Dana\" \/>\n<meta name=\"twitter:card\" content=\"summary_large_image\" \/>\n<meta name=\"twitter:label1\" content=\"Escrito por\" \/>\n\t<meta name=\"twitter:data1\" content=\"Canal Dana\" \/>\n\t<meta name=\"twitter:label2\" content=\"Est. tempo de leitura\" \/>\n\t<meta name=\"twitter:data2\" content=\"2 minutos\" \/>\n<script type=\"application\/ld+json\" class=\"yoast-schema-graph\">{\"@context\":\"https:\\\/\\\/schema.org\",\"@graph\":[{\"@type\":\"Article\",\"@id\":\"https:\\\/\\\/dana.com.br\\\/canaldana\\\/2015\\\/08\\\/27\\\/vendas-de-etanol-no-mercado-brasileiro-crescem-mais-de-50-em-julho\\\/#article\",\"isPartOf\":{\"@id\":\"https:\\\/\\\/dana.com.br\\\/canaldana\\\/2015\\\/08\\\/27\\\/vendas-de-etanol-no-mercado-brasileiro-crescem-mais-de-50-em-julho\\\/\"},\"author\":{\"name\":\"Canal Dana\",\"@id\":\"https:\\\/\\\/dana.com.br\\\/canaldana\\\/#\\\/schema\\\/person\\\/3c21f22f56fcf3bc46b94bc60ea4fef6\"},\"headline\":\"Vendas de etanol no mercado brasileiro crescem mais de 50% em julho\",\"datePublished\":\"2015-08-27T11:14:59+00:00\",\"mainEntityOfPage\":{\"@id\":\"https:\\\/\\\/dana.com.br\\\/canaldana\\\/2015\\\/08\\\/27\\\/vendas-de-etanol-no-mercado-brasileiro-crescem-mais-de-50-em-julho\\\/\"},\"wordCount\":372,\"articleSection\":[\"Mercado\"],\"inLanguage\":\"pt-BR\"},{\"@type\":\"WebPage\",\"@id\":\"https:\\\/\\\/dana.com.br\\\/canaldana\\\/2015\\\/08\\\/27\\\/vendas-de-etanol-no-mercado-brasileiro-crescem-mais-de-50-em-julho\\\/\",\"url\":\"https:\\\/\\\/dana.com.br\\\/canaldana\\\/2015\\\/08\\\/27\\\/vendas-de-etanol-no-mercado-brasileiro-crescem-mais-de-50-em-julho\\\/\",\"name\":\"Vendas de etanol no mercado brasileiro crescem mais de 50% em julho - Canal Dana\",\"isPartOf\":{\"@id\":\"https:\\\/\\\/dana.com.br\\\/canaldana\\\/#website\"},\"datePublished\":\"2015-08-27T11:14:59+00:00\",\"author\":{\"@id\":\"https:\\\/\\\/dana.com.br\\\/canaldana\\\/#\\\/schema\\\/person\\\/3c21f22f56fcf3bc46b94bc60ea4fef6\"},\"breadcrumb\":{\"@id\":\"https:\\\/\\\/dana.com.br\\\/canaldana\\\/2015\\\/08\\\/27\\\/vendas-de-etanol-no-mercado-brasileiro-crescem-mais-de-50-em-julho\\\/#breadcrumb\"},\"inLanguage\":\"pt-BR\",\"potentialAction\":[{\"@type\":\"ReadAction\",\"target\":[\"https:\\\/\\\/dana.com.br\\\/canaldana\\\/2015\\\/08\\\/27\\\/vendas-de-etanol-no-mercado-brasileiro-crescem-mais-de-50-em-julho\\\/\"]}]},{\"@type\":\"BreadcrumbList\",\"@id\":\"https:\\\/\\\/dana.com.br\\\/canaldana\\\/2015\\\/08\\\/27\\\/vendas-de-etanol-no-mercado-brasileiro-crescem-mais-de-50-em-julho\\\/#breadcrumb\",\"itemListElement\":[{\"@type\":\"ListItem\",\"position\":1,\"name\":\"Home\",\"item\":\"https:\\\/\\\/dana.com.br\\\/canaldana\\\/\"},{\"@type\":\"ListItem\",\"position\":2,\"name\":\"Mercado\",\"item\":\"https:\\\/\\\/dana.com.br\\\/canaldana\\\/mercado\\\/\"},{\"@type\":\"ListItem\",\"position\":3,\"name\":\"Vendas de etanol no mercado brasileiro crescem mais de 50% em julho\"}]},{\"@type\":\"WebSite\",\"@id\":\"https:\\\/\\\/dana.com.br\\\/canaldana\\\/#website\",\"url\":\"https:\\\/\\\/dana.com.br\\\/canaldana\\\/\",\"name\":\"Canal Dana\",\"description\":\"Informativo com as principais not\u00edcias da ind\u00fastria automotiva\",\"potentialAction\":[{\"@type\":\"SearchAction\",\"target\":{\"@type\":\"EntryPoint\",\"urlTemplate\":\"https:\\\/\\\/dana.com.br\\\/canaldana\\\/?s={search_term_string}\"},\"query-input\":{\"@type\":\"PropertyValueSpecification\",\"valueRequired\":true,\"valueName\":\"search_term_string\"}}],\"inLanguage\":\"pt-BR\"},{\"@type\":\"Person\",\"@id\":\"https:\\\/\\\/dana.com.br\\\/canaldana\\\/#\\\/schema\\\/person\\\/3c21f22f56fcf3bc46b94bc60ea4fef6\",\"name\":\"Canal Dana\",\"image\":{\"@type\":\"ImageObject\",\"inLanguage\":\"pt-BR\",\"@id\":\"https:\\\/\\\/secure.gravatar.com\\\/avatar\\\/420aaf9278582877d9018637c6817617705899d2858d7572ef0fe59a6b6454b4?s=96&d=mm&r=g\",\"url\":\"https:\\\/\\\/secure.gravatar.com\\\/avatar\\\/420aaf9278582877d9018637c6817617705899d2858d7572ef0fe59a6b6454b4?s=96&d=mm&r=g\",\"contentUrl\":\"https:\\\/\\\/secure.gravatar.com\\\/avatar\\\/420aaf9278582877d9018637c6817617705899d2858d7572ef0fe59a6b6454b4?s=96&d=mm&r=g\",\"caption\":\"Canal Dana\"},\"url\":\"https:\\\/\\\/dana.com.br\\\/canaldana\\\/author\\\/cdeditor\\\/\"}]}<\/script>\n<!-- \/ Yoast SEO plugin. -->","yoast_head_json":{"title":"Vendas de etanol no mercado brasileiro crescem mais de 50% em julho - Canal Dana","robots":{"index":"index","follow":"follow","max-snippet":"max-snippet:-1","max-image-preview":"max-image-preview:large","max-video-preview":"max-video-preview:-1"},"canonical":"https:\/\/dana.com.br\/canaldana\/2015\/08\/27\/vendas-de-etanol-no-mercado-brasileiro-crescem-mais-de-50-em-julho\/","og_locale":"pt_BR","og_type":"article","og_title":"Vendas de etanol no mercado brasileiro crescem mais de 50% em julho - Canal Dana","og_description":"Reuters &nbsp; As vendas de etanol hidratado no mercado brasileiro dispararam 52,6% em julho &#8211; na compara\u00e7\u00e3o com o mesmo m\u00eas do ano passado &#8211; para um novo recorde mensal, com os pre\u00e7os do biocombust\u00edvel utilizado nos ve\u00edculos flex mais competitivos frente aos da gasolina, que tem registrado queda no consumo este ano. &nbsp; A\u2026 Leia mais \u00bb","og_url":"https:\/\/dana.com.br\/canaldana\/2015\/08\/27\/vendas-de-etanol-no-mercado-brasileiro-crescem-mais-de-50-em-julho\/","og_site_name":"Canal Dana","article_published_time":"2015-08-27T11:14:59+00:00","author":"Canal Dana","twitter_card":"summary_large_image","twitter_misc":{"Escrito por":"Canal Dana","Est. tempo de leitura":"2 minutos"},"schema":{"@context":"https:\/\/schema.org","@graph":[{"@type":"Article","@id":"https:\/\/dana.com.br\/canaldana\/2015\/08\/27\/vendas-de-etanol-no-mercado-brasileiro-crescem-mais-de-50-em-julho\/#article","isPartOf":{"@id":"https:\/\/dana.com.br\/canaldana\/2015\/08\/27\/vendas-de-etanol-no-mercado-brasileiro-crescem-mais-de-50-em-julho\/"},"author":{"name":"Canal Dana","@id":"https:\/\/dana.com.br\/canaldana\/#\/schema\/person\/3c21f22f56fcf3bc46b94bc60ea4fef6"},"headline":"Vendas de etanol no mercado brasileiro crescem mais de 50% em julho","datePublished":"2015-08-27T11:14:59+00:00","mainEntityOfPage":{"@id":"https:\/\/dana.com.br\/canaldana\/2015\/08\/27\/vendas-de-etanol-no-mercado-brasileiro-crescem-mais-de-50-em-julho\/"},"wordCount":372,"articleSection":["Mercado"],"inLanguage":"pt-BR"},{"@type":"WebPage","@id":"https:\/\/dana.com.br\/canaldana\/2015\/08\/27\/vendas-de-etanol-no-mercado-brasileiro-crescem-mais-de-50-em-julho\/","url":"https:\/\/dana.com.br\/canaldana\/2015\/08\/27\/vendas-de-etanol-no-mercado-brasileiro-crescem-mais-de-50-em-julho\/","name":"Vendas de etanol no mercado brasileiro crescem mais de 50% em julho - Canal Dana","isPartOf":{"@id":"https:\/\/dana.com.br\/canaldana\/#website"},"datePublished":"2015-08-27T11:14:59+00:00","author":{"@id":"https:\/\/dana.com.br\/canaldana\/#\/schema\/person\/3c21f22f56fcf3bc46b94bc60ea4fef6"},"breadcrumb":{"@id":"https:\/\/dana.com.br\/canaldana\/2015\/08\/27\/vendas-de-etanol-no-mercado-brasileiro-crescem-mais-de-50-em-julho\/#breadcrumb"},"inLanguage":"pt-BR","potentialAction":[{"@type":"ReadAction","target":["https:\/\/dana.com.br\/canaldana\/2015\/08\/27\/vendas-de-etanol-no-mercado-brasileiro-crescem-mais-de-50-em-julho\/"]}]},{"@type":"BreadcrumbList","@id":"https:\/\/dana.com.br\/canaldana\/2015\/08\/27\/vendas-de-etanol-no-mercado-brasileiro-crescem-mais-de-50-em-julho\/#breadcrumb","itemListElement":[{"@type":"ListItem","position":1,"name":"Home","item":"https:\/\/dana.com.br\/canaldana\/"},{"@type":"ListItem","position":2,"name":"Mercado","item":"https:\/\/dana.com.br\/canaldana\/mercado\/"},{"@type":"ListItem","position":3,"name":"Vendas de etanol no mercado brasileiro crescem mais de 50% em julho"}]},{"@type":"WebSite","@id":"https:\/\/dana.com.br\/canaldana\/#website","url":"https:\/\/dana.com.br\/canaldana\/","name":"Canal Dana","description":"Informativo com as principais not\u00edcias da ind\u00fastria automotiva","potentialAction":[{"@type":"SearchAction","target":{"@type":"EntryPoint","urlTemplate":"https:\/\/dana.com.br\/canaldana\/?s={search_term_string}"},"query-input":{"@type":"PropertyValueSpecification","valueRequired":true,"valueName":"search_term_string"}}],"inLanguage":"pt-BR"},{"@type":"Person","@id":"https:\/\/dana.com.br\/canaldana\/#\/schema\/person\/3c21f22f56fcf3bc46b94bc60ea4fef6","name":"Canal Dana","image":{"@type":"ImageObject","inLanguage":"pt-BR","@id":"https:\/\/secure.gravatar.com\/avatar\/420aaf9278582877d9018637c6817617705899d2858d7572ef0fe59a6b6454b4?s=96&d=mm&r=g","url":"https:\/\/secure.gravatar.com\/avatar\/420aaf9278582877d9018637c6817617705899d2858d7572ef0fe59a6b6454b4?s=96&d=mm&r=g","contentUrl":"https:\/\/secure.gravatar.com\/avatar\/420aaf9278582877d9018637c6817617705899d2858d7572ef0fe59a6b6454b4?s=96&d=mm&r=g","caption":"Canal Dana"},"url":"https:\/\/dana.com.br\/canaldana\/author\/cdeditor\/"}]}},"_links":{"self":[{"href":"https:\/\/dana.com.br\/canaldana\/wp-json\/wp\/v2\/posts\/2124","targetHints":{"allow":["GET"]}}],"collection":[{"href":"https:\/\/dana.com.br\/canaldana\/wp-json\/wp\/v2\/posts"}],"about":[{"href":"https:\/\/dana.com.br\/canaldana\/wp-json\/wp\/v2\/types\/post"}],"author":[{"embeddable":true,"href":"https:\/\/dana.com.br\/canaldana\/wp-json\/wp\/v2\/users\/3"}],"replies":[{"embeddable":true,"href":"https:\/\/dana.com.br\/canaldana\/wp-json\/wp\/v2\/comments?post=2124"}],"version-history":[{"count":0,"href":"https:\/\/dana.com.br\/canaldana\/wp-json\/wp\/v2\/posts\/2124\/revisions"}],"wp:attachment":[{"href":"https:\/\/dana.com.br\/canaldana\/wp-json\/wp\/v2\/media?parent=2124"}],"wp:term":[{"taxonomy":"category","embeddable":true,"href":"https:\/\/dana.com.br\/canaldana\/wp-json\/wp\/v2\/categories?post=2124"},{"taxonomy":"post_tag","embeddable":true,"href":"https:\/\/dana.com.br\/canaldana\/wp-json\/wp\/v2\/tags?post=2124"}],"curies":[{"name":"wp","href":"https:\/\/api.w.org\/{rel}","templated":true}]}}