{"id":2120,"date":"2015-08-27T08:13:59","date_gmt":"2015-08-27T11:13:59","guid":{"rendered":"http:\/\/dana.com.br\/canaldana\/?p=2120"},"modified":"2015-08-27T08:13:59","modified_gmt":"2015-08-27T11:13:59","slug":"consorcio-honda-cresce-75-nas-vendas-de-cotas-para-automoveis","status":"publish","type":"post","link":"https:\/\/dana.com.br\/canaldana\/2015\/08\/27\/consorcio-honda-cresce-75-nas-vendas-de-cotas-para-automoveis\/","title":{"rendered":"Cons\u00f3rcio Honda cresce 75% nas vendas de cotas para autom\u00f3veis"},"content":{"rendered":"<p><em>Mec\u00e2nica Online<\/em><\/p>\n<p>&nbsp;<\/p>\n<p>O Cons\u00f3rcio Nacional Honda (CNH) fechou os sete primeiros meses de 2015 com aumento de 75% nas vendas de cotas para autom\u00f3veis em rela\u00e7\u00e3o ao mesmo per\u00edodo do ano passado. O resultado est\u00e1 muito acima da m\u00e9dia do mercado de ve\u00edculos leves, que cresceu 65% nos \u00faltimos cinco anos, de acordo com o levantamento da Associa\u00e7\u00e3o Brasileira de Administradoras de Cons\u00f3rcios (ABAC).<\/p>\n<p>&nbsp;<\/p>\n<p>Entre os motivos que impulsionaram esse crescimento est\u00e1 a boa aceita\u00e7\u00e3o do line-up renovado da marca. O HR-V, novo modelo nacional da empresa, tamb\u00e9m \u00e9 um dos respons\u00e1veis pela alta demanda. J\u00e1 nos quatro primeiros meses de comercializa\u00e7\u00e3o, o modelo registrou 21% de participa\u00e7\u00e3o nas vendas do CNH. O Fit continua sendo o campe\u00e3o, correspondendo a 39% do total comercializado no per\u00edodo.<\/p>\n<p>&nbsp;<\/p>\n<p>\u201cAl\u00e9m da recente renova\u00e7\u00e3o de todos os modelos do nosso line-up, o cen\u00e1rio econ\u00f4mico atual tamb\u00e9m estimula as vendas de cotas de cons\u00f3rcio. A modalidade aparece como uma alternativa segura em meio \u00e0 crise que freia o consumo em geral\u201d, afirma o gerente geral comercial da Honda Servi\u00e7os Financeiros, Alberto Pescumo Filho. \u201cO cons\u00f3rcio oferece a vantagem de comprometer o cliente apenas com parcelas mensais que cabem no seu or\u00e7amento, al\u00e9m da aus\u00eancia de juros e prazos longos para pagamento\u201d, completa. (Mec\u00e2nica Online)<\/p>\n","protected":false},"excerpt":{"rendered":"<p>Mec\u00e2nica Online &nbsp; O Cons\u00f3rcio Nacional Honda (CNH) fechou os sete primeiros meses de 2015 com aumento de 75% nas vendas de cotas para autom\u00f3veis em rela\u00e7\u00e3o ao mesmo per\u00edodo do ano passado. O resultado est\u00e1 muito acima da m\u00e9dia do mercado de ve\u00edculos leves, que cresceu 65% nos \u00faltimos cinco anos, de acordo com\u2026 <a class=\"readmore\" href=\"https:\/\/dana.com.br\/canaldana\/2015\/08\/27\/consorcio-honda-cresce-75-nas-vendas-de-cotas-para-automoveis\/\">Leia mais \u00bb<\/a><\/p>\n","protected":false},"author":3,"featured_media":0,"comment_status":"closed","ping_status":"closed","sticky":false,"template":"","format":"standard","meta":{"_acf_changed":false,"footnotes":""},"categories":[79],"tags":[],"class_list":["post-2120","post","type-post","status-publish","format-standard","hentry","category-mercado"],"acf":[],"yoast_head":"<!-- This site is optimized with the Yoast SEO plugin v27.3 - https:\/\/yoast.com\/product\/yoast-seo-wordpress\/ -->\n<title>Cons\u00f3rcio Honda cresce 75% nas vendas de cotas para autom\u00f3veis - Canal Dana<\/title>\n<meta name=\"robots\" content=\"index, follow, max-snippet:-1, max-image-preview:large, max-video-preview:-1\" \/>\n<link rel=\"canonical\" href=\"https:\/\/dana.com.br\/canaldana\/2015\/08\/27\/consorcio-honda-cresce-75-nas-vendas-de-cotas-para-automoveis\/\" \/>\n<meta property=\"og:locale\" content=\"pt_BR\" \/>\n<meta property=\"og:type\" content=\"article\" \/>\n<meta property=\"og:title\" content=\"Cons\u00f3rcio Honda cresce 75% nas vendas de cotas para autom\u00f3veis - Canal Dana\" \/>\n<meta property=\"og:description\" content=\"Mec\u00e2nica Online &nbsp; O Cons\u00f3rcio Nacional Honda (CNH) fechou os sete primeiros meses de 2015 com aumento de 75% nas vendas de cotas para autom\u00f3veis em rela\u00e7\u00e3o ao mesmo per\u00edodo do ano passado. O resultado est\u00e1 muito acima da m\u00e9dia do mercado de ve\u00edculos leves, que cresceu 65% nos \u00faltimos cinco anos, de acordo com\u2026 Leia mais \u00bb\" \/>\n<meta property=\"og:url\" content=\"https:\/\/dana.com.br\/canaldana\/2015\/08\/27\/consorcio-honda-cresce-75-nas-vendas-de-cotas-para-automoveis\/\" \/>\n<meta property=\"og:site_name\" content=\"Canal Dana\" \/>\n<meta property=\"article:published_time\" content=\"2015-08-27T11:13:59+00:00\" \/>\n<meta name=\"author\" content=\"Canal Dana\" \/>\n<meta name=\"twitter:card\" content=\"summary_large_image\" \/>\n<meta name=\"twitter:label1\" content=\"Escrito por\" \/>\n\t<meta name=\"twitter:data1\" content=\"Canal Dana\" \/>\n\t<meta name=\"twitter:label2\" content=\"Est. tempo de leitura\" \/>\n\t<meta name=\"twitter:data2\" content=\"1 minuto\" \/>\n<script type=\"application\/ld+json\" class=\"yoast-schema-graph\">{\"@context\":\"https:\\\/\\\/schema.org\",\"@graph\":[{\"@type\":\"Article\",\"@id\":\"https:\\\/\\\/dana.com.br\\\/canaldana\\\/2015\\\/08\\\/27\\\/consorcio-honda-cresce-75-nas-vendas-de-cotas-para-automoveis\\\/#article\",\"isPartOf\":{\"@id\":\"https:\\\/\\\/dana.com.br\\\/canaldana\\\/2015\\\/08\\\/27\\\/consorcio-honda-cresce-75-nas-vendas-de-cotas-para-automoveis\\\/\"},\"author\":{\"name\":\"Canal Dana\",\"@id\":\"https:\\\/\\\/dana.com.br\\\/canaldana\\\/#\\\/schema\\\/person\\\/3c21f22f56fcf3bc46b94bc60ea4fef6\"},\"headline\":\"Cons\u00f3rcio Honda cresce 75% nas vendas de cotas para autom\u00f3veis\",\"datePublished\":\"2015-08-27T11:13:59+00:00\",\"mainEntityOfPage\":{\"@id\":\"https:\\\/\\\/dana.com.br\\\/canaldana\\\/2015\\\/08\\\/27\\\/consorcio-honda-cresce-75-nas-vendas-de-cotas-para-automoveis\\\/\"},\"wordCount\":244,\"articleSection\":[\"Mercado\"],\"inLanguage\":\"pt-BR\"},{\"@type\":\"WebPage\",\"@id\":\"https:\\\/\\\/dana.com.br\\\/canaldana\\\/2015\\\/08\\\/27\\\/consorcio-honda-cresce-75-nas-vendas-de-cotas-para-automoveis\\\/\",\"url\":\"https:\\\/\\\/dana.com.br\\\/canaldana\\\/2015\\\/08\\\/27\\\/consorcio-honda-cresce-75-nas-vendas-de-cotas-para-automoveis\\\/\",\"name\":\"Cons\u00f3rcio Honda cresce 75% nas vendas de cotas para autom\u00f3veis - Canal Dana\",\"isPartOf\":{\"@id\":\"https:\\\/\\\/dana.com.br\\\/canaldana\\\/#website\"},\"datePublished\":\"2015-08-27T11:13:59+00:00\",\"author\":{\"@id\":\"https:\\\/\\\/dana.com.br\\\/canaldana\\\/#\\\/schema\\\/person\\\/3c21f22f56fcf3bc46b94bc60ea4fef6\"},\"breadcrumb\":{\"@id\":\"https:\\\/\\\/dana.com.br\\\/canaldana\\\/2015\\\/08\\\/27\\\/consorcio-honda-cresce-75-nas-vendas-de-cotas-para-automoveis\\\/#breadcrumb\"},\"inLanguage\":\"pt-BR\",\"potentialAction\":[{\"@type\":\"ReadAction\",\"target\":[\"https:\\\/\\\/dana.com.br\\\/canaldana\\\/2015\\\/08\\\/27\\\/consorcio-honda-cresce-75-nas-vendas-de-cotas-para-automoveis\\\/\"]}]},{\"@type\":\"BreadcrumbList\",\"@id\":\"https:\\\/\\\/dana.com.br\\\/canaldana\\\/2015\\\/08\\\/27\\\/consorcio-honda-cresce-75-nas-vendas-de-cotas-para-automoveis\\\/#breadcrumb\",\"itemListElement\":[{\"@type\":\"ListItem\",\"position\":1,\"name\":\"Home\",\"item\":\"https:\\\/\\\/dana.com.br\\\/canaldana\\\/\"},{\"@type\":\"ListItem\",\"position\":2,\"name\":\"Mercado\",\"item\":\"https:\\\/\\\/dana.com.br\\\/canaldana\\\/mercado\\\/\"},{\"@type\":\"ListItem\",\"position\":3,\"name\":\"Cons\u00f3rcio Honda cresce 75% nas vendas de cotas para autom\u00f3veis\"}]},{\"@type\":\"WebSite\",\"@id\":\"https:\\\/\\\/dana.com.br\\\/canaldana\\\/#website\",\"url\":\"https:\\\/\\\/dana.com.br\\\/canaldana\\\/\",\"name\":\"Canal Dana\",\"description\":\"Informativo com as principais not\u00edcias da ind\u00fastria automotiva\",\"potentialAction\":[{\"@type\":\"SearchAction\",\"target\":{\"@type\":\"EntryPoint\",\"urlTemplate\":\"https:\\\/\\\/dana.com.br\\\/canaldana\\\/?s={search_term_string}\"},\"query-input\":{\"@type\":\"PropertyValueSpecification\",\"valueRequired\":true,\"valueName\":\"search_term_string\"}}],\"inLanguage\":\"pt-BR\"},{\"@type\":\"Person\",\"@id\":\"https:\\\/\\\/dana.com.br\\\/canaldana\\\/#\\\/schema\\\/person\\\/3c21f22f56fcf3bc46b94bc60ea4fef6\",\"name\":\"Canal Dana\",\"image\":{\"@type\":\"ImageObject\",\"inLanguage\":\"pt-BR\",\"@id\":\"https:\\\/\\\/secure.gravatar.com\\\/avatar\\\/420aaf9278582877d9018637c6817617705899d2858d7572ef0fe59a6b6454b4?s=96&d=mm&r=g\",\"url\":\"https:\\\/\\\/secure.gravatar.com\\\/avatar\\\/420aaf9278582877d9018637c6817617705899d2858d7572ef0fe59a6b6454b4?s=96&d=mm&r=g\",\"contentUrl\":\"https:\\\/\\\/secure.gravatar.com\\\/avatar\\\/420aaf9278582877d9018637c6817617705899d2858d7572ef0fe59a6b6454b4?s=96&d=mm&r=g\",\"caption\":\"Canal Dana\"},\"url\":\"https:\\\/\\\/dana.com.br\\\/canaldana\\\/author\\\/cdeditor\\\/\"}]}<\/script>\n<!-- \/ Yoast SEO plugin. -->","yoast_head_json":{"title":"Cons\u00f3rcio Honda cresce 75% nas vendas de cotas para autom\u00f3veis - Canal Dana","robots":{"index":"index","follow":"follow","max-snippet":"max-snippet:-1","max-image-preview":"max-image-preview:large","max-video-preview":"max-video-preview:-1"},"canonical":"https:\/\/dana.com.br\/canaldana\/2015\/08\/27\/consorcio-honda-cresce-75-nas-vendas-de-cotas-para-automoveis\/","og_locale":"pt_BR","og_type":"article","og_title":"Cons\u00f3rcio Honda cresce 75% nas vendas de cotas para autom\u00f3veis - Canal Dana","og_description":"Mec\u00e2nica Online &nbsp; O Cons\u00f3rcio Nacional Honda (CNH) fechou os sete primeiros meses de 2015 com aumento de 75% nas vendas de cotas para autom\u00f3veis em rela\u00e7\u00e3o ao mesmo per\u00edodo do ano passado. O resultado est\u00e1 muito acima da m\u00e9dia do mercado de ve\u00edculos leves, que cresceu 65% nos \u00faltimos cinco anos, de acordo com\u2026 Leia mais \u00bb","og_url":"https:\/\/dana.com.br\/canaldana\/2015\/08\/27\/consorcio-honda-cresce-75-nas-vendas-de-cotas-para-automoveis\/","og_site_name":"Canal Dana","article_published_time":"2015-08-27T11:13:59+00:00","author":"Canal Dana","twitter_card":"summary_large_image","twitter_misc":{"Escrito por":"Canal Dana","Est. tempo de leitura":"1 minuto"},"schema":{"@context":"https:\/\/schema.org","@graph":[{"@type":"Article","@id":"https:\/\/dana.com.br\/canaldana\/2015\/08\/27\/consorcio-honda-cresce-75-nas-vendas-de-cotas-para-automoveis\/#article","isPartOf":{"@id":"https:\/\/dana.com.br\/canaldana\/2015\/08\/27\/consorcio-honda-cresce-75-nas-vendas-de-cotas-para-automoveis\/"},"author":{"name":"Canal Dana","@id":"https:\/\/dana.com.br\/canaldana\/#\/schema\/person\/3c21f22f56fcf3bc46b94bc60ea4fef6"},"headline":"Cons\u00f3rcio Honda cresce 75% nas vendas de cotas para autom\u00f3veis","datePublished":"2015-08-27T11:13:59+00:00","mainEntityOfPage":{"@id":"https:\/\/dana.com.br\/canaldana\/2015\/08\/27\/consorcio-honda-cresce-75-nas-vendas-de-cotas-para-automoveis\/"},"wordCount":244,"articleSection":["Mercado"],"inLanguage":"pt-BR"},{"@type":"WebPage","@id":"https:\/\/dana.com.br\/canaldana\/2015\/08\/27\/consorcio-honda-cresce-75-nas-vendas-de-cotas-para-automoveis\/","url":"https:\/\/dana.com.br\/canaldana\/2015\/08\/27\/consorcio-honda-cresce-75-nas-vendas-de-cotas-para-automoveis\/","name":"Cons\u00f3rcio Honda cresce 75% nas vendas de cotas para autom\u00f3veis - Canal Dana","isPartOf":{"@id":"https:\/\/dana.com.br\/canaldana\/#website"},"datePublished":"2015-08-27T11:13:59+00:00","author":{"@id":"https:\/\/dana.com.br\/canaldana\/#\/schema\/person\/3c21f22f56fcf3bc46b94bc60ea4fef6"},"breadcrumb":{"@id":"https:\/\/dana.com.br\/canaldana\/2015\/08\/27\/consorcio-honda-cresce-75-nas-vendas-de-cotas-para-automoveis\/#breadcrumb"},"inLanguage":"pt-BR","potentialAction":[{"@type":"ReadAction","target":["https:\/\/dana.com.br\/canaldana\/2015\/08\/27\/consorcio-honda-cresce-75-nas-vendas-de-cotas-para-automoveis\/"]}]},{"@type":"BreadcrumbList","@id":"https:\/\/dana.com.br\/canaldana\/2015\/08\/27\/consorcio-honda-cresce-75-nas-vendas-de-cotas-para-automoveis\/#breadcrumb","itemListElement":[{"@type":"ListItem","position":1,"name":"Home","item":"https:\/\/dana.com.br\/canaldana\/"},{"@type":"ListItem","position":2,"name":"Mercado","item":"https:\/\/dana.com.br\/canaldana\/mercado\/"},{"@type":"ListItem","position":3,"name":"Cons\u00f3rcio Honda cresce 75% nas vendas de cotas para autom\u00f3veis"}]},{"@type":"WebSite","@id":"https:\/\/dana.com.br\/canaldana\/#website","url":"https:\/\/dana.com.br\/canaldana\/","name":"Canal Dana","description":"Informativo com as principais not\u00edcias da ind\u00fastria automotiva","potentialAction":[{"@type":"SearchAction","target":{"@type":"EntryPoint","urlTemplate":"https:\/\/dana.com.br\/canaldana\/?s={search_term_string}"},"query-input":{"@type":"PropertyValueSpecification","valueRequired":true,"valueName":"search_term_string"}}],"inLanguage":"pt-BR"},{"@type":"Person","@id":"https:\/\/dana.com.br\/canaldana\/#\/schema\/person\/3c21f22f56fcf3bc46b94bc60ea4fef6","name":"Canal Dana","image":{"@type":"ImageObject","inLanguage":"pt-BR","@id":"https:\/\/secure.gravatar.com\/avatar\/420aaf9278582877d9018637c6817617705899d2858d7572ef0fe59a6b6454b4?s=96&d=mm&r=g","url":"https:\/\/secure.gravatar.com\/avatar\/420aaf9278582877d9018637c6817617705899d2858d7572ef0fe59a6b6454b4?s=96&d=mm&r=g","contentUrl":"https:\/\/secure.gravatar.com\/avatar\/420aaf9278582877d9018637c6817617705899d2858d7572ef0fe59a6b6454b4?s=96&d=mm&r=g","caption":"Canal Dana"},"url":"https:\/\/dana.com.br\/canaldana\/author\/cdeditor\/"}]}},"_links":{"self":[{"href":"https:\/\/dana.com.br\/canaldana\/wp-json\/wp\/v2\/posts\/2120","targetHints":{"allow":["GET"]}}],"collection":[{"href":"https:\/\/dana.com.br\/canaldana\/wp-json\/wp\/v2\/posts"}],"about":[{"href":"https:\/\/dana.com.br\/canaldana\/wp-json\/wp\/v2\/types\/post"}],"author":[{"embeddable":true,"href":"https:\/\/dana.com.br\/canaldana\/wp-json\/wp\/v2\/users\/3"}],"replies":[{"embeddable":true,"href":"https:\/\/dana.com.br\/canaldana\/wp-json\/wp\/v2\/comments?post=2120"}],"version-history":[{"count":0,"href":"https:\/\/dana.com.br\/canaldana\/wp-json\/wp\/v2\/posts\/2120\/revisions"}],"wp:attachment":[{"href":"https:\/\/dana.com.br\/canaldana\/wp-json\/wp\/v2\/media?parent=2120"}],"wp:term":[{"taxonomy":"category","embeddable":true,"href":"https:\/\/dana.com.br\/canaldana\/wp-json\/wp\/v2\/categories?post=2120"},{"taxonomy":"post_tag","embeddable":true,"href":"https:\/\/dana.com.br\/canaldana\/wp-json\/wp\/v2\/tags?post=2120"}],"curies":[{"name":"wp","href":"https:\/\/api.w.org\/{rel}","templated":true}]}}