{"id":20971,"date":"2017-10-30T08:34:46","date_gmt":"2017-10-30T10:34:46","guid":{"rendered":"http:\/\/dana.com.br\/canaldana\/?p=20971"},"modified":"2017-10-30T08:34:46","modified_gmt":"2017-10-30T10:34:46","slug":"para-volkswagen-situacao-politica-tensa-ainda-afeta-negocios-no-brasil","status":"publish","type":"post","link":"https:\/\/dana.com.br\/canaldana\/2017\/10\/30\/para-volkswagen-situacao-politica-tensa-ainda-afeta-negocios-no-brasil\/","title":{"rendered":"Para Volkswagen, situa\u00e7\u00e3o pol\u00edtica tensa ainda afeta neg\u00f3cios no Brasil"},"content":{"rendered":"<p><em>O Estado de S. Paulo<\/em><\/p>\n<p>&nbsp;<\/p>\n<p>A montadora alem\u00e3 Volkswagen indicou nesta sexta-feira, 27, que est\u00e1 mais otimista em rela\u00e7\u00e3o \u00e0 atua\u00e7\u00e3o de sua filial brasileira devido \u00e0s melhoras que come\u00e7am a surgir na economia, mas pontuou que as incertezas em rela\u00e7\u00e3o \u00e0 pol\u00edtica ainda afetam negativamente seus neg\u00f3cios no Pa\u00eds.<\/p>\n<p>&nbsp;<\/p>\n<p>&#8220;O Brasil deixou o movimento de baixa econ\u00f4mica, mas a situa\u00e7\u00e3o na maior economia da Am\u00e9rica do Sul permaneceu tensa&#8221;, avaliou a companhia dentro do balan\u00e7o financeiro referente ao terceiro trimestre do ano.<\/p>\n<p>&nbsp;<\/p>\n<p>De acordo com a montadora, pela primeira vez ap\u00f3s quatro anos de decl\u00ednio nos novos licenciamentos de ve\u00edculos, houve um &#8220;crescimento not\u00e1vel&#8221; na atua\u00e7\u00e3o do Brasil de julho a setembro.<\/p>\n<p>&nbsp;<\/p>\n<p>&#8220;A produ\u00e7\u00e3o automotiva brasileira se beneficiou, em particular, de uma expans\u00e3o das exporta\u00e7\u00f5es para a Argentina, onde a demanda por autom\u00f3veis de passageiros e ve\u00edculos comerciais leves aumentou acentuadamente em rela\u00e7\u00e3o ao ano anterior&#8221;, considerou a companhia, que acrescenta que esse movimento foi impulsionado, principalmente, por redu\u00e7\u00f5es de pre\u00e7os e modelos de financiamento atraentes concedidos pelos fabricantes.<\/p>\n<p>&nbsp;<\/p>\n<p>A Volkswagen comentou tamb\u00e9m que, no terceiro trimestre de 2017, o cr\u00e9dito ao consumidor e as vendas de cons\u00f3rcio ca\u00edram abaixo do n\u00edvel do ano anterior, apesar do crescimento no mercado de autom\u00f3veis de passageiros como um todo.<\/p>\n<p>&nbsp;<\/p>\n<p>&#8220;O neg\u00f3cio de servi\u00e7os financeiros automotivos no Brasil continua fortemente afetado pelas tens\u00f5es pol\u00edticas e pelo ambiente macroecon\u00f4mico tenso&#8221;, considerou.<\/p>\n<p>&nbsp;<\/p>\n<p>Comparando diferentes mercados em que atua, a alem\u00e3 salientou que a tend\u00eancia de crescimento vista desde 2016 continuou na China e na Europa Ocidental, mas que, em contrapartida, o neg\u00f3cio de caminh\u00f5es e \u00f4nibus e o mercado de servi\u00e7os financeiros relacionados ao setor no Brasil continuaram sob press\u00e3o em meio \u00e0 &#8220;situa\u00e7\u00e3o econ\u00f4mica conturbada&#8221;.<\/p>\n<p>&nbsp;<\/p>\n<p>&#8220;O volume de licenciamentos na Am\u00e9rica do Sul aumentou ligeiramente em 2016. No Brasil, o maior mercado da regi\u00e3o, a demanda por caminh\u00f5es diminuiu significativamente no per\u00edodo anterior a este ano devido \u00e0s cont\u00ednuas tens\u00f5es pol\u00edticas, em um ambiente marcado por sinais de recupera\u00e7\u00e3o na economia&#8221;, refor\u00e7ou.<\/p>\n<p>&nbsp;<\/p>\n<p>A participa\u00e7\u00e3o do grupo no mercado na Am\u00e9rica do Sul foi de 11,8% no terceiro trimestre do ano, com um in\u00edcio de recupera\u00e7\u00e3o vista no mercado brasileiro. No Pa\u00eds, a Volkswagen entregou 14,2% mais ve\u00edculos para clientes do que no ano anterior, devido a uma eleva\u00e7\u00e3o da demanda no terceiro trimestre. Os modelos Gol, Saveiro e Amarok foram os que tiveram o maior crescimento, de acordo com a companhia.<\/p>\n<p>&nbsp;<\/p>\n<p>A empresa tamb\u00e9m salientou que em setembro passado, um tribunal de primeira inst\u00e2ncia brasileiro decidiu contra a Volkswagen do Brasil em uma a\u00e7\u00e3o coletiva relacionada ao produto em rela\u00e7\u00e3o \u00e0 quest\u00e3o do diesel. A decis\u00e3o n\u00e3o \u00e9 final e a companhia recorrer\u00e1.<\/p>\n<p>&nbsp;<\/p>\n<p><strong>Europa<\/strong><\/p>\n<p>&nbsp;<\/p>\n<p>No documento a empresa admite que os problemas ainda relacionados \u00e0 fraude do software que mede as emiss\u00f5es de gases em alguns de seus ve\u00edculos, que geraram aumento de custos, impactaram com forte queda em seus ganhos globais de julho a setembro.<\/p>\n<p>&nbsp;<\/p>\n<p>No per\u00edodo, o lucro l\u00edquido da montadora ficou em 1,06 bilh\u00e3o de euros, menos de metade do ganho de 2,28 bilh\u00f5es apurados em iguais meses do ano passado.<\/p>\n<p>&nbsp;<\/p>\n<p>Por outro lado, a receita da Volkswagen cresceu 5,8% na mesma compara\u00e7\u00e3o, para 55 bilh\u00f5es de euros, enquanto o lucro operacional antes de itens extraordin\u00e1rios avan\u00e7ou 15%, para 4,32 bilh\u00f5es de euros. (O Estado de S. Paulo\/C\u00e9lia Froufe)<\/p>\n","protected":false},"excerpt":{"rendered":"<p>O Estado de S. Paulo &nbsp; A montadora alem\u00e3 Volkswagen indicou nesta sexta-feira, 27, que est\u00e1 mais otimista em rela\u00e7\u00e3o \u00e0 atua\u00e7\u00e3o de sua filial brasileira devido \u00e0s melhoras que come\u00e7am a surgir na economia, mas pontuou que as incertezas em rela\u00e7\u00e3o \u00e0 pol\u00edtica ainda afetam negativamente seus neg\u00f3cios no Pa\u00eds. &nbsp; &#8220;O Brasil deixou\u2026 <a class=\"readmore\" href=\"https:\/\/dana.com.br\/canaldana\/2017\/10\/30\/para-volkswagen-situacao-politica-tensa-ainda-afeta-negocios-no-brasil\/\">Leia mais \u00bb<\/a><\/p>\n","protected":false},"author":3,"featured_media":0,"comment_status":"closed","ping_status":"closed","sticky":false,"template":"","format":"standard","meta":{"_acf_changed":false,"footnotes":""},"categories":[61],"tags":[],"class_list":["post-20971","post","type-post","status-publish","format-standard","hentry","category-destaques"],"acf":[],"yoast_head":"<!-- This site is optimized with the Yoast SEO plugin v27.3 - https:\/\/yoast.com\/product\/yoast-seo-wordpress\/ -->\n<title>Para Volkswagen, situa\u00e7\u00e3o pol\u00edtica tensa ainda afeta neg\u00f3cios no Brasil - Canal Dana<\/title>\n<meta name=\"robots\" content=\"index, follow, max-snippet:-1, max-image-preview:large, max-video-preview:-1\" \/>\n<link rel=\"canonical\" href=\"https:\/\/dana.com.br\/canaldana\/2017\/10\/30\/para-volkswagen-situacao-politica-tensa-ainda-afeta-negocios-no-brasil\/\" \/>\n<meta property=\"og:locale\" content=\"pt_BR\" \/>\n<meta property=\"og:type\" content=\"article\" \/>\n<meta property=\"og:title\" content=\"Para Volkswagen, situa\u00e7\u00e3o pol\u00edtica tensa ainda afeta neg\u00f3cios no Brasil - Canal Dana\" \/>\n<meta property=\"og:description\" content=\"O Estado de S. Paulo &nbsp; A montadora alem\u00e3 Volkswagen indicou nesta sexta-feira, 27, que est\u00e1 mais otimista em rela\u00e7\u00e3o \u00e0 atua\u00e7\u00e3o de sua filial brasileira devido \u00e0s melhoras que come\u00e7am a surgir na economia, mas pontuou que as incertezas em rela\u00e7\u00e3o \u00e0 pol\u00edtica ainda afetam negativamente seus neg\u00f3cios no Pa\u00eds. &nbsp; &#8220;O Brasil deixou\u2026 Leia mais \u00bb\" \/>\n<meta property=\"og:url\" content=\"https:\/\/dana.com.br\/canaldana\/2017\/10\/30\/para-volkswagen-situacao-politica-tensa-ainda-afeta-negocios-no-brasil\/\" \/>\n<meta property=\"og:site_name\" content=\"Canal Dana\" \/>\n<meta property=\"article:published_time\" content=\"2017-10-30T10:34:46+00:00\" \/>\n<meta name=\"author\" content=\"Canal Dana\" \/>\n<meta name=\"twitter:card\" content=\"summary_large_image\" \/>\n<meta name=\"twitter:label1\" content=\"Escrito por\" \/>\n\t<meta name=\"twitter:data1\" content=\"Canal Dana\" \/>\n\t<meta name=\"twitter:label2\" content=\"Est. tempo de leitura\" \/>\n\t<meta name=\"twitter:data2\" content=\"3 minutos\" \/>\n<script type=\"application\/ld+json\" class=\"yoast-schema-graph\">{\"@context\":\"https:\\\/\\\/schema.org\",\"@graph\":[{\"@type\":\"Article\",\"@id\":\"https:\\\/\\\/dana.com.br\\\/canaldana\\\/2017\\\/10\\\/30\\\/para-volkswagen-situacao-politica-tensa-ainda-afeta-negocios-no-brasil\\\/#article\",\"isPartOf\":{\"@id\":\"https:\\\/\\\/dana.com.br\\\/canaldana\\\/2017\\\/10\\\/30\\\/para-volkswagen-situacao-politica-tensa-ainda-afeta-negocios-no-brasil\\\/\"},\"author\":{\"name\":\"Canal Dana\",\"@id\":\"https:\\\/\\\/dana.com.br\\\/canaldana\\\/#\\\/schema\\\/person\\\/3c21f22f56fcf3bc46b94bc60ea4fef6\"},\"headline\":\"Para Volkswagen, situa\u00e7\u00e3o pol\u00edtica tensa ainda afeta neg\u00f3cios no Brasil\",\"datePublished\":\"2017-10-30T10:34:46+00:00\",\"mainEntityOfPage\":{\"@id\":\"https:\\\/\\\/dana.com.br\\\/canaldana\\\/2017\\\/10\\\/30\\\/para-volkswagen-situacao-politica-tensa-ainda-afeta-negocios-no-brasil\\\/\"},\"wordCount\":636,\"articleSection\":[\"Destaques\"],\"inLanguage\":\"pt-BR\"},{\"@type\":\"WebPage\",\"@id\":\"https:\\\/\\\/dana.com.br\\\/canaldana\\\/2017\\\/10\\\/30\\\/para-volkswagen-situacao-politica-tensa-ainda-afeta-negocios-no-brasil\\\/\",\"url\":\"https:\\\/\\\/dana.com.br\\\/canaldana\\\/2017\\\/10\\\/30\\\/para-volkswagen-situacao-politica-tensa-ainda-afeta-negocios-no-brasil\\\/\",\"name\":\"Para Volkswagen, situa\u00e7\u00e3o pol\u00edtica tensa ainda afeta neg\u00f3cios no Brasil - Canal Dana\",\"isPartOf\":{\"@id\":\"https:\\\/\\\/dana.com.br\\\/canaldana\\\/#website\"},\"datePublished\":\"2017-10-30T10:34:46+00:00\",\"author\":{\"@id\":\"https:\\\/\\\/dana.com.br\\\/canaldana\\\/#\\\/schema\\\/person\\\/3c21f22f56fcf3bc46b94bc60ea4fef6\"},\"breadcrumb\":{\"@id\":\"https:\\\/\\\/dana.com.br\\\/canaldana\\\/2017\\\/10\\\/30\\\/para-volkswagen-situacao-politica-tensa-ainda-afeta-negocios-no-brasil\\\/#breadcrumb\"},\"inLanguage\":\"pt-BR\",\"potentialAction\":[{\"@type\":\"ReadAction\",\"target\":[\"https:\\\/\\\/dana.com.br\\\/canaldana\\\/2017\\\/10\\\/30\\\/para-volkswagen-situacao-politica-tensa-ainda-afeta-negocios-no-brasil\\\/\"]}]},{\"@type\":\"BreadcrumbList\",\"@id\":\"https:\\\/\\\/dana.com.br\\\/canaldana\\\/2017\\\/10\\\/30\\\/para-volkswagen-situacao-politica-tensa-ainda-afeta-negocios-no-brasil\\\/#breadcrumb\",\"itemListElement\":[{\"@type\":\"ListItem\",\"position\":1,\"name\":\"Home\",\"item\":\"https:\\\/\\\/dana.com.br\\\/canaldana\\\/\"},{\"@type\":\"ListItem\",\"position\":2,\"name\":\"Destaques\",\"item\":\"https:\\\/\\\/dana.com.br\\\/canaldana\\\/destaques\\\/\"},{\"@type\":\"ListItem\",\"position\":3,\"name\":\"Para Volkswagen, situa\u00e7\u00e3o pol\u00edtica tensa ainda afeta neg\u00f3cios no Brasil\"}]},{\"@type\":\"WebSite\",\"@id\":\"https:\\\/\\\/dana.com.br\\\/canaldana\\\/#website\",\"url\":\"https:\\\/\\\/dana.com.br\\\/canaldana\\\/\",\"name\":\"Canal Dana\",\"description\":\"Informativo com as principais not\u00edcias da ind\u00fastria automotiva\",\"potentialAction\":[{\"@type\":\"SearchAction\",\"target\":{\"@type\":\"EntryPoint\",\"urlTemplate\":\"https:\\\/\\\/dana.com.br\\\/canaldana\\\/?s={search_term_string}\"},\"query-input\":{\"@type\":\"PropertyValueSpecification\",\"valueRequired\":true,\"valueName\":\"search_term_string\"}}],\"inLanguage\":\"pt-BR\"},{\"@type\":\"Person\",\"@id\":\"https:\\\/\\\/dana.com.br\\\/canaldana\\\/#\\\/schema\\\/person\\\/3c21f22f56fcf3bc46b94bc60ea4fef6\",\"name\":\"Canal Dana\",\"image\":{\"@type\":\"ImageObject\",\"inLanguage\":\"pt-BR\",\"@id\":\"https:\\\/\\\/secure.gravatar.com\\\/avatar\\\/420aaf9278582877d9018637c6817617705899d2858d7572ef0fe59a6b6454b4?s=96&d=mm&r=g\",\"url\":\"https:\\\/\\\/secure.gravatar.com\\\/avatar\\\/420aaf9278582877d9018637c6817617705899d2858d7572ef0fe59a6b6454b4?s=96&d=mm&r=g\",\"contentUrl\":\"https:\\\/\\\/secure.gravatar.com\\\/avatar\\\/420aaf9278582877d9018637c6817617705899d2858d7572ef0fe59a6b6454b4?s=96&d=mm&r=g\",\"caption\":\"Canal Dana\"},\"url\":\"https:\\\/\\\/dana.com.br\\\/canaldana\\\/author\\\/cdeditor\\\/\"}]}<\/script>\n<!-- \/ Yoast SEO plugin. -->","yoast_head_json":{"title":"Para Volkswagen, situa\u00e7\u00e3o pol\u00edtica tensa ainda afeta neg\u00f3cios no Brasil - Canal Dana","robots":{"index":"index","follow":"follow","max-snippet":"max-snippet:-1","max-image-preview":"max-image-preview:large","max-video-preview":"max-video-preview:-1"},"canonical":"https:\/\/dana.com.br\/canaldana\/2017\/10\/30\/para-volkswagen-situacao-politica-tensa-ainda-afeta-negocios-no-brasil\/","og_locale":"pt_BR","og_type":"article","og_title":"Para Volkswagen, situa\u00e7\u00e3o pol\u00edtica tensa ainda afeta neg\u00f3cios no Brasil - Canal Dana","og_description":"O Estado de S. Paulo &nbsp; A montadora alem\u00e3 Volkswagen indicou nesta sexta-feira, 27, que est\u00e1 mais otimista em rela\u00e7\u00e3o \u00e0 atua\u00e7\u00e3o de sua filial brasileira devido \u00e0s melhoras que come\u00e7am a surgir na economia, mas pontuou que as incertezas em rela\u00e7\u00e3o \u00e0 pol\u00edtica ainda afetam negativamente seus neg\u00f3cios no Pa\u00eds. &nbsp; &#8220;O Brasil deixou\u2026 Leia mais \u00bb","og_url":"https:\/\/dana.com.br\/canaldana\/2017\/10\/30\/para-volkswagen-situacao-politica-tensa-ainda-afeta-negocios-no-brasil\/","og_site_name":"Canal Dana","article_published_time":"2017-10-30T10:34:46+00:00","author":"Canal Dana","twitter_card":"summary_large_image","twitter_misc":{"Escrito por":"Canal Dana","Est. tempo de leitura":"3 minutos"},"schema":{"@context":"https:\/\/schema.org","@graph":[{"@type":"Article","@id":"https:\/\/dana.com.br\/canaldana\/2017\/10\/30\/para-volkswagen-situacao-politica-tensa-ainda-afeta-negocios-no-brasil\/#article","isPartOf":{"@id":"https:\/\/dana.com.br\/canaldana\/2017\/10\/30\/para-volkswagen-situacao-politica-tensa-ainda-afeta-negocios-no-brasil\/"},"author":{"name":"Canal Dana","@id":"https:\/\/dana.com.br\/canaldana\/#\/schema\/person\/3c21f22f56fcf3bc46b94bc60ea4fef6"},"headline":"Para Volkswagen, situa\u00e7\u00e3o pol\u00edtica tensa ainda afeta neg\u00f3cios no Brasil","datePublished":"2017-10-30T10:34:46+00:00","mainEntityOfPage":{"@id":"https:\/\/dana.com.br\/canaldana\/2017\/10\/30\/para-volkswagen-situacao-politica-tensa-ainda-afeta-negocios-no-brasil\/"},"wordCount":636,"articleSection":["Destaques"],"inLanguage":"pt-BR"},{"@type":"WebPage","@id":"https:\/\/dana.com.br\/canaldana\/2017\/10\/30\/para-volkswagen-situacao-politica-tensa-ainda-afeta-negocios-no-brasil\/","url":"https:\/\/dana.com.br\/canaldana\/2017\/10\/30\/para-volkswagen-situacao-politica-tensa-ainda-afeta-negocios-no-brasil\/","name":"Para Volkswagen, situa\u00e7\u00e3o pol\u00edtica tensa ainda afeta neg\u00f3cios no Brasil - Canal Dana","isPartOf":{"@id":"https:\/\/dana.com.br\/canaldana\/#website"},"datePublished":"2017-10-30T10:34:46+00:00","author":{"@id":"https:\/\/dana.com.br\/canaldana\/#\/schema\/person\/3c21f22f56fcf3bc46b94bc60ea4fef6"},"breadcrumb":{"@id":"https:\/\/dana.com.br\/canaldana\/2017\/10\/30\/para-volkswagen-situacao-politica-tensa-ainda-afeta-negocios-no-brasil\/#breadcrumb"},"inLanguage":"pt-BR","potentialAction":[{"@type":"ReadAction","target":["https:\/\/dana.com.br\/canaldana\/2017\/10\/30\/para-volkswagen-situacao-politica-tensa-ainda-afeta-negocios-no-brasil\/"]}]},{"@type":"BreadcrumbList","@id":"https:\/\/dana.com.br\/canaldana\/2017\/10\/30\/para-volkswagen-situacao-politica-tensa-ainda-afeta-negocios-no-brasil\/#breadcrumb","itemListElement":[{"@type":"ListItem","position":1,"name":"Home","item":"https:\/\/dana.com.br\/canaldana\/"},{"@type":"ListItem","position":2,"name":"Destaques","item":"https:\/\/dana.com.br\/canaldana\/destaques\/"},{"@type":"ListItem","position":3,"name":"Para Volkswagen, situa\u00e7\u00e3o pol\u00edtica tensa ainda afeta neg\u00f3cios no Brasil"}]},{"@type":"WebSite","@id":"https:\/\/dana.com.br\/canaldana\/#website","url":"https:\/\/dana.com.br\/canaldana\/","name":"Canal Dana","description":"Informativo com as principais not\u00edcias da ind\u00fastria automotiva","potentialAction":[{"@type":"SearchAction","target":{"@type":"EntryPoint","urlTemplate":"https:\/\/dana.com.br\/canaldana\/?s={search_term_string}"},"query-input":{"@type":"PropertyValueSpecification","valueRequired":true,"valueName":"search_term_string"}}],"inLanguage":"pt-BR"},{"@type":"Person","@id":"https:\/\/dana.com.br\/canaldana\/#\/schema\/person\/3c21f22f56fcf3bc46b94bc60ea4fef6","name":"Canal Dana","image":{"@type":"ImageObject","inLanguage":"pt-BR","@id":"https:\/\/secure.gravatar.com\/avatar\/420aaf9278582877d9018637c6817617705899d2858d7572ef0fe59a6b6454b4?s=96&d=mm&r=g","url":"https:\/\/secure.gravatar.com\/avatar\/420aaf9278582877d9018637c6817617705899d2858d7572ef0fe59a6b6454b4?s=96&d=mm&r=g","contentUrl":"https:\/\/secure.gravatar.com\/avatar\/420aaf9278582877d9018637c6817617705899d2858d7572ef0fe59a6b6454b4?s=96&d=mm&r=g","caption":"Canal Dana"},"url":"https:\/\/dana.com.br\/canaldana\/author\/cdeditor\/"}]}},"_links":{"self":[{"href":"https:\/\/dana.com.br\/canaldana\/wp-json\/wp\/v2\/posts\/20971","targetHints":{"allow":["GET"]}}],"collection":[{"href":"https:\/\/dana.com.br\/canaldana\/wp-json\/wp\/v2\/posts"}],"about":[{"href":"https:\/\/dana.com.br\/canaldana\/wp-json\/wp\/v2\/types\/post"}],"author":[{"embeddable":true,"href":"https:\/\/dana.com.br\/canaldana\/wp-json\/wp\/v2\/users\/3"}],"replies":[{"embeddable":true,"href":"https:\/\/dana.com.br\/canaldana\/wp-json\/wp\/v2\/comments?post=20971"}],"version-history":[{"count":0,"href":"https:\/\/dana.com.br\/canaldana\/wp-json\/wp\/v2\/posts\/20971\/revisions"}],"wp:attachment":[{"href":"https:\/\/dana.com.br\/canaldana\/wp-json\/wp\/v2\/media?parent=20971"}],"wp:term":[{"taxonomy":"category","embeddable":true,"href":"https:\/\/dana.com.br\/canaldana\/wp-json\/wp\/v2\/categories?post=20971"},{"taxonomy":"post_tag","embeddable":true,"href":"https:\/\/dana.com.br\/canaldana\/wp-json\/wp\/v2\/tags?post=20971"}],"curies":[{"name":"wp","href":"https:\/\/api.w.org\/{rel}","templated":true}]}}