{"id":20939,"date":"2017-10-27T09:11:24","date_gmt":"2017-10-27T11:11:24","guid":{"rendered":"http:\/\/dana.com.br\/canaldana\/?p=20939"},"modified":"2017-10-27T09:11:24","modified_gmt":"2017-10-27T11:11:24","slug":"ford-caminhoes-divulga-balanco-de-vendas-na-fenatran-2017","status":"publish","type":"post","link":"https:\/\/dana.com.br\/canaldana\/2017\/10\/27\/ford-caminhoes-divulga-balanco-de-vendas-na-fenatran-2017\/","title":{"rendered":"Ford Caminh\u00f5es divulga balan\u00e7o de vendas na Fenatran 2017"},"content":{"rendered":"<p><em>Brasil Caminhoneiro<\/em><\/p>\n<p>&nbsp;<\/p>\n<p>A Ford Caminh\u00f5es divulgou um balan\u00e7o positivo de vendas durante a Fenatran, sal\u00e3o de ve\u00edculos comerciais que contou com a participa\u00e7\u00e3o de empres\u00e1rios, frotistas, caminhoneiros e planejadores de frota, entre outros profissionais da \u00e1rea. A marca contabilizou cerca de 800 caminh\u00f5es negociados durante os cinco dias do evento, principalmente no segmento dos chamados modelos vocacionais para aplica\u00e7\u00f5es espec\u00edficas.<\/p>\n<p>&nbsp;<\/p>\n<p>O Cargo 1723 Torqshift Kolector, preparado como coletor e compactador de res\u00edduos, foi o caminh\u00e3o da Ford mais vendido na Fenatran, com mais de 100 unidades. \u201cEsse balan\u00e7o n\u00e3o inclui os contatos iniciados com outros clientes visando futuras vendas, que trazem um potencial de mais de 1.000 ve\u00edculos adicionais. O resultado simboliza o clima de reativa\u00e7\u00e3o dos neg\u00f3cios que volta a ser observado no Pa\u00eds\u201d, diz Jo\u00e3o Pimentel, diretor de Opera\u00e7\u00f5es da Ford Caminh\u00f5es.<\/p>\n<p>&nbsp;<\/p>\n<p>\u201cAtendemos mais de mil interessados em nossos produtos de v\u00e1rios segmentos, incluindo praticamente todos os estados brasileiros, al\u00e9m de potenciais clientes da Argentina, Chile, Col\u00f4mbia, Paraguai, Uruguai e Porto Rico\u201d, diz Carlos Gazques, gerente nacional de Vendas da Ford Caminh\u00f5es.<\/p>\n<p>&nbsp;<\/p>\n<p>\u201cPercebemos que na Am\u00e9rica do Sul \u00e9 clara a disposi\u00e7\u00e3o de retornar \u00e0s compras e planejar o futuro. Creio que esta foi uma das principais t\u00f4nicas entre os visitantes, o que nos possibilita avaliar para cima o programa de produ\u00e7\u00e3o considerando a consist\u00eancia dessa demanda.\u201d<\/p>\n<p>&nbsp;<\/p>\n<p><strong>Caminh\u00f5es vocacionais<\/strong><\/p>\n<p>&nbsp;<\/p>\n<p>A Ford teve como destaque os caminh\u00f5es vocacionais, com prepara\u00e7\u00e3o especial para diferentes tipos de aplica\u00e7\u00e3o. Outro diferencial foi a transmiss\u00e3o automatizada Torqshift. Esse equipamento traz recursos avan\u00e7ados como trocas manuais, os modos Economia e Performance, fun\u00e7\u00e3o \u201cLow\u201d, piloto autom\u00e1tico inteligente, assistente de partida em rampa e indicador de marcha no painel, que trazem ganhos de efici\u00eancia, economia, seguran\u00e7a e conforto na opera\u00e7\u00e3o. (Brasil Caminhoneiro)<\/p>\n","protected":false},"excerpt":{"rendered":"<p>Brasil Caminhoneiro &nbsp; A Ford Caminh\u00f5es divulgou um balan\u00e7o positivo de vendas durante a Fenatran, sal\u00e3o de ve\u00edculos comerciais que contou com a participa\u00e7\u00e3o de empres\u00e1rios, frotistas, caminhoneiros e planejadores de frota, entre outros profissionais da \u00e1rea. A marca contabilizou cerca de 800 caminh\u00f5es negociados durante os cinco dias do evento, principalmente no segmento dos\u2026 <a class=\"readmore\" href=\"https:\/\/dana.com.br\/canaldana\/2017\/10\/27\/ford-caminhoes-divulga-balanco-de-vendas-na-fenatran-2017\/\">Leia mais \u00bb<\/a><\/p>\n","protected":false},"author":3,"featured_media":0,"comment_status":"closed","ping_status":"closed","sticky":false,"template":"","format":"standard","meta":{"_acf_changed":false,"footnotes":""},"categories":[61],"tags":[],"class_list":["post-20939","post","type-post","status-publish","format-standard","hentry","category-destaques"],"acf":[],"yoast_head":"<!-- This site is optimized with the Yoast SEO plugin v27.3 - https:\/\/yoast.com\/product\/yoast-seo-wordpress\/ -->\n<title>Ford Caminh\u00f5es divulga balan\u00e7o de vendas na Fenatran 2017 - Canal Dana<\/title>\n<meta name=\"robots\" content=\"index, follow, max-snippet:-1, max-image-preview:large, max-video-preview:-1\" \/>\n<link rel=\"canonical\" href=\"https:\/\/dana.com.br\/canaldana\/2017\/10\/27\/ford-caminhoes-divulga-balanco-de-vendas-na-fenatran-2017\/\" \/>\n<meta property=\"og:locale\" content=\"pt_BR\" \/>\n<meta property=\"og:type\" content=\"article\" \/>\n<meta property=\"og:title\" content=\"Ford Caminh\u00f5es divulga balan\u00e7o de vendas na Fenatran 2017 - Canal Dana\" \/>\n<meta property=\"og:description\" content=\"Brasil Caminhoneiro &nbsp; A Ford Caminh\u00f5es divulgou um balan\u00e7o positivo de vendas durante a Fenatran, sal\u00e3o de ve\u00edculos comerciais que contou com a participa\u00e7\u00e3o de empres\u00e1rios, frotistas, caminhoneiros e planejadores de frota, entre outros profissionais da \u00e1rea. A marca contabilizou cerca de 800 caminh\u00f5es negociados durante os cinco dias do evento, principalmente no segmento dos\u2026 Leia mais \u00bb\" \/>\n<meta property=\"og:url\" content=\"https:\/\/dana.com.br\/canaldana\/2017\/10\/27\/ford-caminhoes-divulga-balanco-de-vendas-na-fenatran-2017\/\" \/>\n<meta property=\"og:site_name\" content=\"Canal Dana\" \/>\n<meta property=\"article:published_time\" content=\"2017-10-27T11:11:24+00:00\" \/>\n<meta name=\"author\" content=\"Canal Dana\" \/>\n<meta name=\"twitter:card\" content=\"summary_large_image\" \/>\n<meta name=\"twitter:label1\" content=\"Escrito por\" \/>\n\t<meta name=\"twitter:data1\" content=\"Canal Dana\" \/>\n\t<meta name=\"twitter:label2\" content=\"Est. tempo de leitura\" \/>\n\t<meta name=\"twitter:data2\" content=\"2 minutos\" \/>\n<script type=\"application\/ld+json\" class=\"yoast-schema-graph\">{\"@context\":\"https:\\\/\\\/schema.org\",\"@graph\":[{\"@type\":\"Article\",\"@id\":\"https:\\\/\\\/dana.com.br\\\/canaldana\\\/2017\\\/10\\\/27\\\/ford-caminhoes-divulga-balanco-de-vendas-na-fenatran-2017\\\/#article\",\"isPartOf\":{\"@id\":\"https:\\\/\\\/dana.com.br\\\/canaldana\\\/2017\\\/10\\\/27\\\/ford-caminhoes-divulga-balanco-de-vendas-na-fenatran-2017\\\/\"},\"author\":{\"name\":\"Canal Dana\",\"@id\":\"https:\\\/\\\/dana.com.br\\\/canaldana\\\/#\\\/schema\\\/person\\\/3c21f22f56fcf3bc46b94bc60ea4fef6\"},\"headline\":\"Ford Caminh\u00f5es divulga balan\u00e7o de vendas na Fenatran 2017\",\"datePublished\":\"2017-10-27T11:11:24+00:00\",\"mainEntityOfPage\":{\"@id\":\"https:\\\/\\\/dana.com.br\\\/canaldana\\\/2017\\\/10\\\/27\\\/ford-caminhoes-divulga-balanco-de-vendas-na-fenatran-2017\\\/\"},\"wordCount\":337,\"articleSection\":[\"Destaques\"],\"inLanguage\":\"pt-BR\"},{\"@type\":\"WebPage\",\"@id\":\"https:\\\/\\\/dana.com.br\\\/canaldana\\\/2017\\\/10\\\/27\\\/ford-caminhoes-divulga-balanco-de-vendas-na-fenatran-2017\\\/\",\"url\":\"https:\\\/\\\/dana.com.br\\\/canaldana\\\/2017\\\/10\\\/27\\\/ford-caminhoes-divulga-balanco-de-vendas-na-fenatran-2017\\\/\",\"name\":\"Ford Caminh\u00f5es divulga balan\u00e7o de vendas na Fenatran 2017 - Canal Dana\",\"isPartOf\":{\"@id\":\"https:\\\/\\\/dana.com.br\\\/canaldana\\\/#website\"},\"datePublished\":\"2017-10-27T11:11:24+00:00\",\"author\":{\"@id\":\"https:\\\/\\\/dana.com.br\\\/canaldana\\\/#\\\/schema\\\/person\\\/3c21f22f56fcf3bc46b94bc60ea4fef6\"},\"breadcrumb\":{\"@id\":\"https:\\\/\\\/dana.com.br\\\/canaldana\\\/2017\\\/10\\\/27\\\/ford-caminhoes-divulga-balanco-de-vendas-na-fenatran-2017\\\/#breadcrumb\"},\"inLanguage\":\"pt-BR\",\"potentialAction\":[{\"@type\":\"ReadAction\",\"target\":[\"https:\\\/\\\/dana.com.br\\\/canaldana\\\/2017\\\/10\\\/27\\\/ford-caminhoes-divulga-balanco-de-vendas-na-fenatran-2017\\\/\"]}]},{\"@type\":\"BreadcrumbList\",\"@id\":\"https:\\\/\\\/dana.com.br\\\/canaldana\\\/2017\\\/10\\\/27\\\/ford-caminhoes-divulga-balanco-de-vendas-na-fenatran-2017\\\/#breadcrumb\",\"itemListElement\":[{\"@type\":\"ListItem\",\"position\":1,\"name\":\"Home\",\"item\":\"https:\\\/\\\/dana.com.br\\\/canaldana\\\/\"},{\"@type\":\"ListItem\",\"position\":2,\"name\":\"Destaques\",\"item\":\"https:\\\/\\\/dana.com.br\\\/canaldana\\\/destaques\\\/\"},{\"@type\":\"ListItem\",\"position\":3,\"name\":\"Ford Caminh\u00f5es divulga balan\u00e7o de vendas na Fenatran 2017\"}]},{\"@type\":\"WebSite\",\"@id\":\"https:\\\/\\\/dana.com.br\\\/canaldana\\\/#website\",\"url\":\"https:\\\/\\\/dana.com.br\\\/canaldana\\\/\",\"name\":\"Canal Dana\",\"description\":\"Informativo com as principais not\u00edcias da ind\u00fastria automotiva\",\"potentialAction\":[{\"@type\":\"SearchAction\",\"target\":{\"@type\":\"EntryPoint\",\"urlTemplate\":\"https:\\\/\\\/dana.com.br\\\/canaldana\\\/?s={search_term_string}\"},\"query-input\":{\"@type\":\"PropertyValueSpecification\",\"valueRequired\":true,\"valueName\":\"search_term_string\"}}],\"inLanguage\":\"pt-BR\"},{\"@type\":\"Person\",\"@id\":\"https:\\\/\\\/dana.com.br\\\/canaldana\\\/#\\\/schema\\\/person\\\/3c21f22f56fcf3bc46b94bc60ea4fef6\",\"name\":\"Canal Dana\",\"image\":{\"@type\":\"ImageObject\",\"inLanguage\":\"pt-BR\",\"@id\":\"https:\\\/\\\/secure.gravatar.com\\\/avatar\\\/420aaf9278582877d9018637c6817617705899d2858d7572ef0fe59a6b6454b4?s=96&d=mm&r=g\",\"url\":\"https:\\\/\\\/secure.gravatar.com\\\/avatar\\\/420aaf9278582877d9018637c6817617705899d2858d7572ef0fe59a6b6454b4?s=96&d=mm&r=g\",\"contentUrl\":\"https:\\\/\\\/secure.gravatar.com\\\/avatar\\\/420aaf9278582877d9018637c6817617705899d2858d7572ef0fe59a6b6454b4?s=96&d=mm&r=g\",\"caption\":\"Canal Dana\"},\"url\":\"https:\\\/\\\/dana.com.br\\\/canaldana\\\/author\\\/cdeditor\\\/\"}]}<\/script>\n<!-- \/ Yoast SEO plugin. -->","yoast_head_json":{"title":"Ford Caminh\u00f5es divulga balan\u00e7o de vendas na Fenatran 2017 - Canal Dana","robots":{"index":"index","follow":"follow","max-snippet":"max-snippet:-1","max-image-preview":"max-image-preview:large","max-video-preview":"max-video-preview:-1"},"canonical":"https:\/\/dana.com.br\/canaldana\/2017\/10\/27\/ford-caminhoes-divulga-balanco-de-vendas-na-fenatran-2017\/","og_locale":"pt_BR","og_type":"article","og_title":"Ford Caminh\u00f5es divulga balan\u00e7o de vendas na Fenatran 2017 - Canal Dana","og_description":"Brasil Caminhoneiro &nbsp; A Ford Caminh\u00f5es divulgou um balan\u00e7o positivo de vendas durante a Fenatran, sal\u00e3o de ve\u00edculos comerciais que contou com a participa\u00e7\u00e3o de empres\u00e1rios, frotistas, caminhoneiros e planejadores de frota, entre outros profissionais da \u00e1rea. A marca contabilizou cerca de 800 caminh\u00f5es negociados durante os cinco dias do evento, principalmente no segmento dos\u2026 Leia mais \u00bb","og_url":"https:\/\/dana.com.br\/canaldana\/2017\/10\/27\/ford-caminhoes-divulga-balanco-de-vendas-na-fenatran-2017\/","og_site_name":"Canal Dana","article_published_time":"2017-10-27T11:11:24+00:00","author":"Canal Dana","twitter_card":"summary_large_image","twitter_misc":{"Escrito por":"Canal Dana","Est. tempo de leitura":"2 minutos"},"schema":{"@context":"https:\/\/schema.org","@graph":[{"@type":"Article","@id":"https:\/\/dana.com.br\/canaldana\/2017\/10\/27\/ford-caminhoes-divulga-balanco-de-vendas-na-fenatran-2017\/#article","isPartOf":{"@id":"https:\/\/dana.com.br\/canaldana\/2017\/10\/27\/ford-caminhoes-divulga-balanco-de-vendas-na-fenatran-2017\/"},"author":{"name":"Canal Dana","@id":"https:\/\/dana.com.br\/canaldana\/#\/schema\/person\/3c21f22f56fcf3bc46b94bc60ea4fef6"},"headline":"Ford Caminh\u00f5es divulga balan\u00e7o de vendas na Fenatran 2017","datePublished":"2017-10-27T11:11:24+00:00","mainEntityOfPage":{"@id":"https:\/\/dana.com.br\/canaldana\/2017\/10\/27\/ford-caminhoes-divulga-balanco-de-vendas-na-fenatran-2017\/"},"wordCount":337,"articleSection":["Destaques"],"inLanguage":"pt-BR"},{"@type":"WebPage","@id":"https:\/\/dana.com.br\/canaldana\/2017\/10\/27\/ford-caminhoes-divulga-balanco-de-vendas-na-fenatran-2017\/","url":"https:\/\/dana.com.br\/canaldana\/2017\/10\/27\/ford-caminhoes-divulga-balanco-de-vendas-na-fenatran-2017\/","name":"Ford Caminh\u00f5es divulga balan\u00e7o de vendas na Fenatran 2017 - Canal Dana","isPartOf":{"@id":"https:\/\/dana.com.br\/canaldana\/#website"},"datePublished":"2017-10-27T11:11:24+00:00","author":{"@id":"https:\/\/dana.com.br\/canaldana\/#\/schema\/person\/3c21f22f56fcf3bc46b94bc60ea4fef6"},"breadcrumb":{"@id":"https:\/\/dana.com.br\/canaldana\/2017\/10\/27\/ford-caminhoes-divulga-balanco-de-vendas-na-fenatran-2017\/#breadcrumb"},"inLanguage":"pt-BR","potentialAction":[{"@type":"ReadAction","target":["https:\/\/dana.com.br\/canaldana\/2017\/10\/27\/ford-caminhoes-divulga-balanco-de-vendas-na-fenatran-2017\/"]}]},{"@type":"BreadcrumbList","@id":"https:\/\/dana.com.br\/canaldana\/2017\/10\/27\/ford-caminhoes-divulga-balanco-de-vendas-na-fenatran-2017\/#breadcrumb","itemListElement":[{"@type":"ListItem","position":1,"name":"Home","item":"https:\/\/dana.com.br\/canaldana\/"},{"@type":"ListItem","position":2,"name":"Destaques","item":"https:\/\/dana.com.br\/canaldana\/destaques\/"},{"@type":"ListItem","position":3,"name":"Ford Caminh\u00f5es divulga balan\u00e7o de vendas na Fenatran 2017"}]},{"@type":"WebSite","@id":"https:\/\/dana.com.br\/canaldana\/#website","url":"https:\/\/dana.com.br\/canaldana\/","name":"Canal Dana","description":"Informativo com as principais not\u00edcias da ind\u00fastria automotiva","potentialAction":[{"@type":"SearchAction","target":{"@type":"EntryPoint","urlTemplate":"https:\/\/dana.com.br\/canaldana\/?s={search_term_string}"},"query-input":{"@type":"PropertyValueSpecification","valueRequired":true,"valueName":"search_term_string"}}],"inLanguage":"pt-BR"},{"@type":"Person","@id":"https:\/\/dana.com.br\/canaldana\/#\/schema\/person\/3c21f22f56fcf3bc46b94bc60ea4fef6","name":"Canal Dana","image":{"@type":"ImageObject","inLanguage":"pt-BR","@id":"https:\/\/secure.gravatar.com\/avatar\/420aaf9278582877d9018637c6817617705899d2858d7572ef0fe59a6b6454b4?s=96&d=mm&r=g","url":"https:\/\/secure.gravatar.com\/avatar\/420aaf9278582877d9018637c6817617705899d2858d7572ef0fe59a6b6454b4?s=96&d=mm&r=g","contentUrl":"https:\/\/secure.gravatar.com\/avatar\/420aaf9278582877d9018637c6817617705899d2858d7572ef0fe59a6b6454b4?s=96&d=mm&r=g","caption":"Canal Dana"},"url":"https:\/\/dana.com.br\/canaldana\/author\/cdeditor\/"}]}},"_links":{"self":[{"href":"https:\/\/dana.com.br\/canaldana\/wp-json\/wp\/v2\/posts\/20939","targetHints":{"allow":["GET"]}}],"collection":[{"href":"https:\/\/dana.com.br\/canaldana\/wp-json\/wp\/v2\/posts"}],"about":[{"href":"https:\/\/dana.com.br\/canaldana\/wp-json\/wp\/v2\/types\/post"}],"author":[{"embeddable":true,"href":"https:\/\/dana.com.br\/canaldana\/wp-json\/wp\/v2\/users\/3"}],"replies":[{"embeddable":true,"href":"https:\/\/dana.com.br\/canaldana\/wp-json\/wp\/v2\/comments?post=20939"}],"version-history":[{"count":0,"href":"https:\/\/dana.com.br\/canaldana\/wp-json\/wp\/v2\/posts\/20939\/revisions"}],"wp:attachment":[{"href":"https:\/\/dana.com.br\/canaldana\/wp-json\/wp\/v2\/media?parent=20939"}],"wp:term":[{"taxonomy":"category","embeddable":true,"href":"https:\/\/dana.com.br\/canaldana\/wp-json\/wp\/v2\/categories?post=20939"},{"taxonomy":"post_tag","embeddable":true,"href":"https:\/\/dana.com.br\/canaldana\/wp-json\/wp\/v2\/tags?post=20939"}],"curies":[{"name":"wp","href":"https:\/\/api.w.org\/{rel}","templated":true}]}}