{"id":20584,"date":"2017-10-16T08:59:06","date_gmt":"2017-10-16T10:59:06","guid":{"rendered":"http:\/\/dana.com.br\/canaldana\/?p=20584"},"modified":"2017-10-16T08:59:06","modified_gmt":"2017-10-16T10:59:06","slug":"eletra-participa-do-desenvolvimento-do-inedito-e-delivery-primeiro-caminhao-100-eletrico-da-volkswagen","status":"publish","type":"post","link":"https:\/\/dana.com.br\/canaldana\/2017\/10\/16\/eletra-participa-do-desenvolvimento-do-inedito-e-delivery-primeiro-caminhao-100-eletrico-da-volkswagen\/","title":{"rendered":"ELETRA participa do desenvolvimento do in\u00e9dito E-delivery, primeiro caminh\u00e3o 100% el\u00e9trico da Volkswagen"},"content":{"rendered":"<p><em>Meio Filtrante<\/em><\/p>\n<p>&nbsp;<\/p>\n<p>O caminh\u00e3o E-Delivery &#8211; Emiss\u00e3o Zero, apresentado hoje pela Volkswagen Caminh\u00f5es e \u00d4nibus no primeiro Volkswagen Truck &amp; Bus Innovation Day realizado em Hamburgo, na Alemanha marca um novo cap\u00edtulo na hist\u00f3ria brasileira de transportes de carga por incluir a tecnologia da tra\u00e7\u00e3o el\u00e9trica, que preserva o meio ambiente pela emiss\u00e3o zero de poluentes\u00a0 e reduz o n\u00edvel de ru\u00eddo e os custos de manuten\u00e7\u00e3o.<\/p>\n<p>&nbsp;<\/p>\n<p>A ELETRA, empresa nacional pioneira no desenvolvimento de \u00f4nibus el\u00e9tricos no Brasil, foi a parceira da MAN-Volkswagen neste projeto, respons\u00e1vel pelo powertrain de tra\u00e7\u00e3o e integra\u00e7\u00e3o dos sistemas. Foi um trabalho que envolveu toda a experi\u00eancia das duas empresas, de um lado 20 anos desenvolvendo sistemas de tra\u00e7\u00e3o el\u00e9trica para \u00f4nibus e de outro a maior montadora de caminh\u00f5es do Brasil e l\u00edder mundial. O resultado n\u00e3o poderia ser diferente, um produto que re\u00fane sustentabilidade com qualidade e confiabilidade.<\/p>\n<p>&nbsp;<\/p>\n<p>O caminh\u00e3o E-Delivery \u00e9 um projeto brasileiro que envolve toda a cadeia nacional de componentes. O motor el\u00e9trico e inversor, s\u00e3o da tamb\u00e9m brasileira WEG, uma multinacional com f\u00e1brica em v\u00e1rios pa\u00edses. Apenas as baterias n\u00e3o s\u00e3o produzidas no Brasil.<\/p>\n<p>&nbsp;<\/p>\n<p>\u201cDesenvolver, em tempo recorde, o powertrain de tra\u00e7\u00e3o el\u00e9trica para o novo modelo da Volkswagen Caminh\u00f5es e \u00d4nibus, foi um desafio e uma grande satisfa\u00e7\u00e3o, pois al\u00e9m do excelente resultado houve total sintonia entre as engenharias, deixando as equipes envolvidas orgulhosas e empolgadas para novos desafios, revela I\u00eada Maria Oliveira, gerente comercial da Eletra.<\/p>\n<p>&nbsp;<\/p>\n<p>O caminh\u00e3o E-Delivery tem autonomia de 100 a 200 km, dependendo da opera\u00e7\u00e3o. O conjunto possui motor el\u00e9trico totalmente silencioso e produzido no Brasil, que gera pot\u00eancia nominal de 80 kW (cerca de 110 PS) e torque m\u00e1ximo de 493 Nm, alimentado por um banco de baterias de \u00edons de L\u00edtio de tra\u00e7\u00e3o de 380 Volts com capacidade de 100Ah.<\/p>\n<p>&nbsp;<\/p>\n<p>No novo modelo as baterias tamb\u00e9m s\u00e3o recarregadas nas frenagens por meio de um sistema conhecido como Kers, sigla em ingl\u00eas para sistema de recupera\u00e7\u00e3o de energia cin\u00e9tica. Quando o freio \u00e9 acionado, o motor el\u00e9trico funciona como um gerador e a energia que seria desperdi\u00e7ada na frenagem \u00e9 reaproveitada e armazenada no banco de baterias.<\/p>\n<p>&nbsp;<\/p>\n<p><strong>Tecnologia brasileira<\/strong><\/p>\n<p>&nbsp;<\/p>\n<p>Para desenvolver o powertrain do E-Delivery, a ELETRA utilizou toda a experi\u00eancia em ve\u00edculos comerciais 100% el\u00e9tricos. A empresa foi pioneira, em 2013, com o lan\u00e7amento do E-Bus, primeiro \u00f4nibus el\u00e9trico brasileiro movido 100% a bateria.<\/p>\n<p>&nbsp;<\/p>\n<p>Com sede em S\u00e3o Bernardo do Campo, SP, a ELETRA \u00e9 refer\u00eancia mundial na produ\u00e7\u00e3o de ve\u00edculos el\u00e9tricos e diferentes tecnologias: El\u00e9trico puro, com bateria; Tr\u00f3lebus (rede a\u00e9rea); H\u00edbrido (grupo motor gerador + baterias); Dual Bus \u2013 H\u00edbrido, el\u00e9trico puro e Tr\u00f3lebus, que como el\u00e9trico puro, al\u00e9m de emiss\u00e3o zero, consome 33% menos energia, pela efici\u00eancia na frenagem regenerativa.<\/p>\n<p>&nbsp;<\/p>\n<p>Criada em 1988, a ELETRA lan\u00e7ou em 1999, o primeiro \u00f4nibus el\u00e9trico h\u00edbrido com tecnologia brasileira. Hoje, a marca est\u00e1 presente em 400 \u00f4nibus com tra\u00e7\u00e3o el\u00e9trica em opera\u00e7\u00e3o na grande S\u00e3o Paulo, al\u00e9m de cidades como Ros\u00e1rio, na Argentina, e Wellington, na Nova Zel\u00e2ndia. Somente na cidade de S\u00e3o Paulo foram fornecidos 220 \u00f4nibus el\u00e9tricos nos \u00faltimos quatro anos.<\/p>\n<p>&nbsp;<\/p>\n<p><strong>Sobre a ELETRA<\/strong><\/p>\n<p>&nbsp;<\/p>\n<p>Criada em 1988, a ELETRA lan\u00e7ou, em 1999, o primeiro \u00f4nibus el\u00e9trico h\u00edbrido com tecnologia brasileira. Hoje, a marca est\u00e1 presente em 400 \u00f4nibus com tra\u00e7\u00e3o el\u00e9trica em opera\u00e7\u00e3o na grande S\u00e3o Paulo, al\u00e9m de cidades como Ros\u00e1rio, na Argentina, e Wellington, na Nova Zel\u00e2ndia. Somente na cidade de S\u00e3o Paulo foram fornecidos 220 \u00f4nibus el\u00e9tricos nos \u00faltimos quatro anos.<\/p>\n<p>&nbsp;<\/p>\n<p>A ELETRA fabrica ve\u00edculos com as seguintes tecnologias: Tr\u00f3lebus (rede a\u00e9rea); H\u00edbrido (grupo motor gerador + baterias); El\u00e9trico puro (baterias); DualBus \u2013 H\u00edbrido e Tr\u00f3lebus, e DualBus \u2013 H\u00edbrido e El\u00e9trico Puro. (Meio Filtrante)<\/p>\n","protected":false},"excerpt":{"rendered":"<p>Meio Filtrante &nbsp; O caminh\u00e3o E-Delivery &#8211; Emiss\u00e3o Zero, apresentado hoje pela Volkswagen Caminh\u00f5es e \u00d4nibus no primeiro Volkswagen Truck &amp; Bus Innovation Day realizado em Hamburgo, na Alemanha marca um novo cap\u00edtulo na hist\u00f3ria brasileira de transportes de carga por incluir a tecnologia da tra\u00e7\u00e3o el\u00e9trica, que preserva o meio ambiente pela emiss\u00e3o zero\u2026 <a class=\"readmore\" href=\"https:\/\/dana.com.br\/canaldana\/2017\/10\/16\/eletra-participa-do-desenvolvimento-do-inedito-e-delivery-primeiro-caminhao-100-eletrico-da-volkswagen\/\">Leia mais \u00bb<\/a><\/p>\n","protected":false},"author":3,"featured_media":0,"comment_status":"closed","ping_status":"closed","sticky":false,"template":"","format":"standard","meta":{"_acf_changed":false,"footnotes":""},"categories":[79],"tags":[],"class_list":["post-20584","post","type-post","status-publish","format-standard","hentry","category-mercado"],"acf":[],"yoast_head":"<!-- This site is optimized with the Yoast SEO plugin v27.3 - https:\/\/yoast.com\/product\/yoast-seo-wordpress\/ -->\n<title>ELETRA participa do desenvolvimento do in\u00e9dito E-delivery, primeiro caminh\u00e3o 100% el\u00e9trico da Volkswagen - Canal Dana<\/title>\n<meta name=\"robots\" content=\"index, follow, max-snippet:-1, max-image-preview:large, max-video-preview:-1\" \/>\n<link rel=\"canonical\" href=\"https:\/\/dana.com.br\/canaldana\/2017\/10\/16\/eletra-participa-do-desenvolvimento-do-inedito-e-delivery-primeiro-caminhao-100-eletrico-da-volkswagen\/\" \/>\n<meta property=\"og:locale\" content=\"pt_BR\" \/>\n<meta property=\"og:type\" content=\"article\" \/>\n<meta property=\"og:title\" content=\"ELETRA participa do desenvolvimento do in\u00e9dito E-delivery, primeiro caminh\u00e3o 100% el\u00e9trico da Volkswagen - Canal Dana\" \/>\n<meta property=\"og:description\" content=\"Meio Filtrante &nbsp; O caminh\u00e3o E-Delivery &#8211; Emiss\u00e3o Zero, apresentado hoje pela Volkswagen Caminh\u00f5es e \u00d4nibus no primeiro Volkswagen Truck &amp; Bus Innovation Day realizado em Hamburgo, na Alemanha marca um novo cap\u00edtulo na hist\u00f3ria brasileira de transportes de carga por incluir a tecnologia da tra\u00e7\u00e3o el\u00e9trica, que preserva o meio ambiente pela emiss\u00e3o zero\u2026 Leia mais \u00bb\" \/>\n<meta property=\"og:url\" content=\"https:\/\/dana.com.br\/canaldana\/2017\/10\/16\/eletra-participa-do-desenvolvimento-do-inedito-e-delivery-primeiro-caminhao-100-eletrico-da-volkswagen\/\" \/>\n<meta property=\"og:site_name\" content=\"Canal Dana\" \/>\n<meta property=\"article:published_time\" content=\"2017-10-16T10:59:06+00:00\" \/>\n<meta name=\"author\" content=\"Canal Dana\" \/>\n<meta name=\"twitter:card\" content=\"summary_large_image\" \/>\n<meta name=\"twitter:label1\" content=\"Escrito por\" \/>\n\t<meta name=\"twitter:data1\" content=\"Canal Dana\" \/>\n\t<meta name=\"twitter:label2\" content=\"Est. tempo de leitura\" \/>\n\t<meta name=\"twitter:data2\" content=\"4 minutos\" \/>\n<script type=\"application\/ld+json\" class=\"yoast-schema-graph\">{\"@context\":\"https:\\\/\\\/schema.org\",\"@graph\":[{\"@type\":\"Article\",\"@id\":\"https:\\\/\\\/dana.com.br\\\/canaldana\\\/2017\\\/10\\\/16\\\/eletra-participa-do-desenvolvimento-do-inedito-e-delivery-primeiro-caminhao-100-eletrico-da-volkswagen\\\/#article\",\"isPartOf\":{\"@id\":\"https:\\\/\\\/dana.com.br\\\/canaldana\\\/2017\\\/10\\\/16\\\/eletra-participa-do-desenvolvimento-do-inedito-e-delivery-primeiro-caminhao-100-eletrico-da-volkswagen\\\/\"},\"author\":{\"name\":\"Canal Dana\",\"@id\":\"https:\\\/\\\/dana.com.br\\\/canaldana\\\/#\\\/schema\\\/person\\\/3c21f22f56fcf3bc46b94bc60ea4fef6\"},\"headline\":\"ELETRA participa do desenvolvimento do in\u00e9dito E-delivery, primeiro caminh\u00e3o 100% el\u00e9trico da Volkswagen\",\"datePublished\":\"2017-10-16T10:59:06+00:00\",\"mainEntityOfPage\":{\"@id\":\"https:\\\/\\\/dana.com.br\\\/canaldana\\\/2017\\\/10\\\/16\\\/eletra-participa-do-desenvolvimento-do-inedito-e-delivery-primeiro-caminhao-100-eletrico-da-volkswagen\\\/\"},\"wordCount\":715,\"articleSection\":[\"Mercado\"],\"inLanguage\":\"pt-BR\"},{\"@type\":\"WebPage\",\"@id\":\"https:\\\/\\\/dana.com.br\\\/canaldana\\\/2017\\\/10\\\/16\\\/eletra-participa-do-desenvolvimento-do-inedito-e-delivery-primeiro-caminhao-100-eletrico-da-volkswagen\\\/\",\"url\":\"https:\\\/\\\/dana.com.br\\\/canaldana\\\/2017\\\/10\\\/16\\\/eletra-participa-do-desenvolvimento-do-inedito-e-delivery-primeiro-caminhao-100-eletrico-da-volkswagen\\\/\",\"name\":\"ELETRA participa do desenvolvimento do in\u00e9dito E-delivery, primeiro caminh\u00e3o 100% el\u00e9trico da Volkswagen - Canal Dana\",\"isPartOf\":{\"@id\":\"https:\\\/\\\/dana.com.br\\\/canaldana\\\/#website\"},\"datePublished\":\"2017-10-16T10:59:06+00:00\",\"author\":{\"@id\":\"https:\\\/\\\/dana.com.br\\\/canaldana\\\/#\\\/schema\\\/person\\\/3c21f22f56fcf3bc46b94bc60ea4fef6\"},\"breadcrumb\":{\"@id\":\"https:\\\/\\\/dana.com.br\\\/canaldana\\\/2017\\\/10\\\/16\\\/eletra-participa-do-desenvolvimento-do-inedito-e-delivery-primeiro-caminhao-100-eletrico-da-volkswagen\\\/#breadcrumb\"},\"inLanguage\":\"pt-BR\",\"potentialAction\":[{\"@type\":\"ReadAction\",\"target\":[\"https:\\\/\\\/dana.com.br\\\/canaldana\\\/2017\\\/10\\\/16\\\/eletra-participa-do-desenvolvimento-do-inedito-e-delivery-primeiro-caminhao-100-eletrico-da-volkswagen\\\/\"]}]},{\"@type\":\"BreadcrumbList\",\"@id\":\"https:\\\/\\\/dana.com.br\\\/canaldana\\\/2017\\\/10\\\/16\\\/eletra-participa-do-desenvolvimento-do-inedito-e-delivery-primeiro-caminhao-100-eletrico-da-volkswagen\\\/#breadcrumb\",\"itemListElement\":[{\"@type\":\"ListItem\",\"position\":1,\"name\":\"Home\",\"item\":\"https:\\\/\\\/dana.com.br\\\/canaldana\\\/\"},{\"@type\":\"ListItem\",\"position\":2,\"name\":\"Mercado\",\"item\":\"https:\\\/\\\/dana.com.br\\\/canaldana\\\/mercado\\\/\"},{\"@type\":\"ListItem\",\"position\":3,\"name\":\"ELETRA participa do desenvolvimento do in\u00e9dito E-delivery, primeiro caminh\u00e3o 100% el\u00e9trico da Volkswagen\"}]},{\"@type\":\"WebSite\",\"@id\":\"https:\\\/\\\/dana.com.br\\\/canaldana\\\/#website\",\"url\":\"https:\\\/\\\/dana.com.br\\\/canaldana\\\/\",\"name\":\"Canal Dana\",\"description\":\"Informativo com as principais not\u00edcias da ind\u00fastria automotiva\",\"potentialAction\":[{\"@type\":\"SearchAction\",\"target\":{\"@type\":\"EntryPoint\",\"urlTemplate\":\"https:\\\/\\\/dana.com.br\\\/canaldana\\\/?s={search_term_string}\"},\"query-input\":{\"@type\":\"PropertyValueSpecification\",\"valueRequired\":true,\"valueName\":\"search_term_string\"}}],\"inLanguage\":\"pt-BR\"},{\"@type\":\"Person\",\"@id\":\"https:\\\/\\\/dana.com.br\\\/canaldana\\\/#\\\/schema\\\/person\\\/3c21f22f56fcf3bc46b94bc60ea4fef6\",\"name\":\"Canal Dana\",\"image\":{\"@type\":\"ImageObject\",\"inLanguage\":\"pt-BR\",\"@id\":\"https:\\\/\\\/secure.gravatar.com\\\/avatar\\\/420aaf9278582877d9018637c6817617705899d2858d7572ef0fe59a6b6454b4?s=96&d=mm&r=g\",\"url\":\"https:\\\/\\\/secure.gravatar.com\\\/avatar\\\/420aaf9278582877d9018637c6817617705899d2858d7572ef0fe59a6b6454b4?s=96&d=mm&r=g\",\"contentUrl\":\"https:\\\/\\\/secure.gravatar.com\\\/avatar\\\/420aaf9278582877d9018637c6817617705899d2858d7572ef0fe59a6b6454b4?s=96&d=mm&r=g\",\"caption\":\"Canal Dana\"},\"url\":\"https:\\\/\\\/dana.com.br\\\/canaldana\\\/author\\\/cdeditor\\\/\"}]}<\/script>\n<!-- \/ Yoast SEO plugin. -->","yoast_head_json":{"title":"ELETRA participa do desenvolvimento do in\u00e9dito E-delivery, primeiro caminh\u00e3o 100% el\u00e9trico da Volkswagen - Canal Dana","robots":{"index":"index","follow":"follow","max-snippet":"max-snippet:-1","max-image-preview":"max-image-preview:large","max-video-preview":"max-video-preview:-1"},"canonical":"https:\/\/dana.com.br\/canaldana\/2017\/10\/16\/eletra-participa-do-desenvolvimento-do-inedito-e-delivery-primeiro-caminhao-100-eletrico-da-volkswagen\/","og_locale":"pt_BR","og_type":"article","og_title":"ELETRA participa do desenvolvimento do in\u00e9dito E-delivery, primeiro caminh\u00e3o 100% el\u00e9trico da Volkswagen - Canal Dana","og_description":"Meio Filtrante &nbsp; O caminh\u00e3o E-Delivery &#8211; Emiss\u00e3o Zero, apresentado hoje pela Volkswagen Caminh\u00f5es e \u00d4nibus no primeiro Volkswagen Truck &amp; Bus Innovation Day realizado em Hamburgo, na Alemanha marca um novo cap\u00edtulo na hist\u00f3ria brasileira de transportes de carga por incluir a tecnologia da tra\u00e7\u00e3o el\u00e9trica, que preserva o meio ambiente pela emiss\u00e3o zero\u2026 Leia mais \u00bb","og_url":"https:\/\/dana.com.br\/canaldana\/2017\/10\/16\/eletra-participa-do-desenvolvimento-do-inedito-e-delivery-primeiro-caminhao-100-eletrico-da-volkswagen\/","og_site_name":"Canal Dana","article_published_time":"2017-10-16T10:59:06+00:00","author":"Canal Dana","twitter_card":"summary_large_image","twitter_misc":{"Escrito por":"Canal Dana","Est. tempo de leitura":"4 minutos"},"schema":{"@context":"https:\/\/schema.org","@graph":[{"@type":"Article","@id":"https:\/\/dana.com.br\/canaldana\/2017\/10\/16\/eletra-participa-do-desenvolvimento-do-inedito-e-delivery-primeiro-caminhao-100-eletrico-da-volkswagen\/#article","isPartOf":{"@id":"https:\/\/dana.com.br\/canaldana\/2017\/10\/16\/eletra-participa-do-desenvolvimento-do-inedito-e-delivery-primeiro-caminhao-100-eletrico-da-volkswagen\/"},"author":{"name":"Canal Dana","@id":"https:\/\/dana.com.br\/canaldana\/#\/schema\/person\/3c21f22f56fcf3bc46b94bc60ea4fef6"},"headline":"ELETRA participa do desenvolvimento do in\u00e9dito E-delivery, primeiro caminh\u00e3o 100% el\u00e9trico da Volkswagen","datePublished":"2017-10-16T10:59:06+00:00","mainEntityOfPage":{"@id":"https:\/\/dana.com.br\/canaldana\/2017\/10\/16\/eletra-participa-do-desenvolvimento-do-inedito-e-delivery-primeiro-caminhao-100-eletrico-da-volkswagen\/"},"wordCount":715,"articleSection":["Mercado"],"inLanguage":"pt-BR"},{"@type":"WebPage","@id":"https:\/\/dana.com.br\/canaldana\/2017\/10\/16\/eletra-participa-do-desenvolvimento-do-inedito-e-delivery-primeiro-caminhao-100-eletrico-da-volkswagen\/","url":"https:\/\/dana.com.br\/canaldana\/2017\/10\/16\/eletra-participa-do-desenvolvimento-do-inedito-e-delivery-primeiro-caminhao-100-eletrico-da-volkswagen\/","name":"ELETRA participa do desenvolvimento do in\u00e9dito E-delivery, primeiro caminh\u00e3o 100% el\u00e9trico da Volkswagen - Canal Dana","isPartOf":{"@id":"https:\/\/dana.com.br\/canaldana\/#website"},"datePublished":"2017-10-16T10:59:06+00:00","author":{"@id":"https:\/\/dana.com.br\/canaldana\/#\/schema\/person\/3c21f22f56fcf3bc46b94bc60ea4fef6"},"breadcrumb":{"@id":"https:\/\/dana.com.br\/canaldana\/2017\/10\/16\/eletra-participa-do-desenvolvimento-do-inedito-e-delivery-primeiro-caminhao-100-eletrico-da-volkswagen\/#breadcrumb"},"inLanguage":"pt-BR","potentialAction":[{"@type":"ReadAction","target":["https:\/\/dana.com.br\/canaldana\/2017\/10\/16\/eletra-participa-do-desenvolvimento-do-inedito-e-delivery-primeiro-caminhao-100-eletrico-da-volkswagen\/"]}]},{"@type":"BreadcrumbList","@id":"https:\/\/dana.com.br\/canaldana\/2017\/10\/16\/eletra-participa-do-desenvolvimento-do-inedito-e-delivery-primeiro-caminhao-100-eletrico-da-volkswagen\/#breadcrumb","itemListElement":[{"@type":"ListItem","position":1,"name":"Home","item":"https:\/\/dana.com.br\/canaldana\/"},{"@type":"ListItem","position":2,"name":"Mercado","item":"https:\/\/dana.com.br\/canaldana\/mercado\/"},{"@type":"ListItem","position":3,"name":"ELETRA participa do desenvolvimento do in\u00e9dito E-delivery, primeiro caminh\u00e3o 100% el\u00e9trico da Volkswagen"}]},{"@type":"WebSite","@id":"https:\/\/dana.com.br\/canaldana\/#website","url":"https:\/\/dana.com.br\/canaldana\/","name":"Canal Dana","description":"Informativo com as principais not\u00edcias da ind\u00fastria automotiva","potentialAction":[{"@type":"SearchAction","target":{"@type":"EntryPoint","urlTemplate":"https:\/\/dana.com.br\/canaldana\/?s={search_term_string}"},"query-input":{"@type":"PropertyValueSpecification","valueRequired":true,"valueName":"search_term_string"}}],"inLanguage":"pt-BR"},{"@type":"Person","@id":"https:\/\/dana.com.br\/canaldana\/#\/schema\/person\/3c21f22f56fcf3bc46b94bc60ea4fef6","name":"Canal Dana","image":{"@type":"ImageObject","inLanguage":"pt-BR","@id":"https:\/\/secure.gravatar.com\/avatar\/420aaf9278582877d9018637c6817617705899d2858d7572ef0fe59a6b6454b4?s=96&d=mm&r=g","url":"https:\/\/secure.gravatar.com\/avatar\/420aaf9278582877d9018637c6817617705899d2858d7572ef0fe59a6b6454b4?s=96&d=mm&r=g","contentUrl":"https:\/\/secure.gravatar.com\/avatar\/420aaf9278582877d9018637c6817617705899d2858d7572ef0fe59a6b6454b4?s=96&d=mm&r=g","caption":"Canal Dana"},"url":"https:\/\/dana.com.br\/canaldana\/author\/cdeditor\/"}]}},"_links":{"self":[{"href":"https:\/\/dana.com.br\/canaldana\/wp-json\/wp\/v2\/posts\/20584","targetHints":{"allow":["GET"]}}],"collection":[{"href":"https:\/\/dana.com.br\/canaldana\/wp-json\/wp\/v2\/posts"}],"about":[{"href":"https:\/\/dana.com.br\/canaldana\/wp-json\/wp\/v2\/types\/post"}],"author":[{"embeddable":true,"href":"https:\/\/dana.com.br\/canaldana\/wp-json\/wp\/v2\/users\/3"}],"replies":[{"embeddable":true,"href":"https:\/\/dana.com.br\/canaldana\/wp-json\/wp\/v2\/comments?post=20584"}],"version-history":[{"count":0,"href":"https:\/\/dana.com.br\/canaldana\/wp-json\/wp\/v2\/posts\/20584\/revisions"}],"wp:attachment":[{"href":"https:\/\/dana.com.br\/canaldana\/wp-json\/wp\/v2\/media?parent=20584"}],"wp:term":[{"taxonomy":"category","embeddable":true,"href":"https:\/\/dana.com.br\/canaldana\/wp-json\/wp\/v2\/categories?post=20584"},{"taxonomy":"post_tag","embeddable":true,"href":"https:\/\/dana.com.br\/canaldana\/wp-json\/wp\/v2\/tags?post=20584"}],"curies":[{"name":"wp","href":"https:\/\/api.w.org\/{rel}","templated":true}]}}