{"id":20101,"date":"2017-09-26T08:43:58","date_gmt":"2017-09-26T11:43:58","guid":{"rendered":"http:\/\/dana.com.br\/canaldana\/?p=20101"},"modified":"2017-09-26T08:43:58","modified_gmt":"2017-09-26T11:43:58","slug":"toyota-anuncia-investimento-de-r-1-bilhao-para-a-producao-de-novo-modelo-no-pais","status":"publish","type":"post","link":"https:\/\/dana.com.br\/canaldana\/2017\/09\/26\/toyota-anuncia-investimento-de-r-1-bilhao-para-a-producao-de-novo-modelo-no-pais\/","title":{"rendered":"Toyota anuncia investimento de R$ 1 bilh\u00e3o para a produ\u00e7\u00e3o de novo modelo no Pa\u00eds"},"content":{"rendered":"<p><em>O Estado de S. Paulo\u00a0<\/em><\/p>\n<p>&nbsp;<\/p>\n<p>A Toyota anunciou ontem investimento de R$ 1 bilh\u00e3o na f\u00e1brica do grupo em Sorocaba, interior de S\u00e3o Paulo, para a produ\u00e7\u00e3o do Yaris, modelo de m\u00e9dio porte que vai se posicionar entre o compacto Etios e o sed\u00e3 Corolla. A fabrica\u00e7\u00e3o ter\u00e1 in\u00edcio no segundo semestre de 2018 e vai gerar 500 novos empregos, 200 dos quais pelos fornecedores de componentes que atuam ao redor da planta fabril.<\/p>\n<p>&nbsp;<\/p>\n<p>Esse \u00e9 o segundo an\u00fancio de investimento da marca japonesa em menos de um ano. O anterior foi de R$ 600 milh\u00f5es, para a amplia\u00e7\u00e3o da capacidade produtiva da f\u00e1brica de motores em Porto Feliz (SP), de 108 mil para 174 mil unidades ao ano, a partir de 2019. Desde 2012, o grupo investiu R$ 4,2 bilh\u00f5es no Pa\u00eds.<\/p>\n<p>&nbsp;<\/p>\n<p>O an\u00fancio foi feito na f\u00e1brica de Porto Feliz \u2013 inaugurada em maio do ano passado \u2013, em cerim\u00f4nia que marcou o in\u00edcio das obras de amplia\u00e7\u00e3o da linha, que exigir\u00e1 um novo pr\u00e9dio. Participaram do evento, entre outros, o governador Gerado Alckmin e o secret\u00e1rio do Minist\u00e9rio da Ind\u00fastria, Com\u00e9rcio Exterior e Servi\u00e7os (MDIC), Igor Calvet.<\/p>\n<p>&nbsp;<\/p>\n<p>\u201cA f\u00e1brica de motores, inaugurada no ano passado, \u00e9 a mais moderna do grupo no mundo\u201d, diz o presidente da Toyota no Brasil, Rafael Chang. Ele ressalta que, al\u00e9m dos novos aportes, a empresa \u201cn\u00e3o demitiu nenhum funcion\u00e1rio durante o per\u00edodo de retra\u00e7\u00e3o do mercado\u201d. O grupo emprega atualmente 5.850 trabalhadores em quatro unidades.<\/p>\n<p>&nbsp;<\/p>\n<p>As f\u00e1bricas de Indaiatuba, onde \u00e9 produzido o Corolla, a de Sorocaba, que hoje faz apenas o Etios, e a de motores operam com capacidade plena, em dois turnos, informa Chang, que assumiu o posto no in\u00edcio deste ano. \u201cDependendo da recupera\u00e7\u00e3o do mercado, vamos avaliar se precisaremos de um terceiro turno\u201d.<\/p>\n<p>&nbsp;<\/p>\n<p>O Yaris \u00e9 produzido na China, em Taiwan, na Tail\u00e2ndia e na Fran\u00e7a. No Brasil ser\u00e1 desenvolvida uma nova gera\u00e7\u00e3o do modelo que ainda ser\u00e1 lan\u00e7ada globalmente. Ter\u00e1 vers\u00f5es hatch e sed\u00e3 e ter\u00e1 entre seus principais concorrentes o novo Polo (lan\u00e7ado oficialmente ontem) e o Virtus (que chegar\u00e1 ao mercado no in\u00edcio de 2018), ambos da Volkswagen, e o Argo, lan\u00e7amento recente da Fiat.<\/p>\n<p>&nbsp;<\/p>\n<p><strong>Novo programa<\/strong><\/p>\n<p>&nbsp;<\/p>\n<p>Chang citou ainda as perspectivas com o Rota 2030, novo programa automotivo que substituir\u00e1 o Inovar-Auto. \u201cTenho certeza de que ser\u00e1 ainda mais importante para a ind\u00fastria brasileira, pois trar\u00e1 diretrizes relevantes para o setor focadas em tecnologia e efici\u00eancia energ\u00e9tica, permitindo maior competitividade dos nossos produtos.\u201d<\/p>\n<p>&nbsp;<\/p>\n<p>Apesar de o novo programa favorecer modelos menos poluentes, como o h\u00edbrido Prius, Chang afirma que a produ\u00e7\u00e3o desse modelo ainda n\u00e3o est\u00e1 prevista para o Brasil, embora h\u00e1 estudos de sua viabilidade. \u201cSe pud\u00e9ssemos utilizar ferramental usado, ou mesmo rob\u00f4s usados, talvez fosse vi\u00e1vel\u201d, afirma o presidente do grupo para Am\u00e9rica Latina e Caribe, Steve St. Angelo. \u201cComo o volume de produ\u00e7\u00e3o inicialmente seria baixo, n\u00e3o \u00e9 poss\u00edvel investir agora em novos equipamentos para todo o processo produtivo.\u201d<\/p>\n<p>&nbsp;<\/p>\n<p>De janeiro a agosto a Toyota vendeu no mercado brasileiro 123 mil ve\u00edculos, 3% a mais que em igual per\u00edodo do ano passado. O mercado total de autom\u00f3veis e comerciais leves cresceu 5,9% no per\u00edodo, para 1,382 milh\u00e3o de unidades. A participa\u00e7\u00e3o da marca nas vendas saltou de 3,1% em 2012 para 8,6% neste ano. (O Estado de S. Paulo\/Cleide Silva)<\/p>\n","protected":false},"excerpt":{"rendered":"<p>O Estado de S. Paulo\u00a0 &nbsp; A Toyota anunciou ontem investimento de R$ 1 bilh\u00e3o na f\u00e1brica do grupo em Sorocaba, interior de S\u00e3o Paulo, para a produ\u00e7\u00e3o do Yaris, modelo de m\u00e9dio porte que vai se posicionar entre o compacto Etios e o sed\u00e3 Corolla. A fabrica\u00e7\u00e3o ter\u00e1 in\u00edcio no segundo semestre de 2018\u2026 <a class=\"readmore\" href=\"https:\/\/dana.com.br\/canaldana\/2017\/09\/26\/toyota-anuncia-investimento-de-r-1-bilhao-para-a-producao-de-novo-modelo-no-pais\/\">Leia mais \u00bb<\/a><\/p>\n","protected":false},"author":3,"featured_media":0,"comment_status":"closed","ping_status":"closed","sticky":false,"template":"","format":"standard","meta":{"_acf_changed":false,"footnotes":""},"categories":[61],"tags":[],"class_list":["post-20101","post","type-post","status-publish","format-standard","hentry","category-destaques"],"acf":[],"yoast_head":"<!-- This site is optimized with the Yoast SEO plugin v27.3 - https:\/\/yoast.com\/product\/yoast-seo-wordpress\/ -->\n<title>Toyota anuncia investimento de R$ 1 bilh\u00e3o para a produ\u00e7\u00e3o de novo modelo no Pa\u00eds - Canal Dana<\/title>\n<meta name=\"robots\" content=\"index, follow, max-snippet:-1, max-image-preview:large, max-video-preview:-1\" \/>\n<link rel=\"canonical\" href=\"https:\/\/dana.com.br\/canaldana\/2017\/09\/26\/toyota-anuncia-investimento-de-r-1-bilhao-para-a-producao-de-novo-modelo-no-pais\/\" \/>\n<meta property=\"og:locale\" content=\"pt_BR\" \/>\n<meta property=\"og:type\" content=\"article\" \/>\n<meta property=\"og:title\" content=\"Toyota anuncia investimento de R$ 1 bilh\u00e3o para a produ\u00e7\u00e3o de novo modelo no Pa\u00eds - Canal Dana\" \/>\n<meta property=\"og:description\" content=\"O Estado de S. Paulo\u00a0 &nbsp; A Toyota anunciou ontem investimento de R$ 1 bilh\u00e3o na f\u00e1brica do grupo em Sorocaba, interior de S\u00e3o Paulo, para a produ\u00e7\u00e3o do Yaris, modelo de m\u00e9dio porte que vai se posicionar entre o compacto Etios e o sed\u00e3 Corolla. A fabrica\u00e7\u00e3o ter\u00e1 in\u00edcio no segundo semestre de 2018\u2026 Leia mais \u00bb\" \/>\n<meta property=\"og:url\" content=\"https:\/\/dana.com.br\/canaldana\/2017\/09\/26\/toyota-anuncia-investimento-de-r-1-bilhao-para-a-producao-de-novo-modelo-no-pais\/\" \/>\n<meta property=\"og:site_name\" content=\"Canal Dana\" \/>\n<meta property=\"article:published_time\" content=\"2017-09-26T11:43:58+00:00\" \/>\n<meta name=\"author\" content=\"Canal Dana\" \/>\n<meta name=\"twitter:card\" content=\"summary_large_image\" \/>\n<meta name=\"twitter:label1\" content=\"Escrito por\" \/>\n\t<meta name=\"twitter:data1\" content=\"Canal Dana\" \/>\n\t<meta name=\"twitter:label2\" content=\"Est. tempo de leitura\" \/>\n\t<meta name=\"twitter:data2\" content=\"3 minutos\" \/>\n<script type=\"application\/ld+json\" class=\"yoast-schema-graph\">{\"@context\":\"https:\\\/\\\/schema.org\",\"@graph\":[{\"@type\":\"Article\",\"@id\":\"https:\\\/\\\/dana.com.br\\\/canaldana\\\/2017\\\/09\\\/26\\\/toyota-anuncia-investimento-de-r-1-bilhao-para-a-producao-de-novo-modelo-no-pais\\\/#article\",\"isPartOf\":{\"@id\":\"https:\\\/\\\/dana.com.br\\\/canaldana\\\/2017\\\/09\\\/26\\\/toyota-anuncia-investimento-de-r-1-bilhao-para-a-producao-de-novo-modelo-no-pais\\\/\"},\"author\":{\"name\":\"Canal Dana\",\"@id\":\"https:\\\/\\\/dana.com.br\\\/canaldana\\\/#\\\/schema\\\/person\\\/3c21f22f56fcf3bc46b94bc60ea4fef6\"},\"headline\":\"Toyota anuncia investimento de R$ 1 bilh\u00e3o para a produ\u00e7\u00e3o de novo modelo no Pa\u00eds\",\"datePublished\":\"2017-09-26T11:43:58+00:00\",\"mainEntityOfPage\":{\"@id\":\"https:\\\/\\\/dana.com.br\\\/canaldana\\\/2017\\\/09\\\/26\\\/toyota-anuncia-investimento-de-r-1-bilhao-para-a-producao-de-novo-modelo-no-pais\\\/\"},\"wordCount\":611,\"articleSection\":[\"Destaques\"],\"inLanguage\":\"pt-BR\"},{\"@type\":\"WebPage\",\"@id\":\"https:\\\/\\\/dana.com.br\\\/canaldana\\\/2017\\\/09\\\/26\\\/toyota-anuncia-investimento-de-r-1-bilhao-para-a-producao-de-novo-modelo-no-pais\\\/\",\"url\":\"https:\\\/\\\/dana.com.br\\\/canaldana\\\/2017\\\/09\\\/26\\\/toyota-anuncia-investimento-de-r-1-bilhao-para-a-producao-de-novo-modelo-no-pais\\\/\",\"name\":\"Toyota anuncia investimento de R$ 1 bilh\u00e3o para a produ\u00e7\u00e3o de novo modelo no Pa\u00eds - Canal Dana\",\"isPartOf\":{\"@id\":\"https:\\\/\\\/dana.com.br\\\/canaldana\\\/#website\"},\"datePublished\":\"2017-09-26T11:43:58+00:00\",\"author\":{\"@id\":\"https:\\\/\\\/dana.com.br\\\/canaldana\\\/#\\\/schema\\\/person\\\/3c21f22f56fcf3bc46b94bc60ea4fef6\"},\"breadcrumb\":{\"@id\":\"https:\\\/\\\/dana.com.br\\\/canaldana\\\/2017\\\/09\\\/26\\\/toyota-anuncia-investimento-de-r-1-bilhao-para-a-producao-de-novo-modelo-no-pais\\\/#breadcrumb\"},\"inLanguage\":\"pt-BR\",\"potentialAction\":[{\"@type\":\"ReadAction\",\"target\":[\"https:\\\/\\\/dana.com.br\\\/canaldana\\\/2017\\\/09\\\/26\\\/toyota-anuncia-investimento-de-r-1-bilhao-para-a-producao-de-novo-modelo-no-pais\\\/\"]}]},{\"@type\":\"BreadcrumbList\",\"@id\":\"https:\\\/\\\/dana.com.br\\\/canaldana\\\/2017\\\/09\\\/26\\\/toyota-anuncia-investimento-de-r-1-bilhao-para-a-producao-de-novo-modelo-no-pais\\\/#breadcrumb\",\"itemListElement\":[{\"@type\":\"ListItem\",\"position\":1,\"name\":\"Home\",\"item\":\"https:\\\/\\\/dana.com.br\\\/canaldana\\\/\"},{\"@type\":\"ListItem\",\"position\":2,\"name\":\"Destaques\",\"item\":\"https:\\\/\\\/dana.com.br\\\/canaldana\\\/destaques\\\/\"},{\"@type\":\"ListItem\",\"position\":3,\"name\":\"Toyota anuncia investimento de R$ 1 bilh\u00e3o para a produ\u00e7\u00e3o de novo modelo no Pa\u00eds\"}]},{\"@type\":\"WebSite\",\"@id\":\"https:\\\/\\\/dana.com.br\\\/canaldana\\\/#website\",\"url\":\"https:\\\/\\\/dana.com.br\\\/canaldana\\\/\",\"name\":\"Canal Dana\",\"description\":\"Informativo com as principais not\u00edcias da ind\u00fastria automotiva\",\"potentialAction\":[{\"@type\":\"SearchAction\",\"target\":{\"@type\":\"EntryPoint\",\"urlTemplate\":\"https:\\\/\\\/dana.com.br\\\/canaldana\\\/?s={search_term_string}\"},\"query-input\":{\"@type\":\"PropertyValueSpecification\",\"valueRequired\":true,\"valueName\":\"search_term_string\"}}],\"inLanguage\":\"pt-BR\"},{\"@type\":\"Person\",\"@id\":\"https:\\\/\\\/dana.com.br\\\/canaldana\\\/#\\\/schema\\\/person\\\/3c21f22f56fcf3bc46b94bc60ea4fef6\",\"name\":\"Canal Dana\",\"image\":{\"@type\":\"ImageObject\",\"inLanguage\":\"pt-BR\",\"@id\":\"https:\\\/\\\/secure.gravatar.com\\\/avatar\\\/420aaf9278582877d9018637c6817617705899d2858d7572ef0fe59a6b6454b4?s=96&d=mm&r=g\",\"url\":\"https:\\\/\\\/secure.gravatar.com\\\/avatar\\\/420aaf9278582877d9018637c6817617705899d2858d7572ef0fe59a6b6454b4?s=96&d=mm&r=g\",\"contentUrl\":\"https:\\\/\\\/secure.gravatar.com\\\/avatar\\\/420aaf9278582877d9018637c6817617705899d2858d7572ef0fe59a6b6454b4?s=96&d=mm&r=g\",\"caption\":\"Canal Dana\"},\"url\":\"https:\\\/\\\/dana.com.br\\\/canaldana\\\/author\\\/cdeditor\\\/\"}]}<\/script>\n<!-- \/ Yoast SEO plugin. -->","yoast_head_json":{"title":"Toyota anuncia investimento de R$ 1 bilh\u00e3o para a produ\u00e7\u00e3o de novo modelo no Pa\u00eds - Canal Dana","robots":{"index":"index","follow":"follow","max-snippet":"max-snippet:-1","max-image-preview":"max-image-preview:large","max-video-preview":"max-video-preview:-1"},"canonical":"https:\/\/dana.com.br\/canaldana\/2017\/09\/26\/toyota-anuncia-investimento-de-r-1-bilhao-para-a-producao-de-novo-modelo-no-pais\/","og_locale":"pt_BR","og_type":"article","og_title":"Toyota anuncia investimento de R$ 1 bilh\u00e3o para a produ\u00e7\u00e3o de novo modelo no Pa\u00eds - Canal Dana","og_description":"O Estado de S. Paulo\u00a0 &nbsp; A Toyota anunciou ontem investimento de R$ 1 bilh\u00e3o na f\u00e1brica do grupo em Sorocaba, interior de S\u00e3o Paulo, para a produ\u00e7\u00e3o do Yaris, modelo de m\u00e9dio porte que vai se posicionar entre o compacto Etios e o sed\u00e3 Corolla. A fabrica\u00e7\u00e3o ter\u00e1 in\u00edcio no segundo semestre de 2018\u2026 Leia mais \u00bb","og_url":"https:\/\/dana.com.br\/canaldana\/2017\/09\/26\/toyota-anuncia-investimento-de-r-1-bilhao-para-a-producao-de-novo-modelo-no-pais\/","og_site_name":"Canal Dana","article_published_time":"2017-09-26T11:43:58+00:00","author":"Canal Dana","twitter_card":"summary_large_image","twitter_misc":{"Escrito por":"Canal Dana","Est. tempo de leitura":"3 minutos"},"schema":{"@context":"https:\/\/schema.org","@graph":[{"@type":"Article","@id":"https:\/\/dana.com.br\/canaldana\/2017\/09\/26\/toyota-anuncia-investimento-de-r-1-bilhao-para-a-producao-de-novo-modelo-no-pais\/#article","isPartOf":{"@id":"https:\/\/dana.com.br\/canaldana\/2017\/09\/26\/toyota-anuncia-investimento-de-r-1-bilhao-para-a-producao-de-novo-modelo-no-pais\/"},"author":{"name":"Canal Dana","@id":"https:\/\/dana.com.br\/canaldana\/#\/schema\/person\/3c21f22f56fcf3bc46b94bc60ea4fef6"},"headline":"Toyota anuncia investimento de R$ 1 bilh\u00e3o para a produ\u00e7\u00e3o de novo modelo no Pa\u00eds","datePublished":"2017-09-26T11:43:58+00:00","mainEntityOfPage":{"@id":"https:\/\/dana.com.br\/canaldana\/2017\/09\/26\/toyota-anuncia-investimento-de-r-1-bilhao-para-a-producao-de-novo-modelo-no-pais\/"},"wordCount":611,"articleSection":["Destaques"],"inLanguage":"pt-BR"},{"@type":"WebPage","@id":"https:\/\/dana.com.br\/canaldana\/2017\/09\/26\/toyota-anuncia-investimento-de-r-1-bilhao-para-a-producao-de-novo-modelo-no-pais\/","url":"https:\/\/dana.com.br\/canaldana\/2017\/09\/26\/toyota-anuncia-investimento-de-r-1-bilhao-para-a-producao-de-novo-modelo-no-pais\/","name":"Toyota anuncia investimento de R$ 1 bilh\u00e3o para a produ\u00e7\u00e3o de novo modelo no Pa\u00eds - Canal Dana","isPartOf":{"@id":"https:\/\/dana.com.br\/canaldana\/#website"},"datePublished":"2017-09-26T11:43:58+00:00","author":{"@id":"https:\/\/dana.com.br\/canaldana\/#\/schema\/person\/3c21f22f56fcf3bc46b94bc60ea4fef6"},"breadcrumb":{"@id":"https:\/\/dana.com.br\/canaldana\/2017\/09\/26\/toyota-anuncia-investimento-de-r-1-bilhao-para-a-producao-de-novo-modelo-no-pais\/#breadcrumb"},"inLanguage":"pt-BR","potentialAction":[{"@type":"ReadAction","target":["https:\/\/dana.com.br\/canaldana\/2017\/09\/26\/toyota-anuncia-investimento-de-r-1-bilhao-para-a-producao-de-novo-modelo-no-pais\/"]}]},{"@type":"BreadcrumbList","@id":"https:\/\/dana.com.br\/canaldana\/2017\/09\/26\/toyota-anuncia-investimento-de-r-1-bilhao-para-a-producao-de-novo-modelo-no-pais\/#breadcrumb","itemListElement":[{"@type":"ListItem","position":1,"name":"Home","item":"https:\/\/dana.com.br\/canaldana\/"},{"@type":"ListItem","position":2,"name":"Destaques","item":"https:\/\/dana.com.br\/canaldana\/destaques\/"},{"@type":"ListItem","position":3,"name":"Toyota anuncia investimento de R$ 1 bilh\u00e3o para a produ\u00e7\u00e3o de novo modelo no Pa\u00eds"}]},{"@type":"WebSite","@id":"https:\/\/dana.com.br\/canaldana\/#website","url":"https:\/\/dana.com.br\/canaldana\/","name":"Canal Dana","description":"Informativo com as principais not\u00edcias da ind\u00fastria automotiva","potentialAction":[{"@type":"SearchAction","target":{"@type":"EntryPoint","urlTemplate":"https:\/\/dana.com.br\/canaldana\/?s={search_term_string}"},"query-input":{"@type":"PropertyValueSpecification","valueRequired":true,"valueName":"search_term_string"}}],"inLanguage":"pt-BR"},{"@type":"Person","@id":"https:\/\/dana.com.br\/canaldana\/#\/schema\/person\/3c21f22f56fcf3bc46b94bc60ea4fef6","name":"Canal Dana","image":{"@type":"ImageObject","inLanguage":"pt-BR","@id":"https:\/\/secure.gravatar.com\/avatar\/420aaf9278582877d9018637c6817617705899d2858d7572ef0fe59a6b6454b4?s=96&d=mm&r=g","url":"https:\/\/secure.gravatar.com\/avatar\/420aaf9278582877d9018637c6817617705899d2858d7572ef0fe59a6b6454b4?s=96&d=mm&r=g","contentUrl":"https:\/\/secure.gravatar.com\/avatar\/420aaf9278582877d9018637c6817617705899d2858d7572ef0fe59a6b6454b4?s=96&d=mm&r=g","caption":"Canal Dana"},"url":"https:\/\/dana.com.br\/canaldana\/author\/cdeditor\/"}]}},"_links":{"self":[{"href":"https:\/\/dana.com.br\/canaldana\/wp-json\/wp\/v2\/posts\/20101","targetHints":{"allow":["GET"]}}],"collection":[{"href":"https:\/\/dana.com.br\/canaldana\/wp-json\/wp\/v2\/posts"}],"about":[{"href":"https:\/\/dana.com.br\/canaldana\/wp-json\/wp\/v2\/types\/post"}],"author":[{"embeddable":true,"href":"https:\/\/dana.com.br\/canaldana\/wp-json\/wp\/v2\/users\/3"}],"replies":[{"embeddable":true,"href":"https:\/\/dana.com.br\/canaldana\/wp-json\/wp\/v2\/comments?post=20101"}],"version-history":[{"count":0,"href":"https:\/\/dana.com.br\/canaldana\/wp-json\/wp\/v2\/posts\/20101\/revisions"}],"wp:attachment":[{"href":"https:\/\/dana.com.br\/canaldana\/wp-json\/wp\/v2\/media?parent=20101"}],"wp:term":[{"taxonomy":"category","embeddable":true,"href":"https:\/\/dana.com.br\/canaldana\/wp-json\/wp\/v2\/categories?post=20101"},{"taxonomy":"post_tag","embeddable":true,"href":"https:\/\/dana.com.br\/canaldana\/wp-json\/wp\/v2\/tags?post=20101"}],"curies":[{"name":"wp","href":"https:\/\/api.w.org\/{rel}","templated":true}]}}