{"id":2006,"date":"2015-08-25T08:08:15","date_gmt":"2015-08-25T11:08:15","guid":{"rendered":"http:\/\/dana.com.br\/canaldana\/?p=2006"},"modified":"2015-08-25T08:08:15","modified_gmt":"2015-08-25T11:08:15","slug":"ford-registra-patente-de-carro-autonomo-com-interior-que-vira-quarto-sala","status":"publish","type":"post","link":"https:\/\/dana.com.br\/canaldana\/2015\/08\/25\/ford-registra-patente-de-carro-autonomo-com-interior-que-vira-quarto-sala\/","title":{"rendered":"Ford registra patente de carro aut\u00f4nomo com interior que vira quarto-sala"},"content":{"rendered":"<p><em>Carsale<\/em><\/p>\n<p>&nbsp;<\/p>\n<p>Como demonstrado em v\u00e1rias reportagens nos \u00faltimos meses, o mundo caminha para contar com carros aut\u00f4nomos. V\u00e1rias fabricantes, como Mercedes-Benz, BMW, Audi e Tesla Motos j\u00e1 testam ve\u00edculos que dispensam a presen\u00e7a do motorista. Agora, de acordo com uma patente registrada nos Estados Unidos, quem come\u00e7a a se planejar para este novo momento do mercado \u00e9 a Ford.<\/p>\n<p>&nbsp;<\/p>\n<p>A fabricante americana registrou uma patente onde o interior de um ve\u00edculo aut\u00f4nomo pode se transformar em um quarto ou uma sala de estar, como menciona o documento. Os bancos da frente podem girar 180 graus, ficando de frente para os traseiros. Tamb\u00e9m \u00e9 poss\u00edvel dobrar os bancos dianteiros, criando uma cama com os assentos de tr\u00e1s.<\/p>\n<p>&nbsp;<\/p>\n<p>Para criar ainda mais espa\u00e7o no interior, o volante pode ser escondido dentro do painel. Todas as configura\u00e7\u00f5es podem ser feitas com o ve\u00edculo em movimento. O documento ainda destaca que o carro seria guiado por sensores de condu\u00e7\u00e3o, exigindo apenas que um destino seja selecionado. (Carsale)<\/p>\n","protected":false},"excerpt":{"rendered":"<p>Carsale &nbsp; Como demonstrado em v\u00e1rias reportagens nos \u00faltimos meses, o mundo caminha para contar com carros aut\u00f4nomos. V\u00e1rias fabricantes, como Mercedes-Benz, BMW, Audi e Tesla Motos j\u00e1 testam ve\u00edculos que dispensam a presen\u00e7a do motorista. Agora, de acordo com uma patente registrada nos Estados Unidos, quem come\u00e7a a se planejar para este novo momento\u2026 <a class=\"readmore\" href=\"https:\/\/dana.com.br\/canaldana\/2015\/08\/25\/ford-registra-patente-de-carro-autonomo-com-interior-que-vira-quarto-sala\/\">Leia mais \u00bb<\/a><\/p>\n","protected":false},"author":3,"featured_media":0,"comment_status":"closed","ping_status":"closed","sticky":false,"template":"","format":"standard","meta":{"_acf_changed":false,"footnotes":""},"categories":[79],"tags":[],"class_list":["post-2006","post","type-post","status-publish","format-standard","hentry","category-mercado"],"acf":[],"yoast_head":"<!-- This site is optimized with the Yoast SEO plugin v27.3 - https:\/\/yoast.com\/product\/yoast-seo-wordpress\/ -->\n<title>Ford registra patente de carro aut\u00f4nomo com interior que vira quarto-sala - Canal Dana<\/title>\n<meta name=\"robots\" content=\"index, follow, max-snippet:-1, max-image-preview:large, max-video-preview:-1\" \/>\n<link rel=\"canonical\" href=\"https:\/\/dana.com.br\/canaldana\/2015\/08\/25\/ford-registra-patente-de-carro-autonomo-com-interior-que-vira-quarto-sala\/\" \/>\n<meta property=\"og:locale\" content=\"pt_BR\" \/>\n<meta property=\"og:type\" content=\"article\" \/>\n<meta property=\"og:title\" content=\"Ford registra patente de carro aut\u00f4nomo com interior que vira quarto-sala - Canal Dana\" \/>\n<meta property=\"og:description\" content=\"Carsale &nbsp; Como demonstrado em v\u00e1rias reportagens nos \u00faltimos meses, o mundo caminha para contar com carros aut\u00f4nomos. V\u00e1rias fabricantes, como Mercedes-Benz, BMW, Audi e Tesla Motos j\u00e1 testam ve\u00edculos que dispensam a presen\u00e7a do motorista. Agora, de acordo com uma patente registrada nos Estados Unidos, quem come\u00e7a a se planejar para este novo momento\u2026 Leia mais \u00bb\" \/>\n<meta property=\"og:url\" content=\"https:\/\/dana.com.br\/canaldana\/2015\/08\/25\/ford-registra-patente-de-carro-autonomo-com-interior-que-vira-quarto-sala\/\" \/>\n<meta property=\"og:site_name\" content=\"Canal Dana\" \/>\n<meta property=\"article:published_time\" content=\"2015-08-25T11:08:15+00:00\" \/>\n<meta name=\"author\" content=\"Canal Dana\" \/>\n<meta name=\"twitter:card\" content=\"summary_large_image\" \/>\n<meta name=\"twitter:label1\" content=\"Escrito por\" \/>\n\t<meta name=\"twitter:data1\" content=\"Canal Dana\" \/>\n\t<meta name=\"twitter:label2\" content=\"Est. tempo de leitura\" \/>\n\t<meta name=\"twitter:data2\" content=\"1 minuto\" \/>\n<script type=\"application\/ld+json\" class=\"yoast-schema-graph\">{\"@context\":\"https:\\\/\\\/schema.org\",\"@graph\":[{\"@type\":\"Article\",\"@id\":\"https:\\\/\\\/dana.com.br\\\/canaldana\\\/2015\\\/08\\\/25\\\/ford-registra-patente-de-carro-autonomo-com-interior-que-vira-quarto-sala\\\/#article\",\"isPartOf\":{\"@id\":\"https:\\\/\\\/dana.com.br\\\/canaldana\\\/2015\\\/08\\\/25\\\/ford-registra-patente-de-carro-autonomo-com-interior-que-vira-quarto-sala\\\/\"},\"author\":{\"name\":\"Canal Dana\",\"@id\":\"https:\\\/\\\/dana.com.br\\\/canaldana\\\/#\\\/schema\\\/person\\\/3c21f22f56fcf3bc46b94bc60ea4fef6\"},\"headline\":\"Ford registra patente de carro aut\u00f4nomo com interior que vira quarto-sala\",\"datePublished\":\"2015-08-25T11:08:15+00:00\",\"mainEntityOfPage\":{\"@id\":\"https:\\\/\\\/dana.com.br\\\/canaldana\\\/2015\\\/08\\\/25\\\/ford-registra-patente-de-carro-autonomo-com-interior-que-vira-quarto-sala\\\/\"},\"wordCount\":190,\"articleSection\":[\"Mercado\"],\"inLanguage\":\"pt-BR\"},{\"@type\":\"WebPage\",\"@id\":\"https:\\\/\\\/dana.com.br\\\/canaldana\\\/2015\\\/08\\\/25\\\/ford-registra-patente-de-carro-autonomo-com-interior-que-vira-quarto-sala\\\/\",\"url\":\"https:\\\/\\\/dana.com.br\\\/canaldana\\\/2015\\\/08\\\/25\\\/ford-registra-patente-de-carro-autonomo-com-interior-que-vira-quarto-sala\\\/\",\"name\":\"Ford registra patente de carro aut\u00f4nomo com interior que vira quarto-sala - Canal Dana\",\"isPartOf\":{\"@id\":\"https:\\\/\\\/dana.com.br\\\/canaldana\\\/#website\"},\"datePublished\":\"2015-08-25T11:08:15+00:00\",\"author\":{\"@id\":\"https:\\\/\\\/dana.com.br\\\/canaldana\\\/#\\\/schema\\\/person\\\/3c21f22f56fcf3bc46b94bc60ea4fef6\"},\"breadcrumb\":{\"@id\":\"https:\\\/\\\/dana.com.br\\\/canaldana\\\/2015\\\/08\\\/25\\\/ford-registra-patente-de-carro-autonomo-com-interior-que-vira-quarto-sala\\\/#breadcrumb\"},\"inLanguage\":\"pt-BR\",\"potentialAction\":[{\"@type\":\"ReadAction\",\"target\":[\"https:\\\/\\\/dana.com.br\\\/canaldana\\\/2015\\\/08\\\/25\\\/ford-registra-patente-de-carro-autonomo-com-interior-que-vira-quarto-sala\\\/\"]}]},{\"@type\":\"BreadcrumbList\",\"@id\":\"https:\\\/\\\/dana.com.br\\\/canaldana\\\/2015\\\/08\\\/25\\\/ford-registra-patente-de-carro-autonomo-com-interior-que-vira-quarto-sala\\\/#breadcrumb\",\"itemListElement\":[{\"@type\":\"ListItem\",\"position\":1,\"name\":\"Home\",\"item\":\"https:\\\/\\\/dana.com.br\\\/canaldana\\\/\"},{\"@type\":\"ListItem\",\"position\":2,\"name\":\"Mercado\",\"item\":\"https:\\\/\\\/dana.com.br\\\/canaldana\\\/mercado\\\/\"},{\"@type\":\"ListItem\",\"position\":3,\"name\":\"Ford registra patente de carro aut\u00f4nomo com interior que vira quarto-sala\"}]},{\"@type\":\"WebSite\",\"@id\":\"https:\\\/\\\/dana.com.br\\\/canaldana\\\/#website\",\"url\":\"https:\\\/\\\/dana.com.br\\\/canaldana\\\/\",\"name\":\"Canal Dana\",\"description\":\"Informativo com as principais not\u00edcias da ind\u00fastria automotiva\",\"potentialAction\":[{\"@type\":\"SearchAction\",\"target\":{\"@type\":\"EntryPoint\",\"urlTemplate\":\"https:\\\/\\\/dana.com.br\\\/canaldana\\\/?s={search_term_string}\"},\"query-input\":{\"@type\":\"PropertyValueSpecification\",\"valueRequired\":true,\"valueName\":\"search_term_string\"}}],\"inLanguage\":\"pt-BR\"},{\"@type\":\"Person\",\"@id\":\"https:\\\/\\\/dana.com.br\\\/canaldana\\\/#\\\/schema\\\/person\\\/3c21f22f56fcf3bc46b94bc60ea4fef6\",\"name\":\"Canal Dana\",\"image\":{\"@type\":\"ImageObject\",\"inLanguage\":\"pt-BR\",\"@id\":\"https:\\\/\\\/secure.gravatar.com\\\/avatar\\\/420aaf9278582877d9018637c6817617705899d2858d7572ef0fe59a6b6454b4?s=96&d=mm&r=g\",\"url\":\"https:\\\/\\\/secure.gravatar.com\\\/avatar\\\/420aaf9278582877d9018637c6817617705899d2858d7572ef0fe59a6b6454b4?s=96&d=mm&r=g\",\"contentUrl\":\"https:\\\/\\\/secure.gravatar.com\\\/avatar\\\/420aaf9278582877d9018637c6817617705899d2858d7572ef0fe59a6b6454b4?s=96&d=mm&r=g\",\"caption\":\"Canal Dana\"},\"url\":\"https:\\\/\\\/dana.com.br\\\/canaldana\\\/author\\\/cdeditor\\\/\"}]}<\/script>\n<!-- \/ Yoast SEO plugin. -->","yoast_head_json":{"title":"Ford registra patente de carro aut\u00f4nomo com interior que vira quarto-sala - Canal Dana","robots":{"index":"index","follow":"follow","max-snippet":"max-snippet:-1","max-image-preview":"max-image-preview:large","max-video-preview":"max-video-preview:-1"},"canonical":"https:\/\/dana.com.br\/canaldana\/2015\/08\/25\/ford-registra-patente-de-carro-autonomo-com-interior-que-vira-quarto-sala\/","og_locale":"pt_BR","og_type":"article","og_title":"Ford registra patente de carro aut\u00f4nomo com interior que vira quarto-sala - Canal Dana","og_description":"Carsale &nbsp; Como demonstrado em v\u00e1rias reportagens nos \u00faltimos meses, o mundo caminha para contar com carros aut\u00f4nomos. V\u00e1rias fabricantes, como Mercedes-Benz, BMW, Audi e Tesla Motos j\u00e1 testam ve\u00edculos que dispensam a presen\u00e7a do motorista. Agora, de acordo com uma patente registrada nos Estados Unidos, quem come\u00e7a a se planejar para este novo momento\u2026 Leia mais \u00bb","og_url":"https:\/\/dana.com.br\/canaldana\/2015\/08\/25\/ford-registra-patente-de-carro-autonomo-com-interior-que-vira-quarto-sala\/","og_site_name":"Canal Dana","article_published_time":"2015-08-25T11:08:15+00:00","author":"Canal Dana","twitter_card":"summary_large_image","twitter_misc":{"Escrito por":"Canal Dana","Est. tempo de leitura":"1 minuto"},"schema":{"@context":"https:\/\/schema.org","@graph":[{"@type":"Article","@id":"https:\/\/dana.com.br\/canaldana\/2015\/08\/25\/ford-registra-patente-de-carro-autonomo-com-interior-que-vira-quarto-sala\/#article","isPartOf":{"@id":"https:\/\/dana.com.br\/canaldana\/2015\/08\/25\/ford-registra-patente-de-carro-autonomo-com-interior-que-vira-quarto-sala\/"},"author":{"name":"Canal Dana","@id":"https:\/\/dana.com.br\/canaldana\/#\/schema\/person\/3c21f22f56fcf3bc46b94bc60ea4fef6"},"headline":"Ford registra patente de carro aut\u00f4nomo com interior que vira quarto-sala","datePublished":"2015-08-25T11:08:15+00:00","mainEntityOfPage":{"@id":"https:\/\/dana.com.br\/canaldana\/2015\/08\/25\/ford-registra-patente-de-carro-autonomo-com-interior-que-vira-quarto-sala\/"},"wordCount":190,"articleSection":["Mercado"],"inLanguage":"pt-BR"},{"@type":"WebPage","@id":"https:\/\/dana.com.br\/canaldana\/2015\/08\/25\/ford-registra-patente-de-carro-autonomo-com-interior-que-vira-quarto-sala\/","url":"https:\/\/dana.com.br\/canaldana\/2015\/08\/25\/ford-registra-patente-de-carro-autonomo-com-interior-que-vira-quarto-sala\/","name":"Ford registra patente de carro aut\u00f4nomo com interior que vira quarto-sala - Canal Dana","isPartOf":{"@id":"https:\/\/dana.com.br\/canaldana\/#website"},"datePublished":"2015-08-25T11:08:15+00:00","author":{"@id":"https:\/\/dana.com.br\/canaldana\/#\/schema\/person\/3c21f22f56fcf3bc46b94bc60ea4fef6"},"breadcrumb":{"@id":"https:\/\/dana.com.br\/canaldana\/2015\/08\/25\/ford-registra-patente-de-carro-autonomo-com-interior-que-vira-quarto-sala\/#breadcrumb"},"inLanguage":"pt-BR","potentialAction":[{"@type":"ReadAction","target":["https:\/\/dana.com.br\/canaldana\/2015\/08\/25\/ford-registra-patente-de-carro-autonomo-com-interior-que-vira-quarto-sala\/"]}]},{"@type":"BreadcrumbList","@id":"https:\/\/dana.com.br\/canaldana\/2015\/08\/25\/ford-registra-patente-de-carro-autonomo-com-interior-que-vira-quarto-sala\/#breadcrumb","itemListElement":[{"@type":"ListItem","position":1,"name":"Home","item":"https:\/\/dana.com.br\/canaldana\/"},{"@type":"ListItem","position":2,"name":"Mercado","item":"https:\/\/dana.com.br\/canaldana\/mercado\/"},{"@type":"ListItem","position":3,"name":"Ford registra patente de carro aut\u00f4nomo com interior que vira quarto-sala"}]},{"@type":"WebSite","@id":"https:\/\/dana.com.br\/canaldana\/#website","url":"https:\/\/dana.com.br\/canaldana\/","name":"Canal Dana","description":"Informativo com as principais not\u00edcias da ind\u00fastria automotiva","potentialAction":[{"@type":"SearchAction","target":{"@type":"EntryPoint","urlTemplate":"https:\/\/dana.com.br\/canaldana\/?s={search_term_string}"},"query-input":{"@type":"PropertyValueSpecification","valueRequired":true,"valueName":"search_term_string"}}],"inLanguage":"pt-BR"},{"@type":"Person","@id":"https:\/\/dana.com.br\/canaldana\/#\/schema\/person\/3c21f22f56fcf3bc46b94bc60ea4fef6","name":"Canal Dana","image":{"@type":"ImageObject","inLanguage":"pt-BR","@id":"https:\/\/secure.gravatar.com\/avatar\/420aaf9278582877d9018637c6817617705899d2858d7572ef0fe59a6b6454b4?s=96&d=mm&r=g","url":"https:\/\/secure.gravatar.com\/avatar\/420aaf9278582877d9018637c6817617705899d2858d7572ef0fe59a6b6454b4?s=96&d=mm&r=g","contentUrl":"https:\/\/secure.gravatar.com\/avatar\/420aaf9278582877d9018637c6817617705899d2858d7572ef0fe59a6b6454b4?s=96&d=mm&r=g","caption":"Canal Dana"},"url":"https:\/\/dana.com.br\/canaldana\/author\/cdeditor\/"}]}},"_links":{"self":[{"href":"https:\/\/dana.com.br\/canaldana\/wp-json\/wp\/v2\/posts\/2006","targetHints":{"allow":["GET"]}}],"collection":[{"href":"https:\/\/dana.com.br\/canaldana\/wp-json\/wp\/v2\/posts"}],"about":[{"href":"https:\/\/dana.com.br\/canaldana\/wp-json\/wp\/v2\/types\/post"}],"author":[{"embeddable":true,"href":"https:\/\/dana.com.br\/canaldana\/wp-json\/wp\/v2\/users\/3"}],"replies":[{"embeddable":true,"href":"https:\/\/dana.com.br\/canaldana\/wp-json\/wp\/v2\/comments?post=2006"}],"version-history":[{"count":0,"href":"https:\/\/dana.com.br\/canaldana\/wp-json\/wp\/v2\/posts\/2006\/revisions"}],"wp:attachment":[{"href":"https:\/\/dana.com.br\/canaldana\/wp-json\/wp\/v2\/media?parent=2006"}],"wp:term":[{"taxonomy":"category","embeddable":true,"href":"https:\/\/dana.com.br\/canaldana\/wp-json\/wp\/v2\/categories?post=2006"},{"taxonomy":"post_tag","embeddable":true,"href":"https:\/\/dana.com.br\/canaldana\/wp-json\/wp\/v2\/tags?post=2006"}],"curies":[{"name":"wp","href":"https:\/\/api.w.org\/{rel}","templated":true}]}}