{"id":19861,"date":"2017-09-15T08:09:06","date_gmt":"2017-09-15T11:09:06","guid":{"rendered":"http:\/\/dana.com.br\/canaldana\/?p=19861"},"modified":"2017-09-15T08:09:42","modified_gmt":"2017-09-15T11:09:42","slug":"volkswagen-caminhoes-ve-retomada-de-mercado-e-ingressa-em-novo-segmento-com-familia-de-leves","status":"publish","type":"post","link":"https:\/\/dana.com.br\/canaldana\/2017\/09\/15\/volkswagen-caminhoes-ve-retomada-de-mercado-e-ingressa-em-novo-segmento-com-familia-de-leves\/","title":{"rendered":"Volkswagen Caminh\u00f5es v\u00ea retomada de mercado e ingressa em novo segmento com fam\u00edlia de leves"},"content":{"rendered":"<p><em>Reuters<\/em><\/p>\n<p>&nbsp;<\/p>\n<p>A Volkswagen Caminh\u00f5es e \u00d4nibus espera que o mercado brasileiro de ve\u00edculos comerciais mantenha tend\u00eancia de recupera\u00e7\u00e3o at\u00e9 o final deste ano, caminhando para interromper um ciclo de quatro anos de quedas em um momento em que a empresa ingressa na base do segmento de leves com uma nova fam\u00edlia de produtos.<\/p>\n<p>&nbsp;<\/p>\n<p>A companhia, que disputa a lideran\u00e7a do mercado brasileiro de caminh\u00f5es com a Mercedes-Benz, anunciou nesta quarta-feira lan\u00e7amento de fam\u00edlia de caminh\u00f5es formada por seis modelos e que \u00e9 direcionada para atender um setor respons\u00e1vel por cerca de 30% das vendas de caminh\u00f5es no pa\u00eds.<\/p>\n<p>&nbsp;<\/p>\n<p>O lan\u00e7amento \u00e9 resultado de investimento de 1 bilh\u00e3o de reais no projeto iniciado em 2011 e considerado pelo presidente da companhia na Am\u00e9rica Latina, Roberto Cortes, como o mais importante j\u00e1 realizado pelo grupo.<\/p>\n<p>&nbsp;<\/p>\n<p>&#8220;\u00c9 dif\u00edcil fazer neg\u00f3cio em um pa\u00eds com instabilidade pol\u00edtica, mas existe uma cren\u00e7a de que estamos no caminho certo&#8230;A ind\u00fastria come\u00e7ou o ano com queda de 30% nas vendas sobre um ano antes, mas come\u00e7ou a melhorar com as vendas saindo de 155 caminh\u00f5es e \u00f4nibus por dia no pa\u00eds em janeiro para 270 em julho, quase o dobro&#8221;, disse Cortes.<\/p>\n<p>&nbsp;<\/p>\n<p>Segundo ele, mesmo que as vendas n\u00e3o cres\u00e7am significativamente este ano, &#8220;em 2018 tudo aponta para que o rumo seja positivo, com aprova\u00e7\u00e3o de reformas e ambiente de neg\u00f3cios melhor. E, em 2019, teremos recupera\u00e7\u00e3o&#8221;, disse Cortes, acrescentando que a proje\u00e7\u00e3o de investimento da empresa para o per\u00edodo de 2017 a 2021 \u00e9 de 1,5 bilh\u00e3o de reais.<\/p>\n<p>&nbsp;<\/p>\n<p>Neste m\u00eas, a associa\u00e7\u00e3o de montadoras, Anfavea, cortou a estimativa para as vendas de ve\u00edculos pesados, que incluem caminh\u00f5es, em 2017 para uma alta de 3,6%, a 64 mil unidades. A proje\u00e7\u00e3o inicial previa crescimento de 6,4%.<\/p>\n<p>&nbsp;<\/p>\n<p>A ind\u00fastria de caminh\u00f5es do Brasil, um term\u00f4metro do n\u00edvel de investimento na economia do pa\u00eds, teve vendas de 140 mil ve\u00edculos em 2014, caindo a 51 mil em 2016. No caso da Volkswagen Caminh\u00f5es e \u00d4nibus, a empresa come\u00e7ou este ano trabalhando apenas um turno durante quatro dias por semana na f\u00e1brica em Resende (RJ), ritmo que em agosto passou a 5 dias por semana e tr\u00eas s\u00e1bados por m\u00eas, disse Cortes.<\/p>\n<p>&nbsp;<\/p>\n<p>O executivo afirmou que a nova fam\u00edlia de ve\u00edculos foi lan\u00e7ada para atender mudan\u00e7as nas tend\u00eancias de entregas de produtos no pa\u00eds causadas pela forte expans\u00e3o do com\u00e9rcio eletr\u00f4nico e dificuldades pr\u00f3prias de locomo\u00e7\u00e3o nos grandes centros brasileiros.<\/p>\n<p>&nbsp;<\/p>\n<p>O modelo mais leve da fam\u00edlia, com 3,5 toneladas de peso bruto total, pode ser conduzido por motoristas com habilita\u00e7\u00e3o para conduzir autom\u00f3veis e dever\u00e1 entrar em competi\u00e7\u00e3o direta com modelos populares no pa\u00eds de montadoras asi\u00e1ticas como a Hyundai.<\/p>\n<p>&nbsp;<\/p>\n<p>Segundo Cortes, os novos modelos foram desenvolvidos no Brasil e Alemanha para atender mercados emergentes, mas o foco por enquanto \u00e9 no brasileiro e no latino-americano. A fam\u00edlia de caminh\u00f5es leves dever\u00e1 ajudar a empresa a cumprir a meta de dobrar a participa\u00e7\u00e3o de suas exporta\u00e7\u00f5es no total de vendas de 15% para 30% nos pr\u00f3ximos dois a tr\u00eas anos, disse o executivo.<\/p>\n<p>&nbsp;<\/p>\n<p>Ele acrescentou que os modelos &#8220;serviriam para a \u00c1sia, mas \u00e9 uma quest\u00e3o de se fazer a conta de retorno&#8230;\u00c9 um projeto para pa\u00edses emergentes&#8221;. (Reuters\/Alberto Alerigi Jr.)<\/p>\n","protected":false},"excerpt":{"rendered":"<p>Reuters &nbsp; A Volkswagen Caminh\u00f5es e \u00d4nibus espera que o mercado brasileiro de ve\u00edculos comerciais mantenha tend\u00eancia de recupera\u00e7\u00e3o at\u00e9 o final deste ano, caminhando para interromper um ciclo de quatro anos de quedas em um momento em que a empresa ingressa na base do segmento de leves com uma nova fam\u00edlia de produtos. &nbsp;\u2026 <a class=\"readmore\" href=\"https:\/\/dana.com.br\/canaldana\/2017\/09\/15\/volkswagen-caminhoes-ve-retomada-de-mercado-e-ingressa-em-novo-segmento-com-familia-de-leves\/\">Leia mais \u00bb<\/a><\/p>\n","protected":false},"author":3,"featured_media":0,"comment_status":"closed","ping_status":"closed","sticky":false,"template":"","format":"standard","meta":{"_acf_changed":false,"footnotes":""},"categories":[61,1],"tags":[],"class_list":["post-19861","post","type-post","status-publish","format-standard","hentry","category-destaques","category-sin-categoria"],"acf":[],"yoast_head":"<!-- This site is optimized with the Yoast SEO plugin v27.3 - https:\/\/yoast.com\/product\/yoast-seo-wordpress\/ -->\n<title>Volkswagen Caminh\u00f5es v\u00ea retomada de mercado e ingressa em novo segmento com fam\u00edlia de leves - Canal Dana<\/title>\n<meta name=\"robots\" content=\"index, follow, max-snippet:-1, max-image-preview:large, max-video-preview:-1\" \/>\n<link rel=\"canonical\" href=\"https:\/\/dana.com.br\/canaldana\/2017\/09\/15\/volkswagen-caminhoes-ve-retomada-de-mercado-e-ingressa-em-novo-segmento-com-familia-de-leves\/\" \/>\n<meta property=\"og:locale\" content=\"pt_BR\" \/>\n<meta property=\"og:type\" content=\"article\" \/>\n<meta property=\"og:title\" content=\"Volkswagen Caminh\u00f5es v\u00ea retomada de mercado e ingressa em novo segmento com fam\u00edlia de leves - Canal Dana\" \/>\n<meta property=\"og:description\" content=\"Reuters &nbsp; A Volkswagen Caminh\u00f5es e \u00d4nibus espera que o mercado brasileiro de ve\u00edculos comerciais mantenha tend\u00eancia de recupera\u00e7\u00e3o at\u00e9 o final deste ano, caminhando para interromper um ciclo de quatro anos de quedas em um momento em que a empresa ingressa na base do segmento de leves com uma nova fam\u00edlia de produtos. &nbsp;\u2026 Leia mais \u00bb\" \/>\n<meta property=\"og:url\" content=\"https:\/\/dana.com.br\/canaldana\/2017\/09\/15\/volkswagen-caminhoes-ve-retomada-de-mercado-e-ingressa-em-novo-segmento-com-familia-de-leves\/\" \/>\n<meta property=\"og:site_name\" content=\"Canal Dana\" \/>\n<meta property=\"article:published_time\" content=\"2017-09-15T11:09:06+00:00\" \/>\n<meta property=\"article:modified_time\" content=\"2017-09-15T11:09:42+00:00\" \/>\n<meta name=\"author\" content=\"Canal Dana\" \/>\n<meta name=\"twitter:card\" content=\"summary_large_image\" \/>\n<meta name=\"twitter:label1\" content=\"Escrito por\" \/>\n\t<meta name=\"twitter:data1\" content=\"Canal Dana\" \/>\n\t<meta name=\"twitter:label2\" content=\"Est. tempo de leitura\" \/>\n\t<meta name=\"twitter:data2\" content=\"3 minutos\" \/>\n<script type=\"application\/ld+json\" class=\"yoast-schema-graph\">{\"@context\":\"https:\\\/\\\/schema.org\",\"@graph\":[{\"@type\":\"Article\",\"@id\":\"https:\\\/\\\/dana.com.br\\\/canaldana\\\/2017\\\/09\\\/15\\\/volkswagen-caminhoes-ve-retomada-de-mercado-e-ingressa-em-novo-segmento-com-familia-de-leves\\\/#article\",\"isPartOf\":{\"@id\":\"https:\\\/\\\/dana.com.br\\\/canaldana\\\/2017\\\/09\\\/15\\\/volkswagen-caminhoes-ve-retomada-de-mercado-e-ingressa-em-novo-segmento-com-familia-de-leves\\\/\"},\"author\":{\"name\":\"Canal Dana\",\"@id\":\"https:\\\/\\\/dana.com.br\\\/canaldana\\\/#\\\/schema\\\/person\\\/3c21f22f56fcf3bc46b94bc60ea4fef6\"},\"headline\":\"Volkswagen Caminh\u00f5es v\u00ea retomada de mercado e ingressa em novo segmento com fam\u00edlia de leves\",\"datePublished\":\"2017-09-15T11:09:06+00:00\",\"dateModified\":\"2017-09-15T11:09:42+00:00\",\"mainEntityOfPage\":{\"@id\":\"https:\\\/\\\/dana.com.br\\\/canaldana\\\/2017\\\/09\\\/15\\\/volkswagen-caminhoes-ve-retomada-de-mercado-e-ingressa-em-novo-segmento-com-familia-de-leves\\\/\"},\"wordCount\":609,\"articleSection\":[\"Destaques\",\"Sin categor\u00eda\"],\"inLanguage\":\"pt-BR\"},{\"@type\":\"WebPage\",\"@id\":\"https:\\\/\\\/dana.com.br\\\/canaldana\\\/2017\\\/09\\\/15\\\/volkswagen-caminhoes-ve-retomada-de-mercado-e-ingressa-em-novo-segmento-com-familia-de-leves\\\/\",\"url\":\"https:\\\/\\\/dana.com.br\\\/canaldana\\\/2017\\\/09\\\/15\\\/volkswagen-caminhoes-ve-retomada-de-mercado-e-ingressa-em-novo-segmento-com-familia-de-leves\\\/\",\"name\":\"Volkswagen Caminh\u00f5es v\u00ea retomada de mercado e ingressa em novo segmento com fam\u00edlia de leves - Canal Dana\",\"isPartOf\":{\"@id\":\"https:\\\/\\\/dana.com.br\\\/canaldana\\\/#website\"},\"datePublished\":\"2017-09-15T11:09:06+00:00\",\"dateModified\":\"2017-09-15T11:09:42+00:00\",\"author\":{\"@id\":\"https:\\\/\\\/dana.com.br\\\/canaldana\\\/#\\\/schema\\\/person\\\/3c21f22f56fcf3bc46b94bc60ea4fef6\"},\"breadcrumb\":{\"@id\":\"https:\\\/\\\/dana.com.br\\\/canaldana\\\/2017\\\/09\\\/15\\\/volkswagen-caminhoes-ve-retomada-de-mercado-e-ingressa-em-novo-segmento-com-familia-de-leves\\\/#breadcrumb\"},\"inLanguage\":\"pt-BR\",\"potentialAction\":[{\"@type\":\"ReadAction\",\"target\":[\"https:\\\/\\\/dana.com.br\\\/canaldana\\\/2017\\\/09\\\/15\\\/volkswagen-caminhoes-ve-retomada-de-mercado-e-ingressa-em-novo-segmento-com-familia-de-leves\\\/\"]}]},{\"@type\":\"BreadcrumbList\",\"@id\":\"https:\\\/\\\/dana.com.br\\\/canaldana\\\/2017\\\/09\\\/15\\\/volkswagen-caminhoes-ve-retomada-de-mercado-e-ingressa-em-novo-segmento-com-familia-de-leves\\\/#breadcrumb\",\"itemListElement\":[{\"@type\":\"ListItem\",\"position\":1,\"name\":\"Home\",\"item\":\"https:\\\/\\\/dana.com.br\\\/canaldana\\\/\"},{\"@type\":\"ListItem\",\"position\":2,\"name\":\"Destaques\",\"item\":\"https:\\\/\\\/dana.com.br\\\/canaldana\\\/destaques\\\/\"},{\"@type\":\"ListItem\",\"position\":3,\"name\":\"Volkswagen Caminh\u00f5es v\u00ea retomada de mercado e ingressa em novo segmento com fam\u00edlia de leves\"}]},{\"@type\":\"WebSite\",\"@id\":\"https:\\\/\\\/dana.com.br\\\/canaldana\\\/#website\",\"url\":\"https:\\\/\\\/dana.com.br\\\/canaldana\\\/\",\"name\":\"Canal Dana\",\"description\":\"Informativo com as principais not\u00edcias da ind\u00fastria automotiva\",\"potentialAction\":[{\"@type\":\"SearchAction\",\"target\":{\"@type\":\"EntryPoint\",\"urlTemplate\":\"https:\\\/\\\/dana.com.br\\\/canaldana\\\/?s={search_term_string}\"},\"query-input\":{\"@type\":\"PropertyValueSpecification\",\"valueRequired\":true,\"valueName\":\"search_term_string\"}}],\"inLanguage\":\"pt-BR\"},{\"@type\":\"Person\",\"@id\":\"https:\\\/\\\/dana.com.br\\\/canaldana\\\/#\\\/schema\\\/person\\\/3c21f22f56fcf3bc46b94bc60ea4fef6\",\"name\":\"Canal Dana\",\"image\":{\"@type\":\"ImageObject\",\"inLanguage\":\"pt-BR\",\"@id\":\"https:\\\/\\\/secure.gravatar.com\\\/avatar\\\/420aaf9278582877d9018637c6817617705899d2858d7572ef0fe59a6b6454b4?s=96&d=mm&r=g\",\"url\":\"https:\\\/\\\/secure.gravatar.com\\\/avatar\\\/420aaf9278582877d9018637c6817617705899d2858d7572ef0fe59a6b6454b4?s=96&d=mm&r=g\",\"contentUrl\":\"https:\\\/\\\/secure.gravatar.com\\\/avatar\\\/420aaf9278582877d9018637c6817617705899d2858d7572ef0fe59a6b6454b4?s=96&d=mm&r=g\",\"caption\":\"Canal Dana\"},\"url\":\"https:\\\/\\\/dana.com.br\\\/canaldana\\\/author\\\/cdeditor\\\/\"}]}<\/script>\n<!-- \/ Yoast SEO plugin. -->","yoast_head_json":{"title":"Volkswagen Caminh\u00f5es v\u00ea retomada de mercado e ingressa em novo segmento com fam\u00edlia de leves - Canal Dana","robots":{"index":"index","follow":"follow","max-snippet":"max-snippet:-1","max-image-preview":"max-image-preview:large","max-video-preview":"max-video-preview:-1"},"canonical":"https:\/\/dana.com.br\/canaldana\/2017\/09\/15\/volkswagen-caminhoes-ve-retomada-de-mercado-e-ingressa-em-novo-segmento-com-familia-de-leves\/","og_locale":"pt_BR","og_type":"article","og_title":"Volkswagen Caminh\u00f5es v\u00ea retomada de mercado e ingressa em novo segmento com fam\u00edlia de leves - Canal Dana","og_description":"Reuters &nbsp; A Volkswagen Caminh\u00f5es e \u00d4nibus espera que o mercado brasileiro de ve\u00edculos comerciais mantenha tend\u00eancia de recupera\u00e7\u00e3o at\u00e9 o final deste ano, caminhando para interromper um ciclo de quatro anos de quedas em um momento em que a empresa ingressa na base do segmento de leves com uma nova fam\u00edlia de produtos. &nbsp;\u2026 Leia mais \u00bb","og_url":"https:\/\/dana.com.br\/canaldana\/2017\/09\/15\/volkswagen-caminhoes-ve-retomada-de-mercado-e-ingressa-em-novo-segmento-com-familia-de-leves\/","og_site_name":"Canal Dana","article_published_time":"2017-09-15T11:09:06+00:00","article_modified_time":"2017-09-15T11:09:42+00:00","author":"Canal Dana","twitter_card":"summary_large_image","twitter_misc":{"Escrito por":"Canal Dana","Est. tempo de leitura":"3 minutos"},"schema":{"@context":"https:\/\/schema.org","@graph":[{"@type":"Article","@id":"https:\/\/dana.com.br\/canaldana\/2017\/09\/15\/volkswagen-caminhoes-ve-retomada-de-mercado-e-ingressa-em-novo-segmento-com-familia-de-leves\/#article","isPartOf":{"@id":"https:\/\/dana.com.br\/canaldana\/2017\/09\/15\/volkswagen-caminhoes-ve-retomada-de-mercado-e-ingressa-em-novo-segmento-com-familia-de-leves\/"},"author":{"name":"Canal Dana","@id":"https:\/\/dana.com.br\/canaldana\/#\/schema\/person\/3c21f22f56fcf3bc46b94bc60ea4fef6"},"headline":"Volkswagen Caminh\u00f5es v\u00ea retomada de mercado e ingressa em novo segmento com fam\u00edlia de leves","datePublished":"2017-09-15T11:09:06+00:00","dateModified":"2017-09-15T11:09:42+00:00","mainEntityOfPage":{"@id":"https:\/\/dana.com.br\/canaldana\/2017\/09\/15\/volkswagen-caminhoes-ve-retomada-de-mercado-e-ingressa-em-novo-segmento-com-familia-de-leves\/"},"wordCount":609,"articleSection":["Destaques","Sin categor\u00eda"],"inLanguage":"pt-BR"},{"@type":"WebPage","@id":"https:\/\/dana.com.br\/canaldana\/2017\/09\/15\/volkswagen-caminhoes-ve-retomada-de-mercado-e-ingressa-em-novo-segmento-com-familia-de-leves\/","url":"https:\/\/dana.com.br\/canaldana\/2017\/09\/15\/volkswagen-caminhoes-ve-retomada-de-mercado-e-ingressa-em-novo-segmento-com-familia-de-leves\/","name":"Volkswagen Caminh\u00f5es v\u00ea retomada de mercado e ingressa em novo segmento com fam\u00edlia de leves - Canal Dana","isPartOf":{"@id":"https:\/\/dana.com.br\/canaldana\/#website"},"datePublished":"2017-09-15T11:09:06+00:00","dateModified":"2017-09-15T11:09:42+00:00","author":{"@id":"https:\/\/dana.com.br\/canaldana\/#\/schema\/person\/3c21f22f56fcf3bc46b94bc60ea4fef6"},"breadcrumb":{"@id":"https:\/\/dana.com.br\/canaldana\/2017\/09\/15\/volkswagen-caminhoes-ve-retomada-de-mercado-e-ingressa-em-novo-segmento-com-familia-de-leves\/#breadcrumb"},"inLanguage":"pt-BR","potentialAction":[{"@type":"ReadAction","target":["https:\/\/dana.com.br\/canaldana\/2017\/09\/15\/volkswagen-caminhoes-ve-retomada-de-mercado-e-ingressa-em-novo-segmento-com-familia-de-leves\/"]}]},{"@type":"BreadcrumbList","@id":"https:\/\/dana.com.br\/canaldana\/2017\/09\/15\/volkswagen-caminhoes-ve-retomada-de-mercado-e-ingressa-em-novo-segmento-com-familia-de-leves\/#breadcrumb","itemListElement":[{"@type":"ListItem","position":1,"name":"Home","item":"https:\/\/dana.com.br\/canaldana\/"},{"@type":"ListItem","position":2,"name":"Destaques","item":"https:\/\/dana.com.br\/canaldana\/destaques\/"},{"@type":"ListItem","position":3,"name":"Volkswagen Caminh\u00f5es v\u00ea retomada de mercado e ingressa em novo segmento com fam\u00edlia de leves"}]},{"@type":"WebSite","@id":"https:\/\/dana.com.br\/canaldana\/#website","url":"https:\/\/dana.com.br\/canaldana\/","name":"Canal Dana","description":"Informativo com as principais not\u00edcias da ind\u00fastria automotiva","potentialAction":[{"@type":"SearchAction","target":{"@type":"EntryPoint","urlTemplate":"https:\/\/dana.com.br\/canaldana\/?s={search_term_string}"},"query-input":{"@type":"PropertyValueSpecification","valueRequired":true,"valueName":"search_term_string"}}],"inLanguage":"pt-BR"},{"@type":"Person","@id":"https:\/\/dana.com.br\/canaldana\/#\/schema\/person\/3c21f22f56fcf3bc46b94bc60ea4fef6","name":"Canal Dana","image":{"@type":"ImageObject","inLanguage":"pt-BR","@id":"https:\/\/secure.gravatar.com\/avatar\/420aaf9278582877d9018637c6817617705899d2858d7572ef0fe59a6b6454b4?s=96&d=mm&r=g","url":"https:\/\/secure.gravatar.com\/avatar\/420aaf9278582877d9018637c6817617705899d2858d7572ef0fe59a6b6454b4?s=96&d=mm&r=g","contentUrl":"https:\/\/secure.gravatar.com\/avatar\/420aaf9278582877d9018637c6817617705899d2858d7572ef0fe59a6b6454b4?s=96&d=mm&r=g","caption":"Canal Dana"},"url":"https:\/\/dana.com.br\/canaldana\/author\/cdeditor\/"}]}},"_links":{"self":[{"href":"https:\/\/dana.com.br\/canaldana\/wp-json\/wp\/v2\/posts\/19861","targetHints":{"allow":["GET"]}}],"collection":[{"href":"https:\/\/dana.com.br\/canaldana\/wp-json\/wp\/v2\/posts"}],"about":[{"href":"https:\/\/dana.com.br\/canaldana\/wp-json\/wp\/v2\/types\/post"}],"author":[{"embeddable":true,"href":"https:\/\/dana.com.br\/canaldana\/wp-json\/wp\/v2\/users\/3"}],"replies":[{"embeddable":true,"href":"https:\/\/dana.com.br\/canaldana\/wp-json\/wp\/v2\/comments?post=19861"}],"version-history":[{"count":0,"href":"https:\/\/dana.com.br\/canaldana\/wp-json\/wp\/v2\/posts\/19861\/revisions"}],"wp:attachment":[{"href":"https:\/\/dana.com.br\/canaldana\/wp-json\/wp\/v2\/media?parent=19861"}],"wp:term":[{"taxonomy":"category","embeddable":true,"href":"https:\/\/dana.com.br\/canaldana\/wp-json\/wp\/v2\/categories?post=19861"},{"taxonomy":"post_tag","embeddable":true,"href":"https:\/\/dana.com.br\/canaldana\/wp-json\/wp\/v2\/tags?post=19861"}],"curies":[{"name":"wp","href":"https:\/\/api.w.org\/{rel}","templated":true}]}}