{"id":19680,"date":"2017-09-08T08:10:44","date_gmt":"2017-09-08T11:10:44","guid":{"rendered":"http:\/\/dana.com.br\/canaldana\/?p=19680"},"modified":"2017-09-08T08:10:44","modified_gmt":"2017-09-08T11:10:44","slug":"montadoras-preveem-crescimento-de-25","status":"publish","type":"post","link":"https:\/\/dana.com.br\/canaldana\/2017\/09\/08\/montadoras-preveem-crescimento-de-25\/","title":{"rendered":"Montadoras preveem crescimento de 25%"},"content":{"rendered":"<p><em>O Estado de S. Paulo<\/em><\/p>\n<p>&nbsp;<\/p>\n<p>Depois de um m\u00eas com bons resultados de vendas, exporta\u00e7\u00f5es, produ\u00e7\u00e3o e at\u00e9 de gera\u00e7\u00e3o de empregos, a ind\u00fastria automobil\u00edstica brasileira reviu ontem suas proje\u00e7\u00f5es e aposta em resultado melhor do que o inicialmente previsto para este ano.<\/p>\n<p>&nbsp;<\/p>\n<p>Infla\u00e7\u00e3o controlada, queda dos juros, melhora da confian\u00e7a dos consumidores e demanda externa levaram as montadoras a apostarem em crescimento de 25,2% na produ\u00e7\u00e3o, para 2,7 milh\u00f5es de ve\u00edculos. Se confirmado, ser\u00e1 o melhor desempenho do setor desde 2014, quando foram produzidos 3,1 milh\u00f5es de autom\u00f3veis, comerciais leves, caminh\u00f5es e \u00f4nibus.<\/p>\n<p>&nbsp;<\/p>\n<p>Antes, a previs\u00e3o para 2017 era de crescimento de 21,5%. De janeiro at\u00e9 agosto a alta acumulada \u00e9 de 25,5% em rela\u00e7\u00e3o ao mesmo per\u00edodo do ano passado, com 1,74 milh\u00e3o de unidades produzidas. Esse desempenho deve ser mantido at\u00e9 o fim do ano. S\u00f3 em agosto sa\u00edram das f\u00e1bricas 260,3 mil ve\u00edculos, o melhor resultado mensal desde novembro de 2014.<\/p>\n<p>&nbsp;<\/p>\n<p>Com o aumento da produ\u00e7\u00e3o, as ind\u00fastrias contrataram 1.107 funcion\u00e1rios no m\u00eas passado e suspenderam programas de redu\u00e7\u00e3o de jornada de 6.084 trabalhadores. Ainda assim, h\u00e1 6.320 pessoas com jornadas e sal\u00e1rios reduzidos ou em lay-off (contratos suspensos), quase metade do que havia em julho.<\/p>\n<p>&nbsp;<\/p>\n<p>\u201cEsses n\u00fameros nos enchem de felicidade\u201d, disse o presidente da Associa\u00e7\u00e3o Nacional dos Fabricantes de Ve\u00edculos Automotores (Anfavea), Antonio Megale. As montadoras empregam hoje 126,3 mil trabalhadores, n\u00famero pr\u00f3ximo ao de um ano atr\u00e1s. Desde agosto de 2014, quando a crise econ\u00f4mica come\u00e7ou a se intensificar, as empresas cortaram 22,6 mil postos de trabalho.<\/p>\n<p>&nbsp;<\/p>\n<p>As exporta\u00e7\u00f5es atingiram 506 mil unidades, 56% mais que em 2016 e a previs\u00e3o para o ano tamb\u00e9m foi revista, de alta de 35,6% para 43,3%. \u201cDevemos chegar a 745 mil ve\u00edculos, um recorde hist\u00f3rico\u201d, disse Megale.<\/p>\n<p>&nbsp;<\/p>\n<p>Do total vendido no exterior, 113,2 mil s\u00e3o de autom\u00f3veis da Volkswagen, cujas vendas externas aumentaram 62% em rela\u00e7\u00e3o ao ano passado. O Gol foi o modelo mais exportado pela marca, com 55.527 unidades.<\/p>\n<p>&nbsp;<\/p>\n<p>As vendas externas totais do setor, tendo como principal cliente a Argentina, devem gerar faturamento de US$ 15,1 bilh\u00f5es, 41,8% a mais que no ano passado. A previs\u00e3o anterior era de alta de 30,7%.<\/p>\n<p>&nbsp;<\/p>\n<p><strong>Mercado interno<\/strong><\/p>\n<p>&nbsp;<\/p>\n<p>Outro dado revisto foi o de vendas no mercado interno, que devem atingir 2,2 milh\u00f5es de unidades, um aumento de 7,3% e n\u00e3o mais de 4%, conforme projetado no in\u00edcio do ano. At\u00e9 o m\u00eas passado foram vendidos 1,42 milh\u00e3o de ve\u00edculos, 5,3% a mais que em igual per\u00edodo de 2016.<\/p>\n<p>&nbsp;<\/p>\n<p>\u201cAs vendas vinham caindo desde 2012 e um crescimento de 7% n\u00e3o \u00e9 muito, mas j\u00e1 \u00e9 um bom sinal\u201d, afirmou Megale.<\/p>\n<p>&nbsp;<\/p>\n<p>A nova proje\u00e7\u00e3o \u00e9 puxada pelo segmento de autom\u00f3veis e comerciais leves, que deve crescer 7,4%. J\u00e1 para o mercado de caminh\u00f5es e \u00f4nibus a previs\u00e3o foi revista para baixo, de alta de 6,4% para 3,6%.<\/p>\n<p>&nbsp;<\/p>\n<p>Na opini\u00e3o de Megale est\u00e1 havendo \u201cum descolamento da economia em rela\u00e7\u00e3o \u00e0 quest\u00e3o pol\u00edtica\u201d, que continua trazendo sobressaltos em rela\u00e7\u00e3o \u00e0 den\u00fancias e esc\u00e2ndalos.<\/p>\n<p>&nbsp;<\/p>\n<p><strong>OMC<\/strong><\/p>\n<p>&nbsp;<\/p>\n<p>O presidente da Anfavea aproveitou a divulga\u00e7\u00e3o do balan\u00e7o do setor ontem para criticar a recente puni\u00e7\u00e3o ao Pa\u00eds da Organiza\u00e7\u00e3o Mundial do Com\u00e9rcio (OMC) em rela\u00e7\u00e3o ao Programa Inovar-Auto. \u201cFomos condenados por apoiar o emprego no Brasil\u201d. O programa, que termina em dezembro, estabelecia imposto extra de 30 pontos porcentuais de IPI para ve\u00edculos importados fora de uma cota estabelecida.<\/p>\n<p>&nbsp;<\/p>\n<p>O novo programa, o Rota 2030, entrar\u00e1 em vigor em janeiro e n\u00e3o prev\u00ea esse tipo de medida. Continuar\u00e1, contudo, incentivando projetos de pesquisa e desenvolvimento e maior efici\u00eancia energ\u00e9tica dos ve\u00edculos.<\/p>\n<p>&nbsp;<\/p>\n<p><strong>Retomada<\/strong><\/p>\n<p>&nbsp;<\/p>\n<p>\u201cAs vendas vinham caindo desde 2012 e um crescimento de 7% n\u00e3o \u00e9 muito, mas j\u00e1 \u00e9 um bom sinal\u201d, Antonio Megale, presidente da Anfavea. (O Estado de S. Paulo\/Cleide Silva)<\/p>\n","protected":false},"excerpt":{"rendered":"<p>O Estado de S. Paulo &nbsp; Depois de um m\u00eas com bons resultados de vendas, exporta\u00e7\u00f5es, produ\u00e7\u00e3o e at\u00e9 de gera\u00e7\u00e3o de empregos, a ind\u00fastria automobil\u00edstica brasileira reviu ontem suas proje\u00e7\u00f5es e aposta em resultado melhor do que o inicialmente previsto para este ano. &nbsp; Infla\u00e7\u00e3o controlada, queda dos juros, melhora da confian\u00e7a dos consumidores\u2026 <a class=\"readmore\" href=\"https:\/\/dana.com.br\/canaldana\/2017\/09\/08\/montadoras-preveem-crescimento-de-25\/\">Leia mais \u00bb<\/a><\/p>\n","protected":false},"author":3,"featured_media":0,"comment_status":"closed","ping_status":"closed","sticky":false,"template":"","format":"standard","meta":{"_acf_changed":false,"footnotes":""},"categories":[61],"tags":[],"class_list":["post-19680","post","type-post","status-publish","format-standard","hentry","category-destaques"],"acf":[],"yoast_head":"<!-- This site is optimized with the Yoast SEO plugin v27.3 - https:\/\/yoast.com\/product\/yoast-seo-wordpress\/ -->\n<title>Montadoras preveem crescimento de 25% - Canal Dana<\/title>\n<meta name=\"robots\" content=\"index, follow, max-snippet:-1, max-image-preview:large, max-video-preview:-1\" \/>\n<link rel=\"canonical\" href=\"https:\/\/dana.com.br\/canaldana\/2017\/09\/08\/montadoras-preveem-crescimento-de-25\/\" \/>\n<meta property=\"og:locale\" content=\"pt_BR\" \/>\n<meta property=\"og:type\" content=\"article\" \/>\n<meta property=\"og:title\" content=\"Montadoras preveem crescimento de 25% - Canal Dana\" \/>\n<meta property=\"og:description\" content=\"O Estado de S. Paulo &nbsp; Depois de um m\u00eas com bons resultados de vendas, exporta\u00e7\u00f5es, produ\u00e7\u00e3o e at\u00e9 de gera\u00e7\u00e3o de empregos, a ind\u00fastria automobil\u00edstica brasileira reviu ontem suas proje\u00e7\u00f5es e aposta em resultado melhor do que o inicialmente previsto para este ano. &nbsp; Infla\u00e7\u00e3o controlada, queda dos juros, melhora da confian\u00e7a dos consumidores\u2026 Leia mais \u00bb\" \/>\n<meta property=\"og:url\" content=\"https:\/\/dana.com.br\/canaldana\/2017\/09\/08\/montadoras-preveem-crescimento-de-25\/\" \/>\n<meta property=\"og:site_name\" content=\"Canal Dana\" \/>\n<meta property=\"article:published_time\" content=\"2017-09-08T11:10:44+00:00\" \/>\n<meta name=\"author\" content=\"Canal Dana\" \/>\n<meta name=\"twitter:card\" content=\"summary_large_image\" \/>\n<meta name=\"twitter:label1\" content=\"Escrito por\" \/>\n\t<meta name=\"twitter:data1\" content=\"Canal Dana\" \/>\n\t<meta name=\"twitter:label2\" content=\"Est. tempo de leitura\" \/>\n\t<meta name=\"twitter:data2\" content=\"3 minutos\" \/>\n<script type=\"application\/ld+json\" class=\"yoast-schema-graph\">{\"@context\":\"https:\\\/\\\/schema.org\",\"@graph\":[{\"@type\":\"Article\",\"@id\":\"https:\\\/\\\/dana.com.br\\\/canaldana\\\/2017\\\/09\\\/08\\\/montadoras-preveem-crescimento-de-25\\\/#article\",\"isPartOf\":{\"@id\":\"https:\\\/\\\/dana.com.br\\\/canaldana\\\/2017\\\/09\\\/08\\\/montadoras-preveem-crescimento-de-25\\\/\"},\"author\":{\"name\":\"Canal Dana\",\"@id\":\"https:\\\/\\\/dana.com.br\\\/canaldana\\\/#\\\/schema\\\/person\\\/3c21f22f56fcf3bc46b94bc60ea4fef6\"},\"headline\":\"Montadoras preveem crescimento de 25%\",\"datePublished\":\"2017-09-08T11:10:44+00:00\",\"mainEntityOfPage\":{\"@id\":\"https:\\\/\\\/dana.com.br\\\/canaldana\\\/2017\\\/09\\\/08\\\/montadoras-preveem-crescimento-de-25\\\/\"},\"wordCount\":671,\"articleSection\":[\"Destaques\"],\"inLanguage\":\"pt-BR\"},{\"@type\":\"WebPage\",\"@id\":\"https:\\\/\\\/dana.com.br\\\/canaldana\\\/2017\\\/09\\\/08\\\/montadoras-preveem-crescimento-de-25\\\/\",\"url\":\"https:\\\/\\\/dana.com.br\\\/canaldana\\\/2017\\\/09\\\/08\\\/montadoras-preveem-crescimento-de-25\\\/\",\"name\":\"Montadoras preveem crescimento de 25% - Canal Dana\",\"isPartOf\":{\"@id\":\"https:\\\/\\\/dana.com.br\\\/canaldana\\\/#website\"},\"datePublished\":\"2017-09-08T11:10:44+00:00\",\"author\":{\"@id\":\"https:\\\/\\\/dana.com.br\\\/canaldana\\\/#\\\/schema\\\/person\\\/3c21f22f56fcf3bc46b94bc60ea4fef6\"},\"breadcrumb\":{\"@id\":\"https:\\\/\\\/dana.com.br\\\/canaldana\\\/2017\\\/09\\\/08\\\/montadoras-preveem-crescimento-de-25\\\/#breadcrumb\"},\"inLanguage\":\"pt-BR\",\"potentialAction\":[{\"@type\":\"ReadAction\",\"target\":[\"https:\\\/\\\/dana.com.br\\\/canaldana\\\/2017\\\/09\\\/08\\\/montadoras-preveem-crescimento-de-25\\\/\"]}]},{\"@type\":\"BreadcrumbList\",\"@id\":\"https:\\\/\\\/dana.com.br\\\/canaldana\\\/2017\\\/09\\\/08\\\/montadoras-preveem-crescimento-de-25\\\/#breadcrumb\",\"itemListElement\":[{\"@type\":\"ListItem\",\"position\":1,\"name\":\"Home\",\"item\":\"https:\\\/\\\/dana.com.br\\\/canaldana\\\/\"},{\"@type\":\"ListItem\",\"position\":2,\"name\":\"Destaques\",\"item\":\"https:\\\/\\\/dana.com.br\\\/canaldana\\\/destaques\\\/\"},{\"@type\":\"ListItem\",\"position\":3,\"name\":\"Montadoras preveem crescimento de 25%\"}]},{\"@type\":\"WebSite\",\"@id\":\"https:\\\/\\\/dana.com.br\\\/canaldana\\\/#website\",\"url\":\"https:\\\/\\\/dana.com.br\\\/canaldana\\\/\",\"name\":\"Canal Dana\",\"description\":\"Informativo com as principais not\u00edcias da ind\u00fastria automotiva\",\"potentialAction\":[{\"@type\":\"SearchAction\",\"target\":{\"@type\":\"EntryPoint\",\"urlTemplate\":\"https:\\\/\\\/dana.com.br\\\/canaldana\\\/?s={search_term_string}\"},\"query-input\":{\"@type\":\"PropertyValueSpecification\",\"valueRequired\":true,\"valueName\":\"search_term_string\"}}],\"inLanguage\":\"pt-BR\"},{\"@type\":\"Person\",\"@id\":\"https:\\\/\\\/dana.com.br\\\/canaldana\\\/#\\\/schema\\\/person\\\/3c21f22f56fcf3bc46b94bc60ea4fef6\",\"name\":\"Canal Dana\",\"image\":{\"@type\":\"ImageObject\",\"inLanguage\":\"pt-BR\",\"@id\":\"https:\\\/\\\/secure.gravatar.com\\\/avatar\\\/420aaf9278582877d9018637c6817617705899d2858d7572ef0fe59a6b6454b4?s=96&d=mm&r=g\",\"url\":\"https:\\\/\\\/secure.gravatar.com\\\/avatar\\\/420aaf9278582877d9018637c6817617705899d2858d7572ef0fe59a6b6454b4?s=96&d=mm&r=g\",\"contentUrl\":\"https:\\\/\\\/secure.gravatar.com\\\/avatar\\\/420aaf9278582877d9018637c6817617705899d2858d7572ef0fe59a6b6454b4?s=96&d=mm&r=g\",\"caption\":\"Canal Dana\"},\"url\":\"https:\\\/\\\/dana.com.br\\\/canaldana\\\/author\\\/cdeditor\\\/\"}]}<\/script>\n<!-- \/ Yoast SEO plugin. -->","yoast_head_json":{"title":"Montadoras preveem crescimento de 25% - Canal Dana","robots":{"index":"index","follow":"follow","max-snippet":"max-snippet:-1","max-image-preview":"max-image-preview:large","max-video-preview":"max-video-preview:-1"},"canonical":"https:\/\/dana.com.br\/canaldana\/2017\/09\/08\/montadoras-preveem-crescimento-de-25\/","og_locale":"pt_BR","og_type":"article","og_title":"Montadoras preveem crescimento de 25% - Canal Dana","og_description":"O Estado de S. Paulo &nbsp; Depois de um m\u00eas com bons resultados de vendas, exporta\u00e7\u00f5es, produ\u00e7\u00e3o e at\u00e9 de gera\u00e7\u00e3o de empregos, a ind\u00fastria automobil\u00edstica brasileira reviu ontem suas proje\u00e7\u00f5es e aposta em resultado melhor do que o inicialmente previsto para este ano. &nbsp; Infla\u00e7\u00e3o controlada, queda dos juros, melhora da confian\u00e7a dos consumidores\u2026 Leia mais \u00bb","og_url":"https:\/\/dana.com.br\/canaldana\/2017\/09\/08\/montadoras-preveem-crescimento-de-25\/","og_site_name":"Canal Dana","article_published_time":"2017-09-08T11:10:44+00:00","author":"Canal Dana","twitter_card":"summary_large_image","twitter_misc":{"Escrito por":"Canal Dana","Est. tempo de leitura":"3 minutos"},"schema":{"@context":"https:\/\/schema.org","@graph":[{"@type":"Article","@id":"https:\/\/dana.com.br\/canaldana\/2017\/09\/08\/montadoras-preveem-crescimento-de-25\/#article","isPartOf":{"@id":"https:\/\/dana.com.br\/canaldana\/2017\/09\/08\/montadoras-preveem-crescimento-de-25\/"},"author":{"name":"Canal Dana","@id":"https:\/\/dana.com.br\/canaldana\/#\/schema\/person\/3c21f22f56fcf3bc46b94bc60ea4fef6"},"headline":"Montadoras preveem crescimento de 25%","datePublished":"2017-09-08T11:10:44+00:00","mainEntityOfPage":{"@id":"https:\/\/dana.com.br\/canaldana\/2017\/09\/08\/montadoras-preveem-crescimento-de-25\/"},"wordCount":671,"articleSection":["Destaques"],"inLanguage":"pt-BR"},{"@type":"WebPage","@id":"https:\/\/dana.com.br\/canaldana\/2017\/09\/08\/montadoras-preveem-crescimento-de-25\/","url":"https:\/\/dana.com.br\/canaldana\/2017\/09\/08\/montadoras-preveem-crescimento-de-25\/","name":"Montadoras preveem crescimento de 25% - Canal Dana","isPartOf":{"@id":"https:\/\/dana.com.br\/canaldana\/#website"},"datePublished":"2017-09-08T11:10:44+00:00","author":{"@id":"https:\/\/dana.com.br\/canaldana\/#\/schema\/person\/3c21f22f56fcf3bc46b94bc60ea4fef6"},"breadcrumb":{"@id":"https:\/\/dana.com.br\/canaldana\/2017\/09\/08\/montadoras-preveem-crescimento-de-25\/#breadcrumb"},"inLanguage":"pt-BR","potentialAction":[{"@type":"ReadAction","target":["https:\/\/dana.com.br\/canaldana\/2017\/09\/08\/montadoras-preveem-crescimento-de-25\/"]}]},{"@type":"BreadcrumbList","@id":"https:\/\/dana.com.br\/canaldana\/2017\/09\/08\/montadoras-preveem-crescimento-de-25\/#breadcrumb","itemListElement":[{"@type":"ListItem","position":1,"name":"Home","item":"https:\/\/dana.com.br\/canaldana\/"},{"@type":"ListItem","position":2,"name":"Destaques","item":"https:\/\/dana.com.br\/canaldana\/destaques\/"},{"@type":"ListItem","position":3,"name":"Montadoras preveem crescimento de 25%"}]},{"@type":"WebSite","@id":"https:\/\/dana.com.br\/canaldana\/#website","url":"https:\/\/dana.com.br\/canaldana\/","name":"Canal Dana","description":"Informativo com as principais not\u00edcias da ind\u00fastria automotiva","potentialAction":[{"@type":"SearchAction","target":{"@type":"EntryPoint","urlTemplate":"https:\/\/dana.com.br\/canaldana\/?s={search_term_string}"},"query-input":{"@type":"PropertyValueSpecification","valueRequired":true,"valueName":"search_term_string"}}],"inLanguage":"pt-BR"},{"@type":"Person","@id":"https:\/\/dana.com.br\/canaldana\/#\/schema\/person\/3c21f22f56fcf3bc46b94bc60ea4fef6","name":"Canal Dana","image":{"@type":"ImageObject","inLanguage":"pt-BR","@id":"https:\/\/secure.gravatar.com\/avatar\/420aaf9278582877d9018637c6817617705899d2858d7572ef0fe59a6b6454b4?s=96&d=mm&r=g","url":"https:\/\/secure.gravatar.com\/avatar\/420aaf9278582877d9018637c6817617705899d2858d7572ef0fe59a6b6454b4?s=96&d=mm&r=g","contentUrl":"https:\/\/secure.gravatar.com\/avatar\/420aaf9278582877d9018637c6817617705899d2858d7572ef0fe59a6b6454b4?s=96&d=mm&r=g","caption":"Canal Dana"},"url":"https:\/\/dana.com.br\/canaldana\/author\/cdeditor\/"}]}},"_links":{"self":[{"href":"https:\/\/dana.com.br\/canaldana\/wp-json\/wp\/v2\/posts\/19680","targetHints":{"allow":["GET"]}}],"collection":[{"href":"https:\/\/dana.com.br\/canaldana\/wp-json\/wp\/v2\/posts"}],"about":[{"href":"https:\/\/dana.com.br\/canaldana\/wp-json\/wp\/v2\/types\/post"}],"author":[{"embeddable":true,"href":"https:\/\/dana.com.br\/canaldana\/wp-json\/wp\/v2\/users\/3"}],"replies":[{"embeddable":true,"href":"https:\/\/dana.com.br\/canaldana\/wp-json\/wp\/v2\/comments?post=19680"}],"version-history":[{"count":0,"href":"https:\/\/dana.com.br\/canaldana\/wp-json\/wp\/v2\/posts\/19680\/revisions"}],"wp:attachment":[{"href":"https:\/\/dana.com.br\/canaldana\/wp-json\/wp\/v2\/media?parent=19680"}],"wp:term":[{"taxonomy":"category","embeddable":true,"href":"https:\/\/dana.com.br\/canaldana\/wp-json\/wp\/v2\/categories?post=19680"},{"taxonomy":"post_tag","embeddable":true,"href":"https:\/\/dana.com.br\/canaldana\/wp-json\/wp\/v2\/tags?post=19680"}],"curies":[{"name":"wp","href":"https:\/\/api.w.org\/{rel}","templated":true}]}}