{"id":19554,"date":"2017-09-04T08:37:09","date_gmt":"2017-09-04T11:37:09","guid":{"rendered":"http:\/\/dana.com.br\/canaldana\/?p=19554"},"modified":"2017-09-04T08:37:09","modified_gmt":"2017-09-04T11:37:09","slug":"sem-as-reformas-necessarias-o-brasil-vai-ter-um-futuro-sombrio-philipp-schiemer","status":"publish","type":"post","link":"https:\/\/dana.com.br\/canaldana\/2017\/09\/04\/sem-as-reformas-necessarias-o-brasil-vai-ter-um-futuro-sombrio-philipp-schiemer\/","title":{"rendered":"&#8220;Sem as reformas necess\u00e1rias, o Brasil vai ter um futuro sombrio&#8221;, Philipp Schiemer"},"content":{"rendered":"<p><em>O Estado de S. Paulo<\/em><\/p>\n<p>&nbsp;<\/p>\n<p>O mercado de caminh\u00f5es e \u00f4nibus acumula no ano queda de 9,5% nas vendas, numa trajet\u00f3ria que destoa do segmento de autom\u00f3veis e comerciais leves, que cresceu 5,8% de janeiro a agosto na compara\u00e7\u00e3o com igual per\u00edodo do ano passado. At\u00e9 agora, o segmento de pesados soma 40,5 mil unidades vendidas. No m\u00eas passado, houve melhora de quase 10% nas vendas de caminh\u00f5es ante agosto de 2016 (com 4.819 unidades) e de 30% nas de \u00f4nibus (1.844 unidades). Philipp Schiemer, presidente da Mercedes-Benz, maior fabricante de ve\u00edculos pesados no Pa\u00eds, v\u00ea sinais de melhora no mercado e acredita que o setor ainda tem chances de repetir os volumes do ano passado, de 61,7 mil ve\u00edculos vendidos. Uma recupera\u00e7\u00e3o mais consistente, que leve as vendas a n\u00edveis do pr\u00e9-crise, quando 164,8 mil caminh\u00f5es e \u00f4nibus foram vendidos em 2014, deve demorar. \u201cVai depender da aprova\u00e7\u00e3o das reformas\u201d, diz.<\/p>\n<p>&nbsp;<\/p>\n<p><strong>Como o sr. avalia o mercado de caminh\u00f5es e \u00f4nibus at\u00e9 agora?<\/strong><\/p>\n<p>Ainda est\u00e1 abaixo dos volumes de 2016, mas tem mostrado sinais de melhora. Daqui para frente come\u00e7aremos a ver crescimento na compara\u00e7\u00e3o anual, mas n\u00e3o haver\u00e1 tempo para recuperarmos as perdas dos primeiros meses do ano. Se tudo correr bem, \u00e9 poss\u00edvel que fechemos o ano com volumes de venda iguais aos do ano passado ou com uma leve queda.<\/p>\n<p>&nbsp;<\/p>\n<p><strong>Qual sua expectativa para 2018?<\/strong><\/p>\n<p>\u00c9 de melhora no mercado de ve\u00edculos pesados, ainda n\u00e3o revolucion\u00e1ria, ou seja, pequena.<\/p>\n<p>&nbsp;<\/p>\n<p><strong>Para quando \u00e9 esperada uma recupera\u00e7\u00e3o mais consistente?<\/strong><\/p>\n<p>Vai depender da aprova\u00e7\u00e3o das reformas econ\u00f4micas. O maior problema do Brasil \u00e9 a situa\u00e7\u00e3o fiscal. Sem resolver isso, a falta de confian\u00e7a dos investidores vai continuar e ser\u00e1 dif\u00edcil termos crescimento sustent\u00e1vel.<\/p>\n<p>&nbsp;<\/p>\n<p><strong>Na situa\u00e7\u00e3o atual, o sr. acredita que as reformas ser\u00e3o aprovadas neste ano?<\/strong><\/p>\n<p>S\u00f3 posso torcer para que sejam. Cada pol\u00edtico do Congresso, quando estiver sozinho, deveria perguntar a si mesmo se quer criar um Brasil para o futuro ou destruir o Brasil. Sem a reforma da Previd\u00eancia, sem a simplifica\u00e7\u00e3o tribut\u00e1ria e pelo menos um in\u00edcio de reforma pol\u00edtica o Brasil vai ter um futuro sombrio. Se as reformas forem aprovadas, h\u00e1 boas chances de o Pa\u00eds ter um crescimento mais sustent\u00e1vel.<\/p>\n<p>&nbsp;<\/p>\n<p><strong>Isso passa pela manuten\u00e7\u00e3o do presidente Temer no cargo?<\/strong><\/p>\n<p>\u00c9 irrelevante se Temer fica ou n\u00e3o. \u00c9 preciso pensar no Pa\u00eds e n\u00e3o na pessoa. O importante \u00e9 que sem equil\u00edbrio fiscal o Brasil n\u00e3o vai para frente. (O Estado de S. Paulo\/Cleide Silva)<\/p>\n","protected":false},"excerpt":{"rendered":"<p>O Estado de S. Paulo &nbsp; O mercado de caminh\u00f5es e \u00f4nibus acumula no ano queda de 9,5% nas vendas, numa trajet\u00f3ria que destoa do segmento de autom\u00f3veis e comerciais leves, que cresceu 5,8% de janeiro a agosto na compara\u00e7\u00e3o com igual per\u00edodo do ano passado. At\u00e9 agora, o segmento de pesados soma 40,5 mil\u2026 <a class=\"readmore\" href=\"https:\/\/dana.com.br\/canaldana\/2017\/09\/04\/sem-as-reformas-necessarias-o-brasil-vai-ter-um-futuro-sombrio-philipp-schiemer\/\">Leia mais \u00bb<\/a><\/p>\n","protected":false},"author":3,"featured_media":0,"comment_status":"closed","ping_status":"closed","sticky":false,"template":"","format":"standard","meta":{"_acf_changed":false,"footnotes":""},"categories":[52],"tags":[],"class_list":["post-19554","post","type-post","status-publish","format-standard","hentry","category-entrevista"],"acf":[],"yoast_head":"<!-- This site is optimized with the Yoast SEO plugin v27.3 - https:\/\/yoast.com\/product\/yoast-seo-wordpress\/ -->\n<title>&quot;Sem as reformas necess\u00e1rias, o Brasil vai ter um futuro sombrio&quot;, Philipp Schiemer - Canal Dana<\/title>\n<meta name=\"robots\" content=\"index, follow, max-snippet:-1, max-image-preview:large, max-video-preview:-1\" \/>\n<link rel=\"canonical\" href=\"https:\/\/dana.com.br\/canaldana\/2017\/09\/04\/sem-as-reformas-necessarias-o-brasil-vai-ter-um-futuro-sombrio-philipp-schiemer\/\" \/>\n<meta property=\"og:locale\" content=\"pt_BR\" \/>\n<meta property=\"og:type\" content=\"article\" \/>\n<meta property=\"og:title\" content=\"&quot;Sem as reformas necess\u00e1rias, o Brasil vai ter um futuro sombrio&quot;, Philipp Schiemer - Canal Dana\" \/>\n<meta property=\"og:description\" content=\"O Estado de S. Paulo &nbsp; O mercado de caminh\u00f5es e \u00f4nibus acumula no ano queda de 9,5% nas vendas, numa trajet\u00f3ria que destoa do segmento de autom\u00f3veis e comerciais leves, que cresceu 5,8% de janeiro a agosto na compara\u00e7\u00e3o com igual per\u00edodo do ano passado. At\u00e9 agora, o segmento de pesados soma 40,5 mil\u2026 Leia mais \u00bb\" \/>\n<meta property=\"og:url\" content=\"https:\/\/dana.com.br\/canaldana\/2017\/09\/04\/sem-as-reformas-necessarias-o-brasil-vai-ter-um-futuro-sombrio-philipp-schiemer\/\" \/>\n<meta property=\"og:site_name\" content=\"Canal Dana\" \/>\n<meta property=\"article:published_time\" content=\"2017-09-04T11:37:09+00:00\" \/>\n<meta name=\"author\" content=\"Canal Dana\" \/>\n<meta name=\"twitter:card\" content=\"summary_large_image\" \/>\n<meta name=\"twitter:label1\" content=\"Escrito por\" \/>\n\t<meta name=\"twitter:data1\" content=\"Canal Dana\" \/>\n\t<meta name=\"twitter:label2\" content=\"Est. tempo de leitura\" \/>\n\t<meta name=\"twitter:data2\" content=\"2 minutos\" \/>\n<script type=\"application\/ld+json\" class=\"yoast-schema-graph\">{\"@context\":\"https:\\\/\\\/schema.org\",\"@graph\":[{\"@type\":\"Article\",\"@id\":\"https:\\\/\\\/dana.com.br\\\/canaldana\\\/2017\\\/09\\\/04\\\/sem-as-reformas-necessarias-o-brasil-vai-ter-um-futuro-sombrio-philipp-schiemer\\\/#article\",\"isPartOf\":{\"@id\":\"https:\\\/\\\/dana.com.br\\\/canaldana\\\/2017\\\/09\\\/04\\\/sem-as-reformas-necessarias-o-brasil-vai-ter-um-futuro-sombrio-philipp-schiemer\\\/\"},\"author\":{\"name\":\"Canal Dana\",\"@id\":\"https:\\\/\\\/dana.com.br\\\/canaldana\\\/#\\\/schema\\\/person\\\/3c21f22f56fcf3bc46b94bc60ea4fef6\"},\"headline\":\"&#8220;Sem as reformas necess\u00e1rias, o Brasil vai ter um futuro sombrio&#8221;, Philipp Schiemer\",\"datePublished\":\"2017-09-04T11:37:09+00:00\",\"mainEntityOfPage\":{\"@id\":\"https:\\\/\\\/dana.com.br\\\/canaldana\\\/2017\\\/09\\\/04\\\/sem-as-reformas-necessarias-o-brasil-vai-ter-um-futuro-sombrio-philipp-schiemer\\\/\"},\"wordCount\":458,\"articleSection\":[\"Entrevista\"],\"inLanguage\":\"pt-BR\"},{\"@type\":\"WebPage\",\"@id\":\"https:\\\/\\\/dana.com.br\\\/canaldana\\\/2017\\\/09\\\/04\\\/sem-as-reformas-necessarias-o-brasil-vai-ter-um-futuro-sombrio-philipp-schiemer\\\/\",\"url\":\"https:\\\/\\\/dana.com.br\\\/canaldana\\\/2017\\\/09\\\/04\\\/sem-as-reformas-necessarias-o-brasil-vai-ter-um-futuro-sombrio-philipp-schiemer\\\/\",\"name\":\"\\\"Sem as reformas necess\u00e1rias, o Brasil vai ter um futuro sombrio\\\", Philipp Schiemer - Canal Dana\",\"isPartOf\":{\"@id\":\"https:\\\/\\\/dana.com.br\\\/canaldana\\\/#website\"},\"datePublished\":\"2017-09-04T11:37:09+00:00\",\"author\":{\"@id\":\"https:\\\/\\\/dana.com.br\\\/canaldana\\\/#\\\/schema\\\/person\\\/3c21f22f56fcf3bc46b94bc60ea4fef6\"},\"breadcrumb\":{\"@id\":\"https:\\\/\\\/dana.com.br\\\/canaldana\\\/2017\\\/09\\\/04\\\/sem-as-reformas-necessarias-o-brasil-vai-ter-um-futuro-sombrio-philipp-schiemer\\\/#breadcrumb\"},\"inLanguage\":\"pt-BR\",\"potentialAction\":[{\"@type\":\"ReadAction\",\"target\":[\"https:\\\/\\\/dana.com.br\\\/canaldana\\\/2017\\\/09\\\/04\\\/sem-as-reformas-necessarias-o-brasil-vai-ter-um-futuro-sombrio-philipp-schiemer\\\/\"]}]},{\"@type\":\"BreadcrumbList\",\"@id\":\"https:\\\/\\\/dana.com.br\\\/canaldana\\\/2017\\\/09\\\/04\\\/sem-as-reformas-necessarias-o-brasil-vai-ter-um-futuro-sombrio-philipp-schiemer\\\/#breadcrumb\",\"itemListElement\":[{\"@type\":\"ListItem\",\"position\":1,\"name\":\"Home\",\"item\":\"https:\\\/\\\/dana.com.br\\\/canaldana\\\/\"},{\"@type\":\"ListItem\",\"position\":2,\"name\":\"Entrevista\",\"item\":\"https:\\\/\\\/dana.com.br\\\/canaldana\\\/entrevista\\\/\"},{\"@type\":\"ListItem\",\"position\":3,\"name\":\"&#8220;Sem as reformas necess\u00e1rias, o Brasil vai ter um futuro sombrio&#8221;, Philipp Schiemer\"}]},{\"@type\":\"WebSite\",\"@id\":\"https:\\\/\\\/dana.com.br\\\/canaldana\\\/#website\",\"url\":\"https:\\\/\\\/dana.com.br\\\/canaldana\\\/\",\"name\":\"Canal Dana\",\"description\":\"Informativo com as principais not\u00edcias da ind\u00fastria automotiva\",\"potentialAction\":[{\"@type\":\"SearchAction\",\"target\":{\"@type\":\"EntryPoint\",\"urlTemplate\":\"https:\\\/\\\/dana.com.br\\\/canaldana\\\/?s={search_term_string}\"},\"query-input\":{\"@type\":\"PropertyValueSpecification\",\"valueRequired\":true,\"valueName\":\"search_term_string\"}}],\"inLanguage\":\"pt-BR\"},{\"@type\":\"Person\",\"@id\":\"https:\\\/\\\/dana.com.br\\\/canaldana\\\/#\\\/schema\\\/person\\\/3c21f22f56fcf3bc46b94bc60ea4fef6\",\"name\":\"Canal Dana\",\"image\":{\"@type\":\"ImageObject\",\"inLanguage\":\"pt-BR\",\"@id\":\"https:\\\/\\\/secure.gravatar.com\\\/avatar\\\/420aaf9278582877d9018637c6817617705899d2858d7572ef0fe59a6b6454b4?s=96&d=mm&r=g\",\"url\":\"https:\\\/\\\/secure.gravatar.com\\\/avatar\\\/420aaf9278582877d9018637c6817617705899d2858d7572ef0fe59a6b6454b4?s=96&d=mm&r=g\",\"contentUrl\":\"https:\\\/\\\/secure.gravatar.com\\\/avatar\\\/420aaf9278582877d9018637c6817617705899d2858d7572ef0fe59a6b6454b4?s=96&d=mm&r=g\",\"caption\":\"Canal Dana\"},\"url\":\"https:\\\/\\\/dana.com.br\\\/canaldana\\\/author\\\/cdeditor\\\/\"}]}<\/script>\n<!-- \/ Yoast SEO plugin. -->","yoast_head_json":{"title":"\"Sem as reformas necess\u00e1rias, o Brasil vai ter um futuro sombrio\", Philipp Schiemer - Canal Dana","robots":{"index":"index","follow":"follow","max-snippet":"max-snippet:-1","max-image-preview":"max-image-preview:large","max-video-preview":"max-video-preview:-1"},"canonical":"https:\/\/dana.com.br\/canaldana\/2017\/09\/04\/sem-as-reformas-necessarias-o-brasil-vai-ter-um-futuro-sombrio-philipp-schiemer\/","og_locale":"pt_BR","og_type":"article","og_title":"\"Sem as reformas necess\u00e1rias, o Brasil vai ter um futuro sombrio\", Philipp Schiemer - Canal Dana","og_description":"O Estado de S. Paulo &nbsp; O mercado de caminh\u00f5es e \u00f4nibus acumula no ano queda de 9,5% nas vendas, numa trajet\u00f3ria que destoa do segmento de autom\u00f3veis e comerciais leves, que cresceu 5,8% de janeiro a agosto na compara\u00e7\u00e3o com igual per\u00edodo do ano passado. At\u00e9 agora, o segmento de pesados soma 40,5 mil\u2026 Leia mais \u00bb","og_url":"https:\/\/dana.com.br\/canaldana\/2017\/09\/04\/sem-as-reformas-necessarias-o-brasil-vai-ter-um-futuro-sombrio-philipp-schiemer\/","og_site_name":"Canal Dana","article_published_time":"2017-09-04T11:37:09+00:00","author":"Canal Dana","twitter_card":"summary_large_image","twitter_misc":{"Escrito por":"Canal Dana","Est. tempo de leitura":"2 minutos"},"schema":{"@context":"https:\/\/schema.org","@graph":[{"@type":"Article","@id":"https:\/\/dana.com.br\/canaldana\/2017\/09\/04\/sem-as-reformas-necessarias-o-brasil-vai-ter-um-futuro-sombrio-philipp-schiemer\/#article","isPartOf":{"@id":"https:\/\/dana.com.br\/canaldana\/2017\/09\/04\/sem-as-reformas-necessarias-o-brasil-vai-ter-um-futuro-sombrio-philipp-schiemer\/"},"author":{"name":"Canal Dana","@id":"https:\/\/dana.com.br\/canaldana\/#\/schema\/person\/3c21f22f56fcf3bc46b94bc60ea4fef6"},"headline":"&#8220;Sem as reformas necess\u00e1rias, o Brasil vai ter um futuro sombrio&#8221;, Philipp Schiemer","datePublished":"2017-09-04T11:37:09+00:00","mainEntityOfPage":{"@id":"https:\/\/dana.com.br\/canaldana\/2017\/09\/04\/sem-as-reformas-necessarias-o-brasil-vai-ter-um-futuro-sombrio-philipp-schiemer\/"},"wordCount":458,"articleSection":["Entrevista"],"inLanguage":"pt-BR"},{"@type":"WebPage","@id":"https:\/\/dana.com.br\/canaldana\/2017\/09\/04\/sem-as-reformas-necessarias-o-brasil-vai-ter-um-futuro-sombrio-philipp-schiemer\/","url":"https:\/\/dana.com.br\/canaldana\/2017\/09\/04\/sem-as-reformas-necessarias-o-brasil-vai-ter-um-futuro-sombrio-philipp-schiemer\/","name":"\"Sem as reformas necess\u00e1rias, o Brasil vai ter um futuro sombrio\", Philipp Schiemer - Canal Dana","isPartOf":{"@id":"https:\/\/dana.com.br\/canaldana\/#website"},"datePublished":"2017-09-04T11:37:09+00:00","author":{"@id":"https:\/\/dana.com.br\/canaldana\/#\/schema\/person\/3c21f22f56fcf3bc46b94bc60ea4fef6"},"breadcrumb":{"@id":"https:\/\/dana.com.br\/canaldana\/2017\/09\/04\/sem-as-reformas-necessarias-o-brasil-vai-ter-um-futuro-sombrio-philipp-schiemer\/#breadcrumb"},"inLanguage":"pt-BR","potentialAction":[{"@type":"ReadAction","target":["https:\/\/dana.com.br\/canaldana\/2017\/09\/04\/sem-as-reformas-necessarias-o-brasil-vai-ter-um-futuro-sombrio-philipp-schiemer\/"]}]},{"@type":"BreadcrumbList","@id":"https:\/\/dana.com.br\/canaldana\/2017\/09\/04\/sem-as-reformas-necessarias-o-brasil-vai-ter-um-futuro-sombrio-philipp-schiemer\/#breadcrumb","itemListElement":[{"@type":"ListItem","position":1,"name":"Home","item":"https:\/\/dana.com.br\/canaldana\/"},{"@type":"ListItem","position":2,"name":"Entrevista","item":"https:\/\/dana.com.br\/canaldana\/entrevista\/"},{"@type":"ListItem","position":3,"name":"&#8220;Sem as reformas necess\u00e1rias, o Brasil vai ter um futuro sombrio&#8221;, Philipp Schiemer"}]},{"@type":"WebSite","@id":"https:\/\/dana.com.br\/canaldana\/#website","url":"https:\/\/dana.com.br\/canaldana\/","name":"Canal Dana","description":"Informativo com as principais not\u00edcias da ind\u00fastria automotiva","potentialAction":[{"@type":"SearchAction","target":{"@type":"EntryPoint","urlTemplate":"https:\/\/dana.com.br\/canaldana\/?s={search_term_string}"},"query-input":{"@type":"PropertyValueSpecification","valueRequired":true,"valueName":"search_term_string"}}],"inLanguage":"pt-BR"},{"@type":"Person","@id":"https:\/\/dana.com.br\/canaldana\/#\/schema\/person\/3c21f22f56fcf3bc46b94bc60ea4fef6","name":"Canal Dana","image":{"@type":"ImageObject","inLanguage":"pt-BR","@id":"https:\/\/secure.gravatar.com\/avatar\/420aaf9278582877d9018637c6817617705899d2858d7572ef0fe59a6b6454b4?s=96&d=mm&r=g","url":"https:\/\/secure.gravatar.com\/avatar\/420aaf9278582877d9018637c6817617705899d2858d7572ef0fe59a6b6454b4?s=96&d=mm&r=g","contentUrl":"https:\/\/secure.gravatar.com\/avatar\/420aaf9278582877d9018637c6817617705899d2858d7572ef0fe59a6b6454b4?s=96&d=mm&r=g","caption":"Canal Dana"},"url":"https:\/\/dana.com.br\/canaldana\/author\/cdeditor\/"}]}},"_links":{"self":[{"href":"https:\/\/dana.com.br\/canaldana\/wp-json\/wp\/v2\/posts\/19554","targetHints":{"allow":["GET"]}}],"collection":[{"href":"https:\/\/dana.com.br\/canaldana\/wp-json\/wp\/v2\/posts"}],"about":[{"href":"https:\/\/dana.com.br\/canaldana\/wp-json\/wp\/v2\/types\/post"}],"author":[{"embeddable":true,"href":"https:\/\/dana.com.br\/canaldana\/wp-json\/wp\/v2\/users\/3"}],"replies":[{"embeddable":true,"href":"https:\/\/dana.com.br\/canaldana\/wp-json\/wp\/v2\/comments?post=19554"}],"version-history":[{"count":0,"href":"https:\/\/dana.com.br\/canaldana\/wp-json\/wp\/v2\/posts\/19554\/revisions"}],"wp:attachment":[{"href":"https:\/\/dana.com.br\/canaldana\/wp-json\/wp\/v2\/media?parent=19554"}],"wp:term":[{"taxonomy":"category","embeddable":true,"href":"https:\/\/dana.com.br\/canaldana\/wp-json\/wp\/v2\/categories?post=19554"},{"taxonomy":"post_tag","embeddable":true,"href":"https:\/\/dana.com.br\/canaldana\/wp-json\/wp\/v2\/tags?post=19554"}],"curies":[{"name":"wp","href":"https:\/\/api.w.org\/{rel}","templated":true}]}}