{"id":19542,"date":"2017-09-01T08:45:38","date_gmt":"2017-09-01T11:45:38","guid":{"rendered":"http:\/\/dana.com.br\/canaldana\/?p=19542"},"modified":"2017-09-01T08:45:38","modified_gmt":"2017-09-01T11:45:38","slug":"em-agosto-o-melhor-desempenho-em-20-meses","status":"publish","type":"post","link":"https:\/\/dana.com.br\/canaldana\/2017\/09\/01\/em-agosto-o-melhor-desempenho-em-20-meses\/","title":{"rendered":"Em agosto, o melhor desempenho em 20 meses"},"content":{"rendered":"<p><em>Auto Ind\u00fastria<\/em><\/p>\n<p>&nbsp;<\/p>\n<p>Sem computar as vendas de ontem, quinta-feira 31\/8, o mercado de ve\u00edculos em agosto j\u00e1 supera a casa de 202 mil unidades, sinalizando um total de pelo menos 212 mil \u2013 h\u00e1 quem aposte at\u00e9 em 217 mil \u2013, o que representar\u00e1 o melhor desempenho do setor desde dezembro de 2015, quando houve 227,8 mil emplacamentos.<\/p>\n<p>&nbsp;<\/p>\n<p>De l\u00e1 para c\u00e1, houve apenas um \u00fanico m\u00eas com mercado acima de 200 mil ve\u00edculos, incluindo autom\u00f3veis, comerciais leves, caminh\u00f5es e \u00f4nibus, que foi dezembro do ano passado, com 204,3 mil. Como at\u00e9 o dia 30 foram comercializadas 202,3 mil unidades, j\u00e1 \u00e9 certo que agosto ser\u00e1 o melhor m\u00eas deste ano e superar\u00e1 todos os meses de 2016. As vendas diretas continuam tendo peso significativo nos neg\u00f3cios do setor, mas as concession\u00e1rias tamb\u00e9m sentem um maior movimento das pessoas f\u00edsicas em suas lojas.<\/p>\n<p>&nbsp;<\/p>\n<p>A m\u00e9dia di\u00e1ria de vendas at\u00e9 o in\u00edcio desta semana estava em 9,5 mil unidades. Como tem acontecido sistematicamente, nos \u00faltimos dias do m\u00eas essa m\u00e9dia sobe significativamente. Na quarta-feira, 30, por exemplo, foram vendidos 14 mil ve\u00edculos. Se confirmado um mercado em torno de 215 mil unidades, a m\u00e9dia di\u00e1ria deste m\u00eas ficar\u00e1 em 9,8 mil unidades, ante as 8,8 mil do m\u00eas passado.<\/p>\n<p>&nbsp;<\/p>\n<p>A partir dos n\u00fameros registrados at\u00e9 quarta-feira, o mercado caminha para um crescimento na faixa de 16% a 17% tanto sobre julho deste ano, quando foram emplacados 184,8 mil ve\u00edculos, como em rela\u00e7\u00e3o a agosto de 2016 \u2013 183,9 mil emplacamentos.<\/p>\n<p>&nbsp;<\/p>\n<p>No acumulado do ano as vendas internas dever\u00e3o ficar em torno de 1,42 milh\u00e3o, alta na faixa de 5% sobre o mesmo per\u00edodo do ano passado. A Anfavea j\u00e1 admitiu que poder\u00e1 rever a meta de crescimento de 4% para este ano, mas optou por esperar o balan\u00e7o de agosto antes de alterar seus n\u00fameros.<\/p>\n<p>&nbsp;<\/p>\n<p>\u00c9 que julho ficou abaixo das expectativas do setor e, por isso, as apostas de uma retomada mais consistente foram adiadas para agosto, que vem se mostrando positivo desde os primeiros dias, segundo admitiu a pr\u00f3pria Anfavea na primeira semana do m\u00eas. A entidade que representa as montadoras divulgar\u00e1 os n\u00fameros oficiais do setor na pr\u00f3xima quarta-feira, 6. Amanh\u00e3, 1\u00ba de setembro, a Fenabrave dever\u00e1 liberar o balan\u00e7o do mercado interno, que tem por base os dados do Renavam. (Auto Ind\u00fastria\/Alzira Rodrigues)<\/p>\n","protected":false},"excerpt":{"rendered":"<p>Auto Ind\u00fastria &nbsp; Sem computar as vendas de ontem, quinta-feira 31\/8, o mercado de ve\u00edculos em agosto j\u00e1 supera a casa de 202 mil unidades, sinalizando um total de pelo menos 212 mil \u2013 h\u00e1 quem aposte at\u00e9 em 217 mil \u2013, o que representar\u00e1 o melhor desempenho do setor desde dezembro de 2015, quando\u2026 <a class=\"readmore\" href=\"https:\/\/dana.com.br\/canaldana\/2017\/09\/01\/em-agosto-o-melhor-desempenho-em-20-meses\/\">Leia mais \u00bb<\/a><\/p>\n","protected":false},"author":3,"featured_media":0,"comment_status":"closed","ping_status":"closed","sticky":false,"template":"","format":"standard","meta":{"_acf_changed":false,"footnotes":""},"categories":[61],"tags":[],"class_list":["post-19542","post","type-post","status-publish","format-standard","hentry","category-destaques"],"acf":[],"yoast_head":"<!-- This site is optimized with the Yoast SEO plugin v27.3 - https:\/\/yoast.com\/product\/yoast-seo-wordpress\/ -->\n<title>Em agosto, o melhor desempenho em 20 meses - Canal Dana<\/title>\n<meta name=\"robots\" content=\"index, follow, max-snippet:-1, max-image-preview:large, max-video-preview:-1\" \/>\n<link rel=\"canonical\" href=\"https:\/\/dana.com.br\/canaldana\/2017\/09\/01\/em-agosto-o-melhor-desempenho-em-20-meses\/\" \/>\n<meta property=\"og:locale\" content=\"pt_BR\" \/>\n<meta property=\"og:type\" content=\"article\" \/>\n<meta property=\"og:title\" content=\"Em agosto, o melhor desempenho em 20 meses - Canal Dana\" \/>\n<meta property=\"og:description\" content=\"Auto Ind\u00fastria &nbsp; Sem computar as vendas de ontem, quinta-feira 31\/8, o mercado de ve\u00edculos em agosto j\u00e1 supera a casa de 202 mil unidades, sinalizando um total de pelo menos 212 mil \u2013 h\u00e1 quem aposte at\u00e9 em 217 mil \u2013, o que representar\u00e1 o melhor desempenho do setor desde dezembro de 2015, quando\u2026 Leia mais \u00bb\" \/>\n<meta property=\"og:url\" content=\"https:\/\/dana.com.br\/canaldana\/2017\/09\/01\/em-agosto-o-melhor-desempenho-em-20-meses\/\" \/>\n<meta property=\"og:site_name\" content=\"Canal Dana\" \/>\n<meta property=\"article:published_time\" content=\"2017-09-01T11:45:38+00:00\" \/>\n<meta name=\"author\" content=\"Canal Dana\" \/>\n<meta name=\"twitter:card\" content=\"summary_large_image\" \/>\n<meta name=\"twitter:label1\" content=\"Escrito por\" \/>\n\t<meta name=\"twitter:data1\" content=\"Canal Dana\" \/>\n\t<meta name=\"twitter:label2\" content=\"Est. tempo de leitura\" \/>\n\t<meta name=\"twitter:data2\" content=\"2 minutos\" \/>\n<script type=\"application\/ld+json\" class=\"yoast-schema-graph\">{\"@context\":\"https:\\\/\\\/schema.org\",\"@graph\":[{\"@type\":\"Article\",\"@id\":\"https:\\\/\\\/dana.com.br\\\/canaldana\\\/2017\\\/09\\\/01\\\/em-agosto-o-melhor-desempenho-em-20-meses\\\/#article\",\"isPartOf\":{\"@id\":\"https:\\\/\\\/dana.com.br\\\/canaldana\\\/2017\\\/09\\\/01\\\/em-agosto-o-melhor-desempenho-em-20-meses\\\/\"},\"author\":{\"name\":\"Canal Dana\",\"@id\":\"https:\\\/\\\/dana.com.br\\\/canaldana\\\/#\\\/schema\\\/person\\\/3c21f22f56fcf3bc46b94bc60ea4fef6\"},\"headline\":\"Em agosto, o melhor desempenho em 20 meses\",\"datePublished\":\"2017-09-01T11:45:38+00:00\",\"mainEntityOfPage\":{\"@id\":\"https:\\\/\\\/dana.com.br\\\/canaldana\\\/2017\\\/09\\\/01\\\/em-agosto-o-melhor-desempenho-em-20-meses\\\/\"},\"wordCount\":403,\"articleSection\":[\"Destaques\"],\"inLanguage\":\"pt-BR\"},{\"@type\":\"WebPage\",\"@id\":\"https:\\\/\\\/dana.com.br\\\/canaldana\\\/2017\\\/09\\\/01\\\/em-agosto-o-melhor-desempenho-em-20-meses\\\/\",\"url\":\"https:\\\/\\\/dana.com.br\\\/canaldana\\\/2017\\\/09\\\/01\\\/em-agosto-o-melhor-desempenho-em-20-meses\\\/\",\"name\":\"Em agosto, o melhor desempenho em 20 meses - Canal Dana\",\"isPartOf\":{\"@id\":\"https:\\\/\\\/dana.com.br\\\/canaldana\\\/#website\"},\"datePublished\":\"2017-09-01T11:45:38+00:00\",\"author\":{\"@id\":\"https:\\\/\\\/dana.com.br\\\/canaldana\\\/#\\\/schema\\\/person\\\/3c21f22f56fcf3bc46b94bc60ea4fef6\"},\"breadcrumb\":{\"@id\":\"https:\\\/\\\/dana.com.br\\\/canaldana\\\/2017\\\/09\\\/01\\\/em-agosto-o-melhor-desempenho-em-20-meses\\\/#breadcrumb\"},\"inLanguage\":\"pt-BR\",\"potentialAction\":[{\"@type\":\"ReadAction\",\"target\":[\"https:\\\/\\\/dana.com.br\\\/canaldana\\\/2017\\\/09\\\/01\\\/em-agosto-o-melhor-desempenho-em-20-meses\\\/\"]}]},{\"@type\":\"BreadcrumbList\",\"@id\":\"https:\\\/\\\/dana.com.br\\\/canaldana\\\/2017\\\/09\\\/01\\\/em-agosto-o-melhor-desempenho-em-20-meses\\\/#breadcrumb\",\"itemListElement\":[{\"@type\":\"ListItem\",\"position\":1,\"name\":\"Home\",\"item\":\"https:\\\/\\\/dana.com.br\\\/canaldana\\\/\"},{\"@type\":\"ListItem\",\"position\":2,\"name\":\"Destaques\",\"item\":\"https:\\\/\\\/dana.com.br\\\/canaldana\\\/destaques\\\/\"},{\"@type\":\"ListItem\",\"position\":3,\"name\":\"Em agosto, o melhor desempenho em 20 meses\"}]},{\"@type\":\"WebSite\",\"@id\":\"https:\\\/\\\/dana.com.br\\\/canaldana\\\/#website\",\"url\":\"https:\\\/\\\/dana.com.br\\\/canaldana\\\/\",\"name\":\"Canal Dana\",\"description\":\"Informativo com as principais not\u00edcias da ind\u00fastria automotiva\",\"potentialAction\":[{\"@type\":\"SearchAction\",\"target\":{\"@type\":\"EntryPoint\",\"urlTemplate\":\"https:\\\/\\\/dana.com.br\\\/canaldana\\\/?s={search_term_string}\"},\"query-input\":{\"@type\":\"PropertyValueSpecification\",\"valueRequired\":true,\"valueName\":\"search_term_string\"}}],\"inLanguage\":\"pt-BR\"},{\"@type\":\"Person\",\"@id\":\"https:\\\/\\\/dana.com.br\\\/canaldana\\\/#\\\/schema\\\/person\\\/3c21f22f56fcf3bc46b94bc60ea4fef6\",\"name\":\"Canal Dana\",\"image\":{\"@type\":\"ImageObject\",\"inLanguage\":\"pt-BR\",\"@id\":\"https:\\\/\\\/secure.gravatar.com\\\/avatar\\\/420aaf9278582877d9018637c6817617705899d2858d7572ef0fe59a6b6454b4?s=96&d=mm&r=g\",\"url\":\"https:\\\/\\\/secure.gravatar.com\\\/avatar\\\/420aaf9278582877d9018637c6817617705899d2858d7572ef0fe59a6b6454b4?s=96&d=mm&r=g\",\"contentUrl\":\"https:\\\/\\\/secure.gravatar.com\\\/avatar\\\/420aaf9278582877d9018637c6817617705899d2858d7572ef0fe59a6b6454b4?s=96&d=mm&r=g\",\"caption\":\"Canal Dana\"},\"url\":\"https:\\\/\\\/dana.com.br\\\/canaldana\\\/author\\\/cdeditor\\\/\"}]}<\/script>\n<!-- \/ Yoast SEO plugin. -->","yoast_head_json":{"title":"Em agosto, o melhor desempenho em 20 meses - Canal Dana","robots":{"index":"index","follow":"follow","max-snippet":"max-snippet:-1","max-image-preview":"max-image-preview:large","max-video-preview":"max-video-preview:-1"},"canonical":"https:\/\/dana.com.br\/canaldana\/2017\/09\/01\/em-agosto-o-melhor-desempenho-em-20-meses\/","og_locale":"pt_BR","og_type":"article","og_title":"Em agosto, o melhor desempenho em 20 meses - Canal Dana","og_description":"Auto Ind\u00fastria &nbsp; Sem computar as vendas de ontem, quinta-feira 31\/8, o mercado de ve\u00edculos em agosto j\u00e1 supera a casa de 202 mil unidades, sinalizando um total de pelo menos 212 mil \u2013 h\u00e1 quem aposte at\u00e9 em 217 mil \u2013, o que representar\u00e1 o melhor desempenho do setor desde dezembro de 2015, quando\u2026 Leia mais \u00bb","og_url":"https:\/\/dana.com.br\/canaldana\/2017\/09\/01\/em-agosto-o-melhor-desempenho-em-20-meses\/","og_site_name":"Canal Dana","article_published_time":"2017-09-01T11:45:38+00:00","author":"Canal Dana","twitter_card":"summary_large_image","twitter_misc":{"Escrito por":"Canal Dana","Est. tempo de leitura":"2 minutos"},"schema":{"@context":"https:\/\/schema.org","@graph":[{"@type":"Article","@id":"https:\/\/dana.com.br\/canaldana\/2017\/09\/01\/em-agosto-o-melhor-desempenho-em-20-meses\/#article","isPartOf":{"@id":"https:\/\/dana.com.br\/canaldana\/2017\/09\/01\/em-agosto-o-melhor-desempenho-em-20-meses\/"},"author":{"name":"Canal Dana","@id":"https:\/\/dana.com.br\/canaldana\/#\/schema\/person\/3c21f22f56fcf3bc46b94bc60ea4fef6"},"headline":"Em agosto, o melhor desempenho em 20 meses","datePublished":"2017-09-01T11:45:38+00:00","mainEntityOfPage":{"@id":"https:\/\/dana.com.br\/canaldana\/2017\/09\/01\/em-agosto-o-melhor-desempenho-em-20-meses\/"},"wordCount":403,"articleSection":["Destaques"],"inLanguage":"pt-BR"},{"@type":"WebPage","@id":"https:\/\/dana.com.br\/canaldana\/2017\/09\/01\/em-agosto-o-melhor-desempenho-em-20-meses\/","url":"https:\/\/dana.com.br\/canaldana\/2017\/09\/01\/em-agosto-o-melhor-desempenho-em-20-meses\/","name":"Em agosto, o melhor desempenho em 20 meses - Canal Dana","isPartOf":{"@id":"https:\/\/dana.com.br\/canaldana\/#website"},"datePublished":"2017-09-01T11:45:38+00:00","author":{"@id":"https:\/\/dana.com.br\/canaldana\/#\/schema\/person\/3c21f22f56fcf3bc46b94bc60ea4fef6"},"breadcrumb":{"@id":"https:\/\/dana.com.br\/canaldana\/2017\/09\/01\/em-agosto-o-melhor-desempenho-em-20-meses\/#breadcrumb"},"inLanguage":"pt-BR","potentialAction":[{"@type":"ReadAction","target":["https:\/\/dana.com.br\/canaldana\/2017\/09\/01\/em-agosto-o-melhor-desempenho-em-20-meses\/"]}]},{"@type":"BreadcrumbList","@id":"https:\/\/dana.com.br\/canaldana\/2017\/09\/01\/em-agosto-o-melhor-desempenho-em-20-meses\/#breadcrumb","itemListElement":[{"@type":"ListItem","position":1,"name":"Home","item":"https:\/\/dana.com.br\/canaldana\/"},{"@type":"ListItem","position":2,"name":"Destaques","item":"https:\/\/dana.com.br\/canaldana\/destaques\/"},{"@type":"ListItem","position":3,"name":"Em agosto, o melhor desempenho em 20 meses"}]},{"@type":"WebSite","@id":"https:\/\/dana.com.br\/canaldana\/#website","url":"https:\/\/dana.com.br\/canaldana\/","name":"Canal Dana","description":"Informativo com as principais not\u00edcias da ind\u00fastria automotiva","potentialAction":[{"@type":"SearchAction","target":{"@type":"EntryPoint","urlTemplate":"https:\/\/dana.com.br\/canaldana\/?s={search_term_string}"},"query-input":{"@type":"PropertyValueSpecification","valueRequired":true,"valueName":"search_term_string"}}],"inLanguage":"pt-BR"},{"@type":"Person","@id":"https:\/\/dana.com.br\/canaldana\/#\/schema\/person\/3c21f22f56fcf3bc46b94bc60ea4fef6","name":"Canal Dana","image":{"@type":"ImageObject","inLanguage":"pt-BR","@id":"https:\/\/secure.gravatar.com\/avatar\/420aaf9278582877d9018637c6817617705899d2858d7572ef0fe59a6b6454b4?s=96&d=mm&r=g","url":"https:\/\/secure.gravatar.com\/avatar\/420aaf9278582877d9018637c6817617705899d2858d7572ef0fe59a6b6454b4?s=96&d=mm&r=g","contentUrl":"https:\/\/secure.gravatar.com\/avatar\/420aaf9278582877d9018637c6817617705899d2858d7572ef0fe59a6b6454b4?s=96&d=mm&r=g","caption":"Canal Dana"},"url":"https:\/\/dana.com.br\/canaldana\/author\/cdeditor\/"}]}},"_links":{"self":[{"href":"https:\/\/dana.com.br\/canaldana\/wp-json\/wp\/v2\/posts\/19542","targetHints":{"allow":["GET"]}}],"collection":[{"href":"https:\/\/dana.com.br\/canaldana\/wp-json\/wp\/v2\/posts"}],"about":[{"href":"https:\/\/dana.com.br\/canaldana\/wp-json\/wp\/v2\/types\/post"}],"author":[{"embeddable":true,"href":"https:\/\/dana.com.br\/canaldana\/wp-json\/wp\/v2\/users\/3"}],"replies":[{"embeddable":true,"href":"https:\/\/dana.com.br\/canaldana\/wp-json\/wp\/v2\/comments?post=19542"}],"version-history":[{"count":0,"href":"https:\/\/dana.com.br\/canaldana\/wp-json\/wp\/v2\/posts\/19542\/revisions"}],"wp:attachment":[{"href":"https:\/\/dana.com.br\/canaldana\/wp-json\/wp\/v2\/media?parent=19542"}],"wp:term":[{"taxonomy":"category","embeddable":true,"href":"https:\/\/dana.com.br\/canaldana\/wp-json\/wp\/v2\/categories?post=19542"},{"taxonomy":"post_tag","embeddable":true,"href":"https:\/\/dana.com.br\/canaldana\/wp-json\/wp\/v2\/tags?post=19542"}],"curies":[{"name":"wp","href":"https:\/\/api.w.org\/{rel}","templated":true}]}}