{"id":19540,"date":"2017-09-01T08:44:51","date_gmt":"2017-09-01T11:44:51","guid":{"rendered":"http:\/\/dana.com.br\/canaldana\/?p=19540"},"modified":"2017-09-01T08:47:16","modified_gmt":"2017-09-01T11:47:16","slug":"fabrica-da-toyota-de-sorocaba-sp-celebra-cinco-anos","status":"publish","type":"post","link":"https:\/\/dana.com.br\/canaldana\/2017\/09\/01\/fabrica-da-toyota-de-sorocaba-sp-celebra-cinco-anos\/","title":{"rendered":"F\u00e1brica da Toyota de Sorocaba (SP) celebra cinco anos"},"content":{"rendered":"<p><em>Revista Torque<\/em><\/p>\n<p>&nbsp;<\/p>\n<p>A Toyota do Brasil celebra o quinto anivers\u00e1rio de sua planta de Sorocaba (SP), onde \u00e9 fabricada a fam\u00edlia Etios, em suas vers\u00f5es, hatchback e sed\u00e3. Fruto de um investimento inicial de US$ 600 milh\u00f5es, a unidade \u00e9 um marco nas opera\u00e7\u00f5es da fabricante de ve\u00edculos no Brasil, pois re\u00fane atributos das plantas mais modernas da Toyota em todo o mundo.<\/p>\n<p>&nbsp;<\/p>\n<p>Nesta curta hist\u00f3ria, a unidade da Toyota, que foi inaugurada para produzir 74 mil ve\u00edculos por ano, recebeu investimentos adicionais de R$ 1 bilh\u00e3o, foi expandida a partir de janeiro de 2015 e hoje possui capacidade para fabricar 108.000 unidades anualmente.<\/p>\n<p>&nbsp;<\/p>\n<p>A habilidade dos mais de 1.780 colaboradores da unidade sorocabana permitiu \u00e0 Toyota realizar melhorias profundas na fam\u00edlia Etios. Foram 13 mudan\u00e7as no produto, desde o seu lan\u00e7amento, em setembro de 2012, tornando o compacto da marca um sucesso de vendas. No ano passado, a Toyota vendeu 67.770 unidades do Etios, nas vers\u00f5es hatchback e sed\u00e3, recorde hist\u00f3rico para o modelo.<\/p>\n<p>&nbsp;<\/p>\n<p>Al\u00e9m do sucesso no mercado interno, o Etios made in Sorocaba come\u00e7a a ganhar outros mercados. O ve\u00edculo \u00e9 comercializado na Argentina, Paraguai, Uruguai, Peru, Costa Rica, Honduras e Venezuela. Das 93.598 unidades produzidas do Etios em Sorocaba em 2016, mais de 26.000 ou 28%, foram exportadas para esses mercados.<\/p>\n<p>&nbsp;<\/p>\n<p>Indiretamente, a planta de Sorocaba induziu novos investimentos no Brasil, seja da pr\u00f3pria marca ou de fornecedores. O parque de fornecedores localizado ao lado do terreno da unidade abriga 11 empresas. A Toyota, como resultado da boa performance de Sorocaba, decidiu construir sua planta de motores em Porto Feliz (SP), com investimento de R$ 1 bilh\u00e3o. Essa planta produz os motores 1,3 e 1,5 litro, VVT-i, que equipam o Etios.<\/p>\n<p>&nbsp;<\/p>\n<p>\u201cQuando cheguei ao Brasil, em 2013, queria entender profundamente o n\u00edvel dos nossos colaboradores e da nossa qualidade de produ\u00e7\u00e3o. Ent\u00e3o me juntei ao time de Sorocaba e trabalhei um dia inteiro na linha, montando o Etios. A partir daquele dia, tive a certeza de que eu estava liderando um dos melhores times da Toyota em todo mundo. Fiquei impressionado com os cuidados aos detalhes e com o esp\u00edrito de equipe. Como eles me ajudaram a superar cada desafio e a assegurar que est\u00e1vamos entregando aos nossos clientes carros cada vez melhores. Poucas vezes em minha vida profissional eu me senti t\u00e3o orgulhoso\u201d, diz Steve St. Angelo, CEO da Toyota para Am\u00e9rica Latina e Caribe e Chairman da Toyota do Brasil e da Argentina. (Revista Torque)<\/p>\n","protected":false},"excerpt":{"rendered":"<p>Revista Torque &nbsp; A Toyota do Brasil celebra o quinto anivers\u00e1rio de sua planta de Sorocaba (SP), onde \u00e9 fabricada a fam\u00edlia Etios, em suas vers\u00f5es, hatchback e sed\u00e3. Fruto de um investimento inicial de US$ 600 milh\u00f5es, a unidade \u00e9 um marco nas opera\u00e7\u00f5es da fabricante de ve\u00edculos no Brasil, pois re\u00fane atributos das\u2026 <a class=\"readmore\" href=\"https:\/\/dana.com.br\/canaldana\/2017\/09\/01\/fabrica-da-toyota-de-sorocaba-sp-celebra-cinco-anos\/\">Leia mais \u00bb<\/a><\/p>\n","protected":false},"author":3,"featured_media":0,"comment_status":"closed","ping_status":"closed","sticky":false,"template":"","format":"standard","meta":{"_acf_changed":false,"footnotes":""},"categories":[61],"tags":[],"class_list":["post-19540","post","type-post","status-publish","format-standard","hentry","category-destaques"],"acf":[],"yoast_head":"<!-- This site is optimized with the Yoast SEO plugin v27.3 - https:\/\/yoast.com\/product\/yoast-seo-wordpress\/ -->\n<title>F\u00e1brica da Toyota de Sorocaba (SP) celebra cinco anos - Canal Dana<\/title>\n<meta name=\"robots\" content=\"index, follow, max-snippet:-1, max-image-preview:large, max-video-preview:-1\" \/>\n<link rel=\"canonical\" href=\"https:\/\/dana.com.br\/canaldana\/2017\/09\/01\/fabrica-da-toyota-de-sorocaba-sp-celebra-cinco-anos\/\" \/>\n<meta property=\"og:locale\" content=\"pt_BR\" \/>\n<meta property=\"og:type\" content=\"article\" \/>\n<meta property=\"og:title\" content=\"F\u00e1brica da Toyota de Sorocaba (SP) celebra cinco anos - Canal Dana\" \/>\n<meta property=\"og:description\" content=\"Revista Torque &nbsp; A Toyota do Brasil celebra o quinto anivers\u00e1rio de sua planta de Sorocaba (SP), onde \u00e9 fabricada a fam\u00edlia Etios, em suas vers\u00f5es, hatchback e sed\u00e3. Fruto de um investimento inicial de US$ 600 milh\u00f5es, a unidade \u00e9 um marco nas opera\u00e7\u00f5es da fabricante de ve\u00edculos no Brasil, pois re\u00fane atributos das\u2026 Leia mais \u00bb\" \/>\n<meta property=\"og:url\" content=\"https:\/\/dana.com.br\/canaldana\/2017\/09\/01\/fabrica-da-toyota-de-sorocaba-sp-celebra-cinco-anos\/\" \/>\n<meta property=\"og:site_name\" content=\"Canal Dana\" \/>\n<meta property=\"article:published_time\" content=\"2017-09-01T11:44:51+00:00\" \/>\n<meta property=\"article:modified_time\" content=\"2017-09-01T11:47:16+00:00\" \/>\n<meta name=\"author\" content=\"Canal Dana\" \/>\n<meta name=\"twitter:card\" content=\"summary_large_image\" \/>\n<meta name=\"twitter:label1\" content=\"Escrito por\" \/>\n\t<meta name=\"twitter:data1\" content=\"Canal Dana\" \/>\n\t<meta name=\"twitter:label2\" content=\"Est. tempo de leitura\" \/>\n\t<meta name=\"twitter:data2\" content=\"2 minutos\" \/>\n<script type=\"application\/ld+json\" class=\"yoast-schema-graph\">{\"@context\":\"https:\\\/\\\/schema.org\",\"@graph\":[{\"@type\":\"Article\",\"@id\":\"https:\\\/\\\/dana.com.br\\\/canaldana\\\/2017\\\/09\\\/01\\\/fabrica-da-toyota-de-sorocaba-sp-celebra-cinco-anos\\\/#article\",\"isPartOf\":{\"@id\":\"https:\\\/\\\/dana.com.br\\\/canaldana\\\/2017\\\/09\\\/01\\\/fabrica-da-toyota-de-sorocaba-sp-celebra-cinco-anos\\\/\"},\"author\":{\"name\":\"Canal Dana\",\"@id\":\"https:\\\/\\\/dana.com.br\\\/canaldana\\\/#\\\/schema\\\/person\\\/3c21f22f56fcf3bc46b94bc60ea4fef6\"},\"headline\":\"F\u00e1brica da Toyota de Sorocaba (SP) celebra cinco anos\",\"datePublished\":\"2017-09-01T11:44:51+00:00\",\"dateModified\":\"2017-09-01T11:47:16+00:00\",\"mainEntityOfPage\":{\"@id\":\"https:\\\/\\\/dana.com.br\\\/canaldana\\\/2017\\\/09\\\/01\\\/fabrica-da-toyota-de-sorocaba-sp-celebra-cinco-anos\\\/\"},\"wordCount\":432,\"articleSection\":[\"Destaques\"],\"inLanguage\":\"pt-BR\"},{\"@type\":\"WebPage\",\"@id\":\"https:\\\/\\\/dana.com.br\\\/canaldana\\\/2017\\\/09\\\/01\\\/fabrica-da-toyota-de-sorocaba-sp-celebra-cinco-anos\\\/\",\"url\":\"https:\\\/\\\/dana.com.br\\\/canaldana\\\/2017\\\/09\\\/01\\\/fabrica-da-toyota-de-sorocaba-sp-celebra-cinco-anos\\\/\",\"name\":\"F\u00e1brica da Toyota de Sorocaba (SP) celebra cinco anos - Canal Dana\",\"isPartOf\":{\"@id\":\"https:\\\/\\\/dana.com.br\\\/canaldana\\\/#website\"},\"datePublished\":\"2017-09-01T11:44:51+00:00\",\"dateModified\":\"2017-09-01T11:47:16+00:00\",\"author\":{\"@id\":\"https:\\\/\\\/dana.com.br\\\/canaldana\\\/#\\\/schema\\\/person\\\/3c21f22f56fcf3bc46b94bc60ea4fef6\"},\"breadcrumb\":{\"@id\":\"https:\\\/\\\/dana.com.br\\\/canaldana\\\/2017\\\/09\\\/01\\\/fabrica-da-toyota-de-sorocaba-sp-celebra-cinco-anos\\\/#breadcrumb\"},\"inLanguage\":\"pt-BR\",\"potentialAction\":[{\"@type\":\"ReadAction\",\"target\":[\"https:\\\/\\\/dana.com.br\\\/canaldana\\\/2017\\\/09\\\/01\\\/fabrica-da-toyota-de-sorocaba-sp-celebra-cinco-anos\\\/\"]}]},{\"@type\":\"BreadcrumbList\",\"@id\":\"https:\\\/\\\/dana.com.br\\\/canaldana\\\/2017\\\/09\\\/01\\\/fabrica-da-toyota-de-sorocaba-sp-celebra-cinco-anos\\\/#breadcrumb\",\"itemListElement\":[{\"@type\":\"ListItem\",\"position\":1,\"name\":\"Home\",\"item\":\"https:\\\/\\\/dana.com.br\\\/canaldana\\\/\"},{\"@type\":\"ListItem\",\"position\":2,\"name\":\"Destaques\",\"item\":\"https:\\\/\\\/dana.com.br\\\/canaldana\\\/destaques\\\/\"},{\"@type\":\"ListItem\",\"position\":3,\"name\":\"F\u00e1brica da Toyota de Sorocaba (SP) celebra cinco anos\"}]},{\"@type\":\"WebSite\",\"@id\":\"https:\\\/\\\/dana.com.br\\\/canaldana\\\/#website\",\"url\":\"https:\\\/\\\/dana.com.br\\\/canaldana\\\/\",\"name\":\"Canal Dana\",\"description\":\"Informativo com as principais not\u00edcias da ind\u00fastria automotiva\",\"potentialAction\":[{\"@type\":\"SearchAction\",\"target\":{\"@type\":\"EntryPoint\",\"urlTemplate\":\"https:\\\/\\\/dana.com.br\\\/canaldana\\\/?s={search_term_string}\"},\"query-input\":{\"@type\":\"PropertyValueSpecification\",\"valueRequired\":true,\"valueName\":\"search_term_string\"}}],\"inLanguage\":\"pt-BR\"},{\"@type\":\"Person\",\"@id\":\"https:\\\/\\\/dana.com.br\\\/canaldana\\\/#\\\/schema\\\/person\\\/3c21f22f56fcf3bc46b94bc60ea4fef6\",\"name\":\"Canal Dana\",\"image\":{\"@type\":\"ImageObject\",\"inLanguage\":\"pt-BR\",\"@id\":\"https:\\\/\\\/secure.gravatar.com\\\/avatar\\\/420aaf9278582877d9018637c6817617705899d2858d7572ef0fe59a6b6454b4?s=96&d=mm&r=g\",\"url\":\"https:\\\/\\\/secure.gravatar.com\\\/avatar\\\/420aaf9278582877d9018637c6817617705899d2858d7572ef0fe59a6b6454b4?s=96&d=mm&r=g\",\"contentUrl\":\"https:\\\/\\\/secure.gravatar.com\\\/avatar\\\/420aaf9278582877d9018637c6817617705899d2858d7572ef0fe59a6b6454b4?s=96&d=mm&r=g\",\"caption\":\"Canal Dana\"},\"url\":\"https:\\\/\\\/dana.com.br\\\/canaldana\\\/author\\\/cdeditor\\\/\"}]}<\/script>\n<!-- \/ Yoast SEO plugin. -->","yoast_head_json":{"title":"F\u00e1brica da Toyota de Sorocaba (SP) celebra cinco anos - Canal Dana","robots":{"index":"index","follow":"follow","max-snippet":"max-snippet:-1","max-image-preview":"max-image-preview:large","max-video-preview":"max-video-preview:-1"},"canonical":"https:\/\/dana.com.br\/canaldana\/2017\/09\/01\/fabrica-da-toyota-de-sorocaba-sp-celebra-cinco-anos\/","og_locale":"pt_BR","og_type":"article","og_title":"F\u00e1brica da Toyota de Sorocaba (SP) celebra cinco anos - Canal Dana","og_description":"Revista Torque &nbsp; A Toyota do Brasil celebra o quinto anivers\u00e1rio de sua planta de Sorocaba (SP), onde \u00e9 fabricada a fam\u00edlia Etios, em suas vers\u00f5es, hatchback e sed\u00e3. Fruto de um investimento inicial de US$ 600 milh\u00f5es, a unidade \u00e9 um marco nas opera\u00e7\u00f5es da fabricante de ve\u00edculos no Brasil, pois re\u00fane atributos das\u2026 Leia mais \u00bb","og_url":"https:\/\/dana.com.br\/canaldana\/2017\/09\/01\/fabrica-da-toyota-de-sorocaba-sp-celebra-cinco-anos\/","og_site_name":"Canal Dana","article_published_time":"2017-09-01T11:44:51+00:00","article_modified_time":"2017-09-01T11:47:16+00:00","author":"Canal Dana","twitter_card":"summary_large_image","twitter_misc":{"Escrito por":"Canal Dana","Est. tempo de leitura":"2 minutos"},"schema":{"@context":"https:\/\/schema.org","@graph":[{"@type":"Article","@id":"https:\/\/dana.com.br\/canaldana\/2017\/09\/01\/fabrica-da-toyota-de-sorocaba-sp-celebra-cinco-anos\/#article","isPartOf":{"@id":"https:\/\/dana.com.br\/canaldana\/2017\/09\/01\/fabrica-da-toyota-de-sorocaba-sp-celebra-cinco-anos\/"},"author":{"name":"Canal Dana","@id":"https:\/\/dana.com.br\/canaldana\/#\/schema\/person\/3c21f22f56fcf3bc46b94bc60ea4fef6"},"headline":"F\u00e1brica da Toyota de Sorocaba (SP) celebra cinco anos","datePublished":"2017-09-01T11:44:51+00:00","dateModified":"2017-09-01T11:47:16+00:00","mainEntityOfPage":{"@id":"https:\/\/dana.com.br\/canaldana\/2017\/09\/01\/fabrica-da-toyota-de-sorocaba-sp-celebra-cinco-anos\/"},"wordCount":432,"articleSection":["Destaques"],"inLanguage":"pt-BR"},{"@type":"WebPage","@id":"https:\/\/dana.com.br\/canaldana\/2017\/09\/01\/fabrica-da-toyota-de-sorocaba-sp-celebra-cinco-anos\/","url":"https:\/\/dana.com.br\/canaldana\/2017\/09\/01\/fabrica-da-toyota-de-sorocaba-sp-celebra-cinco-anos\/","name":"F\u00e1brica da Toyota de Sorocaba (SP) celebra cinco anos - Canal Dana","isPartOf":{"@id":"https:\/\/dana.com.br\/canaldana\/#website"},"datePublished":"2017-09-01T11:44:51+00:00","dateModified":"2017-09-01T11:47:16+00:00","author":{"@id":"https:\/\/dana.com.br\/canaldana\/#\/schema\/person\/3c21f22f56fcf3bc46b94bc60ea4fef6"},"breadcrumb":{"@id":"https:\/\/dana.com.br\/canaldana\/2017\/09\/01\/fabrica-da-toyota-de-sorocaba-sp-celebra-cinco-anos\/#breadcrumb"},"inLanguage":"pt-BR","potentialAction":[{"@type":"ReadAction","target":["https:\/\/dana.com.br\/canaldana\/2017\/09\/01\/fabrica-da-toyota-de-sorocaba-sp-celebra-cinco-anos\/"]}]},{"@type":"BreadcrumbList","@id":"https:\/\/dana.com.br\/canaldana\/2017\/09\/01\/fabrica-da-toyota-de-sorocaba-sp-celebra-cinco-anos\/#breadcrumb","itemListElement":[{"@type":"ListItem","position":1,"name":"Home","item":"https:\/\/dana.com.br\/canaldana\/"},{"@type":"ListItem","position":2,"name":"Destaques","item":"https:\/\/dana.com.br\/canaldana\/destaques\/"},{"@type":"ListItem","position":3,"name":"F\u00e1brica da Toyota de Sorocaba (SP) celebra cinco anos"}]},{"@type":"WebSite","@id":"https:\/\/dana.com.br\/canaldana\/#website","url":"https:\/\/dana.com.br\/canaldana\/","name":"Canal Dana","description":"Informativo com as principais not\u00edcias da ind\u00fastria automotiva","potentialAction":[{"@type":"SearchAction","target":{"@type":"EntryPoint","urlTemplate":"https:\/\/dana.com.br\/canaldana\/?s={search_term_string}"},"query-input":{"@type":"PropertyValueSpecification","valueRequired":true,"valueName":"search_term_string"}}],"inLanguage":"pt-BR"},{"@type":"Person","@id":"https:\/\/dana.com.br\/canaldana\/#\/schema\/person\/3c21f22f56fcf3bc46b94bc60ea4fef6","name":"Canal Dana","image":{"@type":"ImageObject","inLanguage":"pt-BR","@id":"https:\/\/secure.gravatar.com\/avatar\/420aaf9278582877d9018637c6817617705899d2858d7572ef0fe59a6b6454b4?s=96&d=mm&r=g","url":"https:\/\/secure.gravatar.com\/avatar\/420aaf9278582877d9018637c6817617705899d2858d7572ef0fe59a6b6454b4?s=96&d=mm&r=g","contentUrl":"https:\/\/secure.gravatar.com\/avatar\/420aaf9278582877d9018637c6817617705899d2858d7572ef0fe59a6b6454b4?s=96&d=mm&r=g","caption":"Canal Dana"},"url":"https:\/\/dana.com.br\/canaldana\/author\/cdeditor\/"}]}},"_links":{"self":[{"href":"https:\/\/dana.com.br\/canaldana\/wp-json\/wp\/v2\/posts\/19540","targetHints":{"allow":["GET"]}}],"collection":[{"href":"https:\/\/dana.com.br\/canaldana\/wp-json\/wp\/v2\/posts"}],"about":[{"href":"https:\/\/dana.com.br\/canaldana\/wp-json\/wp\/v2\/types\/post"}],"author":[{"embeddable":true,"href":"https:\/\/dana.com.br\/canaldana\/wp-json\/wp\/v2\/users\/3"}],"replies":[{"embeddable":true,"href":"https:\/\/dana.com.br\/canaldana\/wp-json\/wp\/v2\/comments?post=19540"}],"version-history":[{"count":0,"href":"https:\/\/dana.com.br\/canaldana\/wp-json\/wp\/v2\/posts\/19540\/revisions"}],"wp:attachment":[{"href":"https:\/\/dana.com.br\/canaldana\/wp-json\/wp\/v2\/media?parent=19540"}],"wp:term":[{"taxonomy":"category","embeddable":true,"href":"https:\/\/dana.com.br\/canaldana\/wp-json\/wp\/v2\/categories?post=19540"},{"taxonomy":"post_tag","embeddable":true,"href":"https:\/\/dana.com.br\/canaldana\/wp-json\/wp\/v2\/tags?post=19540"}],"curies":[{"name":"wp","href":"https:\/\/api.w.org\/{rel}","templated":true}]}}