{"id":19323,"date":"2017-08-25T07:42:23","date_gmt":"2017-08-25T10:42:23","guid":{"rendered":"http:\/\/dana.com.br\/canaldana\/?p=19323"},"modified":"2017-08-25T07:42:23","modified_gmt":"2017-08-25T10:42:23","slug":"premio-americar-cresce-e-se-consolida-na-amercia-latina","status":"publish","type":"post","link":"https:\/\/dana.com.br\/canaldana\/2017\/08\/25\/premio-americar-cresce-e-se-consolida-na-amercia-latina\/","title":{"rendered":"Pr\u00eamio Americar cresce e se consolida na Am\u00e9rcia latina"},"content":{"rendered":"<p><em>O Di\u00e1rio Online<\/em><\/p>\n<p>&nbsp;<\/p>\n<p>A Americar &#8211; Associa\u00e7\u00e3o Am\u00e9rica Latina da Imprensa de Carros, que re\u00fane alguns dos principais jornalistas de 11 pa\u00edses da Am\u00e9rica Latina, d\u00e1 in\u00edcio \u00e0 edi\u00e7\u00e3o 2018 do consagrado Pr\u00eamio Americar. O objetivo \u00e9 eleger os melhores ve\u00edculos do mercado automotivo da regi\u00e3o.<\/p>\n<p>&nbsp;<\/p>\n<p>Em raz\u00e3o do crescimento da associa\u00e7\u00e3o e da consolida\u00e7\u00e3o do Pr\u00eamio Americar como um dos mais expressivos da Am\u00e9rica Latina, a edi\u00e7\u00e3o 2018 ter\u00e1 como diferencial o rod\u00edzio entre os jornalistas votantes, mantendo entre 50 a 60 participantes, representando pa\u00edses como Argentina, Bol\u00edvia, Brasil, Chile, Col\u00f4mbia, Equador, M\u00e9xico, Paraguai, Peru, Uruguai e Venezuela.<\/p>\n<p>&nbsp;<\/p>\n<p>Criado h\u00e1 quatro anos, o Pr\u00eamio Americar motivou e atraiu mais jornalistas especializados do setor automobil\u00edstico dos diversos pa\u00edses latino-americanos a fazer parte da associa\u00e7\u00e3o. \u201cO objetivo \u00e9 intensificar a integra\u00e7\u00e3o da imprensa automotiva do continente. A decis\u00e3o por instituir o rod\u00edzio entre os votantes \u00e9 justamente para ampliar a sua abrang\u00eancia e representatividade\u201d, destaca Paulo Rodrigues, um dos diretores da associa\u00e7\u00e3o.<\/p>\n<p>&nbsp;<\/p>\n<p>Mais uma vez, nesta edi\u00e7\u00e3o os trof\u00e9us para os vencedores em cada uma das categorias ser\u00e3o criados pelo artista pl\u00e1stico Dejair Salvador. Desenvolvidas em puro vidro, as obras personalizam os diferentes segmentos, atrav\u00e9s de formas e simbolismos diferenciados por categoria.<\/p>\n<p>&nbsp;<\/p>\n<p>A edi\u00e7\u00e3o 2018 do Pr\u00eamio Americar contar\u00e1 com as cinco (5) categorias tradicionais: Melhor Carro Am\u00e9rica Latina, Melhor Importado Am\u00e9rica Latina, Melhor SUV Am\u00e9rica Latina, Melhor Picape Am\u00e9rica Latina e Melhor Design Am\u00e9rica Latina. Para manter o conceito j\u00e1 reconhecido de independ\u00eancia e imparcialidade, a vota\u00e7\u00e3o continuar\u00e1 sendo via internet e os vencedores receber\u00e3o os trof\u00e9us em datas a serem confirmadas pelo Comit\u00ea do Pr\u00eamio. (O Di\u00e1rio Online\/Devaldo Gilini Junior)<\/p>\n","protected":false},"excerpt":{"rendered":"<p>O Di\u00e1rio Online &nbsp; A Americar &#8211; Associa\u00e7\u00e3o Am\u00e9rica Latina da Imprensa de Carros, que re\u00fane alguns dos principais jornalistas de 11 pa\u00edses da Am\u00e9rica Latina, d\u00e1 in\u00edcio \u00e0 edi\u00e7\u00e3o 2018 do consagrado Pr\u00eamio Americar. O objetivo \u00e9 eleger os melhores ve\u00edculos do mercado automotivo da regi\u00e3o. &nbsp; Em raz\u00e3o do crescimento da associa\u00e7\u00e3o e\u2026 <a class=\"readmore\" href=\"https:\/\/dana.com.br\/canaldana\/2017\/08\/25\/premio-americar-cresce-e-se-consolida-na-amercia-latina\/\">Leia mais \u00bb<\/a><\/p>\n","protected":false},"author":3,"featured_media":0,"comment_status":"closed","ping_status":"closed","sticky":false,"template":"","format":"standard","meta":{"_acf_changed":false,"footnotes":""},"categories":[74],"tags":[],"class_list":["post-19323","post","type-post","status-publish","format-standard","hentry","category-premios"],"acf":[],"yoast_head":"<!-- This site is optimized with the Yoast SEO plugin v27.3 - https:\/\/yoast.com\/product\/yoast-seo-wordpress\/ -->\n<title>Pr\u00eamio Americar cresce e se consolida na Am\u00e9rcia latina - Canal Dana<\/title>\n<meta name=\"robots\" content=\"index, follow, max-snippet:-1, max-image-preview:large, max-video-preview:-1\" \/>\n<link rel=\"canonical\" href=\"https:\/\/dana.com.br\/canaldana\/2017\/08\/25\/premio-americar-cresce-e-se-consolida-na-amercia-latina\/\" \/>\n<meta property=\"og:locale\" content=\"pt_BR\" \/>\n<meta property=\"og:type\" content=\"article\" \/>\n<meta property=\"og:title\" content=\"Pr\u00eamio Americar cresce e se consolida na Am\u00e9rcia latina - Canal Dana\" \/>\n<meta property=\"og:description\" content=\"O Di\u00e1rio Online &nbsp; A Americar &#8211; Associa\u00e7\u00e3o Am\u00e9rica Latina da Imprensa de Carros, que re\u00fane alguns dos principais jornalistas de 11 pa\u00edses da Am\u00e9rica Latina, d\u00e1 in\u00edcio \u00e0 edi\u00e7\u00e3o 2018 do consagrado Pr\u00eamio Americar. O objetivo \u00e9 eleger os melhores ve\u00edculos do mercado automotivo da regi\u00e3o. &nbsp; Em raz\u00e3o do crescimento da associa\u00e7\u00e3o e\u2026 Leia mais \u00bb\" \/>\n<meta property=\"og:url\" content=\"https:\/\/dana.com.br\/canaldana\/2017\/08\/25\/premio-americar-cresce-e-se-consolida-na-amercia-latina\/\" \/>\n<meta property=\"og:site_name\" content=\"Canal Dana\" \/>\n<meta property=\"article:published_time\" content=\"2017-08-25T10:42:23+00:00\" \/>\n<meta name=\"author\" content=\"Canal Dana\" \/>\n<meta name=\"twitter:card\" content=\"summary_large_image\" \/>\n<meta name=\"twitter:label1\" content=\"Escrito por\" \/>\n\t<meta name=\"twitter:data1\" content=\"Canal Dana\" \/>\n\t<meta name=\"twitter:label2\" content=\"Est. tempo de leitura\" \/>\n\t<meta name=\"twitter:data2\" content=\"2 minutos\" \/>\n<script type=\"application\/ld+json\" class=\"yoast-schema-graph\">{\"@context\":\"https:\\\/\\\/schema.org\",\"@graph\":[{\"@type\":\"Article\",\"@id\":\"https:\\\/\\\/dana.com.br\\\/canaldana\\\/2017\\\/08\\\/25\\\/premio-americar-cresce-e-se-consolida-na-amercia-latina\\\/#article\",\"isPartOf\":{\"@id\":\"https:\\\/\\\/dana.com.br\\\/canaldana\\\/2017\\\/08\\\/25\\\/premio-americar-cresce-e-se-consolida-na-amercia-latina\\\/\"},\"author\":{\"name\":\"Canal Dana\",\"@id\":\"https:\\\/\\\/dana.com.br\\\/canaldana\\\/#\\\/schema\\\/person\\\/3c21f22f56fcf3bc46b94bc60ea4fef6\"},\"headline\":\"Pr\u00eamio Americar cresce e se consolida na Am\u00e9rcia latina\",\"datePublished\":\"2017-08-25T10:42:23+00:00\",\"mainEntityOfPage\":{\"@id\":\"https:\\\/\\\/dana.com.br\\\/canaldana\\\/2017\\\/08\\\/25\\\/premio-americar-cresce-e-se-consolida-na-amercia-latina\\\/\"},\"wordCount\":326,\"articleSection\":[\"Pr\u00eamios\"],\"inLanguage\":\"pt-BR\"},{\"@type\":\"WebPage\",\"@id\":\"https:\\\/\\\/dana.com.br\\\/canaldana\\\/2017\\\/08\\\/25\\\/premio-americar-cresce-e-se-consolida-na-amercia-latina\\\/\",\"url\":\"https:\\\/\\\/dana.com.br\\\/canaldana\\\/2017\\\/08\\\/25\\\/premio-americar-cresce-e-se-consolida-na-amercia-latina\\\/\",\"name\":\"Pr\u00eamio Americar cresce e se consolida na Am\u00e9rcia latina - Canal Dana\",\"isPartOf\":{\"@id\":\"https:\\\/\\\/dana.com.br\\\/canaldana\\\/#website\"},\"datePublished\":\"2017-08-25T10:42:23+00:00\",\"author\":{\"@id\":\"https:\\\/\\\/dana.com.br\\\/canaldana\\\/#\\\/schema\\\/person\\\/3c21f22f56fcf3bc46b94bc60ea4fef6\"},\"breadcrumb\":{\"@id\":\"https:\\\/\\\/dana.com.br\\\/canaldana\\\/2017\\\/08\\\/25\\\/premio-americar-cresce-e-se-consolida-na-amercia-latina\\\/#breadcrumb\"},\"inLanguage\":\"pt-BR\",\"potentialAction\":[{\"@type\":\"ReadAction\",\"target\":[\"https:\\\/\\\/dana.com.br\\\/canaldana\\\/2017\\\/08\\\/25\\\/premio-americar-cresce-e-se-consolida-na-amercia-latina\\\/\"]}]},{\"@type\":\"BreadcrumbList\",\"@id\":\"https:\\\/\\\/dana.com.br\\\/canaldana\\\/2017\\\/08\\\/25\\\/premio-americar-cresce-e-se-consolida-na-amercia-latina\\\/#breadcrumb\",\"itemListElement\":[{\"@type\":\"ListItem\",\"position\":1,\"name\":\"Home\",\"item\":\"https:\\\/\\\/dana.com.br\\\/canaldana\\\/\"},{\"@type\":\"ListItem\",\"position\":2,\"name\":\"Pr\u00eamios\",\"item\":\"https:\\\/\\\/dana.com.br\\\/canaldana\\\/premios\\\/\"},{\"@type\":\"ListItem\",\"position\":3,\"name\":\"Pr\u00eamio Americar cresce e se consolida na Am\u00e9rcia latina\"}]},{\"@type\":\"WebSite\",\"@id\":\"https:\\\/\\\/dana.com.br\\\/canaldana\\\/#website\",\"url\":\"https:\\\/\\\/dana.com.br\\\/canaldana\\\/\",\"name\":\"Canal Dana\",\"description\":\"Informativo com as principais not\u00edcias da ind\u00fastria automotiva\",\"potentialAction\":[{\"@type\":\"SearchAction\",\"target\":{\"@type\":\"EntryPoint\",\"urlTemplate\":\"https:\\\/\\\/dana.com.br\\\/canaldana\\\/?s={search_term_string}\"},\"query-input\":{\"@type\":\"PropertyValueSpecification\",\"valueRequired\":true,\"valueName\":\"search_term_string\"}}],\"inLanguage\":\"pt-BR\"},{\"@type\":\"Person\",\"@id\":\"https:\\\/\\\/dana.com.br\\\/canaldana\\\/#\\\/schema\\\/person\\\/3c21f22f56fcf3bc46b94bc60ea4fef6\",\"name\":\"Canal Dana\",\"image\":{\"@type\":\"ImageObject\",\"inLanguage\":\"pt-BR\",\"@id\":\"https:\\\/\\\/secure.gravatar.com\\\/avatar\\\/420aaf9278582877d9018637c6817617705899d2858d7572ef0fe59a6b6454b4?s=96&d=mm&r=g\",\"url\":\"https:\\\/\\\/secure.gravatar.com\\\/avatar\\\/420aaf9278582877d9018637c6817617705899d2858d7572ef0fe59a6b6454b4?s=96&d=mm&r=g\",\"contentUrl\":\"https:\\\/\\\/secure.gravatar.com\\\/avatar\\\/420aaf9278582877d9018637c6817617705899d2858d7572ef0fe59a6b6454b4?s=96&d=mm&r=g\",\"caption\":\"Canal Dana\"},\"url\":\"https:\\\/\\\/dana.com.br\\\/canaldana\\\/author\\\/cdeditor\\\/\"}]}<\/script>\n<!-- \/ Yoast SEO plugin. -->","yoast_head_json":{"title":"Pr\u00eamio Americar cresce e se consolida na Am\u00e9rcia latina - Canal Dana","robots":{"index":"index","follow":"follow","max-snippet":"max-snippet:-1","max-image-preview":"max-image-preview:large","max-video-preview":"max-video-preview:-1"},"canonical":"https:\/\/dana.com.br\/canaldana\/2017\/08\/25\/premio-americar-cresce-e-se-consolida-na-amercia-latina\/","og_locale":"pt_BR","og_type":"article","og_title":"Pr\u00eamio Americar cresce e se consolida na Am\u00e9rcia latina - Canal Dana","og_description":"O Di\u00e1rio Online &nbsp; A Americar &#8211; Associa\u00e7\u00e3o Am\u00e9rica Latina da Imprensa de Carros, que re\u00fane alguns dos principais jornalistas de 11 pa\u00edses da Am\u00e9rica Latina, d\u00e1 in\u00edcio \u00e0 edi\u00e7\u00e3o 2018 do consagrado Pr\u00eamio Americar. O objetivo \u00e9 eleger os melhores ve\u00edculos do mercado automotivo da regi\u00e3o. &nbsp; Em raz\u00e3o do crescimento da associa\u00e7\u00e3o e\u2026 Leia mais \u00bb","og_url":"https:\/\/dana.com.br\/canaldana\/2017\/08\/25\/premio-americar-cresce-e-se-consolida-na-amercia-latina\/","og_site_name":"Canal Dana","article_published_time":"2017-08-25T10:42:23+00:00","author":"Canal Dana","twitter_card":"summary_large_image","twitter_misc":{"Escrito por":"Canal Dana","Est. tempo de leitura":"2 minutos"},"schema":{"@context":"https:\/\/schema.org","@graph":[{"@type":"Article","@id":"https:\/\/dana.com.br\/canaldana\/2017\/08\/25\/premio-americar-cresce-e-se-consolida-na-amercia-latina\/#article","isPartOf":{"@id":"https:\/\/dana.com.br\/canaldana\/2017\/08\/25\/premio-americar-cresce-e-se-consolida-na-amercia-latina\/"},"author":{"name":"Canal Dana","@id":"https:\/\/dana.com.br\/canaldana\/#\/schema\/person\/3c21f22f56fcf3bc46b94bc60ea4fef6"},"headline":"Pr\u00eamio Americar cresce e se consolida na Am\u00e9rcia latina","datePublished":"2017-08-25T10:42:23+00:00","mainEntityOfPage":{"@id":"https:\/\/dana.com.br\/canaldana\/2017\/08\/25\/premio-americar-cresce-e-se-consolida-na-amercia-latina\/"},"wordCount":326,"articleSection":["Pr\u00eamios"],"inLanguage":"pt-BR"},{"@type":"WebPage","@id":"https:\/\/dana.com.br\/canaldana\/2017\/08\/25\/premio-americar-cresce-e-se-consolida-na-amercia-latina\/","url":"https:\/\/dana.com.br\/canaldana\/2017\/08\/25\/premio-americar-cresce-e-se-consolida-na-amercia-latina\/","name":"Pr\u00eamio Americar cresce e se consolida na Am\u00e9rcia latina - Canal Dana","isPartOf":{"@id":"https:\/\/dana.com.br\/canaldana\/#website"},"datePublished":"2017-08-25T10:42:23+00:00","author":{"@id":"https:\/\/dana.com.br\/canaldana\/#\/schema\/person\/3c21f22f56fcf3bc46b94bc60ea4fef6"},"breadcrumb":{"@id":"https:\/\/dana.com.br\/canaldana\/2017\/08\/25\/premio-americar-cresce-e-se-consolida-na-amercia-latina\/#breadcrumb"},"inLanguage":"pt-BR","potentialAction":[{"@type":"ReadAction","target":["https:\/\/dana.com.br\/canaldana\/2017\/08\/25\/premio-americar-cresce-e-se-consolida-na-amercia-latina\/"]}]},{"@type":"BreadcrumbList","@id":"https:\/\/dana.com.br\/canaldana\/2017\/08\/25\/premio-americar-cresce-e-se-consolida-na-amercia-latina\/#breadcrumb","itemListElement":[{"@type":"ListItem","position":1,"name":"Home","item":"https:\/\/dana.com.br\/canaldana\/"},{"@type":"ListItem","position":2,"name":"Pr\u00eamios","item":"https:\/\/dana.com.br\/canaldana\/premios\/"},{"@type":"ListItem","position":3,"name":"Pr\u00eamio Americar cresce e se consolida na Am\u00e9rcia latina"}]},{"@type":"WebSite","@id":"https:\/\/dana.com.br\/canaldana\/#website","url":"https:\/\/dana.com.br\/canaldana\/","name":"Canal Dana","description":"Informativo com as principais not\u00edcias da ind\u00fastria automotiva","potentialAction":[{"@type":"SearchAction","target":{"@type":"EntryPoint","urlTemplate":"https:\/\/dana.com.br\/canaldana\/?s={search_term_string}"},"query-input":{"@type":"PropertyValueSpecification","valueRequired":true,"valueName":"search_term_string"}}],"inLanguage":"pt-BR"},{"@type":"Person","@id":"https:\/\/dana.com.br\/canaldana\/#\/schema\/person\/3c21f22f56fcf3bc46b94bc60ea4fef6","name":"Canal Dana","image":{"@type":"ImageObject","inLanguage":"pt-BR","@id":"https:\/\/secure.gravatar.com\/avatar\/420aaf9278582877d9018637c6817617705899d2858d7572ef0fe59a6b6454b4?s=96&d=mm&r=g","url":"https:\/\/secure.gravatar.com\/avatar\/420aaf9278582877d9018637c6817617705899d2858d7572ef0fe59a6b6454b4?s=96&d=mm&r=g","contentUrl":"https:\/\/secure.gravatar.com\/avatar\/420aaf9278582877d9018637c6817617705899d2858d7572ef0fe59a6b6454b4?s=96&d=mm&r=g","caption":"Canal Dana"},"url":"https:\/\/dana.com.br\/canaldana\/author\/cdeditor\/"}]}},"_links":{"self":[{"href":"https:\/\/dana.com.br\/canaldana\/wp-json\/wp\/v2\/posts\/19323","targetHints":{"allow":["GET"]}}],"collection":[{"href":"https:\/\/dana.com.br\/canaldana\/wp-json\/wp\/v2\/posts"}],"about":[{"href":"https:\/\/dana.com.br\/canaldana\/wp-json\/wp\/v2\/types\/post"}],"author":[{"embeddable":true,"href":"https:\/\/dana.com.br\/canaldana\/wp-json\/wp\/v2\/users\/3"}],"replies":[{"embeddable":true,"href":"https:\/\/dana.com.br\/canaldana\/wp-json\/wp\/v2\/comments?post=19323"}],"version-history":[{"count":0,"href":"https:\/\/dana.com.br\/canaldana\/wp-json\/wp\/v2\/posts\/19323\/revisions"}],"wp:attachment":[{"href":"https:\/\/dana.com.br\/canaldana\/wp-json\/wp\/v2\/media?parent=19323"}],"wp:term":[{"taxonomy":"category","embeddable":true,"href":"https:\/\/dana.com.br\/canaldana\/wp-json\/wp\/v2\/categories?post=19323"},{"taxonomy":"post_tag","embeddable":true,"href":"https:\/\/dana.com.br\/canaldana\/wp-json\/wp\/v2\/tags?post=19323"}],"curies":[{"name":"wp","href":"https:\/\/api.w.org\/{rel}","templated":true}]}}