{"id":19235,"date":"2017-08-22T09:17:19","date_gmt":"2017-08-22T12:17:19","guid":{"rendered":"http:\/\/dana.com.br\/canaldana\/?p=19235"},"modified":"2017-08-22T09:17:19","modified_gmt":"2017-08-22T12:17:19","slug":"anef-aumenta-projecao-de-credito-para-financiamento-de-veiculos","status":"publish","type":"post","link":"https:\/\/dana.com.br\/canaldana\/2017\/08\/22\/anef-aumenta-projecao-de-credito-para-financiamento-de-veiculos\/","title":{"rendered":"ANEF aumenta proje\u00e7\u00e3o de cr\u00e9dito para financiamento de ve\u00edculos"},"content":{"rendered":"<p><em>Frota &amp; Cia<\/em><\/p>\n<p>&nbsp;<\/p>\n<p>A Associa\u00e7\u00e3o Nacional das Empresas Financeiras das Montadoras (ANEF) elevou a sua proje\u00e7\u00e3o de libera\u00e7\u00e3o de recursos para financiar a compra de ve\u00edculos. De acordo com a entidade, este ano dever\u00e3o ser liberados R$ 90,6 bilh\u00f5es, o que representa uma alta de 10,2% na compara\u00e7\u00e3o com o ano passado, que foi de R$ 82,2 bilh\u00f5es.\u00a0 A estimativa anterior era de que o volume de neg\u00f3cios seria da ordem de R$ 86,7 bilh\u00f5es, crescimento de 5,5% em rela\u00e7\u00e3o a 2016.<\/p>\n<p>&nbsp;<\/p>\n<p>O presidente da ANEF, Luiz Montenegro, destaca que a venda de ve\u00edculos vem registrando uma ligeira alta e o consumidor come\u00e7a a esbo\u00e7ar mais confian\u00e7a para investir em um bem de maior valor. \u201cNossa expectativa \u00e9 a de que teremos um segundo semestre melhor na compara\u00e7\u00e3o com o primeiro. Os n\u00fameros, no entanto, ainda ser\u00e3o t\u00edmidos em rela\u00e7\u00e3o aos anos anteriores. A retomada ser\u00e1 lenta, pois as pessoas ainda mant\u00eam cautela antes de fechar um neg\u00f3cio\u201d, analisa.<\/p>\n<p>&nbsp;<\/p>\n<p>Ao contr\u00e1rio da libera\u00e7\u00e3o de recursos, a Associa\u00e7\u00e3o n\u00e3o reviu sua proje\u00e7\u00e3o para o saldo de financiamento. Por enquanto, esse indicador foi mantido, com expectativa de crescimento de 2,5% em 2017, passando de R$ 162,7 bilh\u00f5es para R$ 166,7 bilh\u00f5es.<\/p>\n<p>&nbsp;<\/p>\n<p>No primeiro semestre deste ano, os bancos de montadoras e as institui\u00e7\u00f5es independentes liberaram R$ 45,8 bilh\u00f5es, o que representa uma alta de 18,6% em doze meses \u2013 no ano passado, nesse mesmo per\u00edodo, o montante foi de R$ 38,6 bilh\u00f5es. Para as opera\u00e7\u00f5es de CDC (Cr\u00e9dito Direto ao Consumidor) foram destinados R$ 44,9 bilh\u00f5es (alta de 19,8% em rela\u00e7\u00e3o ao mesmo per\u00edodo de 2016) e para o leasing, R$ 880 milh\u00f5es (queda de 22,3% em doze meses).<\/p>\n<p>&nbsp;<\/p>\n<p>Em julho, o sistema financeiro liberou R$ 7,9 bilh\u00f5es para as opera\u00e7\u00f5es de financiamento, volume 3% inferior ao registrado no m\u00eas anterior e 19,4% superior ao mesmo per\u00edodo de 2016. Para o leasing foram concedidos R$ 132 milh\u00f5es, queda de 41,6% na compara\u00e7\u00e3o com maio e de 18% em rela\u00e7\u00e3o ao mesmo per\u00edodo do ano passado.<\/p>\n<p>&nbsp;<\/p>\n<p>Apesar de o financiamento ser a modalidade mais procurada pelo consumidor, com 47% dos neg\u00f3cios, as compras \u00e0 vista atingiram recorde hist\u00f3rico no primeiro semestre, chegando aos 46%. Na sequ\u00eancia vem o cons\u00f3rcio, com 5% das opera\u00e7\u00f5es, e o leasing, com 2%.<\/p>\n<p>&nbsp;<\/p>\n<p>No segmento dos ve\u00edculos pesados, o Finame respondeu por 60% dos neg\u00f3cios. Na sequ\u00eancia vieram os financiamentos (18%), compras \u00e0 vista (12%), cons\u00f3rcio (6%) e leasing (4%). J\u00e1 os compradores de motos est\u00e3o optando pelo CDC. No primeiro semestre, essa modalidade foi respons\u00e1vel por 36% dos contratos fechados, seguida pelo cons\u00f3rcio (34%) e pelas compras \u00e0 vista (30%). (Frota &amp; Cia)<\/p>\n","protected":false},"excerpt":{"rendered":"<p>Frota &amp; Cia &nbsp; A Associa\u00e7\u00e3o Nacional das Empresas Financeiras das Montadoras (ANEF) elevou a sua proje\u00e7\u00e3o de libera\u00e7\u00e3o de recursos para financiar a compra de ve\u00edculos. De acordo com a entidade, este ano dever\u00e3o ser liberados R$ 90,6 bilh\u00f5es, o que representa uma alta de 10,2% na compara\u00e7\u00e3o com o ano passado, que foi\u2026 <a class=\"readmore\" href=\"https:\/\/dana.com.br\/canaldana\/2017\/08\/22\/anef-aumenta-projecao-de-credito-para-financiamento-de-veiculos\/\">Leia mais \u00bb<\/a><\/p>\n","protected":false},"author":3,"featured_media":0,"comment_status":"closed","ping_status":"closed","sticky":false,"template":"","format":"standard","meta":{"_acf_changed":false,"footnotes":""},"categories":[61],"tags":[],"class_list":["post-19235","post","type-post","status-publish","format-standard","hentry","category-destaques"],"acf":[],"yoast_head":"<!-- This site is optimized with the Yoast SEO plugin v27.3 - https:\/\/yoast.com\/product\/yoast-seo-wordpress\/ -->\n<title>ANEF aumenta proje\u00e7\u00e3o de cr\u00e9dito para financiamento de ve\u00edculos - Canal Dana<\/title>\n<meta name=\"robots\" content=\"index, follow, max-snippet:-1, max-image-preview:large, max-video-preview:-1\" \/>\n<link rel=\"canonical\" href=\"https:\/\/dana.com.br\/canaldana\/2017\/08\/22\/anef-aumenta-projecao-de-credito-para-financiamento-de-veiculos\/\" \/>\n<meta property=\"og:locale\" content=\"pt_BR\" \/>\n<meta property=\"og:type\" content=\"article\" \/>\n<meta property=\"og:title\" content=\"ANEF aumenta proje\u00e7\u00e3o de cr\u00e9dito para financiamento de ve\u00edculos - Canal Dana\" \/>\n<meta property=\"og:description\" content=\"Frota &amp; Cia &nbsp; A Associa\u00e7\u00e3o Nacional das Empresas Financeiras das Montadoras (ANEF) elevou a sua proje\u00e7\u00e3o de libera\u00e7\u00e3o de recursos para financiar a compra de ve\u00edculos. De acordo com a entidade, este ano dever\u00e3o ser liberados R$ 90,6 bilh\u00f5es, o que representa uma alta de 10,2% na compara\u00e7\u00e3o com o ano passado, que foi\u2026 Leia mais \u00bb\" \/>\n<meta property=\"og:url\" content=\"https:\/\/dana.com.br\/canaldana\/2017\/08\/22\/anef-aumenta-projecao-de-credito-para-financiamento-de-veiculos\/\" \/>\n<meta property=\"og:site_name\" content=\"Canal Dana\" \/>\n<meta property=\"article:published_time\" content=\"2017-08-22T12:17:19+00:00\" \/>\n<meta name=\"author\" content=\"Canal Dana\" \/>\n<meta name=\"twitter:card\" content=\"summary_large_image\" \/>\n<meta name=\"twitter:label1\" content=\"Escrito por\" \/>\n\t<meta name=\"twitter:data1\" content=\"Canal Dana\" \/>\n\t<meta name=\"twitter:label2\" content=\"Est. tempo de leitura\" \/>\n\t<meta name=\"twitter:data2\" content=\"2 minutos\" \/>\n<script type=\"application\/ld+json\" class=\"yoast-schema-graph\">{\"@context\":\"https:\\\/\\\/schema.org\",\"@graph\":[{\"@type\":\"Article\",\"@id\":\"https:\\\/\\\/dana.com.br\\\/canaldana\\\/2017\\\/08\\\/22\\\/anef-aumenta-projecao-de-credito-para-financiamento-de-veiculos\\\/#article\",\"isPartOf\":{\"@id\":\"https:\\\/\\\/dana.com.br\\\/canaldana\\\/2017\\\/08\\\/22\\\/anef-aumenta-projecao-de-credito-para-financiamento-de-veiculos\\\/\"},\"author\":{\"name\":\"Canal Dana\",\"@id\":\"https:\\\/\\\/dana.com.br\\\/canaldana\\\/#\\\/schema\\\/person\\\/3c21f22f56fcf3bc46b94bc60ea4fef6\"},\"headline\":\"ANEF aumenta proje\u00e7\u00e3o de cr\u00e9dito para financiamento de ve\u00edculos\",\"datePublished\":\"2017-08-22T12:17:19+00:00\",\"mainEntityOfPage\":{\"@id\":\"https:\\\/\\\/dana.com.br\\\/canaldana\\\/2017\\\/08\\\/22\\\/anef-aumenta-projecao-de-credito-para-financiamento-de-veiculos\\\/\"},\"wordCount\":472,\"articleSection\":[\"Destaques\"],\"inLanguage\":\"pt-BR\"},{\"@type\":\"WebPage\",\"@id\":\"https:\\\/\\\/dana.com.br\\\/canaldana\\\/2017\\\/08\\\/22\\\/anef-aumenta-projecao-de-credito-para-financiamento-de-veiculos\\\/\",\"url\":\"https:\\\/\\\/dana.com.br\\\/canaldana\\\/2017\\\/08\\\/22\\\/anef-aumenta-projecao-de-credito-para-financiamento-de-veiculos\\\/\",\"name\":\"ANEF aumenta proje\u00e7\u00e3o de cr\u00e9dito para financiamento de ve\u00edculos - Canal Dana\",\"isPartOf\":{\"@id\":\"https:\\\/\\\/dana.com.br\\\/canaldana\\\/#website\"},\"datePublished\":\"2017-08-22T12:17:19+00:00\",\"author\":{\"@id\":\"https:\\\/\\\/dana.com.br\\\/canaldana\\\/#\\\/schema\\\/person\\\/3c21f22f56fcf3bc46b94bc60ea4fef6\"},\"breadcrumb\":{\"@id\":\"https:\\\/\\\/dana.com.br\\\/canaldana\\\/2017\\\/08\\\/22\\\/anef-aumenta-projecao-de-credito-para-financiamento-de-veiculos\\\/#breadcrumb\"},\"inLanguage\":\"pt-BR\",\"potentialAction\":[{\"@type\":\"ReadAction\",\"target\":[\"https:\\\/\\\/dana.com.br\\\/canaldana\\\/2017\\\/08\\\/22\\\/anef-aumenta-projecao-de-credito-para-financiamento-de-veiculos\\\/\"]}]},{\"@type\":\"BreadcrumbList\",\"@id\":\"https:\\\/\\\/dana.com.br\\\/canaldana\\\/2017\\\/08\\\/22\\\/anef-aumenta-projecao-de-credito-para-financiamento-de-veiculos\\\/#breadcrumb\",\"itemListElement\":[{\"@type\":\"ListItem\",\"position\":1,\"name\":\"Home\",\"item\":\"https:\\\/\\\/dana.com.br\\\/canaldana\\\/\"},{\"@type\":\"ListItem\",\"position\":2,\"name\":\"Destaques\",\"item\":\"https:\\\/\\\/dana.com.br\\\/canaldana\\\/destaques\\\/\"},{\"@type\":\"ListItem\",\"position\":3,\"name\":\"ANEF aumenta proje\u00e7\u00e3o de cr\u00e9dito para financiamento de ve\u00edculos\"}]},{\"@type\":\"WebSite\",\"@id\":\"https:\\\/\\\/dana.com.br\\\/canaldana\\\/#website\",\"url\":\"https:\\\/\\\/dana.com.br\\\/canaldana\\\/\",\"name\":\"Canal Dana\",\"description\":\"Informativo com as principais not\u00edcias da ind\u00fastria automotiva\",\"potentialAction\":[{\"@type\":\"SearchAction\",\"target\":{\"@type\":\"EntryPoint\",\"urlTemplate\":\"https:\\\/\\\/dana.com.br\\\/canaldana\\\/?s={search_term_string}\"},\"query-input\":{\"@type\":\"PropertyValueSpecification\",\"valueRequired\":true,\"valueName\":\"search_term_string\"}}],\"inLanguage\":\"pt-BR\"},{\"@type\":\"Person\",\"@id\":\"https:\\\/\\\/dana.com.br\\\/canaldana\\\/#\\\/schema\\\/person\\\/3c21f22f56fcf3bc46b94bc60ea4fef6\",\"name\":\"Canal Dana\",\"image\":{\"@type\":\"ImageObject\",\"inLanguage\":\"pt-BR\",\"@id\":\"https:\\\/\\\/secure.gravatar.com\\\/avatar\\\/420aaf9278582877d9018637c6817617705899d2858d7572ef0fe59a6b6454b4?s=96&d=mm&r=g\",\"url\":\"https:\\\/\\\/secure.gravatar.com\\\/avatar\\\/420aaf9278582877d9018637c6817617705899d2858d7572ef0fe59a6b6454b4?s=96&d=mm&r=g\",\"contentUrl\":\"https:\\\/\\\/secure.gravatar.com\\\/avatar\\\/420aaf9278582877d9018637c6817617705899d2858d7572ef0fe59a6b6454b4?s=96&d=mm&r=g\",\"caption\":\"Canal Dana\"},\"url\":\"https:\\\/\\\/dana.com.br\\\/canaldana\\\/author\\\/cdeditor\\\/\"}]}<\/script>\n<!-- \/ Yoast SEO plugin. -->","yoast_head_json":{"title":"ANEF aumenta proje\u00e7\u00e3o de cr\u00e9dito para financiamento de ve\u00edculos - Canal Dana","robots":{"index":"index","follow":"follow","max-snippet":"max-snippet:-1","max-image-preview":"max-image-preview:large","max-video-preview":"max-video-preview:-1"},"canonical":"https:\/\/dana.com.br\/canaldana\/2017\/08\/22\/anef-aumenta-projecao-de-credito-para-financiamento-de-veiculos\/","og_locale":"pt_BR","og_type":"article","og_title":"ANEF aumenta proje\u00e7\u00e3o de cr\u00e9dito para financiamento de ve\u00edculos - Canal Dana","og_description":"Frota &amp; Cia &nbsp; A Associa\u00e7\u00e3o Nacional das Empresas Financeiras das Montadoras (ANEF) elevou a sua proje\u00e7\u00e3o de libera\u00e7\u00e3o de recursos para financiar a compra de ve\u00edculos. De acordo com a entidade, este ano dever\u00e3o ser liberados R$ 90,6 bilh\u00f5es, o que representa uma alta de 10,2% na compara\u00e7\u00e3o com o ano passado, que foi\u2026 Leia mais \u00bb","og_url":"https:\/\/dana.com.br\/canaldana\/2017\/08\/22\/anef-aumenta-projecao-de-credito-para-financiamento-de-veiculos\/","og_site_name":"Canal Dana","article_published_time":"2017-08-22T12:17:19+00:00","author":"Canal Dana","twitter_card":"summary_large_image","twitter_misc":{"Escrito por":"Canal Dana","Est. tempo de leitura":"2 minutos"},"schema":{"@context":"https:\/\/schema.org","@graph":[{"@type":"Article","@id":"https:\/\/dana.com.br\/canaldana\/2017\/08\/22\/anef-aumenta-projecao-de-credito-para-financiamento-de-veiculos\/#article","isPartOf":{"@id":"https:\/\/dana.com.br\/canaldana\/2017\/08\/22\/anef-aumenta-projecao-de-credito-para-financiamento-de-veiculos\/"},"author":{"name":"Canal Dana","@id":"https:\/\/dana.com.br\/canaldana\/#\/schema\/person\/3c21f22f56fcf3bc46b94bc60ea4fef6"},"headline":"ANEF aumenta proje\u00e7\u00e3o de cr\u00e9dito para financiamento de ve\u00edculos","datePublished":"2017-08-22T12:17:19+00:00","mainEntityOfPage":{"@id":"https:\/\/dana.com.br\/canaldana\/2017\/08\/22\/anef-aumenta-projecao-de-credito-para-financiamento-de-veiculos\/"},"wordCount":472,"articleSection":["Destaques"],"inLanguage":"pt-BR"},{"@type":"WebPage","@id":"https:\/\/dana.com.br\/canaldana\/2017\/08\/22\/anef-aumenta-projecao-de-credito-para-financiamento-de-veiculos\/","url":"https:\/\/dana.com.br\/canaldana\/2017\/08\/22\/anef-aumenta-projecao-de-credito-para-financiamento-de-veiculos\/","name":"ANEF aumenta proje\u00e7\u00e3o de cr\u00e9dito para financiamento de ve\u00edculos - Canal Dana","isPartOf":{"@id":"https:\/\/dana.com.br\/canaldana\/#website"},"datePublished":"2017-08-22T12:17:19+00:00","author":{"@id":"https:\/\/dana.com.br\/canaldana\/#\/schema\/person\/3c21f22f56fcf3bc46b94bc60ea4fef6"},"breadcrumb":{"@id":"https:\/\/dana.com.br\/canaldana\/2017\/08\/22\/anef-aumenta-projecao-de-credito-para-financiamento-de-veiculos\/#breadcrumb"},"inLanguage":"pt-BR","potentialAction":[{"@type":"ReadAction","target":["https:\/\/dana.com.br\/canaldana\/2017\/08\/22\/anef-aumenta-projecao-de-credito-para-financiamento-de-veiculos\/"]}]},{"@type":"BreadcrumbList","@id":"https:\/\/dana.com.br\/canaldana\/2017\/08\/22\/anef-aumenta-projecao-de-credito-para-financiamento-de-veiculos\/#breadcrumb","itemListElement":[{"@type":"ListItem","position":1,"name":"Home","item":"https:\/\/dana.com.br\/canaldana\/"},{"@type":"ListItem","position":2,"name":"Destaques","item":"https:\/\/dana.com.br\/canaldana\/destaques\/"},{"@type":"ListItem","position":3,"name":"ANEF aumenta proje\u00e7\u00e3o de cr\u00e9dito para financiamento de ve\u00edculos"}]},{"@type":"WebSite","@id":"https:\/\/dana.com.br\/canaldana\/#website","url":"https:\/\/dana.com.br\/canaldana\/","name":"Canal Dana","description":"Informativo com as principais not\u00edcias da ind\u00fastria automotiva","potentialAction":[{"@type":"SearchAction","target":{"@type":"EntryPoint","urlTemplate":"https:\/\/dana.com.br\/canaldana\/?s={search_term_string}"},"query-input":{"@type":"PropertyValueSpecification","valueRequired":true,"valueName":"search_term_string"}}],"inLanguage":"pt-BR"},{"@type":"Person","@id":"https:\/\/dana.com.br\/canaldana\/#\/schema\/person\/3c21f22f56fcf3bc46b94bc60ea4fef6","name":"Canal Dana","image":{"@type":"ImageObject","inLanguage":"pt-BR","@id":"https:\/\/secure.gravatar.com\/avatar\/420aaf9278582877d9018637c6817617705899d2858d7572ef0fe59a6b6454b4?s=96&d=mm&r=g","url":"https:\/\/secure.gravatar.com\/avatar\/420aaf9278582877d9018637c6817617705899d2858d7572ef0fe59a6b6454b4?s=96&d=mm&r=g","contentUrl":"https:\/\/secure.gravatar.com\/avatar\/420aaf9278582877d9018637c6817617705899d2858d7572ef0fe59a6b6454b4?s=96&d=mm&r=g","caption":"Canal Dana"},"url":"https:\/\/dana.com.br\/canaldana\/author\/cdeditor\/"}]}},"_links":{"self":[{"href":"https:\/\/dana.com.br\/canaldana\/wp-json\/wp\/v2\/posts\/19235","targetHints":{"allow":["GET"]}}],"collection":[{"href":"https:\/\/dana.com.br\/canaldana\/wp-json\/wp\/v2\/posts"}],"about":[{"href":"https:\/\/dana.com.br\/canaldana\/wp-json\/wp\/v2\/types\/post"}],"author":[{"embeddable":true,"href":"https:\/\/dana.com.br\/canaldana\/wp-json\/wp\/v2\/users\/3"}],"replies":[{"embeddable":true,"href":"https:\/\/dana.com.br\/canaldana\/wp-json\/wp\/v2\/comments?post=19235"}],"version-history":[{"count":0,"href":"https:\/\/dana.com.br\/canaldana\/wp-json\/wp\/v2\/posts\/19235\/revisions"}],"wp:attachment":[{"href":"https:\/\/dana.com.br\/canaldana\/wp-json\/wp\/v2\/media?parent=19235"}],"wp:term":[{"taxonomy":"category","embeddable":true,"href":"https:\/\/dana.com.br\/canaldana\/wp-json\/wp\/v2\/categories?post=19235"},{"taxonomy":"post_tag","embeddable":true,"href":"https:\/\/dana.com.br\/canaldana\/wp-json\/wp\/v2\/tags?post=19235"}],"curies":[{"name":"wp","href":"https:\/\/api.w.org\/{rel}","templated":true}]}}