{"id":19232,"date":"2017-08-22T09:12:36","date_gmt":"2017-08-22T12:12:36","guid":{"rendered":"http:\/\/dana.com.br\/canaldana\/?p=19232"},"modified":"2017-08-22T09:12:36","modified_gmt":"2017-08-22T12:12:36","slug":"chinesa-great-wall-confirma-interesse-na-fiat-chrysler","status":"publish","type":"post","link":"https:\/\/dana.com.br\/canaldana\/2017\/08\/22\/chinesa-great-wall-confirma-interesse-na-fiat-chrysler\/","title":{"rendered":"Chinesa Great Wall confirma interesse na Fiat Chrysler"},"content":{"rendered":"<p><em>Reuters<\/em><\/p>\n<p>&nbsp;<\/p>\n<p>A chinesa Great Wall Motor est\u00e1 interessada em fazer uma oferta pela Fiat Chrysler Automobiles (FCA), disse um representante da empresa nesta segunda-feira, confirmando not\u00edcias de que a companhia teria interesse em obter a totalidade ou parte das a\u00e7\u00f5es da dona das marcas Jeep e Ram.<\/p>\n<p>&nbsp;<\/p>\n<p>Houve especula\u00e7\u00f5es sobre o interesse chin\u00eas na FCA, desde que a Automotive News informou na semana passada que uma &#8220;conhecida fabricante de autom\u00f3veis chinesa&#8221; n\u00e3o identificada fez uma oferta no in\u00edcio deste m\u00eas, provocando um salto nas a\u00e7\u00f5es da FCA em Mil\u00e3o.<\/p>\n<p>&nbsp;<\/p>\n<p>&#8220;Com respeito a este caso, atualmente temos a inten\u00e7\u00e3o de adquirir. Estamos interessados (na FCA)&#8221;, disse um representante do departamento de rela\u00e7\u00f5es com a imprensa da Great Wall Motor \u00e0 Reuters por telefone. Ele n\u00e3o quis dizer o seu nome e n\u00e3o deu mais detalhes.<\/p>\n<p>&nbsp;<\/p>\n<p>O presidente-executivo da FCA, Sergio Marchionne, busca um parceiro ou comprador para a s\u00e9tima maior fabricante de autom\u00f3veis do mundo para ajudar a gerenciar os custos crescentes, cumprir as regras de emiss\u00f5es e desenvolver tecnologia para carros el\u00e9tricos e aut\u00f4nomos.<\/p>\n<p>&nbsp;<\/p>\n<p>Em um comunicado, a Fiat Chrysler disse que n\u00e3o foi contatada pela Great Wall Motor e que est\u00e1 muito ocupada atualmente implementando seu atual plano de neg\u00f3cios para os pr\u00f3ximos cinco anos. (Reuters\/Brenda Goh, Norihiko Shirouzu, Giulia Segreti e Agnieszka Flak)<\/p>\n","protected":false},"excerpt":{"rendered":"<p>Reuters &nbsp; A chinesa Great Wall Motor est\u00e1 interessada em fazer uma oferta pela Fiat Chrysler Automobiles (FCA), disse um representante da empresa nesta segunda-feira, confirmando not\u00edcias de que a companhia teria interesse em obter a totalidade ou parte das a\u00e7\u00f5es da dona das marcas Jeep e Ram. &nbsp; Houve especula\u00e7\u00f5es sobre o interesse chin\u00eas\u2026 <a class=\"readmore\" href=\"https:\/\/dana.com.br\/canaldana\/2017\/08\/22\/chinesa-great-wall-confirma-interesse-na-fiat-chrysler\/\">Leia mais \u00bb<\/a><\/p>\n","protected":false},"author":3,"featured_media":0,"comment_status":"closed","ping_status":"closed","sticky":false,"template":"","format":"standard","meta":{"_acf_changed":false,"footnotes":""},"categories":[61],"tags":[],"class_list":["post-19232","post","type-post","status-publish","format-standard","hentry","category-destaques"],"acf":[],"yoast_head":"<!-- This site is optimized with the Yoast SEO plugin v27.3 - https:\/\/yoast.com\/product\/yoast-seo-wordpress\/ -->\n<title>Chinesa Great Wall confirma interesse na Fiat Chrysler - Canal Dana<\/title>\n<meta name=\"robots\" content=\"index, follow, max-snippet:-1, max-image-preview:large, max-video-preview:-1\" \/>\n<link rel=\"canonical\" href=\"https:\/\/dana.com.br\/canaldana\/2017\/08\/22\/chinesa-great-wall-confirma-interesse-na-fiat-chrysler\/\" \/>\n<meta property=\"og:locale\" content=\"pt_BR\" \/>\n<meta property=\"og:type\" content=\"article\" \/>\n<meta property=\"og:title\" content=\"Chinesa Great Wall confirma interesse na Fiat Chrysler - Canal Dana\" \/>\n<meta property=\"og:description\" content=\"Reuters &nbsp; A chinesa Great Wall Motor est\u00e1 interessada em fazer uma oferta pela Fiat Chrysler Automobiles (FCA), disse um representante da empresa nesta segunda-feira, confirmando not\u00edcias de que a companhia teria interesse em obter a totalidade ou parte das a\u00e7\u00f5es da dona das marcas Jeep e Ram. &nbsp; Houve especula\u00e7\u00f5es sobre o interesse chin\u00eas\u2026 Leia mais \u00bb\" \/>\n<meta property=\"og:url\" content=\"https:\/\/dana.com.br\/canaldana\/2017\/08\/22\/chinesa-great-wall-confirma-interesse-na-fiat-chrysler\/\" \/>\n<meta property=\"og:site_name\" content=\"Canal Dana\" \/>\n<meta property=\"article:published_time\" content=\"2017-08-22T12:12:36+00:00\" \/>\n<meta name=\"author\" content=\"Canal Dana\" \/>\n<meta name=\"twitter:card\" content=\"summary_large_image\" \/>\n<meta name=\"twitter:label1\" content=\"Escrito por\" \/>\n\t<meta name=\"twitter:data1\" content=\"Canal Dana\" \/>\n\t<meta name=\"twitter:label2\" content=\"Est. tempo de leitura\" \/>\n\t<meta name=\"twitter:data2\" content=\"1 minuto\" \/>\n<script type=\"application\/ld+json\" class=\"yoast-schema-graph\">{\"@context\":\"https:\\\/\\\/schema.org\",\"@graph\":[{\"@type\":\"Article\",\"@id\":\"https:\\\/\\\/dana.com.br\\\/canaldana\\\/2017\\\/08\\\/22\\\/chinesa-great-wall-confirma-interesse-na-fiat-chrysler\\\/#article\",\"isPartOf\":{\"@id\":\"https:\\\/\\\/dana.com.br\\\/canaldana\\\/2017\\\/08\\\/22\\\/chinesa-great-wall-confirma-interesse-na-fiat-chrysler\\\/\"},\"author\":{\"name\":\"Canal Dana\",\"@id\":\"https:\\\/\\\/dana.com.br\\\/canaldana\\\/#\\\/schema\\\/person\\\/3c21f22f56fcf3bc46b94bc60ea4fef6\"},\"headline\":\"Chinesa Great Wall confirma interesse na Fiat Chrysler\",\"datePublished\":\"2017-08-22T12:12:36+00:00\",\"mainEntityOfPage\":{\"@id\":\"https:\\\/\\\/dana.com.br\\\/canaldana\\\/2017\\\/08\\\/22\\\/chinesa-great-wall-confirma-interesse-na-fiat-chrysler\\\/\"},\"wordCount\":250,\"articleSection\":[\"Destaques\"],\"inLanguage\":\"pt-BR\"},{\"@type\":\"WebPage\",\"@id\":\"https:\\\/\\\/dana.com.br\\\/canaldana\\\/2017\\\/08\\\/22\\\/chinesa-great-wall-confirma-interesse-na-fiat-chrysler\\\/\",\"url\":\"https:\\\/\\\/dana.com.br\\\/canaldana\\\/2017\\\/08\\\/22\\\/chinesa-great-wall-confirma-interesse-na-fiat-chrysler\\\/\",\"name\":\"Chinesa Great Wall confirma interesse na Fiat Chrysler - Canal Dana\",\"isPartOf\":{\"@id\":\"https:\\\/\\\/dana.com.br\\\/canaldana\\\/#website\"},\"datePublished\":\"2017-08-22T12:12:36+00:00\",\"author\":{\"@id\":\"https:\\\/\\\/dana.com.br\\\/canaldana\\\/#\\\/schema\\\/person\\\/3c21f22f56fcf3bc46b94bc60ea4fef6\"},\"breadcrumb\":{\"@id\":\"https:\\\/\\\/dana.com.br\\\/canaldana\\\/2017\\\/08\\\/22\\\/chinesa-great-wall-confirma-interesse-na-fiat-chrysler\\\/#breadcrumb\"},\"inLanguage\":\"pt-BR\",\"potentialAction\":[{\"@type\":\"ReadAction\",\"target\":[\"https:\\\/\\\/dana.com.br\\\/canaldana\\\/2017\\\/08\\\/22\\\/chinesa-great-wall-confirma-interesse-na-fiat-chrysler\\\/\"]}]},{\"@type\":\"BreadcrumbList\",\"@id\":\"https:\\\/\\\/dana.com.br\\\/canaldana\\\/2017\\\/08\\\/22\\\/chinesa-great-wall-confirma-interesse-na-fiat-chrysler\\\/#breadcrumb\",\"itemListElement\":[{\"@type\":\"ListItem\",\"position\":1,\"name\":\"Home\",\"item\":\"https:\\\/\\\/dana.com.br\\\/canaldana\\\/\"},{\"@type\":\"ListItem\",\"position\":2,\"name\":\"Destaques\",\"item\":\"https:\\\/\\\/dana.com.br\\\/canaldana\\\/destaques\\\/\"},{\"@type\":\"ListItem\",\"position\":3,\"name\":\"Chinesa Great Wall confirma interesse na Fiat Chrysler\"}]},{\"@type\":\"WebSite\",\"@id\":\"https:\\\/\\\/dana.com.br\\\/canaldana\\\/#website\",\"url\":\"https:\\\/\\\/dana.com.br\\\/canaldana\\\/\",\"name\":\"Canal Dana\",\"description\":\"Informativo com as principais not\u00edcias da ind\u00fastria automotiva\",\"potentialAction\":[{\"@type\":\"SearchAction\",\"target\":{\"@type\":\"EntryPoint\",\"urlTemplate\":\"https:\\\/\\\/dana.com.br\\\/canaldana\\\/?s={search_term_string}\"},\"query-input\":{\"@type\":\"PropertyValueSpecification\",\"valueRequired\":true,\"valueName\":\"search_term_string\"}}],\"inLanguage\":\"pt-BR\"},{\"@type\":\"Person\",\"@id\":\"https:\\\/\\\/dana.com.br\\\/canaldana\\\/#\\\/schema\\\/person\\\/3c21f22f56fcf3bc46b94bc60ea4fef6\",\"name\":\"Canal Dana\",\"image\":{\"@type\":\"ImageObject\",\"inLanguage\":\"pt-BR\",\"@id\":\"https:\\\/\\\/secure.gravatar.com\\\/avatar\\\/420aaf9278582877d9018637c6817617705899d2858d7572ef0fe59a6b6454b4?s=96&d=mm&r=g\",\"url\":\"https:\\\/\\\/secure.gravatar.com\\\/avatar\\\/420aaf9278582877d9018637c6817617705899d2858d7572ef0fe59a6b6454b4?s=96&d=mm&r=g\",\"contentUrl\":\"https:\\\/\\\/secure.gravatar.com\\\/avatar\\\/420aaf9278582877d9018637c6817617705899d2858d7572ef0fe59a6b6454b4?s=96&d=mm&r=g\",\"caption\":\"Canal Dana\"},\"url\":\"https:\\\/\\\/dana.com.br\\\/canaldana\\\/author\\\/cdeditor\\\/\"}]}<\/script>\n<!-- \/ Yoast SEO plugin. -->","yoast_head_json":{"title":"Chinesa Great Wall confirma interesse na Fiat Chrysler - Canal Dana","robots":{"index":"index","follow":"follow","max-snippet":"max-snippet:-1","max-image-preview":"max-image-preview:large","max-video-preview":"max-video-preview:-1"},"canonical":"https:\/\/dana.com.br\/canaldana\/2017\/08\/22\/chinesa-great-wall-confirma-interesse-na-fiat-chrysler\/","og_locale":"pt_BR","og_type":"article","og_title":"Chinesa Great Wall confirma interesse na Fiat Chrysler - Canal Dana","og_description":"Reuters &nbsp; A chinesa Great Wall Motor est\u00e1 interessada em fazer uma oferta pela Fiat Chrysler Automobiles (FCA), disse um representante da empresa nesta segunda-feira, confirmando not\u00edcias de que a companhia teria interesse em obter a totalidade ou parte das a\u00e7\u00f5es da dona das marcas Jeep e Ram. &nbsp; Houve especula\u00e7\u00f5es sobre o interesse chin\u00eas\u2026 Leia mais \u00bb","og_url":"https:\/\/dana.com.br\/canaldana\/2017\/08\/22\/chinesa-great-wall-confirma-interesse-na-fiat-chrysler\/","og_site_name":"Canal Dana","article_published_time":"2017-08-22T12:12:36+00:00","author":"Canal Dana","twitter_card":"summary_large_image","twitter_misc":{"Escrito por":"Canal Dana","Est. tempo de leitura":"1 minuto"},"schema":{"@context":"https:\/\/schema.org","@graph":[{"@type":"Article","@id":"https:\/\/dana.com.br\/canaldana\/2017\/08\/22\/chinesa-great-wall-confirma-interesse-na-fiat-chrysler\/#article","isPartOf":{"@id":"https:\/\/dana.com.br\/canaldana\/2017\/08\/22\/chinesa-great-wall-confirma-interesse-na-fiat-chrysler\/"},"author":{"name":"Canal Dana","@id":"https:\/\/dana.com.br\/canaldana\/#\/schema\/person\/3c21f22f56fcf3bc46b94bc60ea4fef6"},"headline":"Chinesa Great Wall confirma interesse na Fiat Chrysler","datePublished":"2017-08-22T12:12:36+00:00","mainEntityOfPage":{"@id":"https:\/\/dana.com.br\/canaldana\/2017\/08\/22\/chinesa-great-wall-confirma-interesse-na-fiat-chrysler\/"},"wordCount":250,"articleSection":["Destaques"],"inLanguage":"pt-BR"},{"@type":"WebPage","@id":"https:\/\/dana.com.br\/canaldana\/2017\/08\/22\/chinesa-great-wall-confirma-interesse-na-fiat-chrysler\/","url":"https:\/\/dana.com.br\/canaldana\/2017\/08\/22\/chinesa-great-wall-confirma-interesse-na-fiat-chrysler\/","name":"Chinesa Great Wall confirma interesse na Fiat Chrysler - Canal Dana","isPartOf":{"@id":"https:\/\/dana.com.br\/canaldana\/#website"},"datePublished":"2017-08-22T12:12:36+00:00","author":{"@id":"https:\/\/dana.com.br\/canaldana\/#\/schema\/person\/3c21f22f56fcf3bc46b94bc60ea4fef6"},"breadcrumb":{"@id":"https:\/\/dana.com.br\/canaldana\/2017\/08\/22\/chinesa-great-wall-confirma-interesse-na-fiat-chrysler\/#breadcrumb"},"inLanguage":"pt-BR","potentialAction":[{"@type":"ReadAction","target":["https:\/\/dana.com.br\/canaldana\/2017\/08\/22\/chinesa-great-wall-confirma-interesse-na-fiat-chrysler\/"]}]},{"@type":"BreadcrumbList","@id":"https:\/\/dana.com.br\/canaldana\/2017\/08\/22\/chinesa-great-wall-confirma-interesse-na-fiat-chrysler\/#breadcrumb","itemListElement":[{"@type":"ListItem","position":1,"name":"Home","item":"https:\/\/dana.com.br\/canaldana\/"},{"@type":"ListItem","position":2,"name":"Destaques","item":"https:\/\/dana.com.br\/canaldana\/destaques\/"},{"@type":"ListItem","position":3,"name":"Chinesa Great Wall confirma interesse na Fiat Chrysler"}]},{"@type":"WebSite","@id":"https:\/\/dana.com.br\/canaldana\/#website","url":"https:\/\/dana.com.br\/canaldana\/","name":"Canal Dana","description":"Informativo com as principais not\u00edcias da ind\u00fastria automotiva","potentialAction":[{"@type":"SearchAction","target":{"@type":"EntryPoint","urlTemplate":"https:\/\/dana.com.br\/canaldana\/?s={search_term_string}"},"query-input":{"@type":"PropertyValueSpecification","valueRequired":true,"valueName":"search_term_string"}}],"inLanguage":"pt-BR"},{"@type":"Person","@id":"https:\/\/dana.com.br\/canaldana\/#\/schema\/person\/3c21f22f56fcf3bc46b94bc60ea4fef6","name":"Canal Dana","image":{"@type":"ImageObject","inLanguage":"pt-BR","@id":"https:\/\/secure.gravatar.com\/avatar\/420aaf9278582877d9018637c6817617705899d2858d7572ef0fe59a6b6454b4?s=96&d=mm&r=g","url":"https:\/\/secure.gravatar.com\/avatar\/420aaf9278582877d9018637c6817617705899d2858d7572ef0fe59a6b6454b4?s=96&d=mm&r=g","contentUrl":"https:\/\/secure.gravatar.com\/avatar\/420aaf9278582877d9018637c6817617705899d2858d7572ef0fe59a6b6454b4?s=96&d=mm&r=g","caption":"Canal Dana"},"url":"https:\/\/dana.com.br\/canaldana\/author\/cdeditor\/"}]}},"_links":{"self":[{"href":"https:\/\/dana.com.br\/canaldana\/wp-json\/wp\/v2\/posts\/19232","targetHints":{"allow":["GET"]}}],"collection":[{"href":"https:\/\/dana.com.br\/canaldana\/wp-json\/wp\/v2\/posts"}],"about":[{"href":"https:\/\/dana.com.br\/canaldana\/wp-json\/wp\/v2\/types\/post"}],"author":[{"embeddable":true,"href":"https:\/\/dana.com.br\/canaldana\/wp-json\/wp\/v2\/users\/3"}],"replies":[{"embeddable":true,"href":"https:\/\/dana.com.br\/canaldana\/wp-json\/wp\/v2\/comments?post=19232"}],"version-history":[{"count":0,"href":"https:\/\/dana.com.br\/canaldana\/wp-json\/wp\/v2\/posts\/19232\/revisions"}],"wp:attachment":[{"href":"https:\/\/dana.com.br\/canaldana\/wp-json\/wp\/v2\/media?parent=19232"}],"wp:term":[{"taxonomy":"category","embeddable":true,"href":"https:\/\/dana.com.br\/canaldana\/wp-json\/wp\/v2\/categories?post=19232"},{"taxonomy":"post_tag","embeddable":true,"href":"https:\/\/dana.com.br\/canaldana\/wp-json\/wp\/v2\/tags?post=19232"}],"curies":[{"name":"wp","href":"https:\/\/api.w.org\/{rel}","templated":true}]}}