{"id":18822,"date":"2017-08-04T09:02:42","date_gmt":"2017-08-04T12:02:42","guid":{"rendered":"http:\/\/dana.com.br\/canaldana\/?p=18822"},"modified":"2017-08-04T09:02:42","modified_gmt":"2017-08-04T12:02:42","slug":"gm-anuncia-r-14-bilhao-para-expansao-da-unidade-de-gravatai","status":"publish","type":"post","link":"https:\/\/dana.com.br\/canaldana\/2017\/08\/04\/gm-anuncia-r-14-bilhao-para-expansao-da-unidade-de-gravatai\/","title":{"rendered":"GM anuncia R$ 1,4 bilh\u00e3o para expans\u00e3o da unidade de Gravata\u00ed"},"content":{"rendered":"<p><em>Portal G1 RS<\/em><\/p>\n<p>&nbsp;<\/p>\n<p>A General Motors, dona da Chevrolet, anunciou, nesta quinta-feira (3), um investimento de R$ 1,4 bilh\u00e3o para a expans\u00e3o da unidade de Gravata\u00ed, na Regi\u00e3o Metropolitana de Porto Alegre. No local, ser\u00e1 fabricado um novo modelo de carro.<\/p>\n<p>&nbsp;<\/p>\n<p>&#8220;\u00c9 um modelo que vai estar bem atrelado com as novas tend\u00eancias do mercado, e bem atrelado com que a Chevrolet est\u00e1 fazendo e que nos levou a lideran\u00e7a do mercado&#8221;, diz o presidente da GM Mercosul, Carlos Zarlenga, sem revelar qual ser\u00e1 o lan\u00e7amento, que dever\u00e1 chegar ao mercado em 2020.<\/p>\n<p>&nbsp;<\/p>\n<p>A expectativa \u00e9 de que a GM mire a categoria dos SUVs compactos, uma das poucas que crescem em vendas atualmente no pa\u00eds. O Tracker \u00e9 o representante da marca nessa briga, mas, como \u00e9 importado do M\u00e9xico, \u00e9 restrito a cotas pelo acordo comercial do Brasil com aquele pa\u00eds.<\/p>\n<p>&nbsp;<\/p>\n<p>Assim, a montadora pouco participa da briga pela lideran\u00e7a da categoria, dominado pelo Honda HR-V. A Ford, que tamb\u00e9m estava mal nessa disputa, acabou de renovar o EcoSport.<\/p>\n<p>&nbsp;<\/p>\n<p><strong>Gravata\u00ed<\/strong><\/p>\n<p>&nbsp;<\/p>\n<p>Na unidade do RS s\u00e3o produzidos o carro mais vendido do pa\u00eds, o Onix, e o seu derivado sed\u00e3, o Prisma. Com a amplia\u00e7\u00e3o, al\u00e9m de consolidar a unidade como a mais importante da GM na Am\u00e9rica Latina, o empreendimento ainda acena com novas oportunidades de emprego e neg\u00f3cios.<\/p>\n<p>&nbsp;<\/p>\n<p>O Complexo Industrial Automotivo de Gravata\u00ed foi inaugurado em 20 de julho de 2000. Na \u00e9poca, a capacidade de fabrica\u00e7\u00e3o era de 129 mil ve\u00edculos por ano.<\/p>\n<p>&nbsp;<\/p>\n<p>De l\u00e1 pra c\u00e1, o n\u00famero quase triplicou. Atualmente, a unidade pode produzir 350 mil ve\u00edculos por ano.<\/p>\n<p>&nbsp;<\/p>\n<p>Esta \u00e9 a terceira amplia\u00e7\u00e3o na f\u00e1brica de Gravata\u00ed e integra um plano maior para aumentar a exporta\u00e7\u00e3o de autom\u00f3veis.<\/p>\n<p>&nbsp;<\/p>\n<p>O investimento foi anunciado pelo presidente da General Motors Mercosul, Carlos Zarlenga, ao lado do vice Marcos Munhoz, na presen\u00e7a do governador Jos\u00e9 Ivo Sartori.<\/p>\n<p>&nbsp;<\/p>\n<p>Segundo o Pal\u00e1cio Piratini, foram quase dois anos de negocia\u00e7\u00f5es entre a montadora e o governo do estado, para garantir que o investimento ficasse no Rio Grande do Sul.<\/p>\n<p>&nbsp;<\/p>\n<p><strong>Novo \u00e2nimo para a economia<\/strong><\/p>\n<p>&nbsp;<\/p>\n<p>A medida \u00e9 parte do plano da empresa de investir R$ 13 bilh\u00f5es no Brasil, entre 2014 e 2019. &#8220;A gente acha que ser\u00e3o modelos muito bem-sucedidos no mercado. Vai criar emprego e desenvolvimento econ\u00f4mico na cidade e no estado&#8221;, discursou Zarlenga.<\/p>\n<p>&nbsp;<\/p>\n<p>De janeiro a julho deste ano, sa\u00edram da f\u00e1brica de Gravata\u00ed 73% dos 185 mil autom\u00f3veis de passeio da montadora emplacados no pa\u00eds. Atualmente, a unidade conta com 2,8 mil funcion\u00e1rios.<\/p>\n<p>&nbsp;<\/p>\n<p>A empresa n\u00e3o revelou quantas vagas ser\u00e3o abertas, mas esse n\u00famero n\u00e3o deve ser muito grande j\u00e1 que boa parte do processo \u00e9 automatizada. Com a crise, postos de trabalho foram fechados na cidade, inclusive na montadora. Mesmo assim, o investimento d\u00e1 um novo \u00e2nimo para a economia de Gravata\u00ed.<\/p>\n<p>&nbsp;<\/p>\n<p>&#8220;A montadora \u00e9 um exemplo de que \u00e9 poss\u00edvel sair da crise gerando emprego e renda, fazendo o dinheiro circular e movimentando a economia&#8221;, afirmou o prefeito Marco Alba. Segundo ele, a GM gera 50% do ICMS do munic\u00edpio, o que corresponde a R$ 100 milh\u00f5es em valores de 2017.<\/p>\n<p>&nbsp;<\/p>\n<p>O projeto foi beneficiado pelas mudan\u00e7as no Fundo Opera\u00e7\u00e3o Empresa do Estado do Rio Grande do Sul (Fundopem), aprovadas em junho. Trata-se de um incentivo financeiro extra para firmar parcerias com fornecedores instalados no estado.<\/p>\n<p>&nbsp;<\/p>\n<p>&#8220;A mudan\u00e7a maior no Fundopem \u00e9 que agora ele cria condi\u00e7\u00f5es para todo o setor automotivo&#8221;, explicou Sartori&#8221;. &#8220;Numa \u00e9poca de retra\u00e7\u00e3o econ\u00f4mica, investimentos dessa natureza t\u00eam que ser celebrados&#8221;, disse o governador. (Portal G1 RS)<\/p>\n","protected":false},"excerpt":{"rendered":"<p>Portal G1 RS &nbsp; A General Motors, dona da Chevrolet, anunciou, nesta quinta-feira (3), um investimento de R$ 1,4 bilh\u00e3o para a expans\u00e3o da unidade de Gravata\u00ed, na Regi\u00e3o Metropolitana de Porto Alegre. No local, ser\u00e1 fabricado um novo modelo de carro. &nbsp; &#8220;\u00c9 um modelo que vai estar bem atrelado com as novas tend\u00eancias\u2026 <a class=\"readmore\" href=\"https:\/\/dana.com.br\/canaldana\/2017\/08\/04\/gm-anuncia-r-14-bilhao-para-expansao-da-unidade-de-gravatai\/\">Leia mais \u00bb<\/a><\/p>\n","protected":false},"author":3,"featured_media":0,"comment_status":"closed","ping_status":"closed","sticky":false,"template":"","format":"standard","meta":{"_acf_changed":false,"footnotes":""},"categories":[61],"tags":[],"class_list":["post-18822","post","type-post","status-publish","format-standard","hentry","category-destaques"],"acf":[],"yoast_head":"<!-- This site is optimized with the Yoast SEO plugin v27.5 - https:\/\/yoast.com\/product\/yoast-seo-wordpress\/ -->\n<title>GM anuncia R$ 1,4 bilh\u00e3o para expans\u00e3o da unidade de Gravata\u00ed - Canal Dana<\/title>\n<meta name=\"robots\" content=\"index, follow, max-snippet:-1, max-image-preview:large, max-video-preview:-1\" \/>\n<link rel=\"canonical\" href=\"https:\/\/dana.com.br\/canaldana\/2017\/08\/04\/gm-anuncia-r-14-bilhao-para-expansao-da-unidade-de-gravatai\/\" \/>\n<meta property=\"og:locale\" content=\"pt_BR\" \/>\n<meta property=\"og:type\" content=\"article\" \/>\n<meta property=\"og:title\" content=\"GM anuncia R$ 1,4 bilh\u00e3o para expans\u00e3o da unidade de Gravata\u00ed - Canal Dana\" \/>\n<meta property=\"og:description\" content=\"Portal G1 RS &nbsp; A General Motors, dona da Chevrolet, anunciou, nesta quinta-feira (3), um investimento de R$ 1,4 bilh\u00e3o para a expans\u00e3o da unidade de Gravata\u00ed, na Regi\u00e3o Metropolitana de Porto Alegre. No local, ser\u00e1 fabricado um novo modelo de carro. &nbsp; &#8220;\u00c9 um modelo que vai estar bem atrelado com as novas tend\u00eancias\u2026 Leia mais \u00bb\" \/>\n<meta property=\"og:url\" content=\"https:\/\/dana.com.br\/canaldana\/2017\/08\/04\/gm-anuncia-r-14-bilhao-para-expansao-da-unidade-de-gravatai\/\" \/>\n<meta property=\"og:site_name\" content=\"Canal Dana\" \/>\n<meta property=\"article:published_time\" content=\"2017-08-04T12:02:42+00:00\" \/>\n<meta name=\"author\" content=\"Canal Dana\" \/>\n<meta name=\"twitter:card\" content=\"summary_large_image\" \/>\n<meta name=\"twitter:label1\" content=\"Escrito por\" \/>\n\t<meta name=\"twitter:data1\" content=\"Canal Dana\" \/>\n\t<meta name=\"twitter:label2\" content=\"Est. tempo de leitura\" \/>\n\t<meta name=\"twitter:data2\" content=\"3 minutos\" \/>\n<script type=\"application\/ld+json\" class=\"yoast-schema-graph\">{\"@context\":\"https:\\\/\\\/schema.org\",\"@graph\":[{\"@type\":\"Article\",\"@id\":\"https:\\\/\\\/dana.com.br\\\/canaldana\\\/2017\\\/08\\\/04\\\/gm-anuncia-r-14-bilhao-para-expansao-da-unidade-de-gravatai\\\/#article\",\"isPartOf\":{\"@id\":\"https:\\\/\\\/dana.com.br\\\/canaldana\\\/2017\\\/08\\\/04\\\/gm-anuncia-r-14-bilhao-para-expansao-da-unidade-de-gravatai\\\/\"},\"author\":{\"name\":\"Canal Dana\",\"@id\":\"https:\\\/\\\/dana.com.br\\\/canaldana\\\/#\\\/schema\\\/person\\\/3c21f22f56fcf3bc46b94bc60ea4fef6\"},\"headline\":\"GM anuncia R$ 1,4 bilh\u00e3o para expans\u00e3o da unidade de Gravata\u00ed\",\"datePublished\":\"2017-08-04T12:02:42+00:00\",\"mainEntityOfPage\":{\"@id\":\"https:\\\/\\\/dana.com.br\\\/canaldana\\\/2017\\\/08\\\/04\\\/gm-anuncia-r-14-bilhao-para-expansao-da-unidade-de-gravatai\\\/\"},\"wordCount\":642,\"articleSection\":[\"Destaques\"],\"inLanguage\":\"pt-BR\"},{\"@type\":\"WebPage\",\"@id\":\"https:\\\/\\\/dana.com.br\\\/canaldana\\\/2017\\\/08\\\/04\\\/gm-anuncia-r-14-bilhao-para-expansao-da-unidade-de-gravatai\\\/\",\"url\":\"https:\\\/\\\/dana.com.br\\\/canaldana\\\/2017\\\/08\\\/04\\\/gm-anuncia-r-14-bilhao-para-expansao-da-unidade-de-gravatai\\\/\",\"name\":\"GM anuncia R$ 1,4 bilh\u00e3o para expans\u00e3o da unidade de Gravata\u00ed - Canal Dana\",\"isPartOf\":{\"@id\":\"https:\\\/\\\/dana.com.br\\\/canaldana\\\/#website\"},\"datePublished\":\"2017-08-04T12:02:42+00:00\",\"author\":{\"@id\":\"https:\\\/\\\/dana.com.br\\\/canaldana\\\/#\\\/schema\\\/person\\\/3c21f22f56fcf3bc46b94bc60ea4fef6\"},\"breadcrumb\":{\"@id\":\"https:\\\/\\\/dana.com.br\\\/canaldana\\\/2017\\\/08\\\/04\\\/gm-anuncia-r-14-bilhao-para-expansao-da-unidade-de-gravatai\\\/#breadcrumb\"},\"inLanguage\":\"pt-BR\",\"potentialAction\":[{\"@type\":\"ReadAction\",\"target\":[\"https:\\\/\\\/dana.com.br\\\/canaldana\\\/2017\\\/08\\\/04\\\/gm-anuncia-r-14-bilhao-para-expansao-da-unidade-de-gravatai\\\/\"]}]},{\"@type\":\"BreadcrumbList\",\"@id\":\"https:\\\/\\\/dana.com.br\\\/canaldana\\\/2017\\\/08\\\/04\\\/gm-anuncia-r-14-bilhao-para-expansao-da-unidade-de-gravatai\\\/#breadcrumb\",\"itemListElement\":[{\"@type\":\"ListItem\",\"position\":1,\"name\":\"Home\",\"item\":\"https:\\\/\\\/dana.com.br\\\/canaldana\\\/\"},{\"@type\":\"ListItem\",\"position\":2,\"name\":\"Destaques\",\"item\":\"https:\\\/\\\/dana.com.br\\\/canaldana\\\/destaques\\\/\"},{\"@type\":\"ListItem\",\"position\":3,\"name\":\"GM anuncia R$ 1,4 bilh\u00e3o para expans\u00e3o da unidade de Gravata\u00ed\"}]},{\"@type\":\"WebSite\",\"@id\":\"https:\\\/\\\/dana.com.br\\\/canaldana\\\/#website\",\"url\":\"https:\\\/\\\/dana.com.br\\\/canaldana\\\/\",\"name\":\"Canal Dana\",\"description\":\"Informativo com as principais not\u00edcias da ind\u00fastria automotiva\",\"potentialAction\":[{\"@type\":\"SearchAction\",\"target\":{\"@type\":\"EntryPoint\",\"urlTemplate\":\"https:\\\/\\\/dana.com.br\\\/canaldana\\\/?s={search_term_string}\"},\"query-input\":{\"@type\":\"PropertyValueSpecification\",\"valueRequired\":true,\"valueName\":\"search_term_string\"}}],\"inLanguage\":\"pt-BR\"},{\"@type\":\"Person\",\"@id\":\"https:\\\/\\\/dana.com.br\\\/canaldana\\\/#\\\/schema\\\/person\\\/3c21f22f56fcf3bc46b94bc60ea4fef6\",\"name\":\"Canal Dana\",\"image\":{\"@type\":\"ImageObject\",\"inLanguage\":\"pt-BR\",\"@id\":\"https:\\\/\\\/secure.gravatar.com\\\/avatar\\\/420aaf9278582877d9018637c6817617705899d2858d7572ef0fe59a6b6454b4?s=96&d=mm&r=g\",\"url\":\"https:\\\/\\\/secure.gravatar.com\\\/avatar\\\/420aaf9278582877d9018637c6817617705899d2858d7572ef0fe59a6b6454b4?s=96&d=mm&r=g\",\"contentUrl\":\"https:\\\/\\\/secure.gravatar.com\\\/avatar\\\/420aaf9278582877d9018637c6817617705899d2858d7572ef0fe59a6b6454b4?s=96&d=mm&r=g\",\"caption\":\"Canal Dana\"},\"url\":\"https:\\\/\\\/dana.com.br\\\/canaldana\\\/author\\\/cdeditor\\\/\"}]}<\/script>\n<!-- \/ Yoast SEO plugin. -->","yoast_head_json":{"title":"GM anuncia R$ 1,4 bilh\u00e3o para expans\u00e3o da unidade de Gravata\u00ed - Canal Dana","robots":{"index":"index","follow":"follow","max-snippet":"max-snippet:-1","max-image-preview":"max-image-preview:large","max-video-preview":"max-video-preview:-1"},"canonical":"https:\/\/dana.com.br\/canaldana\/2017\/08\/04\/gm-anuncia-r-14-bilhao-para-expansao-da-unidade-de-gravatai\/","og_locale":"pt_BR","og_type":"article","og_title":"GM anuncia R$ 1,4 bilh\u00e3o para expans\u00e3o da unidade de Gravata\u00ed - Canal Dana","og_description":"Portal G1 RS &nbsp; A General Motors, dona da Chevrolet, anunciou, nesta quinta-feira (3), um investimento de R$ 1,4 bilh\u00e3o para a expans\u00e3o da unidade de Gravata\u00ed, na Regi\u00e3o Metropolitana de Porto Alegre. No local, ser\u00e1 fabricado um novo modelo de carro. &nbsp; &#8220;\u00c9 um modelo que vai estar bem atrelado com as novas tend\u00eancias\u2026 Leia mais \u00bb","og_url":"https:\/\/dana.com.br\/canaldana\/2017\/08\/04\/gm-anuncia-r-14-bilhao-para-expansao-da-unidade-de-gravatai\/","og_site_name":"Canal Dana","article_published_time":"2017-08-04T12:02:42+00:00","author":"Canal Dana","twitter_card":"summary_large_image","twitter_misc":{"Escrito por":"Canal Dana","Est. tempo de leitura":"3 minutos"},"schema":{"@context":"https:\/\/schema.org","@graph":[{"@type":"Article","@id":"https:\/\/dana.com.br\/canaldana\/2017\/08\/04\/gm-anuncia-r-14-bilhao-para-expansao-da-unidade-de-gravatai\/#article","isPartOf":{"@id":"https:\/\/dana.com.br\/canaldana\/2017\/08\/04\/gm-anuncia-r-14-bilhao-para-expansao-da-unidade-de-gravatai\/"},"author":{"name":"Canal Dana","@id":"https:\/\/dana.com.br\/canaldana\/#\/schema\/person\/3c21f22f56fcf3bc46b94bc60ea4fef6"},"headline":"GM anuncia R$ 1,4 bilh\u00e3o para expans\u00e3o da unidade de Gravata\u00ed","datePublished":"2017-08-04T12:02:42+00:00","mainEntityOfPage":{"@id":"https:\/\/dana.com.br\/canaldana\/2017\/08\/04\/gm-anuncia-r-14-bilhao-para-expansao-da-unidade-de-gravatai\/"},"wordCount":642,"articleSection":["Destaques"],"inLanguage":"pt-BR"},{"@type":"WebPage","@id":"https:\/\/dana.com.br\/canaldana\/2017\/08\/04\/gm-anuncia-r-14-bilhao-para-expansao-da-unidade-de-gravatai\/","url":"https:\/\/dana.com.br\/canaldana\/2017\/08\/04\/gm-anuncia-r-14-bilhao-para-expansao-da-unidade-de-gravatai\/","name":"GM anuncia R$ 1,4 bilh\u00e3o para expans\u00e3o da unidade de Gravata\u00ed - Canal Dana","isPartOf":{"@id":"https:\/\/dana.com.br\/canaldana\/#website"},"datePublished":"2017-08-04T12:02:42+00:00","author":{"@id":"https:\/\/dana.com.br\/canaldana\/#\/schema\/person\/3c21f22f56fcf3bc46b94bc60ea4fef6"},"breadcrumb":{"@id":"https:\/\/dana.com.br\/canaldana\/2017\/08\/04\/gm-anuncia-r-14-bilhao-para-expansao-da-unidade-de-gravatai\/#breadcrumb"},"inLanguage":"pt-BR","potentialAction":[{"@type":"ReadAction","target":["https:\/\/dana.com.br\/canaldana\/2017\/08\/04\/gm-anuncia-r-14-bilhao-para-expansao-da-unidade-de-gravatai\/"]}]},{"@type":"BreadcrumbList","@id":"https:\/\/dana.com.br\/canaldana\/2017\/08\/04\/gm-anuncia-r-14-bilhao-para-expansao-da-unidade-de-gravatai\/#breadcrumb","itemListElement":[{"@type":"ListItem","position":1,"name":"Home","item":"https:\/\/dana.com.br\/canaldana\/"},{"@type":"ListItem","position":2,"name":"Destaques","item":"https:\/\/dana.com.br\/canaldana\/destaques\/"},{"@type":"ListItem","position":3,"name":"GM anuncia R$ 1,4 bilh\u00e3o para expans\u00e3o da unidade de Gravata\u00ed"}]},{"@type":"WebSite","@id":"https:\/\/dana.com.br\/canaldana\/#website","url":"https:\/\/dana.com.br\/canaldana\/","name":"Canal Dana","description":"Informativo com as principais not\u00edcias da ind\u00fastria automotiva","potentialAction":[{"@type":"SearchAction","target":{"@type":"EntryPoint","urlTemplate":"https:\/\/dana.com.br\/canaldana\/?s={search_term_string}"},"query-input":{"@type":"PropertyValueSpecification","valueRequired":true,"valueName":"search_term_string"}}],"inLanguage":"pt-BR"},{"@type":"Person","@id":"https:\/\/dana.com.br\/canaldana\/#\/schema\/person\/3c21f22f56fcf3bc46b94bc60ea4fef6","name":"Canal Dana","image":{"@type":"ImageObject","inLanguage":"pt-BR","@id":"https:\/\/secure.gravatar.com\/avatar\/420aaf9278582877d9018637c6817617705899d2858d7572ef0fe59a6b6454b4?s=96&d=mm&r=g","url":"https:\/\/secure.gravatar.com\/avatar\/420aaf9278582877d9018637c6817617705899d2858d7572ef0fe59a6b6454b4?s=96&d=mm&r=g","contentUrl":"https:\/\/secure.gravatar.com\/avatar\/420aaf9278582877d9018637c6817617705899d2858d7572ef0fe59a6b6454b4?s=96&d=mm&r=g","caption":"Canal Dana"},"url":"https:\/\/dana.com.br\/canaldana\/author\/cdeditor\/"}]}},"_links":{"self":[{"href":"https:\/\/dana.com.br\/canaldana\/wp-json\/wp\/v2\/posts\/18822","targetHints":{"allow":["GET"]}}],"collection":[{"href":"https:\/\/dana.com.br\/canaldana\/wp-json\/wp\/v2\/posts"}],"about":[{"href":"https:\/\/dana.com.br\/canaldana\/wp-json\/wp\/v2\/types\/post"}],"author":[{"embeddable":true,"href":"https:\/\/dana.com.br\/canaldana\/wp-json\/wp\/v2\/users\/3"}],"replies":[{"embeddable":true,"href":"https:\/\/dana.com.br\/canaldana\/wp-json\/wp\/v2\/comments?post=18822"}],"version-history":[{"count":0,"href":"https:\/\/dana.com.br\/canaldana\/wp-json\/wp\/v2\/posts\/18822\/revisions"}],"wp:attachment":[{"href":"https:\/\/dana.com.br\/canaldana\/wp-json\/wp\/v2\/media?parent=18822"}],"wp:term":[{"taxonomy":"category","embeddable":true,"href":"https:\/\/dana.com.br\/canaldana\/wp-json\/wp\/v2\/categories?post=18822"},{"taxonomy":"post_tag","embeddable":true,"href":"https:\/\/dana.com.br\/canaldana\/wp-json\/wp\/v2\/tags?post=18822"}],"curies":[{"name":"wp","href":"https:\/\/api.w.org\/{rel}","templated":true}]}}