{"id":1876,"date":"2015-08-19T08:04:56","date_gmt":"2015-08-19T11:04:56","guid":{"rendered":"http:\/\/dana.com.br\/canaldana\/?p=1876"},"modified":"2015-08-19T08:04:56","modified_gmt":"2015-08-19T11:04:56","slug":"promocao-da-iveco-oferece-r-15-mil-na-compra-de-veiculos-pesados","status":"publish","type":"post","link":"https:\/\/dana.com.br\/canaldana\/2015\/08\/19\/promocao-da-iveco-oferece-r-15-mil-na-compra-de-veiculos-pesados\/","title":{"rendered":"Promo\u00e7\u00e3o da Iveco oferece R$ 15 mil na compra de ve\u00edculos pesados"},"content":{"rendered":"<p><em>Frota &amp; Cia<\/em><\/p>\n<p>&nbsp;<\/p>\n<p>A Iveco est\u00e1 lan\u00e7ando uma campanha comercial in\u00e9dita para os compradores de caminh\u00f5es. Batizada de Carga Extra Iveco, a iniciativa oferece R$ 15 mil na compra de ve\u00edculos pesados da marca.<\/p>\n<p>&nbsp;<\/p>\n<p>As bonifica\u00e7\u00f5es ser\u00e3o feitas por meio de um cart\u00e3o magn\u00e9tico de d\u00e9bito, que poder\u00e1 ser usado tanto nas concession\u00e1rias Iveco, como nas milhares de lojas conveniadas \u00e0 Rede Good Card \/ Ecobenef\u00edcios , como hipermercados, restaurantes, postos de gasolina e muitos outros.<\/p>\n<p>&nbsp;<\/p>\n<p>V\u00e1lido apenas para os caminh\u00f5es Stralis ou Hi-Way, modelo 2014\/14, o Carga Extra Iveco ir\u00e1 fornecer o cr\u00e9dito de R$ 15 mil para todos os pedidos tirados e assinados nas concession\u00e1rias entre os dias 01\/08\/2015 e 30\/09\/2015. O benef\u00edcio contempla cada ve\u00edculo faturado. Ou seja, no caso da compra de mais de um caminh\u00e3o por CPF ou CNPJ, o dep\u00f3sito ser\u00e1 feito em apenas um cart\u00e3o, por\u00e9m levar\u00e1 em conta cada uma das unidades adquiridas.<\/p>\n<p>&nbsp;<\/p>\n<p>O acesso ao saldo ou \u00e0s lojas conveniadas pode ser feito pelo aplicativo Ecobenef\u00edcios ou no site <a href=\"http:\/\/www.ecobeneficios.com.br\">www.ecobeneficios.com.br<\/a>. Os cart\u00f5es s\u00e3o aceitos tamb\u00e9m em toda a rede de concession\u00e1rias Iveco, seja na aquisi\u00e7\u00e3o de pe\u00e7as genu\u00ednas, contratos de manuten\u00e7\u00e3o ou at\u00e9 mesmo utilizando o valor como entrada do ve\u00edculo.<\/p>\n<p>&nbsp;<\/p>\n<p>&#8220;Temos produtos altamente competitivos no segmento de pesados, com a tecnologia e o conforto que ve\u00edculos do segmento necessitam. Com a campanha, somamos um forte atrativo a mais para os nossos caminh\u00f5es&#8221;, comenta Ricardo Barion, diretor de Marketing da Iveco para Am\u00e9rica Latina.<\/p>\n<p>&nbsp;<\/p>\n<p>Todas as informa\u00e7\u00f5es da campanha tamb\u00e9m est\u00e3o no hotsite <a href=\"http:\/\/www.pesadosiveco.com.br\">www.pesadosiveco.com.br<\/a>. No endere\u00e7o est\u00e3o dispon\u00edveis fotos dos modelos e o contato dos concession\u00e1rios Iveco, al\u00e9m de dados t\u00e9cnicos dos caminh\u00f5es. Destaque ainda para o Tour Virtual 360\u00b0, que, com navegabilidade simples, permite que o usu\u00e1rio sinta-se dentro do ve\u00edculo, com acesso a todos os comandos. (Frota &amp; Cia)<\/p>\n","protected":false},"excerpt":{"rendered":"<p>Frota &amp; Cia &nbsp; A Iveco est\u00e1 lan\u00e7ando uma campanha comercial in\u00e9dita para os compradores de caminh\u00f5es. Batizada de Carga Extra Iveco, a iniciativa oferece R$ 15 mil na compra de ve\u00edculos pesados da marca. &nbsp; As bonifica\u00e7\u00f5es ser\u00e3o feitas por meio de um cart\u00e3o magn\u00e9tico de d\u00e9bito, que poder\u00e1 ser usado tanto nas concession\u00e1rias\u2026 <a class=\"readmore\" href=\"https:\/\/dana.com.br\/canaldana\/2015\/08\/19\/promocao-da-iveco-oferece-r-15-mil-na-compra-de-veiculos-pesados\/\">Leia mais \u00bb<\/a><\/p>\n","protected":false},"author":3,"featured_media":0,"comment_status":"closed","ping_status":"closed","sticky":false,"template":"","format":"standard","meta":{"_acf_changed":false,"footnotes":""},"categories":[79],"tags":[],"class_list":["post-1876","post","type-post","status-publish","format-standard","hentry","category-mercado"],"acf":[],"yoast_head":"<!-- This site is optimized with the Yoast SEO plugin v27.3 - https:\/\/yoast.com\/product\/yoast-seo-wordpress\/ -->\n<title>Promo\u00e7\u00e3o da Iveco oferece R$ 15 mil na compra de ve\u00edculos pesados - Canal Dana<\/title>\n<meta name=\"robots\" content=\"index, follow, max-snippet:-1, max-image-preview:large, max-video-preview:-1\" \/>\n<link rel=\"canonical\" href=\"https:\/\/dana.com.br\/canaldana\/2015\/08\/19\/promocao-da-iveco-oferece-r-15-mil-na-compra-de-veiculos-pesados\/\" \/>\n<meta property=\"og:locale\" content=\"pt_BR\" \/>\n<meta property=\"og:type\" content=\"article\" \/>\n<meta property=\"og:title\" content=\"Promo\u00e7\u00e3o da Iveco oferece R$ 15 mil na compra de ve\u00edculos pesados - Canal Dana\" \/>\n<meta property=\"og:description\" content=\"Frota &amp; Cia &nbsp; A Iveco est\u00e1 lan\u00e7ando uma campanha comercial in\u00e9dita para os compradores de caminh\u00f5es. Batizada de Carga Extra Iveco, a iniciativa oferece R$ 15 mil na compra de ve\u00edculos pesados da marca. &nbsp; As bonifica\u00e7\u00f5es ser\u00e3o feitas por meio de um cart\u00e3o magn\u00e9tico de d\u00e9bito, que poder\u00e1 ser usado tanto nas concession\u00e1rias\u2026 Leia mais \u00bb\" \/>\n<meta property=\"og:url\" content=\"https:\/\/dana.com.br\/canaldana\/2015\/08\/19\/promocao-da-iveco-oferece-r-15-mil-na-compra-de-veiculos-pesados\/\" \/>\n<meta property=\"og:site_name\" content=\"Canal Dana\" \/>\n<meta property=\"article:published_time\" content=\"2015-08-19T11:04:56+00:00\" \/>\n<meta name=\"author\" content=\"Canal Dana\" \/>\n<meta name=\"twitter:card\" content=\"summary_large_image\" \/>\n<meta name=\"twitter:label1\" content=\"Escrito por\" \/>\n\t<meta name=\"twitter:data1\" content=\"Canal Dana\" \/>\n\t<meta name=\"twitter:label2\" content=\"Est. tempo de leitura\" \/>\n\t<meta name=\"twitter:data2\" content=\"2 minutos\" \/>\n<script type=\"application\/ld+json\" class=\"yoast-schema-graph\">{\"@context\":\"https:\\\/\\\/schema.org\",\"@graph\":[{\"@type\":\"Article\",\"@id\":\"https:\\\/\\\/dana.com.br\\\/canaldana\\\/2015\\\/08\\\/19\\\/promocao-da-iveco-oferece-r-15-mil-na-compra-de-veiculos-pesados\\\/#article\",\"isPartOf\":{\"@id\":\"https:\\\/\\\/dana.com.br\\\/canaldana\\\/2015\\\/08\\\/19\\\/promocao-da-iveco-oferece-r-15-mil-na-compra-de-veiculos-pesados\\\/\"},\"author\":{\"name\":\"Canal Dana\",\"@id\":\"https:\\\/\\\/dana.com.br\\\/canaldana\\\/#\\\/schema\\\/person\\\/3c21f22f56fcf3bc46b94bc60ea4fef6\"},\"headline\":\"Promo\u00e7\u00e3o da Iveco oferece R$ 15 mil na compra de ve\u00edculos pesados\",\"datePublished\":\"2015-08-19T11:04:56+00:00\",\"mainEntityOfPage\":{\"@id\":\"https:\\\/\\\/dana.com.br\\\/canaldana\\\/2015\\\/08\\\/19\\\/promocao-da-iveco-oferece-r-15-mil-na-compra-de-veiculos-pesados\\\/\"},\"wordCount\":362,\"articleSection\":[\"Mercado\"],\"inLanguage\":\"pt-BR\"},{\"@type\":\"WebPage\",\"@id\":\"https:\\\/\\\/dana.com.br\\\/canaldana\\\/2015\\\/08\\\/19\\\/promocao-da-iveco-oferece-r-15-mil-na-compra-de-veiculos-pesados\\\/\",\"url\":\"https:\\\/\\\/dana.com.br\\\/canaldana\\\/2015\\\/08\\\/19\\\/promocao-da-iveco-oferece-r-15-mil-na-compra-de-veiculos-pesados\\\/\",\"name\":\"Promo\u00e7\u00e3o da Iveco oferece R$ 15 mil na compra de ve\u00edculos pesados - Canal Dana\",\"isPartOf\":{\"@id\":\"https:\\\/\\\/dana.com.br\\\/canaldana\\\/#website\"},\"datePublished\":\"2015-08-19T11:04:56+00:00\",\"author\":{\"@id\":\"https:\\\/\\\/dana.com.br\\\/canaldana\\\/#\\\/schema\\\/person\\\/3c21f22f56fcf3bc46b94bc60ea4fef6\"},\"breadcrumb\":{\"@id\":\"https:\\\/\\\/dana.com.br\\\/canaldana\\\/2015\\\/08\\\/19\\\/promocao-da-iveco-oferece-r-15-mil-na-compra-de-veiculos-pesados\\\/#breadcrumb\"},\"inLanguage\":\"pt-BR\",\"potentialAction\":[{\"@type\":\"ReadAction\",\"target\":[\"https:\\\/\\\/dana.com.br\\\/canaldana\\\/2015\\\/08\\\/19\\\/promocao-da-iveco-oferece-r-15-mil-na-compra-de-veiculos-pesados\\\/\"]}]},{\"@type\":\"BreadcrumbList\",\"@id\":\"https:\\\/\\\/dana.com.br\\\/canaldana\\\/2015\\\/08\\\/19\\\/promocao-da-iveco-oferece-r-15-mil-na-compra-de-veiculos-pesados\\\/#breadcrumb\",\"itemListElement\":[{\"@type\":\"ListItem\",\"position\":1,\"name\":\"Home\",\"item\":\"https:\\\/\\\/dana.com.br\\\/canaldana\\\/\"},{\"@type\":\"ListItem\",\"position\":2,\"name\":\"Mercado\",\"item\":\"https:\\\/\\\/dana.com.br\\\/canaldana\\\/mercado\\\/\"},{\"@type\":\"ListItem\",\"position\":3,\"name\":\"Promo\u00e7\u00e3o da Iveco oferece R$ 15 mil na compra de ve\u00edculos pesados\"}]},{\"@type\":\"WebSite\",\"@id\":\"https:\\\/\\\/dana.com.br\\\/canaldana\\\/#website\",\"url\":\"https:\\\/\\\/dana.com.br\\\/canaldana\\\/\",\"name\":\"Canal Dana\",\"description\":\"Informativo com as principais not\u00edcias da ind\u00fastria automotiva\",\"potentialAction\":[{\"@type\":\"SearchAction\",\"target\":{\"@type\":\"EntryPoint\",\"urlTemplate\":\"https:\\\/\\\/dana.com.br\\\/canaldana\\\/?s={search_term_string}\"},\"query-input\":{\"@type\":\"PropertyValueSpecification\",\"valueRequired\":true,\"valueName\":\"search_term_string\"}}],\"inLanguage\":\"pt-BR\"},{\"@type\":\"Person\",\"@id\":\"https:\\\/\\\/dana.com.br\\\/canaldana\\\/#\\\/schema\\\/person\\\/3c21f22f56fcf3bc46b94bc60ea4fef6\",\"name\":\"Canal Dana\",\"image\":{\"@type\":\"ImageObject\",\"inLanguage\":\"pt-BR\",\"@id\":\"https:\\\/\\\/secure.gravatar.com\\\/avatar\\\/420aaf9278582877d9018637c6817617705899d2858d7572ef0fe59a6b6454b4?s=96&d=mm&r=g\",\"url\":\"https:\\\/\\\/secure.gravatar.com\\\/avatar\\\/420aaf9278582877d9018637c6817617705899d2858d7572ef0fe59a6b6454b4?s=96&d=mm&r=g\",\"contentUrl\":\"https:\\\/\\\/secure.gravatar.com\\\/avatar\\\/420aaf9278582877d9018637c6817617705899d2858d7572ef0fe59a6b6454b4?s=96&d=mm&r=g\",\"caption\":\"Canal Dana\"},\"url\":\"https:\\\/\\\/dana.com.br\\\/canaldana\\\/author\\\/cdeditor\\\/\"}]}<\/script>\n<!-- \/ Yoast SEO plugin. -->","yoast_head_json":{"title":"Promo\u00e7\u00e3o da Iveco oferece R$ 15 mil na compra de ve\u00edculos pesados - Canal Dana","robots":{"index":"index","follow":"follow","max-snippet":"max-snippet:-1","max-image-preview":"max-image-preview:large","max-video-preview":"max-video-preview:-1"},"canonical":"https:\/\/dana.com.br\/canaldana\/2015\/08\/19\/promocao-da-iveco-oferece-r-15-mil-na-compra-de-veiculos-pesados\/","og_locale":"pt_BR","og_type":"article","og_title":"Promo\u00e7\u00e3o da Iveco oferece R$ 15 mil na compra de ve\u00edculos pesados - Canal Dana","og_description":"Frota &amp; Cia &nbsp; A Iveco est\u00e1 lan\u00e7ando uma campanha comercial in\u00e9dita para os compradores de caminh\u00f5es. Batizada de Carga Extra Iveco, a iniciativa oferece R$ 15 mil na compra de ve\u00edculos pesados da marca. &nbsp; As bonifica\u00e7\u00f5es ser\u00e3o feitas por meio de um cart\u00e3o magn\u00e9tico de d\u00e9bito, que poder\u00e1 ser usado tanto nas concession\u00e1rias\u2026 Leia mais \u00bb","og_url":"https:\/\/dana.com.br\/canaldana\/2015\/08\/19\/promocao-da-iveco-oferece-r-15-mil-na-compra-de-veiculos-pesados\/","og_site_name":"Canal Dana","article_published_time":"2015-08-19T11:04:56+00:00","author":"Canal Dana","twitter_card":"summary_large_image","twitter_misc":{"Escrito por":"Canal Dana","Est. tempo de leitura":"2 minutos"},"schema":{"@context":"https:\/\/schema.org","@graph":[{"@type":"Article","@id":"https:\/\/dana.com.br\/canaldana\/2015\/08\/19\/promocao-da-iveco-oferece-r-15-mil-na-compra-de-veiculos-pesados\/#article","isPartOf":{"@id":"https:\/\/dana.com.br\/canaldana\/2015\/08\/19\/promocao-da-iveco-oferece-r-15-mil-na-compra-de-veiculos-pesados\/"},"author":{"name":"Canal Dana","@id":"https:\/\/dana.com.br\/canaldana\/#\/schema\/person\/3c21f22f56fcf3bc46b94bc60ea4fef6"},"headline":"Promo\u00e7\u00e3o da Iveco oferece R$ 15 mil na compra de ve\u00edculos pesados","datePublished":"2015-08-19T11:04:56+00:00","mainEntityOfPage":{"@id":"https:\/\/dana.com.br\/canaldana\/2015\/08\/19\/promocao-da-iveco-oferece-r-15-mil-na-compra-de-veiculos-pesados\/"},"wordCount":362,"articleSection":["Mercado"],"inLanguage":"pt-BR"},{"@type":"WebPage","@id":"https:\/\/dana.com.br\/canaldana\/2015\/08\/19\/promocao-da-iveco-oferece-r-15-mil-na-compra-de-veiculos-pesados\/","url":"https:\/\/dana.com.br\/canaldana\/2015\/08\/19\/promocao-da-iveco-oferece-r-15-mil-na-compra-de-veiculos-pesados\/","name":"Promo\u00e7\u00e3o da Iveco oferece R$ 15 mil na compra de ve\u00edculos pesados - Canal Dana","isPartOf":{"@id":"https:\/\/dana.com.br\/canaldana\/#website"},"datePublished":"2015-08-19T11:04:56+00:00","author":{"@id":"https:\/\/dana.com.br\/canaldana\/#\/schema\/person\/3c21f22f56fcf3bc46b94bc60ea4fef6"},"breadcrumb":{"@id":"https:\/\/dana.com.br\/canaldana\/2015\/08\/19\/promocao-da-iveco-oferece-r-15-mil-na-compra-de-veiculos-pesados\/#breadcrumb"},"inLanguage":"pt-BR","potentialAction":[{"@type":"ReadAction","target":["https:\/\/dana.com.br\/canaldana\/2015\/08\/19\/promocao-da-iveco-oferece-r-15-mil-na-compra-de-veiculos-pesados\/"]}]},{"@type":"BreadcrumbList","@id":"https:\/\/dana.com.br\/canaldana\/2015\/08\/19\/promocao-da-iveco-oferece-r-15-mil-na-compra-de-veiculos-pesados\/#breadcrumb","itemListElement":[{"@type":"ListItem","position":1,"name":"Home","item":"https:\/\/dana.com.br\/canaldana\/"},{"@type":"ListItem","position":2,"name":"Mercado","item":"https:\/\/dana.com.br\/canaldana\/mercado\/"},{"@type":"ListItem","position":3,"name":"Promo\u00e7\u00e3o da Iveco oferece R$ 15 mil na compra de ve\u00edculos pesados"}]},{"@type":"WebSite","@id":"https:\/\/dana.com.br\/canaldana\/#website","url":"https:\/\/dana.com.br\/canaldana\/","name":"Canal Dana","description":"Informativo com as principais not\u00edcias da ind\u00fastria automotiva","potentialAction":[{"@type":"SearchAction","target":{"@type":"EntryPoint","urlTemplate":"https:\/\/dana.com.br\/canaldana\/?s={search_term_string}"},"query-input":{"@type":"PropertyValueSpecification","valueRequired":true,"valueName":"search_term_string"}}],"inLanguage":"pt-BR"},{"@type":"Person","@id":"https:\/\/dana.com.br\/canaldana\/#\/schema\/person\/3c21f22f56fcf3bc46b94bc60ea4fef6","name":"Canal Dana","image":{"@type":"ImageObject","inLanguage":"pt-BR","@id":"https:\/\/secure.gravatar.com\/avatar\/420aaf9278582877d9018637c6817617705899d2858d7572ef0fe59a6b6454b4?s=96&d=mm&r=g","url":"https:\/\/secure.gravatar.com\/avatar\/420aaf9278582877d9018637c6817617705899d2858d7572ef0fe59a6b6454b4?s=96&d=mm&r=g","contentUrl":"https:\/\/secure.gravatar.com\/avatar\/420aaf9278582877d9018637c6817617705899d2858d7572ef0fe59a6b6454b4?s=96&d=mm&r=g","caption":"Canal Dana"},"url":"https:\/\/dana.com.br\/canaldana\/author\/cdeditor\/"}]}},"_links":{"self":[{"href":"https:\/\/dana.com.br\/canaldana\/wp-json\/wp\/v2\/posts\/1876","targetHints":{"allow":["GET"]}}],"collection":[{"href":"https:\/\/dana.com.br\/canaldana\/wp-json\/wp\/v2\/posts"}],"about":[{"href":"https:\/\/dana.com.br\/canaldana\/wp-json\/wp\/v2\/types\/post"}],"author":[{"embeddable":true,"href":"https:\/\/dana.com.br\/canaldana\/wp-json\/wp\/v2\/users\/3"}],"replies":[{"embeddable":true,"href":"https:\/\/dana.com.br\/canaldana\/wp-json\/wp\/v2\/comments?post=1876"}],"version-history":[{"count":0,"href":"https:\/\/dana.com.br\/canaldana\/wp-json\/wp\/v2\/posts\/1876\/revisions"}],"wp:attachment":[{"href":"https:\/\/dana.com.br\/canaldana\/wp-json\/wp\/v2\/media?parent=1876"}],"wp:term":[{"taxonomy":"category","embeddable":true,"href":"https:\/\/dana.com.br\/canaldana\/wp-json\/wp\/v2\/categories?post=1876"},{"taxonomy":"post_tag","embeddable":true,"href":"https:\/\/dana.com.br\/canaldana\/wp-json\/wp\/v2\/tags?post=1876"}],"curies":[{"name":"wp","href":"https:\/\/api.w.org\/{rel}","templated":true}]}}