{"id":18272,"date":"2017-07-14T08:02:15","date_gmt":"2017-07-14T11:02:15","guid":{"rendered":"http:\/\/dana.com.br\/canaldana\/?p=18272"},"modified":"2017-07-14T08:02:15","modified_gmt":"2017-07-14T11:02:15","slug":"bmw-r-1200-gs-e-chamada-para-recall-na-suspensao-dianteira","status":"publish","type":"post","link":"https:\/\/dana.com.br\/canaldana\/2017\/07\/14\/bmw-r-1200-gs-e-chamada-para-recall-na-suspensao-dianteira\/","title":{"rendered":"BMW R 1200 GS \u00e9 chamada para recall na suspens\u00e3o dianteira"},"content":{"rendered":"<p><em>Carplace\/Motor1.com\u00a0<\/em><\/p>\n<p>&nbsp;<\/p>\n<p>A BMW Motorrad do Brasil divulgou um recall para as R 1200 GS e R 1200 GS Adventure. Segundo a marca, o chamado envolve unidades fabricadas entre 28\/10\/2013 e 04\/07\/2017 para a verifica\u00e7\u00e3o e reparo dos cilindros da suspens\u00e3o dianteira. Uma folga, causada por impactos fortes em obst\u00e1culos ou buracos em velocidades altas, pode ocasionar vazamento de \u00f3leo do componente, barulho e, em casos mais graves, problemas no controle da moto, com possibilidade de acidentes.<\/p>\n<p>&nbsp;<\/p>\n<p><strong>Os chassis envolvidos s\u00e3o:<\/strong><\/p>\n<p>&nbsp;<\/p>\n<p><strong>Modelos\u00a0<\/strong><\/p>\n<p><strong>R 1200 GS<\/strong> &#8211; de Z133576 at\u00e9 ZE62597<\/p>\n<p><strong>R 1200 GS Adventure<\/strong> &#8211; de Z200595 at\u00e9 ZG05507<\/p>\n<p>&nbsp;<\/p>\n<p>A verifica\u00e7\u00e3o e reparo ser\u00e3o feitos a partir do dia 31 de julho, com dura\u00e7\u00e3o de cerca de duas horas. Para mais informa\u00e7\u00f5es, a BMW disponibiliza seu Servi\u00e7o de Atendimento ao Cliente, no telefone 0800 019 7097, ou pelo site <a href=\"http:\/\/www.bmw.com.br\/recall\" target=\"_blank\">www.bmw.com.br\/recall<\/a>. (Carplace\/Motor1.com\/Leo Fortunatti)<\/p>\n","protected":false},"excerpt":{"rendered":"<p>Carplace\/Motor1.com\u00a0 &nbsp; A BMW Motorrad do Brasil divulgou um recall para as R 1200 GS e R 1200 GS Adventure. Segundo a marca, o chamado envolve unidades fabricadas entre 28\/10\/2013 e 04\/07\/2017 para a verifica\u00e7\u00e3o e reparo dos cilindros da suspens\u00e3o dianteira. Uma folga, causada por impactos fortes em obst\u00e1culos ou buracos em velocidades altas,\u2026 <a class=\"readmore\" href=\"https:\/\/dana.com.br\/canaldana\/2017\/07\/14\/bmw-r-1200-gs-e-chamada-para-recall-na-suspensao-dianteira\/\">Leia mais \u00bb<\/a><\/p>\n","protected":false},"author":3,"featured_media":0,"comment_status":"closed","ping_status":"closed","sticky":false,"template":"","format":"standard","meta":{"_acf_changed":false,"footnotes":""},"categories":[81],"tags":[],"class_list":["post-18272","post","type-post","status-publish","format-standard","hentry","category-recall"],"acf":[],"yoast_head":"<!-- This site is optimized with the Yoast SEO plugin v27.3 - https:\/\/yoast.com\/product\/yoast-seo-wordpress\/ -->\n<title>BMW R 1200 GS \u00e9 chamada para recall na suspens\u00e3o dianteira - Canal Dana<\/title>\n<meta name=\"robots\" content=\"index, follow, max-snippet:-1, max-image-preview:large, max-video-preview:-1\" \/>\n<link rel=\"canonical\" href=\"https:\/\/dana.com.br\/canaldana\/2017\/07\/14\/bmw-r-1200-gs-e-chamada-para-recall-na-suspensao-dianteira\/\" \/>\n<meta property=\"og:locale\" content=\"pt_BR\" \/>\n<meta property=\"og:type\" content=\"article\" \/>\n<meta property=\"og:title\" content=\"BMW R 1200 GS \u00e9 chamada para recall na suspens\u00e3o dianteira - Canal Dana\" \/>\n<meta property=\"og:description\" content=\"Carplace\/Motor1.com\u00a0 &nbsp; A BMW Motorrad do Brasil divulgou um recall para as R 1200 GS e R 1200 GS Adventure. Segundo a marca, o chamado envolve unidades fabricadas entre 28\/10\/2013 e 04\/07\/2017 para a verifica\u00e7\u00e3o e reparo dos cilindros da suspens\u00e3o dianteira. Uma folga, causada por impactos fortes em obst\u00e1culos ou buracos em velocidades altas,\u2026 Leia mais \u00bb\" \/>\n<meta property=\"og:url\" content=\"https:\/\/dana.com.br\/canaldana\/2017\/07\/14\/bmw-r-1200-gs-e-chamada-para-recall-na-suspensao-dianteira\/\" \/>\n<meta property=\"og:site_name\" content=\"Canal Dana\" \/>\n<meta property=\"article:published_time\" content=\"2017-07-14T11:02:15+00:00\" \/>\n<meta name=\"author\" content=\"Canal Dana\" \/>\n<meta name=\"twitter:card\" content=\"summary_large_image\" \/>\n<meta name=\"twitter:label1\" content=\"Escrito por\" \/>\n\t<meta name=\"twitter:data1\" content=\"Canal Dana\" \/>\n\t<meta name=\"twitter:label2\" content=\"Est. tempo de leitura\" \/>\n\t<meta name=\"twitter:data2\" content=\"1 minuto\" \/>\n<script type=\"application\/ld+json\" class=\"yoast-schema-graph\">{\"@context\":\"https:\\\/\\\/schema.org\",\"@graph\":[{\"@type\":\"Article\",\"@id\":\"https:\\\/\\\/dana.com.br\\\/canaldana\\\/2017\\\/07\\\/14\\\/bmw-r-1200-gs-e-chamada-para-recall-na-suspensao-dianteira\\\/#article\",\"isPartOf\":{\"@id\":\"https:\\\/\\\/dana.com.br\\\/canaldana\\\/2017\\\/07\\\/14\\\/bmw-r-1200-gs-e-chamada-para-recall-na-suspensao-dianteira\\\/\"},\"author\":{\"name\":\"Canal Dana\",\"@id\":\"https:\\\/\\\/dana.com.br\\\/canaldana\\\/#\\\/schema\\\/person\\\/3c21f22f56fcf3bc46b94bc60ea4fef6\"},\"headline\":\"BMW R 1200 GS \u00e9 chamada para recall na suspens\u00e3o dianteira\",\"datePublished\":\"2017-07-14T11:02:15+00:00\",\"mainEntityOfPage\":{\"@id\":\"https:\\\/\\\/dana.com.br\\\/canaldana\\\/2017\\\/07\\\/14\\\/bmw-r-1200-gs-e-chamada-para-recall-na-suspensao-dianteira\\\/\"},\"wordCount\":163,\"articleSection\":[\"Recall\"],\"inLanguage\":\"pt-BR\"},{\"@type\":\"WebPage\",\"@id\":\"https:\\\/\\\/dana.com.br\\\/canaldana\\\/2017\\\/07\\\/14\\\/bmw-r-1200-gs-e-chamada-para-recall-na-suspensao-dianteira\\\/\",\"url\":\"https:\\\/\\\/dana.com.br\\\/canaldana\\\/2017\\\/07\\\/14\\\/bmw-r-1200-gs-e-chamada-para-recall-na-suspensao-dianteira\\\/\",\"name\":\"BMW R 1200 GS \u00e9 chamada para recall na suspens\u00e3o dianteira - Canal Dana\",\"isPartOf\":{\"@id\":\"https:\\\/\\\/dana.com.br\\\/canaldana\\\/#website\"},\"datePublished\":\"2017-07-14T11:02:15+00:00\",\"author\":{\"@id\":\"https:\\\/\\\/dana.com.br\\\/canaldana\\\/#\\\/schema\\\/person\\\/3c21f22f56fcf3bc46b94bc60ea4fef6\"},\"breadcrumb\":{\"@id\":\"https:\\\/\\\/dana.com.br\\\/canaldana\\\/2017\\\/07\\\/14\\\/bmw-r-1200-gs-e-chamada-para-recall-na-suspensao-dianteira\\\/#breadcrumb\"},\"inLanguage\":\"pt-BR\",\"potentialAction\":[{\"@type\":\"ReadAction\",\"target\":[\"https:\\\/\\\/dana.com.br\\\/canaldana\\\/2017\\\/07\\\/14\\\/bmw-r-1200-gs-e-chamada-para-recall-na-suspensao-dianteira\\\/\"]}]},{\"@type\":\"BreadcrumbList\",\"@id\":\"https:\\\/\\\/dana.com.br\\\/canaldana\\\/2017\\\/07\\\/14\\\/bmw-r-1200-gs-e-chamada-para-recall-na-suspensao-dianteira\\\/#breadcrumb\",\"itemListElement\":[{\"@type\":\"ListItem\",\"position\":1,\"name\":\"Home\",\"item\":\"https:\\\/\\\/dana.com.br\\\/canaldana\\\/\"},{\"@type\":\"ListItem\",\"position\":2,\"name\":\"Recall\",\"item\":\"https:\\\/\\\/dana.com.br\\\/canaldana\\\/recall\\\/\"},{\"@type\":\"ListItem\",\"position\":3,\"name\":\"BMW R 1200 GS \u00e9 chamada para recall na suspens\u00e3o dianteira\"}]},{\"@type\":\"WebSite\",\"@id\":\"https:\\\/\\\/dana.com.br\\\/canaldana\\\/#website\",\"url\":\"https:\\\/\\\/dana.com.br\\\/canaldana\\\/\",\"name\":\"Canal Dana\",\"description\":\"Informativo com as principais not\u00edcias da ind\u00fastria automotiva\",\"potentialAction\":[{\"@type\":\"SearchAction\",\"target\":{\"@type\":\"EntryPoint\",\"urlTemplate\":\"https:\\\/\\\/dana.com.br\\\/canaldana\\\/?s={search_term_string}\"},\"query-input\":{\"@type\":\"PropertyValueSpecification\",\"valueRequired\":true,\"valueName\":\"search_term_string\"}}],\"inLanguage\":\"pt-BR\"},{\"@type\":\"Person\",\"@id\":\"https:\\\/\\\/dana.com.br\\\/canaldana\\\/#\\\/schema\\\/person\\\/3c21f22f56fcf3bc46b94bc60ea4fef6\",\"name\":\"Canal Dana\",\"image\":{\"@type\":\"ImageObject\",\"inLanguage\":\"pt-BR\",\"@id\":\"https:\\\/\\\/secure.gravatar.com\\\/avatar\\\/420aaf9278582877d9018637c6817617705899d2858d7572ef0fe59a6b6454b4?s=96&d=mm&r=g\",\"url\":\"https:\\\/\\\/secure.gravatar.com\\\/avatar\\\/420aaf9278582877d9018637c6817617705899d2858d7572ef0fe59a6b6454b4?s=96&d=mm&r=g\",\"contentUrl\":\"https:\\\/\\\/secure.gravatar.com\\\/avatar\\\/420aaf9278582877d9018637c6817617705899d2858d7572ef0fe59a6b6454b4?s=96&d=mm&r=g\",\"caption\":\"Canal Dana\"},\"url\":\"https:\\\/\\\/dana.com.br\\\/canaldana\\\/author\\\/cdeditor\\\/\"}]}<\/script>\n<!-- \/ Yoast SEO plugin. -->","yoast_head_json":{"title":"BMW R 1200 GS \u00e9 chamada para recall na suspens\u00e3o dianteira - Canal Dana","robots":{"index":"index","follow":"follow","max-snippet":"max-snippet:-1","max-image-preview":"max-image-preview:large","max-video-preview":"max-video-preview:-1"},"canonical":"https:\/\/dana.com.br\/canaldana\/2017\/07\/14\/bmw-r-1200-gs-e-chamada-para-recall-na-suspensao-dianteira\/","og_locale":"pt_BR","og_type":"article","og_title":"BMW R 1200 GS \u00e9 chamada para recall na suspens\u00e3o dianteira - Canal Dana","og_description":"Carplace\/Motor1.com\u00a0 &nbsp; A BMW Motorrad do Brasil divulgou um recall para as R 1200 GS e R 1200 GS Adventure. Segundo a marca, o chamado envolve unidades fabricadas entre 28\/10\/2013 e 04\/07\/2017 para a verifica\u00e7\u00e3o e reparo dos cilindros da suspens\u00e3o dianteira. Uma folga, causada por impactos fortes em obst\u00e1culos ou buracos em velocidades altas,\u2026 Leia mais \u00bb","og_url":"https:\/\/dana.com.br\/canaldana\/2017\/07\/14\/bmw-r-1200-gs-e-chamada-para-recall-na-suspensao-dianteira\/","og_site_name":"Canal Dana","article_published_time":"2017-07-14T11:02:15+00:00","author":"Canal Dana","twitter_card":"summary_large_image","twitter_misc":{"Escrito por":"Canal Dana","Est. tempo de leitura":"1 minuto"},"schema":{"@context":"https:\/\/schema.org","@graph":[{"@type":"Article","@id":"https:\/\/dana.com.br\/canaldana\/2017\/07\/14\/bmw-r-1200-gs-e-chamada-para-recall-na-suspensao-dianteira\/#article","isPartOf":{"@id":"https:\/\/dana.com.br\/canaldana\/2017\/07\/14\/bmw-r-1200-gs-e-chamada-para-recall-na-suspensao-dianteira\/"},"author":{"name":"Canal Dana","@id":"https:\/\/dana.com.br\/canaldana\/#\/schema\/person\/3c21f22f56fcf3bc46b94bc60ea4fef6"},"headline":"BMW R 1200 GS \u00e9 chamada para recall na suspens\u00e3o dianteira","datePublished":"2017-07-14T11:02:15+00:00","mainEntityOfPage":{"@id":"https:\/\/dana.com.br\/canaldana\/2017\/07\/14\/bmw-r-1200-gs-e-chamada-para-recall-na-suspensao-dianteira\/"},"wordCount":163,"articleSection":["Recall"],"inLanguage":"pt-BR"},{"@type":"WebPage","@id":"https:\/\/dana.com.br\/canaldana\/2017\/07\/14\/bmw-r-1200-gs-e-chamada-para-recall-na-suspensao-dianteira\/","url":"https:\/\/dana.com.br\/canaldana\/2017\/07\/14\/bmw-r-1200-gs-e-chamada-para-recall-na-suspensao-dianteira\/","name":"BMW R 1200 GS \u00e9 chamada para recall na suspens\u00e3o dianteira - Canal Dana","isPartOf":{"@id":"https:\/\/dana.com.br\/canaldana\/#website"},"datePublished":"2017-07-14T11:02:15+00:00","author":{"@id":"https:\/\/dana.com.br\/canaldana\/#\/schema\/person\/3c21f22f56fcf3bc46b94bc60ea4fef6"},"breadcrumb":{"@id":"https:\/\/dana.com.br\/canaldana\/2017\/07\/14\/bmw-r-1200-gs-e-chamada-para-recall-na-suspensao-dianteira\/#breadcrumb"},"inLanguage":"pt-BR","potentialAction":[{"@type":"ReadAction","target":["https:\/\/dana.com.br\/canaldana\/2017\/07\/14\/bmw-r-1200-gs-e-chamada-para-recall-na-suspensao-dianteira\/"]}]},{"@type":"BreadcrumbList","@id":"https:\/\/dana.com.br\/canaldana\/2017\/07\/14\/bmw-r-1200-gs-e-chamada-para-recall-na-suspensao-dianteira\/#breadcrumb","itemListElement":[{"@type":"ListItem","position":1,"name":"Home","item":"https:\/\/dana.com.br\/canaldana\/"},{"@type":"ListItem","position":2,"name":"Recall","item":"https:\/\/dana.com.br\/canaldana\/recall\/"},{"@type":"ListItem","position":3,"name":"BMW R 1200 GS \u00e9 chamada para recall na suspens\u00e3o dianteira"}]},{"@type":"WebSite","@id":"https:\/\/dana.com.br\/canaldana\/#website","url":"https:\/\/dana.com.br\/canaldana\/","name":"Canal Dana","description":"Informativo com as principais not\u00edcias da ind\u00fastria automotiva","potentialAction":[{"@type":"SearchAction","target":{"@type":"EntryPoint","urlTemplate":"https:\/\/dana.com.br\/canaldana\/?s={search_term_string}"},"query-input":{"@type":"PropertyValueSpecification","valueRequired":true,"valueName":"search_term_string"}}],"inLanguage":"pt-BR"},{"@type":"Person","@id":"https:\/\/dana.com.br\/canaldana\/#\/schema\/person\/3c21f22f56fcf3bc46b94bc60ea4fef6","name":"Canal Dana","image":{"@type":"ImageObject","inLanguage":"pt-BR","@id":"https:\/\/secure.gravatar.com\/avatar\/420aaf9278582877d9018637c6817617705899d2858d7572ef0fe59a6b6454b4?s=96&d=mm&r=g","url":"https:\/\/secure.gravatar.com\/avatar\/420aaf9278582877d9018637c6817617705899d2858d7572ef0fe59a6b6454b4?s=96&d=mm&r=g","contentUrl":"https:\/\/secure.gravatar.com\/avatar\/420aaf9278582877d9018637c6817617705899d2858d7572ef0fe59a6b6454b4?s=96&d=mm&r=g","caption":"Canal Dana"},"url":"https:\/\/dana.com.br\/canaldana\/author\/cdeditor\/"}]}},"_links":{"self":[{"href":"https:\/\/dana.com.br\/canaldana\/wp-json\/wp\/v2\/posts\/18272","targetHints":{"allow":["GET"]}}],"collection":[{"href":"https:\/\/dana.com.br\/canaldana\/wp-json\/wp\/v2\/posts"}],"about":[{"href":"https:\/\/dana.com.br\/canaldana\/wp-json\/wp\/v2\/types\/post"}],"author":[{"embeddable":true,"href":"https:\/\/dana.com.br\/canaldana\/wp-json\/wp\/v2\/users\/3"}],"replies":[{"embeddable":true,"href":"https:\/\/dana.com.br\/canaldana\/wp-json\/wp\/v2\/comments?post=18272"}],"version-history":[{"count":0,"href":"https:\/\/dana.com.br\/canaldana\/wp-json\/wp\/v2\/posts\/18272\/revisions"}],"wp:attachment":[{"href":"https:\/\/dana.com.br\/canaldana\/wp-json\/wp\/v2\/media?parent=18272"}],"wp:term":[{"taxonomy":"category","embeddable":true,"href":"https:\/\/dana.com.br\/canaldana\/wp-json\/wp\/v2\/categories?post=18272"},{"taxonomy":"post_tag","embeddable":true,"href":"https:\/\/dana.com.br\/canaldana\/wp-json\/wp\/v2\/tags?post=18272"}],"curies":[{"name":"wp","href":"https:\/\/api.w.org\/{rel}","templated":true}]}}