{"id":18263,"date":"2017-07-13T08:33:48","date_gmt":"2017-07-13T11:33:48","guid":{"rendered":"http:\/\/dana.com.br\/canaldana\/?p=18263"},"modified":"2017-07-13T08:33:48","modified_gmt":"2017-07-13T11:33:48","slug":"financiamentos-de-veiculos-novos-sobem-pela-segunda-vez-seguida-em-junho-mas-caem-no-semestre","status":"publish","type":"post","link":"https:\/\/dana.com.br\/canaldana\/2017\/07\/13\/financiamentos-de-veiculos-novos-sobem-pela-segunda-vez-seguida-em-junho-mas-caem-no-semestre\/","title":{"rendered":"Financiamentos de ve\u00edculos novos sobem pela segunda vez seguida em junho, mas caem no semestre"},"content":{"rendered":"<p><em>O Estado de S. Paulo<\/em><\/p>\n<p>&nbsp;<\/p>\n<p>O n\u00famero de ve\u00edculos novos que foram adquiridos por meio de financiamento subiu 0,5% em junho ante igual m\u00eas do ano passado, para 150 mil unidades, informou nesta quarta-feira a B3, empresa resultante da fus\u00e3o entre BM&amp;FBovespa e Cetip. Trata-se do segundo crescimento nesse tipo de compara\u00e7\u00e3o &#8211; em maio a alta foi de 10,1%, a primeira desde fevereiro de 2014.<\/p>\n<p>&nbsp;<\/p>\n<p>No entanto, os resultados positivos dos dois \u00faltimos meses foram insuficientes para evitar a queda no acumulado do ano. O primeiro semestre, pressionado pelas retra\u00e7\u00f5es registradas nos primeiros meses do ano, terminou com queda de 3,9%, com o financiamento de 845,2 mil unidades novas.<\/p>\n<p>&nbsp;<\/p>\n<p>O desempenho negativo dos financiamentos na primeira metade do ano contrasta com o crescimento, no mesmo per\u00edodo, do mercado como um todo, que inclui as vendas \u00e0 vista. As vendas totais de ve\u00edculos novos, financiadas ou n\u00e3o, tiveram expans\u00e3o de 3,7% no per\u00edodo de janeiro a junho de 2017 ante igual intervalo de 2016, com o emplacamento de 1,019 milh\u00e3o de unidades.<\/p>\n<p>&nbsp;<\/p>\n<p>Segundo representantes do setor, as vendas financiadas ainda caem porque os bancos seguem rigorosos na hora de avaliar a concess\u00e3o de cr\u00e9dito para um cliente. A cada dez pedidos de financiamento, apenas tr\u00eas t\u00eam sido aprovados. O rigor se deve ao fato de que o Brasil ainda enfrenta altas taxas de desemprego e inadimpl\u00eancia, o que torna mais arriscada a concess\u00e3o de cr\u00e9dito para a compra de um ve\u00edculo, cujo financiamento \u00e9 feito no longo prazo.<\/p>\n<p>&nbsp;<\/p>\n<p>Mesmo com os resultados positivos dos dois \u00faltimos meses, a B3, que faz o levantamento, prega cautela quanto a perspectivas de retomada. &#8220;Considerando dados da conjuntura econ\u00f4mica, principalmente emprego e confian\u00e7a, ainda \u00e9 cedo para falar na recupera\u00e7\u00e3o do setor&#8221;, afirma Marcus Lavorato, superintendente de Rela\u00e7\u00f5es Institucionais da B3.<\/p>\n<p>&nbsp;<\/p>\n<p>Na compara\u00e7\u00e3o entre junho e maio, os financiamentos tiveram queda de 6,4%, desempenho em parte prejudicado pelo menor n\u00famero de dias \u00fateis em junho, tanto que, na m\u00e9dia di\u00e1ria, a retra\u00e7\u00e3o \u00e9 reduzida para 1,9%.<\/p>\n<p>&nbsp;<\/p>\n<p>Em soma que considera somente os ve\u00edculos leves, que representam mais da metade do mercado, as vendas financiadas avan\u00e7aram 3,4% em junho ante igual m\u00eas do ano passado, para 94,3 mil unidades. J\u00e1 em rela\u00e7\u00e3o a maio, houve recuo de 2,9%. No primeiro semestre, os financiamentos de ve\u00edculos leves ca\u00edram 1,5%, para 513,3 mil unidades. (O Estado de S. Paulo\/Andr\u00e9 \u00cdtalo Rocha)<\/p>\n","protected":false},"excerpt":{"rendered":"<p>O Estado de S. Paulo &nbsp; O n\u00famero de ve\u00edculos novos que foram adquiridos por meio de financiamento subiu 0,5% em junho ante igual m\u00eas do ano passado, para 150 mil unidades, informou nesta quarta-feira a B3, empresa resultante da fus\u00e3o entre BM&amp;FBovespa e Cetip. Trata-se do segundo crescimento nesse tipo de compara\u00e7\u00e3o &#8211; em\u2026 <a class=\"readmore\" href=\"https:\/\/dana.com.br\/canaldana\/2017\/07\/13\/financiamentos-de-veiculos-novos-sobem-pela-segunda-vez-seguida-em-junho-mas-caem-no-semestre\/\">Leia mais \u00bb<\/a><\/p>\n","protected":false},"author":3,"featured_media":0,"comment_status":"closed","ping_status":"closed","sticky":false,"template":"","format":"standard","meta":{"_acf_changed":false,"footnotes":""},"categories":[61],"tags":[],"class_list":["post-18263","post","type-post","status-publish","format-standard","hentry","category-destaques"],"acf":[],"yoast_head":"<!-- This site is optimized with the Yoast SEO plugin v27.3 - https:\/\/yoast.com\/product\/yoast-seo-wordpress\/ -->\n<title>Financiamentos de ve\u00edculos novos sobem pela segunda vez seguida em junho, mas caem no semestre - Canal Dana<\/title>\n<meta name=\"robots\" content=\"index, follow, max-snippet:-1, max-image-preview:large, max-video-preview:-1\" \/>\n<link rel=\"canonical\" href=\"https:\/\/dana.com.br\/canaldana\/2017\/07\/13\/financiamentos-de-veiculos-novos-sobem-pela-segunda-vez-seguida-em-junho-mas-caem-no-semestre\/\" \/>\n<meta property=\"og:locale\" content=\"pt_BR\" \/>\n<meta property=\"og:type\" content=\"article\" \/>\n<meta property=\"og:title\" content=\"Financiamentos de ve\u00edculos novos sobem pela segunda vez seguida em junho, mas caem no semestre - Canal Dana\" \/>\n<meta property=\"og:description\" content=\"O Estado de S. Paulo &nbsp; O n\u00famero de ve\u00edculos novos que foram adquiridos por meio de financiamento subiu 0,5% em junho ante igual m\u00eas do ano passado, para 150 mil unidades, informou nesta quarta-feira a B3, empresa resultante da fus\u00e3o entre BM&amp;FBovespa e Cetip. Trata-se do segundo crescimento nesse tipo de compara\u00e7\u00e3o &#8211; em\u2026 Leia mais \u00bb\" \/>\n<meta property=\"og:url\" content=\"https:\/\/dana.com.br\/canaldana\/2017\/07\/13\/financiamentos-de-veiculos-novos-sobem-pela-segunda-vez-seguida-em-junho-mas-caem-no-semestre\/\" \/>\n<meta property=\"og:site_name\" content=\"Canal Dana\" \/>\n<meta property=\"article:published_time\" content=\"2017-07-13T11:33:48+00:00\" \/>\n<meta name=\"author\" content=\"Canal Dana\" \/>\n<meta name=\"twitter:card\" content=\"summary_large_image\" \/>\n<meta name=\"twitter:label1\" content=\"Escrito por\" \/>\n\t<meta name=\"twitter:data1\" content=\"Canal Dana\" \/>\n\t<meta name=\"twitter:label2\" content=\"Est. tempo de leitura\" \/>\n\t<meta name=\"twitter:data2\" content=\"2 minutos\" \/>\n<script type=\"application\/ld+json\" class=\"yoast-schema-graph\">{\"@context\":\"https:\\\/\\\/schema.org\",\"@graph\":[{\"@type\":\"Article\",\"@id\":\"https:\\\/\\\/dana.com.br\\\/canaldana\\\/2017\\\/07\\\/13\\\/financiamentos-de-veiculos-novos-sobem-pela-segunda-vez-seguida-em-junho-mas-caem-no-semestre\\\/#article\",\"isPartOf\":{\"@id\":\"https:\\\/\\\/dana.com.br\\\/canaldana\\\/2017\\\/07\\\/13\\\/financiamentos-de-veiculos-novos-sobem-pela-segunda-vez-seguida-em-junho-mas-caem-no-semestre\\\/\"},\"author\":{\"name\":\"Canal Dana\",\"@id\":\"https:\\\/\\\/dana.com.br\\\/canaldana\\\/#\\\/schema\\\/person\\\/3c21f22f56fcf3bc46b94bc60ea4fef6\"},\"headline\":\"Financiamentos de ve\u00edculos novos sobem pela segunda vez seguida em junho, mas caem no semestre\",\"datePublished\":\"2017-07-13T11:33:48+00:00\",\"mainEntityOfPage\":{\"@id\":\"https:\\\/\\\/dana.com.br\\\/canaldana\\\/2017\\\/07\\\/13\\\/financiamentos-de-veiculos-novos-sobem-pela-segunda-vez-seguida-em-junho-mas-caem-no-semestre\\\/\"},\"wordCount\":434,\"articleSection\":[\"Destaques\"],\"inLanguage\":\"pt-BR\"},{\"@type\":\"WebPage\",\"@id\":\"https:\\\/\\\/dana.com.br\\\/canaldana\\\/2017\\\/07\\\/13\\\/financiamentos-de-veiculos-novos-sobem-pela-segunda-vez-seguida-em-junho-mas-caem-no-semestre\\\/\",\"url\":\"https:\\\/\\\/dana.com.br\\\/canaldana\\\/2017\\\/07\\\/13\\\/financiamentos-de-veiculos-novos-sobem-pela-segunda-vez-seguida-em-junho-mas-caem-no-semestre\\\/\",\"name\":\"Financiamentos de ve\u00edculos novos sobem pela segunda vez seguida em junho, mas caem no semestre - Canal Dana\",\"isPartOf\":{\"@id\":\"https:\\\/\\\/dana.com.br\\\/canaldana\\\/#website\"},\"datePublished\":\"2017-07-13T11:33:48+00:00\",\"author\":{\"@id\":\"https:\\\/\\\/dana.com.br\\\/canaldana\\\/#\\\/schema\\\/person\\\/3c21f22f56fcf3bc46b94bc60ea4fef6\"},\"breadcrumb\":{\"@id\":\"https:\\\/\\\/dana.com.br\\\/canaldana\\\/2017\\\/07\\\/13\\\/financiamentos-de-veiculos-novos-sobem-pela-segunda-vez-seguida-em-junho-mas-caem-no-semestre\\\/#breadcrumb\"},\"inLanguage\":\"pt-BR\",\"potentialAction\":[{\"@type\":\"ReadAction\",\"target\":[\"https:\\\/\\\/dana.com.br\\\/canaldana\\\/2017\\\/07\\\/13\\\/financiamentos-de-veiculos-novos-sobem-pela-segunda-vez-seguida-em-junho-mas-caem-no-semestre\\\/\"]}]},{\"@type\":\"BreadcrumbList\",\"@id\":\"https:\\\/\\\/dana.com.br\\\/canaldana\\\/2017\\\/07\\\/13\\\/financiamentos-de-veiculos-novos-sobem-pela-segunda-vez-seguida-em-junho-mas-caem-no-semestre\\\/#breadcrumb\",\"itemListElement\":[{\"@type\":\"ListItem\",\"position\":1,\"name\":\"Home\",\"item\":\"https:\\\/\\\/dana.com.br\\\/canaldana\\\/\"},{\"@type\":\"ListItem\",\"position\":2,\"name\":\"Destaques\",\"item\":\"https:\\\/\\\/dana.com.br\\\/canaldana\\\/destaques\\\/\"},{\"@type\":\"ListItem\",\"position\":3,\"name\":\"Financiamentos de ve\u00edculos novos sobem pela segunda vez seguida em junho, mas caem no semestre\"}]},{\"@type\":\"WebSite\",\"@id\":\"https:\\\/\\\/dana.com.br\\\/canaldana\\\/#website\",\"url\":\"https:\\\/\\\/dana.com.br\\\/canaldana\\\/\",\"name\":\"Canal Dana\",\"description\":\"Informativo com as principais not\u00edcias da ind\u00fastria automotiva\",\"potentialAction\":[{\"@type\":\"SearchAction\",\"target\":{\"@type\":\"EntryPoint\",\"urlTemplate\":\"https:\\\/\\\/dana.com.br\\\/canaldana\\\/?s={search_term_string}\"},\"query-input\":{\"@type\":\"PropertyValueSpecification\",\"valueRequired\":true,\"valueName\":\"search_term_string\"}}],\"inLanguage\":\"pt-BR\"},{\"@type\":\"Person\",\"@id\":\"https:\\\/\\\/dana.com.br\\\/canaldana\\\/#\\\/schema\\\/person\\\/3c21f22f56fcf3bc46b94bc60ea4fef6\",\"name\":\"Canal Dana\",\"image\":{\"@type\":\"ImageObject\",\"inLanguage\":\"pt-BR\",\"@id\":\"https:\\\/\\\/secure.gravatar.com\\\/avatar\\\/420aaf9278582877d9018637c6817617705899d2858d7572ef0fe59a6b6454b4?s=96&d=mm&r=g\",\"url\":\"https:\\\/\\\/secure.gravatar.com\\\/avatar\\\/420aaf9278582877d9018637c6817617705899d2858d7572ef0fe59a6b6454b4?s=96&d=mm&r=g\",\"contentUrl\":\"https:\\\/\\\/secure.gravatar.com\\\/avatar\\\/420aaf9278582877d9018637c6817617705899d2858d7572ef0fe59a6b6454b4?s=96&d=mm&r=g\",\"caption\":\"Canal Dana\"},\"url\":\"https:\\\/\\\/dana.com.br\\\/canaldana\\\/author\\\/cdeditor\\\/\"}]}<\/script>\n<!-- \/ Yoast SEO plugin. -->","yoast_head_json":{"title":"Financiamentos de ve\u00edculos novos sobem pela segunda vez seguida em junho, mas caem no semestre - Canal Dana","robots":{"index":"index","follow":"follow","max-snippet":"max-snippet:-1","max-image-preview":"max-image-preview:large","max-video-preview":"max-video-preview:-1"},"canonical":"https:\/\/dana.com.br\/canaldana\/2017\/07\/13\/financiamentos-de-veiculos-novos-sobem-pela-segunda-vez-seguida-em-junho-mas-caem-no-semestre\/","og_locale":"pt_BR","og_type":"article","og_title":"Financiamentos de ve\u00edculos novos sobem pela segunda vez seguida em junho, mas caem no semestre - Canal Dana","og_description":"O Estado de S. Paulo &nbsp; O n\u00famero de ve\u00edculos novos que foram adquiridos por meio de financiamento subiu 0,5% em junho ante igual m\u00eas do ano passado, para 150 mil unidades, informou nesta quarta-feira a B3, empresa resultante da fus\u00e3o entre BM&amp;FBovespa e Cetip. Trata-se do segundo crescimento nesse tipo de compara\u00e7\u00e3o &#8211; em\u2026 Leia mais \u00bb","og_url":"https:\/\/dana.com.br\/canaldana\/2017\/07\/13\/financiamentos-de-veiculos-novos-sobem-pela-segunda-vez-seguida-em-junho-mas-caem-no-semestre\/","og_site_name":"Canal Dana","article_published_time":"2017-07-13T11:33:48+00:00","author":"Canal Dana","twitter_card":"summary_large_image","twitter_misc":{"Escrito por":"Canal Dana","Est. tempo de leitura":"2 minutos"},"schema":{"@context":"https:\/\/schema.org","@graph":[{"@type":"Article","@id":"https:\/\/dana.com.br\/canaldana\/2017\/07\/13\/financiamentos-de-veiculos-novos-sobem-pela-segunda-vez-seguida-em-junho-mas-caem-no-semestre\/#article","isPartOf":{"@id":"https:\/\/dana.com.br\/canaldana\/2017\/07\/13\/financiamentos-de-veiculos-novos-sobem-pela-segunda-vez-seguida-em-junho-mas-caem-no-semestre\/"},"author":{"name":"Canal Dana","@id":"https:\/\/dana.com.br\/canaldana\/#\/schema\/person\/3c21f22f56fcf3bc46b94bc60ea4fef6"},"headline":"Financiamentos de ve\u00edculos novos sobem pela segunda vez seguida em junho, mas caem no semestre","datePublished":"2017-07-13T11:33:48+00:00","mainEntityOfPage":{"@id":"https:\/\/dana.com.br\/canaldana\/2017\/07\/13\/financiamentos-de-veiculos-novos-sobem-pela-segunda-vez-seguida-em-junho-mas-caem-no-semestre\/"},"wordCount":434,"articleSection":["Destaques"],"inLanguage":"pt-BR"},{"@type":"WebPage","@id":"https:\/\/dana.com.br\/canaldana\/2017\/07\/13\/financiamentos-de-veiculos-novos-sobem-pela-segunda-vez-seguida-em-junho-mas-caem-no-semestre\/","url":"https:\/\/dana.com.br\/canaldana\/2017\/07\/13\/financiamentos-de-veiculos-novos-sobem-pela-segunda-vez-seguida-em-junho-mas-caem-no-semestre\/","name":"Financiamentos de ve\u00edculos novos sobem pela segunda vez seguida em junho, mas caem no semestre - Canal Dana","isPartOf":{"@id":"https:\/\/dana.com.br\/canaldana\/#website"},"datePublished":"2017-07-13T11:33:48+00:00","author":{"@id":"https:\/\/dana.com.br\/canaldana\/#\/schema\/person\/3c21f22f56fcf3bc46b94bc60ea4fef6"},"breadcrumb":{"@id":"https:\/\/dana.com.br\/canaldana\/2017\/07\/13\/financiamentos-de-veiculos-novos-sobem-pela-segunda-vez-seguida-em-junho-mas-caem-no-semestre\/#breadcrumb"},"inLanguage":"pt-BR","potentialAction":[{"@type":"ReadAction","target":["https:\/\/dana.com.br\/canaldana\/2017\/07\/13\/financiamentos-de-veiculos-novos-sobem-pela-segunda-vez-seguida-em-junho-mas-caem-no-semestre\/"]}]},{"@type":"BreadcrumbList","@id":"https:\/\/dana.com.br\/canaldana\/2017\/07\/13\/financiamentos-de-veiculos-novos-sobem-pela-segunda-vez-seguida-em-junho-mas-caem-no-semestre\/#breadcrumb","itemListElement":[{"@type":"ListItem","position":1,"name":"Home","item":"https:\/\/dana.com.br\/canaldana\/"},{"@type":"ListItem","position":2,"name":"Destaques","item":"https:\/\/dana.com.br\/canaldana\/destaques\/"},{"@type":"ListItem","position":3,"name":"Financiamentos de ve\u00edculos novos sobem pela segunda vez seguida em junho, mas caem no semestre"}]},{"@type":"WebSite","@id":"https:\/\/dana.com.br\/canaldana\/#website","url":"https:\/\/dana.com.br\/canaldana\/","name":"Canal Dana","description":"Informativo com as principais not\u00edcias da ind\u00fastria automotiva","potentialAction":[{"@type":"SearchAction","target":{"@type":"EntryPoint","urlTemplate":"https:\/\/dana.com.br\/canaldana\/?s={search_term_string}"},"query-input":{"@type":"PropertyValueSpecification","valueRequired":true,"valueName":"search_term_string"}}],"inLanguage":"pt-BR"},{"@type":"Person","@id":"https:\/\/dana.com.br\/canaldana\/#\/schema\/person\/3c21f22f56fcf3bc46b94bc60ea4fef6","name":"Canal Dana","image":{"@type":"ImageObject","inLanguage":"pt-BR","@id":"https:\/\/secure.gravatar.com\/avatar\/420aaf9278582877d9018637c6817617705899d2858d7572ef0fe59a6b6454b4?s=96&d=mm&r=g","url":"https:\/\/secure.gravatar.com\/avatar\/420aaf9278582877d9018637c6817617705899d2858d7572ef0fe59a6b6454b4?s=96&d=mm&r=g","contentUrl":"https:\/\/secure.gravatar.com\/avatar\/420aaf9278582877d9018637c6817617705899d2858d7572ef0fe59a6b6454b4?s=96&d=mm&r=g","caption":"Canal Dana"},"url":"https:\/\/dana.com.br\/canaldana\/author\/cdeditor\/"}]}},"_links":{"self":[{"href":"https:\/\/dana.com.br\/canaldana\/wp-json\/wp\/v2\/posts\/18263","targetHints":{"allow":["GET"]}}],"collection":[{"href":"https:\/\/dana.com.br\/canaldana\/wp-json\/wp\/v2\/posts"}],"about":[{"href":"https:\/\/dana.com.br\/canaldana\/wp-json\/wp\/v2\/types\/post"}],"author":[{"embeddable":true,"href":"https:\/\/dana.com.br\/canaldana\/wp-json\/wp\/v2\/users\/3"}],"replies":[{"embeddable":true,"href":"https:\/\/dana.com.br\/canaldana\/wp-json\/wp\/v2\/comments?post=18263"}],"version-history":[{"count":0,"href":"https:\/\/dana.com.br\/canaldana\/wp-json\/wp\/v2\/posts\/18263\/revisions"}],"wp:attachment":[{"href":"https:\/\/dana.com.br\/canaldana\/wp-json\/wp\/v2\/media?parent=18263"}],"wp:term":[{"taxonomy":"category","embeddable":true,"href":"https:\/\/dana.com.br\/canaldana\/wp-json\/wp\/v2\/categories?post=18263"},{"taxonomy":"post_tag","embeddable":true,"href":"https:\/\/dana.com.br\/canaldana\/wp-json\/wp\/v2\/tags?post=18263"}],"curies":[{"name":"wp","href":"https:\/\/api.w.org\/{rel}","templated":true}]}}