{"id":18046,"date":"2017-07-05T08:49:38","date_gmt":"2017-07-05T11:49:38","guid":{"rendered":"http:\/\/dana.com.br\/canaldana\/?p=18046"},"modified":"2017-07-05T08:49:38","modified_gmt":"2017-07-05T11:49:38","slug":"executivo-brasileiro-assume-a-presidencia-da-scania-na-america-latina","status":"publish","type":"post","link":"https:\/\/dana.com.br\/canaldana\/2017\/07\/05\/executivo-brasileiro-assume-a-presidencia-da-scania-na-america-latina\/","title":{"rendered":"Executivo brasileiro assume a presid\u00eancia da Scania na Am\u00e9rica Latina"},"content":{"rendered":"<p><em>O Estado de S. Paulo<\/em><\/p>\n<p>&nbsp;<\/p>\n<p>A Scania anunciou ontem, ter\u00e7a-feira, 4, a chegada de Christopher Podgorski para o cargo de Presidente e CEO da f\u00e1brica da empresa em S\u00e3o Bernardo do Campo, que \u00e9 a segunda maior opera\u00e7\u00e3o industrial da empresa no mundo.<\/p>\n<p>&nbsp;<\/p>\n<p>Com isso, o executivo, que inicia seu 20.\u00ba ano de atua\u00e7\u00e3o junto \u00e0 montadora, passa a ser o primeiro brasileiro no comando da Scania Latin America. Podgorski ficou cinco anos na Su\u00e9cia como vice-presidente S\u00eanior Global para Vendas &amp; Marketing de Caminh\u00f5es.<\/p>\n<p>&nbsp;<\/p>\n<p>&#8220;Estou muito feliz por estar de volta, e honrado pela responsabilidade que me foi confiada, principalmente em um momento t\u00e3o importante para a Scania. Hoje estamos em meio \u00e0 introdu\u00e7\u00e3o de novas tecnologias e solu\u00e7\u00f5es e passando por um excelente momento em territ\u00f3rio europeu. Al\u00e9m disso, temos forte atua\u00e7\u00e3o nos mercados constituintes do chamado BRIC, bem como em mercados importantes da Am\u00e9rica Latina, com desempenho destacado em pa\u00edses como Argentina, Chile e Peru&#8221;, afirma.<\/p>\n<p>&nbsp;<\/p>\n<p>Em sua trajet\u00f3ria dentro da Scania, Christopher Podgorski ocupou, entre outros cargos, o de Diretor Geral da Scania Brasil. Agora, ele ter\u00e1 como objetivo atender a produ\u00e7\u00e3o para a Am\u00e9rica Latina e outros 30 mercados globais.<\/p>\n<p>&nbsp;<\/p>\n<p>&#8220;Aqui temos uma planta &#8216;espelho&#8217; da Su\u00e9cia, ou seja, somos a \u00fanica fora a matriz que cont\u00e9m todos os processos fabris e produz o ve\u00edculo completo&#8221;, ressalta. Al\u00e9m disso, o complexo industrial de S\u00e3o Bernardo do Campo conta com uma \u00e1rea de Pesquisa &amp; Desenvolvimento e um Laborat\u00f3rio de Desenvolvimento e Teste de Motores que trabalha em paralelo com a Europa.<\/p>\n<p>&nbsp;<\/p>\n<p>Para o executivo, h\u00e1 muitas oportunidades na Am\u00e9rica Latina para avan\u00e7ar em efici\u00eancia energ\u00e9tica, na efic\u00e1cia e seguran\u00e7a da log\u00edstica de transportes, al\u00e9m da utiliza\u00e7\u00e3o de combust\u00edveis renov\u00e1veis. (O Estado de S. Paulo)<\/p>\n","protected":false},"excerpt":{"rendered":"<p>O Estado de S. Paulo &nbsp; A Scania anunciou ontem, ter\u00e7a-feira, 4, a chegada de Christopher Podgorski para o cargo de Presidente e CEO da f\u00e1brica da empresa em S\u00e3o Bernardo do Campo, que \u00e9 a segunda maior opera\u00e7\u00e3o industrial da empresa no mundo. &nbsp; Com isso, o executivo, que inicia seu 20.\u00ba ano de\u2026 <a class=\"readmore\" href=\"https:\/\/dana.com.br\/canaldana\/2017\/07\/05\/executivo-brasileiro-assume-a-presidencia-da-scania-na-america-latina\/\">Leia mais \u00bb<\/a><\/p>\n","protected":false},"author":3,"featured_media":0,"comment_status":"closed","ping_status":"closed","sticky":false,"template":"","format":"standard","meta":{"_acf_changed":false,"footnotes":""},"categories":[61],"tags":[],"class_list":["post-18046","post","type-post","status-publish","format-standard","hentry","category-destaques"],"acf":[],"yoast_head":"<!-- This site is optimized with the Yoast SEO plugin v27.3 - https:\/\/yoast.com\/product\/yoast-seo-wordpress\/ -->\n<title>Executivo brasileiro assume a presid\u00eancia da Scania na Am\u00e9rica Latina - Canal Dana<\/title>\n<meta name=\"robots\" content=\"index, follow, max-snippet:-1, max-image-preview:large, max-video-preview:-1\" \/>\n<link rel=\"canonical\" href=\"https:\/\/dana.com.br\/canaldana\/2017\/07\/05\/executivo-brasileiro-assume-a-presidencia-da-scania-na-america-latina\/\" \/>\n<meta property=\"og:locale\" content=\"pt_BR\" \/>\n<meta property=\"og:type\" content=\"article\" \/>\n<meta property=\"og:title\" content=\"Executivo brasileiro assume a presid\u00eancia da Scania na Am\u00e9rica Latina - Canal Dana\" \/>\n<meta property=\"og:description\" content=\"O Estado de S. Paulo &nbsp; A Scania anunciou ontem, ter\u00e7a-feira, 4, a chegada de Christopher Podgorski para o cargo de Presidente e CEO da f\u00e1brica da empresa em S\u00e3o Bernardo do Campo, que \u00e9 a segunda maior opera\u00e7\u00e3o industrial da empresa no mundo. &nbsp; Com isso, o executivo, que inicia seu 20.\u00ba ano de\u2026 Leia mais \u00bb\" \/>\n<meta property=\"og:url\" content=\"https:\/\/dana.com.br\/canaldana\/2017\/07\/05\/executivo-brasileiro-assume-a-presidencia-da-scania-na-america-latina\/\" \/>\n<meta property=\"og:site_name\" content=\"Canal Dana\" \/>\n<meta property=\"article:published_time\" content=\"2017-07-05T11:49:38+00:00\" \/>\n<meta name=\"author\" content=\"Canal Dana\" \/>\n<meta name=\"twitter:card\" content=\"summary_large_image\" \/>\n<meta name=\"twitter:label1\" content=\"Escrito por\" \/>\n\t<meta name=\"twitter:data1\" content=\"Canal Dana\" \/>\n\t<meta name=\"twitter:label2\" content=\"Est. tempo de leitura\" \/>\n\t<meta name=\"twitter:data2\" content=\"2 minutos\" \/>\n<script type=\"application\/ld+json\" class=\"yoast-schema-graph\">{\"@context\":\"https:\\\/\\\/schema.org\",\"@graph\":[{\"@type\":\"Article\",\"@id\":\"https:\\\/\\\/dana.com.br\\\/canaldana\\\/2017\\\/07\\\/05\\\/executivo-brasileiro-assume-a-presidencia-da-scania-na-america-latina\\\/#article\",\"isPartOf\":{\"@id\":\"https:\\\/\\\/dana.com.br\\\/canaldana\\\/2017\\\/07\\\/05\\\/executivo-brasileiro-assume-a-presidencia-da-scania-na-america-latina\\\/\"},\"author\":{\"name\":\"Canal Dana\",\"@id\":\"https:\\\/\\\/dana.com.br\\\/canaldana\\\/#\\\/schema\\\/person\\\/3c21f22f56fcf3bc46b94bc60ea4fef6\"},\"headline\":\"Executivo brasileiro assume a presid\u00eancia da Scania na Am\u00e9rica Latina\",\"datePublished\":\"2017-07-05T11:49:38+00:00\",\"mainEntityOfPage\":{\"@id\":\"https:\\\/\\\/dana.com.br\\\/canaldana\\\/2017\\\/07\\\/05\\\/executivo-brasileiro-assume-a-presidencia-da-scania-na-america-latina\\\/\"},\"wordCount\":337,\"articleSection\":[\"Destaques\"],\"inLanguage\":\"pt-BR\"},{\"@type\":\"WebPage\",\"@id\":\"https:\\\/\\\/dana.com.br\\\/canaldana\\\/2017\\\/07\\\/05\\\/executivo-brasileiro-assume-a-presidencia-da-scania-na-america-latina\\\/\",\"url\":\"https:\\\/\\\/dana.com.br\\\/canaldana\\\/2017\\\/07\\\/05\\\/executivo-brasileiro-assume-a-presidencia-da-scania-na-america-latina\\\/\",\"name\":\"Executivo brasileiro assume a presid\u00eancia da Scania na Am\u00e9rica Latina - Canal Dana\",\"isPartOf\":{\"@id\":\"https:\\\/\\\/dana.com.br\\\/canaldana\\\/#website\"},\"datePublished\":\"2017-07-05T11:49:38+00:00\",\"author\":{\"@id\":\"https:\\\/\\\/dana.com.br\\\/canaldana\\\/#\\\/schema\\\/person\\\/3c21f22f56fcf3bc46b94bc60ea4fef6\"},\"breadcrumb\":{\"@id\":\"https:\\\/\\\/dana.com.br\\\/canaldana\\\/2017\\\/07\\\/05\\\/executivo-brasileiro-assume-a-presidencia-da-scania-na-america-latina\\\/#breadcrumb\"},\"inLanguage\":\"pt-BR\",\"potentialAction\":[{\"@type\":\"ReadAction\",\"target\":[\"https:\\\/\\\/dana.com.br\\\/canaldana\\\/2017\\\/07\\\/05\\\/executivo-brasileiro-assume-a-presidencia-da-scania-na-america-latina\\\/\"]}]},{\"@type\":\"BreadcrumbList\",\"@id\":\"https:\\\/\\\/dana.com.br\\\/canaldana\\\/2017\\\/07\\\/05\\\/executivo-brasileiro-assume-a-presidencia-da-scania-na-america-latina\\\/#breadcrumb\",\"itemListElement\":[{\"@type\":\"ListItem\",\"position\":1,\"name\":\"Home\",\"item\":\"https:\\\/\\\/dana.com.br\\\/canaldana\\\/\"},{\"@type\":\"ListItem\",\"position\":2,\"name\":\"Destaques\",\"item\":\"https:\\\/\\\/dana.com.br\\\/canaldana\\\/destaques\\\/\"},{\"@type\":\"ListItem\",\"position\":3,\"name\":\"Executivo brasileiro assume a presid\u00eancia da Scania na Am\u00e9rica Latina\"}]},{\"@type\":\"WebSite\",\"@id\":\"https:\\\/\\\/dana.com.br\\\/canaldana\\\/#website\",\"url\":\"https:\\\/\\\/dana.com.br\\\/canaldana\\\/\",\"name\":\"Canal Dana\",\"description\":\"Informativo com as principais not\u00edcias da ind\u00fastria automotiva\",\"potentialAction\":[{\"@type\":\"SearchAction\",\"target\":{\"@type\":\"EntryPoint\",\"urlTemplate\":\"https:\\\/\\\/dana.com.br\\\/canaldana\\\/?s={search_term_string}\"},\"query-input\":{\"@type\":\"PropertyValueSpecification\",\"valueRequired\":true,\"valueName\":\"search_term_string\"}}],\"inLanguage\":\"pt-BR\"},{\"@type\":\"Person\",\"@id\":\"https:\\\/\\\/dana.com.br\\\/canaldana\\\/#\\\/schema\\\/person\\\/3c21f22f56fcf3bc46b94bc60ea4fef6\",\"name\":\"Canal Dana\",\"image\":{\"@type\":\"ImageObject\",\"inLanguage\":\"pt-BR\",\"@id\":\"https:\\\/\\\/secure.gravatar.com\\\/avatar\\\/420aaf9278582877d9018637c6817617705899d2858d7572ef0fe59a6b6454b4?s=96&d=mm&r=g\",\"url\":\"https:\\\/\\\/secure.gravatar.com\\\/avatar\\\/420aaf9278582877d9018637c6817617705899d2858d7572ef0fe59a6b6454b4?s=96&d=mm&r=g\",\"contentUrl\":\"https:\\\/\\\/secure.gravatar.com\\\/avatar\\\/420aaf9278582877d9018637c6817617705899d2858d7572ef0fe59a6b6454b4?s=96&d=mm&r=g\",\"caption\":\"Canal Dana\"},\"url\":\"https:\\\/\\\/dana.com.br\\\/canaldana\\\/author\\\/cdeditor\\\/\"}]}<\/script>\n<!-- \/ Yoast SEO plugin. -->","yoast_head_json":{"title":"Executivo brasileiro assume a presid\u00eancia da Scania na Am\u00e9rica Latina - Canal Dana","robots":{"index":"index","follow":"follow","max-snippet":"max-snippet:-1","max-image-preview":"max-image-preview:large","max-video-preview":"max-video-preview:-1"},"canonical":"https:\/\/dana.com.br\/canaldana\/2017\/07\/05\/executivo-brasileiro-assume-a-presidencia-da-scania-na-america-latina\/","og_locale":"pt_BR","og_type":"article","og_title":"Executivo brasileiro assume a presid\u00eancia da Scania na Am\u00e9rica Latina - Canal Dana","og_description":"O Estado de S. Paulo &nbsp; A Scania anunciou ontem, ter\u00e7a-feira, 4, a chegada de Christopher Podgorski para o cargo de Presidente e CEO da f\u00e1brica da empresa em S\u00e3o Bernardo do Campo, que \u00e9 a segunda maior opera\u00e7\u00e3o industrial da empresa no mundo. &nbsp; Com isso, o executivo, que inicia seu 20.\u00ba ano de\u2026 Leia mais \u00bb","og_url":"https:\/\/dana.com.br\/canaldana\/2017\/07\/05\/executivo-brasileiro-assume-a-presidencia-da-scania-na-america-latina\/","og_site_name":"Canal Dana","article_published_time":"2017-07-05T11:49:38+00:00","author":"Canal Dana","twitter_card":"summary_large_image","twitter_misc":{"Escrito por":"Canal Dana","Est. tempo de leitura":"2 minutos"},"schema":{"@context":"https:\/\/schema.org","@graph":[{"@type":"Article","@id":"https:\/\/dana.com.br\/canaldana\/2017\/07\/05\/executivo-brasileiro-assume-a-presidencia-da-scania-na-america-latina\/#article","isPartOf":{"@id":"https:\/\/dana.com.br\/canaldana\/2017\/07\/05\/executivo-brasileiro-assume-a-presidencia-da-scania-na-america-latina\/"},"author":{"name":"Canal Dana","@id":"https:\/\/dana.com.br\/canaldana\/#\/schema\/person\/3c21f22f56fcf3bc46b94bc60ea4fef6"},"headline":"Executivo brasileiro assume a presid\u00eancia da Scania na Am\u00e9rica Latina","datePublished":"2017-07-05T11:49:38+00:00","mainEntityOfPage":{"@id":"https:\/\/dana.com.br\/canaldana\/2017\/07\/05\/executivo-brasileiro-assume-a-presidencia-da-scania-na-america-latina\/"},"wordCount":337,"articleSection":["Destaques"],"inLanguage":"pt-BR"},{"@type":"WebPage","@id":"https:\/\/dana.com.br\/canaldana\/2017\/07\/05\/executivo-brasileiro-assume-a-presidencia-da-scania-na-america-latina\/","url":"https:\/\/dana.com.br\/canaldana\/2017\/07\/05\/executivo-brasileiro-assume-a-presidencia-da-scania-na-america-latina\/","name":"Executivo brasileiro assume a presid\u00eancia da Scania na Am\u00e9rica Latina - Canal Dana","isPartOf":{"@id":"https:\/\/dana.com.br\/canaldana\/#website"},"datePublished":"2017-07-05T11:49:38+00:00","author":{"@id":"https:\/\/dana.com.br\/canaldana\/#\/schema\/person\/3c21f22f56fcf3bc46b94bc60ea4fef6"},"breadcrumb":{"@id":"https:\/\/dana.com.br\/canaldana\/2017\/07\/05\/executivo-brasileiro-assume-a-presidencia-da-scania-na-america-latina\/#breadcrumb"},"inLanguage":"pt-BR","potentialAction":[{"@type":"ReadAction","target":["https:\/\/dana.com.br\/canaldana\/2017\/07\/05\/executivo-brasileiro-assume-a-presidencia-da-scania-na-america-latina\/"]}]},{"@type":"BreadcrumbList","@id":"https:\/\/dana.com.br\/canaldana\/2017\/07\/05\/executivo-brasileiro-assume-a-presidencia-da-scania-na-america-latina\/#breadcrumb","itemListElement":[{"@type":"ListItem","position":1,"name":"Home","item":"https:\/\/dana.com.br\/canaldana\/"},{"@type":"ListItem","position":2,"name":"Destaques","item":"https:\/\/dana.com.br\/canaldana\/destaques\/"},{"@type":"ListItem","position":3,"name":"Executivo brasileiro assume a presid\u00eancia da Scania na Am\u00e9rica Latina"}]},{"@type":"WebSite","@id":"https:\/\/dana.com.br\/canaldana\/#website","url":"https:\/\/dana.com.br\/canaldana\/","name":"Canal Dana","description":"Informativo com as principais not\u00edcias da ind\u00fastria automotiva","potentialAction":[{"@type":"SearchAction","target":{"@type":"EntryPoint","urlTemplate":"https:\/\/dana.com.br\/canaldana\/?s={search_term_string}"},"query-input":{"@type":"PropertyValueSpecification","valueRequired":true,"valueName":"search_term_string"}}],"inLanguage":"pt-BR"},{"@type":"Person","@id":"https:\/\/dana.com.br\/canaldana\/#\/schema\/person\/3c21f22f56fcf3bc46b94bc60ea4fef6","name":"Canal Dana","image":{"@type":"ImageObject","inLanguage":"pt-BR","@id":"https:\/\/secure.gravatar.com\/avatar\/420aaf9278582877d9018637c6817617705899d2858d7572ef0fe59a6b6454b4?s=96&d=mm&r=g","url":"https:\/\/secure.gravatar.com\/avatar\/420aaf9278582877d9018637c6817617705899d2858d7572ef0fe59a6b6454b4?s=96&d=mm&r=g","contentUrl":"https:\/\/secure.gravatar.com\/avatar\/420aaf9278582877d9018637c6817617705899d2858d7572ef0fe59a6b6454b4?s=96&d=mm&r=g","caption":"Canal Dana"},"url":"https:\/\/dana.com.br\/canaldana\/author\/cdeditor\/"}]}},"_links":{"self":[{"href":"https:\/\/dana.com.br\/canaldana\/wp-json\/wp\/v2\/posts\/18046","targetHints":{"allow":["GET"]}}],"collection":[{"href":"https:\/\/dana.com.br\/canaldana\/wp-json\/wp\/v2\/posts"}],"about":[{"href":"https:\/\/dana.com.br\/canaldana\/wp-json\/wp\/v2\/types\/post"}],"author":[{"embeddable":true,"href":"https:\/\/dana.com.br\/canaldana\/wp-json\/wp\/v2\/users\/3"}],"replies":[{"embeddable":true,"href":"https:\/\/dana.com.br\/canaldana\/wp-json\/wp\/v2\/comments?post=18046"}],"version-history":[{"count":0,"href":"https:\/\/dana.com.br\/canaldana\/wp-json\/wp\/v2\/posts\/18046\/revisions"}],"wp:attachment":[{"href":"https:\/\/dana.com.br\/canaldana\/wp-json\/wp\/v2\/media?parent=18046"}],"wp:term":[{"taxonomy":"category","embeddable":true,"href":"https:\/\/dana.com.br\/canaldana\/wp-json\/wp\/v2\/categories?post=18046"},{"taxonomy":"post_tag","embeddable":true,"href":"https:\/\/dana.com.br\/canaldana\/wp-json\/wp\/v2\/tags?post=18046"}],"curies":[{"name":"wp","href":"https:\/\/api.w.org\/{rel}","templated":true}]}}