{"id":1795,"date":"2015-08-17T08:21:50","date_gmt":"2015-08-17T11:21:50","guid":{"rendered":"http:\/\/dana.com.br\/canaldana\/?p=1795"},"modified":"2015-08-17T08:21:50","modified_gmt":"2015-08-17T11:21:50","slug":"apple-esta-construindo-um-carro-que-se-dirige-sozinho-diz-jornal","status":"publish","type":"post","link":"https:\/\/dana.com.br\/canaldana\/2015\/08\/17\/apple-esta-construindo-um-carro-que-se-dirige-sozinho-diz-jornal\/","title":{"rendered":"Apple est\u00e1 construindo um carro que se dirige sozinho, diz jornal"},"content":{"rendered":"<p><em>Folha de S. Paulo<\/em><\/p>\n<p>&nbsp;<\/p>\n<p>A Apple est\u00e1 trabalhando num modelo de carro aut\u00f4nomo e j\u00e1 busca um local seguro para come\u00e7ar a test\u00e1\u00adlo, informou o &#8220;The Guardian&#8221; nesta \u00faltima sexta\u00adfeira (14).<\/p>\n<p>&nbsp;<\/p>\n<p>De acordo com correspond\u00eancias obtidas pelo jornal, o projeto est\u00e1 mais avan\u00e7ado do que se imaginava.<\/p>\n<p>&nbsp;<\/p>\n<p>Elas mostram negocia\u00e7\u00f5es para que funcion\u00e1rios da Apple visitem um espa\u00e7o de testes na Calif\u00f3rnia chamado GoMentum Station.<\/p>\n<p>&nbsp;<\/p>\n<p>&#8220;Gostar\u00edamos de entrar em acordo sobre disponibilidade para uso do espa\u00e7o e como ter\u00edamos de coordenar com outros que estariam usando o local&#8221;, afirmou Frank Fearon, engenheiro da Apple em mensagem enviada em maio.<\/p>\n<p>&nbsp;<\/p>\n<p>Um executivo da GoMentum respondeu ainda naquele m\u00eas que seria importante um encontro para &#8220;manter tudo caminhando e cumprir o cronograma de testes&#8221; da empresa.<\/p>\n<p>&nbsp;<\/p>\n<p>O local, que fica a 64 quil\u00f4metros do Vale do Sil\u00edcio, funciona numa antiga base naval e vem sendo transformado pelas autoridades locais numa \u00e1rea de alta seguran\u00e7a para testes de ve\u00edculos aut\u00f4nomos.<\/p>\n<p>&nbsp;<\/p>\n<p>O espa\u00e7o tem cerca de 30 quil\u00f4metros de ruas pavimentadas e \u00e9 vigiado por militares. Montadoras como Mercedes\u00adBenz e Honda j\u00e1 fecharam contrato para us\u00e1\u00adlo.<\/p>\n<p>&nbsp;<\/p>\n<p>O jornal obteve a troca de mensagens com base numa lei que d\u00e1 aos cidad\u00e3os acesso a documentos de \u00f3rg\u00e3os p\u00fablicos. Um representante da ag\u00eancia de transporte local que gerencia a GoMentum Station confirmou \u00e0 publica\u00e7\u00e3o o interesse da Apple no uso do espa\u00e7o, mas afirmou que n\u00e3o poderia dar detalhes.<\/p>\n<p>&nbsp;<\/p>\n<p>Not\u00edcias j\u00e1 haviam sido publicadas sobre um projeto da Apple de ve\u00edculos aut\u00f4nomos chamado Titan, mas \u00e9 a primeira vez que h\u00e1 evid\u00eancias documentais de sua exist\u00eancia.<\/p>\n<p>&nbsp;<\/p>\n<p>A Apple une\u00adse a um time de grandes empresas de tecnologia e de montadoras que investem em projetos de carros que se dirigem sozinhos.<\/p>\n<p>&nbsp;<\/p>\n<p>Em julho, a presidente Dilma Rousseff chegou a testar feito pelo Google. Ela deu uma volta de cerca de 20 minutos num carro aut\u00f4nomo na sede da empresa em Mountain View, na Calif\u00f3rnia.<\/p>\n<p>&nbsp;<\/p>\n<p>A Apple vinha dando sinais de interesse no setor. Nos \u00faltimos meses, a empresa fez propostas a uma s\u00e9rie de executivos de montadoras, de acordo com o &#8220;The Guardian&#8221;. A companhia contratou, por exemplo, o ent\u00e3o chefe do setor de pesquisa da Mercedez-Benz no Vale do Sil\u00edcio.<\/p>\n<p>O presidente\u00adexecutivo da Apple, Tim Cook, tamb\u00e9m vem se reunindo com executivos de montadoras como o chefe da Fiat\u00adChrysler, Sergio Marchionne.<\/p>\n<p>&nbsp;<\/p>\n<p><strong>Sigilo acima de tudo<\/strong><\/p>\n<p>&nbsp;<\/p>\n<p>Ainda segundo o jornal, a Apple mant\u00e9m centenas de engenheiros trabalhando em sigilo no desenvolvimento de tecnologias para ve\u00edculos num edif\u00edcio a alguns quil\u00f4metros de sua sede em Cupertino, tamb\u00e9m na Calif\u00f3rnia.<\/p>\n<p>&nbsp;<\/p>\n<p>Para a Apple, que vem tentando manter segredo sobre seus investimentos no novo mercado, o espa\u00e7o permitiria executar testes em ambientes muito pr\u00f3ximos aos de uma cidade real sem a necessidade de expor o projeto ao p\u00fablico.<\/p>\n<p>&nbsp;<\/p>\n<p>Empresas como Google, Tesla, Volkswagen e Mercedes\u00adBenz vem testando ve\u00edculos aut\u00f4nomos nas estradas da Calif\u00f3rnia. (Folha de S. Paulo)<\/p>\n","protected":false},"excerpt":{"rendered":"<p>Folha de S. Paulo &nbsp; A Apple est\u00e1 trabalhando num modelo de carro aut\u00f4nomo e j\u00e1 busca um local seguro para come\u00e7ar a test\u00e1\u00adlo, informou o &#8220;The Guardian&#8221; nesta \u00faltima sexta\u00adfeira (14). &nbsp; De acordo com correspond\u00eancias obtidas pelo jornal, o projeto est\u00e1 mais avan\u00e7ado do que se imaginava. &nbsp; Elas mostram negocia\u00e7\u00f5es para que\u2026 <a class=\"readmore\" href=\"https:\/\/dana.com.br\/canaldana\/2015\/08\/17\/apple-esta-construindo-um-carro-que-se-dirige-sozinho-diz-jornal\/\">Leia mais \u00bb<\/a><\/p>\n","protected":false},"author":3,"featured_media":0,"comment_status":"closed","ping_status":"closed","sticky":false,"template":"","format":"standard","meta":{"_acf_changed":false,"footnotes":""},"categories":[79],"tags":[],"class_list":["post-1795","post","type-post","status-publish","format-standard","hentry","category-mercado"],"acf":[],"yoast_head":"<!-- This site is optimized with the Yoast SEO plugin v27.3 - https:\/\/yoast.com\/product\/yoast-seo-wordpress\/ -->\n<title>Apple est\u00e1 construindo um carro que se dirige sozinho, diz jornal - Canal Dana<\/title>\n<meta name=\"robots\" content=\"index, follow, max-snippet:-1, max-image-preview:large, max-video-preview:-1\" \/>\n<link rel=\"canonical\" href=\"https:\/\/dana.com.br\/canaldana\/2015\/08\/17\/apple-esta-construindo-um-carro-que-se-dirige-sozinho-diz-jornal\/\" \/>\n<meta property=\"og:locale\" content=\"pt_BR\" \/>\n<meta property=\"og:type\" content=\"article\" \/>\n<meta property=\"og:title\" content=\"Apple est\u00e1 construindo um carro que se dirige sozinho, diz jornal - Canal Dana\" \/>\n<meta property=\"og:description\" content=\"Folha de S. Paulo &nbsp; A Apple est\u00e1 trabalhando num modelo de carro aut\u00f4nomo e j\u00e1 busca um local seguro para come\u00e7ar a test\u00e1\u00adlo, informou o &#8220;The Guardian&#8221; nesta \u00faltima sexta\u00adfeira (14). &nbsp; De acordo com correspond\u00eancias obtidas pelo jornal, o projeto est\u00e1 mais avan\u00e7ado do que se imaginava. &nbsp; Elas mostram negocia\u00e7\u00f5es para que\u2026 Leia mais \u00bb\" \/>\n<meta property=\"og:url\" content=\"https:\/\/dana.com.br\/canaldana\/2015\/08\/17\/apple-esta-construindo-um-carro-que-se-dirige-sozinho-diz-jornal\/\" \/>\n<meta property=\"og:site_name\" content=\"Canal Dana\" \/>\n<meta property=\"article:published_time\" content=\"2015-08-17T11:21:50+00:00\" \/>\n<meta name=\"author\" content=\"Canal Dana\" \/>\n<meta name=\"twitter:card\" content=\"summary_large_image\" \/>\n<meta name=\"twitter:label1\" content=\"Escrito por\" \/>\n\t<meta name=\"twitter:data1\" content=\"Canal Dana\" \/>\n\t<meta name=\"twitter:label2\" content=\"Est. tempo de leitura\" \/>\n\t<meta name=\"twitter:data2\" content=\"3 minutos\" \/>\n<script type=\"application\/ld+json\" class=\"yoast-schema-graph\">{\"@context\":\"https:\\\/\\\/schema.org\",\"@graph\":[{\"@type\":\"Article\",\"@id\":\"https:\\\/\\\/dana.com.br\\\/canaldana\\\/2015\\\/08\\\/17\\\/apple-esta-construindo-um-carro-que-se-dirige-sozinho-diz-jornal\\\/#article\",\"isPartOf\":{\"@id\":\"https:\\\/\\\/dana.com.br\\\/canaldana\\\/2015\\\/08\\\/17\\\/apple-esta-construindo-um-carro-que-se-dirige-sozinho-diz-jornal\\\/\"},\"author\":{\"name\":\"Canal Dana\",\"@id\":\"https:\\\/\\\/dana.com.br\\\/canaldana\\\/#\\\/schema\\\/person\\\/3c21f22f56fcf3bc46b94bc60ea4fef6\"},\"headline\":\"Apple est\u00e1 construindo um carro que se dirige sozinho, diz jornal\",\"datePublished\":\"2015-08-17T11:21:50+00:00\",\"mainEntityOfPage\":{\"@id\":\"https:\\\/\\\/dana.com.br\\\/canaldana\\\/2015\\\/08\\\/17\\\/apple-esta-construindo-um-carro-que-se-dirige-sozinho-diz-jornal\\\/\"},\"wordCount\":554,\"articleSection\":[\"Mercado\"],\"inLanguage\":\"pt-BR\"},{\"@type\":\"WebPage\",\"@id\":\"https:\\\/\\\/dana.com.br\\\/canaldana\\\/2015\\\/08\\\/17\\\/apple-esta-construindo-um-carro-que-se-dirige-sozinho-diz-jornal\\\/\",\"url\":\"https:\\\/\\\/dana.com.br\\\/canaldana\\\/2015\\\/08\\\/17\\\/apple-esta-construindo-um-carro-que-se-dirige-sozinho-diz-jornal\\\/\",\"name\":\"Apple est\u00e1 construindo um carro que se dirige sozinho, diz jornal - Canal Dana\",\"isPartOf\":{\"@id\":\"https:\\\/\\\/dana.com.br\\\/canaldana\\\/#website\"},\"datePublished\":\"2015-08-17T11:21:50+00:00\",\"author\":{\"@id\":\"https:\\\/\\\/dana.com.br\\\/canaldana\\\/#\\\/schema\\\/person\\\/3c21f22f56fcf3bc46b94bc60ea4fef6\"},\"breadcrumb\":{\"@id\":\"https:\\\/\\\/dana.com.br\\\/canaldana\\\/2015\\\/08\\\/17\\\/apple-esta-construindo-um-carro-que-se-dirige-sozinho-diz-jornal\\\/#breadcrumb\"},\"inLanguage\":\"pt-BR\",\"potentialAction\":[{\"@type\":\"ReadAction\",\"target\":[\"https:\\\/\\\/dana.com.br\\\/canaldana\\\/2015\\\/08\\\/17\\\/apple-esta-construindo-um-carro-que-se-dirige-sozinho-diz-jornal\\\/\"]}]},{\"@type\":\"BreadcrumbList\",\"@id\":\"https:\\\/\\\/dana.com.br\\\/canaldana\\\/2015\\\/08\\\/17\\\/apple-esta-construindo-um-carro-que-se-dirige-sozinho-diz-jornal\\\/#breadcrumb\",\"itemListElement\":[{\"@type\":\"ListItem\",\"position\":1,\"name\":\"Home\",\"item\":\"https:\\\/\\\/dana.com.br\\\/canaldana\\\/\"},{\"@type\":\"ListItem\",\"position\":2,\"name\":\"Mercado\",\"item\":\"https:\\\/\\\/dana.com.br\\\/canaldana\\\/mercado\\\/\"},{\"@type\":\"ListItem\",\"position\":3,\"name\":\"Apple est\u00e1 construindo um carro que se dirige sozinho, diz jornal\"}]},{\"@type\":\"WebSite\",\"@id\":\"https:\\\/\\\/dana.com.br\\\/canaldana\\\/#website\",\"url\":\"https:\\\/\\\/dana.com.br\\\/canaldana\\\/\",\"name\":\"Canal Dana\",\"description\":\"Informativo com as principais not\u00edcias da ind\u00fastria automotiva\",\"potentialAction\":[{\"@type\":\"SearchAction\",\"target\":{\"@type\":\"EntryPoint\",\"urlTemplate\":\"https:\\\/\\\/dana.com.br\\\/canaldana\\\/?s={search_term_string}\"},\"query-input\":{\"@type\":\"PropertyValueSpecification\",\"valueRequired\":true,\"valueName\":\"search_term_string\"}}],\"inLanguage\":\"pt-BR\"},{\"@type\":\"Person\",\"@id\":\"https:\\\/\\\/dana.com.br\\\/canaldana\\\/#\\\/schema\\\/person\\\/3c21f22f56fcf3bc46b94bc60ea4fef6\",\"name\":\"Canal Dana\",\"image\":{\"@type\":\"ImageObject\",\"inLanguage\":\"pt-BR\",\"@id\":\"https:\\\/\\\/secure.gravatar.com\\\/avatar\\\/420aaf9278582877d9018637c6817617705899d2858d7572ef0fe59a6b6454b4?s=96&d=mm&r=g\",\"url\":\"https:\\\/\\\/secure.gravatar.com\\\/avatar\\\/420aaf9278582877d9018637c6817617705899d2858d7572ef0fe59a6b6454b4?s=96&d=mm&r=g\",\"contentUrl\":\"https:\\\/\\\/secure.gravatar.com\\\/avatar\\\/420aaf9278582877d9018637c6817617705899d2858d7572ef0fe59a6b6454b4?s=96&d=mm&r=g\",\"caption\":\"Canal Dana\"},\"url\":\"https:\\\/\\\/dana.com.br\\\/canaldana\\\/author\\\/cdeditor\\\/\"}]}<\/script>\n<!-- \/ Yoast SEO plugin. -->","yoast_head_json":{"title":"Apple est\u00e1 construindo um carro que se dirige sozinho, diz jornal - Canal Dana","robots":{"index":"index","follow":"follow","max-snippet":"max-snippet:-1","max-image-preview":"max-image-preview:large","max-video-preview":"max-video-preview:-1"},"canonical":"https:\/\/dana.com.br\/canaldana\/2015\/08\/17\/apple-esta-construindo-um-carro-que-se-dirige-sozinho-diz-jornal\/","og_locale":"pt_BR","og_type":"article","og_title":"Apple est\u00e1 construindo um carro que se dirige sozinho, diz jornal - Canal Dana","og_description":"Folha de S. Paulo &nbsp; A Apple est\u00e1 trabalhando num modelo de carro aut\u00f4nomo e j\u00e1 busca um local seguro para come\u00e7ar a test\u00e1\u00adlo, informou o &#8220;The Guardian&#8221; nesta \u00faltima sexta\u00adfeira (14). &nbsp; De acordo com correspond\u00eancias obtidas pelo jornal, o projeto est\u00e1 mais avan\u00e7ado do que se imaginava. &nbsp; Elas mostram negocia\u00e7\u00f5es para que\u2026 Leia mais \u00bb","og_url":"https:\/\/dana.com.br\/canaldana\/2015\/08\/17\/apple-esta-construindo-um-carro-que-se-dirige-sozinho-diz-jornal\/","og_site_name":"Canal Dana","article_published_time":"2015-08-17T11:21:50+00:00","author":"Canal Dana","twitter_card":"summary_large_image","twitter_misc":{"Escrito por":"Canal Dana","Est. tempo de leitura":"3 minutos"},"schema":{"@context":"https:\/\/schema.org","@graph":[{"@type":"Article","@id":"https:\/\/dana.com.br\/canaldana\/2015\/08\/17\/apple-esta-construindo-um-carro-que-se-dirige-sozinho-diz-jornal\/#article","isPartOf":{"@id":"https:\/\/dana.com.br\/canaldana\/2015\/08\/17\/apple-esta-construindo-um-carro-que-se-dirige-sozinho-diz-jornal\/"},"author":{"name":"Canal Dana","@id":"https:\/\/dana.com.br\/canaldana\/#\/schema\/person\/3c21f22f56fcf3bc46b94bc60ea4fef6"},"headline":"Apple est\u00e1 construindo um carro que se dirige sozinho, diz jornal","datePublished":"2015-08-17T11:21:50+00:00","mainEntityOfPage":{"@id":"https:\/\/dana.com.br\/canaldana\/2015\/08\/17\/apple-esta-construindo-um-carro-que-se-dirige-sozinho-diz-jornal\/"},"wordCount":554,"articleSection":["Mercado"],"inLanguage":"pt-BR"},{"@type":"WebPage","@id":"https:\/\/dana.com.br\/canaldana\/2015\/08\/17\/apple-esta-construindo-um-carro-que-se-dirige-sozinho-diz-jornal\/","url":"https:\/\/dana.com.br\/canaldana\/2015\/08\/17\/apple-esta-construindo-um-carro-que-se-dirige-sozinho-diz-jornal\/","name":"Apple est\u00e1 construindo um carro que se dirige sozinho, diz jornal - Canal Dana","isPartOf":{"@id":"https:\/\/dana.com.br\/canaldana\/#website"},"datePublished":"2015-08-17T11:21:50+00:00","author":{"@id":"https:\/\/dana.com.br\/canaldana\/#\/schema\/person\/3c21f22f56fcf3bc46b94bc60ea4fef6"},"breadcrumb":{"@id":"https:\/\/dana.com.br\/canaldana\/2015\/08\/17\/apple-esta-construindo-um-carro-que-se-dirige-sozinho-diz-jornal\/#breadcrumb"},"inLanguage":"pt-BR","potentialAction":[{"@type":"ReadAction","target":["https:\/\/dana.com.br\/canaldana\/2015\/08\/17\/apple-esta-construindo-um-carro-que-se-dirige-sozinho-diz-jornal\/"]}]},{"@type":"BreadcrumbList","@id":"https:\/\/dana.com.br\/canaldana\/2015\/08\/17\/apple-esta-construindo-um-carro-que-se-dirige-sozinho-diz-jornal\/#breadcrumb","itemListElement":[{"@type":"ListItem","position":1,"name":"Home","item":"https:\/\/dana.com.br\/canaldana\/"},{"@type":"ListItem","position":2,"name":"Mercado","item":"https:\/\/dana.com.br\/canaldana\/mercado\/"},{"@type":"ListItem","position":3,"name":"Apple est\u00e1 construindo um carro que se dirige sozinho, diz jornal"}]},{"@type":"WebSite","@id":"https:\/\/dana.com.br\/canaldana\/#website","url":"https:\/\/dana.com.br\/canaldana\/","name":"Canal Dana","description":"Informativo com as principais not\u00edcias da ind\u00fastria automotiva","potentialAction":[{"@type":"SearchAction","target":{"@type":"EntryPoint","urlTemplate":"https:\/\/dana.com.br\/canaldana\/?s={search_term_string}"},"query-input":{"@type":"PropertyValueSpecification","valueRequired":true,"valueName":"search_term_string"}}],"inLanguage":"pt-BR"},{"@type":"Person","@id":"https:\/\/dana.com.br\/canaldana\/#\/schema\/person\/3c21f22f56fcf3bc46b94bc60ea4fef6","name":"Canal Dana","image":{"@type":"ImageObject","inLanguage":"pt-BR","@id":"https:\/\/secure.gravatar.com\/avatar\/420aaf9278582877d9018637c6817617705899d2858d7572ef0fe59a6b6454b4?s=96&d=mm&r=g","url":"https:\/\/secure.gravatar.com\/avatar\/420aaf9278582877d9018637c6817617705899d2858d7572ef0fe59a6b6454b4?s=96&d=mm&r=g","contentUrl":"https:\/\/secure.gravatar.com\/avatar\/420aaf9278582877d9018637c6817617705899d2858d7572ef0fe59a6b6454b4?s=96&d=mm&r=g","caption":"Canal Dana"},"url":"https:\/\/dana.com.br\/canaldana\/author\/cdeditor\/"}]}},"_links":{"self":[{"href":"https:\/\/dana.com.br\/canaldana\/wp-json\/wp\/v2\/posts\/1795","targetHints":{"allow":["GET"]}}],"collection":[{"href":"https:\/\/dana.com.br\/canaldana\/wp-json\/wp\/v2\/posts"}],"about":[{"href":"https:\/\/dana.com.br\/canaldana\/wp-json\/wp\/v2\/types\/post"}],"author":[{"embeddable":true,"href":"https:\/\/dana.com.br\/canaldana\/wp-json\/wp\/v2\/users\/3"}],"replies":[{"embeddable":true,"href":"https:\/\/dana.com.br\/canaldana\/wp-json\/wp\/v2\/comments?post=1795"}],"version-history":[{"count":0,"href":"https:\/\/dana.com.br\/canaldana\/wp-json\/wp\/v2\/posts\/1795\/revisions"}],"wp:attachment":[{"href":"https:\/\/dana.com.br\/canaldana\/wp-json\/wp\/v2\/media?parent=1795"}],"wp:term":[{"taxonomy":"category","embeddable":true,"href":"https:\/\/dana.com.br\/canaldana\/wp-json\/wp\/v2\/categories?post=1795"},{"taxonomy":"post_tag","embeddable":true,"href":"https:\/\/dana.com.br\/canaldana\/wp-json\/wp\/v2\/tags?post=1795"}],"curies":[{"name":"wp","href":"https:\/\/api.w.org\/{rel}","templated":true}]}}