{"id":17911,"date":"2017-06-29T08:53:19","date_gmt":"2017-06-29T11:53:19","guid":{"rendered":"http:\/\/dana.com.br\/canaldana\/?p=17911"},"modified":"2017-06-29T08:53:19","modified_gmt":"2017-06-29T11:53:19","slug":"iveco-amplia-participacao-em-onibus","status":"publish","type":"post","link":"https:\/\/dana.com.br\/canaldana\/2017\/06\/29\/iveco-amplia-participacao-em-onibus\/","title":{"rendered":"Iveco amplia participa\u00e7\u00e3o em \u00f4nibus"},"content":{"rendered":"<p><em>DCI<\/em><\/p>\n<p>&nbsp;<\/p>\n<p>A Iveco est\u00e1 ampliando a sua participa\u00e7\u00e3o no acirrado mercado de \u00f4nibus. Com foco em produtos customizados, a montadora espera dobrar o market share neste ano e garantir rentabilidade em meio \u00e0 forte queda do segmento.<\/p>\n<p>&nbsp;<\/p>\n<p>Em entrevista ao DCI, o gerente de marketing da Iveco Bus Am\u00e9rica Latina, Gustavo Serizawa, afirmou que maio foi o segundo m\u00eas consecutivo de lideran\u00e7a da Iveco no mercado de \u00f4nibus, segundo dados da Associa\u00e7\u00e3o Nacional dos Fabricantes de Ve\u00edculos Automotores (Anfavea).<\/p>\n<p>&nbsp;<\/p>\n<p>&#8220;O nosso diferencial \u00e9 ser a \u00fanica montadora do Pa\u00eds a entregar ve\u00edculos completos ao cliente, j\u00e1 que temos parcerias com encarro\u00e7adoras&#8221;, destaca o executivo.<\/p>\n<p>&nbsp;<\/p>\n<p>Ele afirma que esse fator \u00e9 importante principalmente para clientes que est\u00e3o migrando de categoria. &#8220;Um consumidor que comprava vans n\u00e3o tinha que lidar com os diversos tr\u00e2mites de encarro\u00e7ar um ve\u00edculo. Entregar o \u00f4nibus completo para ele faz toda a diferen\u00e7a.&#8221;<\/p>\n<p>&nbsp;<\/p>\n<p>A Iveco reestruturou a marca em 2014 e no primeiro ano cheio de opera\u00e7\u00e3o (2015), a montadora obteve 3,5% de market share. &#8220;Dobramos a participa\u00e7\u00e3o em 2016 e, at\u00e9 o momento, temos cerca de 14% do mercado&#8221;, explica.<\/p>\n<p>&nbsp;<\/p>\n<p>Serizawa destaca que a meta \u00e9 encerrar 2017 com esse patamar de participa\u00e7\u00e3o. &#8220;A base do mercado retrocedeu 20 anos, mas isso n\u00e3o vai tirar o nosso foco&#8221;, pondera.<\/p>\n<p>&nbsp;<\/p>\n<p>O segmento de \u00f4nibus \u00e9 extremamente concentrado no Brasil e quase metade do mercado pertence \u00e0 Mercedes-Benz. &#8220;N\u00f3s chegamos como uma alternativa.&#8221; Com um portf\u00f3lio que inclui desde vans at\u00e9 \u00f4nibus de fretamento e turismo, al\u00e9m de urbanos, a Iveco aposta em nichos para crescer. &#8220;Lan\u00e7amos o primeiro \u00f4nibus acess\u00edvel do Brasil que a poltrona busca o cadeirante fora do ve\u00edculo. Assim, ele \u00e9 transportado com mais seguran\u00e7a e o espa\u00e7o da cadeira de rodas n\u00e3o elimina mais do que um banco, conferindo rentabilidade ao transportador.&#8221;<\/p>\n<p><strong>\u00a0<\/strong><\/p>\n<p><strong>Perspectivas<\/strong><\/p>\n<p><strong>\u00a0<\/strong><\/p>\n<p>A Iveco produz \u00f4nibus em Sete Lagoas (MG) e, diante da queda expressiva do mercado dom\u00e9stico, a montadora elevou as vendas ao exterior.<\/p>\n<p>&nbsp;<\/p>\n<p>&#8220;Todas as empresas est\u00e3o fazendo da exporta\u00e7\u00e3o uma grande fonte de neg\u00f3cios e para n\u00f3s n\u00e3o \u00e9 diferente&#8221;, pontua Serizawa. Ele acrescenta que a montadora deve elevar os embarques para pa\u00edses da Am\u00e9rica Latina como Chile, Paraguai e Costa Rica.<\/p>\n<p>&nbsp;<\/p>\n<p>Serizawa observa ainda que o p\u00f3s-venda \u00e9 fundamental para elevar a receita no segmento. &#8220;Estamos oferecendo revis\u00e3o com pre\u00e7o fixo. O cliente j\u00e1 sabe o quanto vai gastar e isso \u00e9 muito relevante, ainda mais neste cen\u00e1rio&#8221;. (DCI\/Juliana Estigarr\u00edbia)<\/p>\n","protected":false},"excerpt":{"rendered":"<p>DCI &nbsp; A Iveco est\u00e1 ampliando a sua participa\u00e7\u00e3o no acirrado mercado de \u00f4nibus. Com foco em produtos customizados, a montadora espera dobrar o market share neste ano e garantir rentabilidade em meio \u00e0 forte queda do segmento. &nbsp; Em entrevista ao DCI, o gerente de marketing da Iveco Bus Am\u00e9rica Latina, Gustavo Serizawa, afirmou\u2026 <a class=\"readmore\" href=\"https:\/\/dana.com.br\/canaldana\/2017\/06\/29\/iveco-amplia-participacao-em-onibus\/\">Leia mais \u00bb<\/a><\/p>\n","protected":false},"author":3,"featured_media":0,"comment_status":"closed","ping_status":"closed","sticky":false,"template":"","format":"standard","meta":{"_acf_changed":false,"footnotes":""},"categories":[61],"tags":[],"class_list":["post-17911","post","type-post","status-publish","format-standard","hentry","category-destaques"],"acf":[],"yoast_head":"<!-- This site is optimized with the Yoast SEO plugin v27.3 - https:\/\/yoast.com\/product\/yoast-seo-wordpress\/ -->\n<title>Iveco amplia participa\u00e7\u00e3o em \u00f4nibus - Canal Dana<\/title>\n<meta name=\"robots\" content=\"index, follow, max-snippet:-1, max-image-preview:large, max-video-preview:-1\" \/>\n<link rel=\"canonical\" href=\"https:\/\/dana.com.br\/canaldana\/2017\/06\/29\/iveco-amplia-participacao-em-onibus\/\" \/>\n<meta property=\"og:locale\" content=\"pt_BR\" \/>\n<meta property=\"og:type\" content=\"article\" \/>\n<meta property=\"og:title\" content=\"Iveco amplia participa\u00e7\u00e3o em \u00f4nibus - Canal Dana\" \/>\n<meta property=\"og:description\" content=\"DCI &nbsp; A Iveco est\u00e1 ampliando a sua participa\u00e7\u00e3o no acirrado mercado de \u00f4nibus. Com foco em produtos customizados, a montadora espera dobrar o market share neste ano e garantir rentabilidade em meio \u00e0 forte queda do segmento. &nbsp; Em entrevista ao DCI, o gerente de marketing da Iveco Bus Am\u00e9rica Latina, Gustavo Serizawa, afirmou\u2026 Leia mais \u00bb\" \/>\n<meta property=\"og:url\" content=\"https:\/\/dana.com.br\/canaldana\/2017\/06\/29\/iveco-amplia-participacao-em-onibus\/\" \/>\n<meta property=\"og:site_name\" content=\"Canal Dana\" \/>\n<meta property=\"article:published_time\" content=\"2017-06-29T11:53:19+00:00\" \/>\n<meta name=\"author\" content=\"Canal Dana\" \/>\n<meta name=\"twitter:card\" content=\"summary_large_image\" \/>\n<meta name=\"twitter:label1\" content=\"Escrito por\" \/>\n\t<meta name=\"twitter:data1\" content=\"Canal Dana\" \/>\n\t<meta name=\"twitter:label2\" content=\"Est. tempo de leitura\" \/>\n\t<meta name=\"twitter:data2\" content=\"2 minutos\" \/>\n<script type=\"application\/ld+json\" class=\"yoast-schema-graph\">{\"@context\":\"https:\\\/\\\/schema.org\",\"@graph\":[{\"@type\":\"Article\",\"@id\":\"https:\\\/\\\/dana.com.br\\\/canaldana\\\/2017\\\/06\\\/29\\\/iveco-amplia-participacao-em-onibus\\\/#article\",\"isPartOf\":{\"@id\":\"https:\\\/\\\/dana.com.br\\\/canaldana\\\/2017\\\/06\\\/29\\\/iveco-amplia-participacao-em-onibus\\\/\"},\"author\":{\"name\":\"Canal Dana\",\"@id\":\"https:\\\/\\\/dana.com.br\\\/canaldana\\\/#\\\/schema\\\/person\\\/3c21f22f56fcf3bc46b94bc60ea4fef6\"},\"headline\":\"Iveco amplia participa\u00e7\u00e3o em \u00f4nibus\",\"datePublished\":\"2017-06-29T11:53:19+00:00\",\"mainEntityOfPage\":{\"@id\":\"https:\\\/\\\/dana.com.br\\\/canaldana\\\/2017\\\/06\\\/29\\\/iveco-amplia-participacao-em-onibus\\\/\"},\"wordCount\":442,\"articleSection\":[\"Destaques\"],\"inLanguage\":\"pt-BR\"},{\"@type\":\"WebPage\",\"@id\":\"https:\\\/\\\/dana.com.br\\\/canaldana\\\/2017\\\/06\\\/29\\\/iveco-amplia-participacao-em-onibus\\\/\",\"url\":\"https:\\\/\\\/dana.com.br\\\/canaldana\\\/2017\\\/06\\\/29\\\/iveco-amplia-participacao-em-onibus\\\/\",\"name\":\"Iveco amplia participa\u00e7\u00e3o em \u00f4nibus - Canal Dana\",\"isPartOf\":{\"@id\":\"https:\\\/\\\/dana.com.br\\\/canaldana\\\/#website\"},\"datePublished\":\"2017-06-29T11:53:19+00:00\",\"author\":{\"@id\":\"https:\\\/\\\/dana.com.br\\\/canaldana\\\/#\\\/schema\\\/person\\\/3c21f22f56fcf3bc46b94bc60ea4fef6\"},\"breadcrumb\":{\"@id\":\"https:\\\/\\\/dana.com.br\\\/canaldana\\\/2017\\\/06\\\/29\\\/iveco-amplia-participacao-em-onibus\\\/#breadcrumb\"},\"inLanguage\":\"pt-BR\",\"potentialAction\":[{\"@type\":\"ReadAction\",\"target\":[\"https:\\\/\\\/dana.com.br\\\/canaldana\\\/2017\\\/06\\\/29\\\/iveco-amplia-participacao-em-onibus\\\/\"]}]},{\"@type\":\"BreadcrumbList\",\"@id\":\"https:\\\/\\\/dana.com.br\\\/canaldana\\\/2017\\\/06\\\/29\\\/iveco-amplia-participacao-em-onibus\\\/#breadcrumb\",\"itemListElement\":[{\"@type\":\"ListItem\",\"position\":1,\"name\":\"Home\",\"item\":\"https:\\\/\\\/dana.com.br\\\/canaldana\\\/\"},{\"@type\":\"ListItem\",\"position\":2,\"name\":\"Destaques\",\"item\":\"https:\\\/\\\/dana.com.br\\\/canaldana\\\/destaques\\\/\"},{\"@type\":\"ListItem\",\"position\":3,\"name\":\"Iveco amplia participa\u00e7\u00e3o em \u00f4nibus\"}]},{\"@type\":\"WebSite\",\"@id\":\"https:\\\/\\\/dana.com.br\\\/canaldana\\\/#website\",\"url\":\"https:\\\/\\\/dana.com.br\\\/canaldana\\\/\",\"name\":\"Canal Dana\",\"description\":\"Informativo com as principais not\u00edcias da ind\u00fastria automotiva\",\"potentialAction\":[{\"@type\":\"SearchAction\",\"target\":{\"@type\":\"EntryPoint\",\"urlTemplate\":\"https:\\\/\\\/dana.com.br\\\/canaldana\\\/?s={search_term_string}\"},\"query-input\":{\"@type\":\"PropertyValueSpecification\",\"valueRequired\":true,\"valueName\":\"search_term_string\"}}],\"inLanguage\":\"pt-BR\"},{\"@type\":\"Person\",\"@id\":\"https:\\\/\\\/dana.com.br\\\/canaldana\\\/#\\\/schema\\\/person\\\/3c21f22f56fcf3bc46b94bc60ea4fef6\",\"name\":\"Canal Dana\",\"image\":{\"@type\":\"ImageObject\",\"inLanguage\":\"pt-BR\",\"@id\":\"https:\\\/\\\/secure.gravatar.com\\\/avatar\\\/420aaf9278582877d9018637c6817617705899d2858d7572ef0fe59a6b6454b4?s=96&d=mm&r=g\",\"url\":\"https:\\\/\\\/secure.gravatar.com\\\/avatar\\\/420aaf9278582877d9018637c6817617705899d2858d7572ef0fe59a6b6454b4?s=96&d=mm&r=g\",\"contentUrl\":\"https:\\\/\\\/secure.gravatar.com\\\/avatar\\\/420aaf9278582877d9018637c6817617705899d2858d7572ef0fe59a6b6454b4?s=96&d=mm&r=g\",\"caption\":\"Canal Dana\"},\"url\":\"https:\\\/\\\/dana.com.br\\\/canaldana\\\/author\\\/cdeditor\\\/\"}]}<\/script>\n<!-- \/ Yoast SEO plugin. -->","yoast_head_json":{"title":"Iveco amplia participa\u00e7\u00e3o em \u00f4nibus - Canal Dana","robots":{"index":"index","follow":"follow","max-snippet":"max-snippet:-1","max-image-preview":"max-image-preview:large","max-video-preview":"max-video-preview:-1"},"canonical":"https:\/\/dana.com.br\/canaldana\/2017\/06\/29\/iveco-amplia-participacao-em-onibus\/","og_locale":"pt_BR","og_type":"article","og_title":"Iveco amplia participa\u00e7\u00e3o em \u00f4nibus - Canal Dana","og_description":"DCI &nbsp; A Iveco est\u00e1 ampliando a sua participa\u00e7\u00e3o no acirrado mercado de \u00f4nibus. Com foco em produtos customizados, a montadora espera dobrar o market share neste ano e garantir rentabilidade em meio \u00e0 forte queda do segmento. &nbsp; Em entrevista ao DCI, o gerente de marketing da Iveco Bus Am\u00e9rica Latina, Gustavo Serizawa, afirmou\u2026 Leia mais \u00bb","og_url":"https:\/\/dana.com.br\/canaldana\/2017\/06\/29\/iveco-amplia-participacao-em-onibus\/","og_site_name":"Canal Dana","article_published_time":"2017-06-29T11:53:19+00:00","author":"Canal Dana","twitter_card":"summary_large_image","twitter_misc":{"Escrito por":"Canal Dana","Est. tempo de leitura":"2 minutos"},"schema":{"@context":"https:\/\/schema.org","@graph":[{"@type":"Article","@id":"https:\/\/dana.com.br\/canaldana\/2017\/06\/29\/iveco-amplia-participacao-em-onibus\/#article","isPartOf":{"@id":"https:\/\/dana.com.br\/canaldana\/2017\/06\/29\/iveco-amplia-participacao-em-onibus\/"},"author":{"name":"Canal Dana","@id":"https:\/\/dana.com.br\/canaldana\/#\/schema\/person\/3c21f22f56fcf3bc46b94bc60ea4fef6"},"headline":"Iveco amplia participa\u00e7\u00e3o em \u00f4nibus","datePublished":"2017-06-29T11:53:19+00:00","mainEntityOfPage":{"@id":"https:\/\/dana.com.br\/canaldana\/2017\/06\/29\/iveco-amplia-participacao-em-onibus\/"},"wordCount":442,"articleSection":["Destaques"],"inLanguage":"pt-BR"},{"@type":"WebPage","@id":"https:\/\/dana.com.br\/canaldana\/2017\/06\/29\/iveco-amplia-participacao-em-onibus\/","url":"https:\/\/dana.com.br\/canaldana\/2017\/06\/29\/iveco-amplia-participacao-em-onibus\/","name":"Iveco amplia participa\u00e7\u00e3o em \u00f4nibus - Canal Dana","isPartOf":{"@id":"https:\/\/dana.com.br\/canaldana\/#website"},"datePublished":"2017-06-29T11:53:19+00:00","author":{"@id":"https:\/\/dana.com.br\/canaldana\/#\/schema\/person\/3c21f22f56fcf3bc46b94bc60ea4fef6"},"breadcrumb":{"@id":"https:\/\/dana.com.br\/canaldana\/2017\/06\/29\/iveco-amplia-participacao-em-onibus\/#breadcrumb"},"inLanguage":"pt-BR","potentialAction":[{"@type":"ReadAction","target":["https:\/\/dana.com.br\/canaldana\/2017\/06\/29\/iveco-amplia-participacao-em-onibus\/"]}]},{"@type":"BreadcrumbList","@id":"https:\/\/dana.com.br\/canaldana\/2017\/06\/29\/iveco-amplia-participacao-em-onibus\/#breadcrumb","itemListElement":[{"@type":"ListItem","position":1,"name":"Home","item":"https:\/\/dana.com.br\/canaldana\/"},{"@type":"ListItem","position":2,"name":"Destaques","item":"https:\/\/dana.com.br\/canaldana\/destaques\/"},{"@type":"ListItem","position":3,"name":"Iveco amplia participa\u00e7\u00e3o em \u00f4nibus"}]},{"@type":"WebSite","@id":"https:\/\/dana.com.br\/canaldana\/#website","url":"https:\/\/dana.com.br\/canaldana\/","name":"Canal Dana","description":"Informativo com as principais not\u00edcias da ind\u00fastria automotiva","potentialAction":[{"@type":"SearchAction","target":{"@type":"EntryPoint","urlTemplate":"https:\/\/dana.com.br\/canaldana\/?s={search_term_string}"},"query-input":{"@type":"PropertyValueSpecification","valueRequired":true,"valueName":"search_term_string"}}],"inLanguage":"pt-BR"},{"@type":"Person","@id":"https:\/\/dana.com.br\/canaldana\/#\/schema\/person\/3c21f22f56fcf3bc46b94bc60ea4fef6","name":"Canal Dana","image":{"@type":"ImageObject","inLanguage":"pt-BR","@id":"https:\/\/secure.gravatar.com\/avatar\/420aaf9278582877d9018637c6817617705899d2858d7572ef0fe59a6b6454b4?s=96&d=mm&r=g","url":"https:\/\/secure.gravatar.com\/avatar\/420aaf9278582877d9018637c6817617705899d2858d7572ef0fe59a6b6454b4?s=96&d=mm&r=g","contentUrl":"https:\/\/secure.gravatar.com\/avatar\/420aaf9278582877d9018637c6817617705899d2858d7572ef0fe59a6b6454b4?s=96&d=mm&r=g","caption":"Canal Dana"},"url":"https:\/\/dana.com.br\/canaldana\/author\/cdeditor\/"}]}},"_links":{"self":[{"href":"https:\/\/dana.com.br\/canaldana\/wp-json\/wp\/v2\/posts\/17911","targetHints":{"allow":["GET"]}}],"collection":[{"href":"https:\/\/dana.com.br\/canaldana\/wp-json\/wp\/v2\/posts"}],"about":[{"href":"https:\/\/dana.com.br\/canaldana\/wp-json\/wp\/v2\/types\/post"}],"author":[{"embeddable":true,"href":"https:\/\/dana.com.br\/canaldana\/wp-json\/wp\/v2\/users\/3"}],"replies":[{"embeddable":true,"href":"https:\/\/dana.com.br\/canaldana\/wp-json\/wp\/v2\/comments?post=17911"}],"version-history":[{"count":0,"href":"https:\/\/dana.com.br\/canaldana\/wp-json\/wp\/v2\/posts\/17911\/revisions"}],"wp:attachment":[{"href":"https:\/\/dana.com.br\/canaldana\/wp-json\/wp\/v2\/media?parent=17911"}],"wp:term":[{"taxonomy":"category","embeddable":true,"href":"https:\/\/dana.com.br\/canaldana\/wp-json\/wp\/v2\/categories?post=17911"},{"taxonomy":"post_tag","embeddable":true,"href":"https:\/\/dana.com.br\/canaldana\/wp-json\/wp\/v2\/tags?post=17911"}],"curies":[{"name":"wp","href":"https:\/\/api.w.org\/{rel}","templated":true}]}}