{"id":17852,"date":"2017-06-28T08:38:04","date_gmt":"2017-06-28T11:38:04","guid":{"rendered":"http:\/\/dana.com.br\/canaldana\/?p=17852"},"modified":"2017-06-28T08:38:04","modified_gmt":"2017-06-28T11:38:04","slug":"criacao-da-area-de-atendimento-ao-cliente-da-ford-recebe-premio-especializado-call-center","status":"publish","type":"post","link":"https:\/\/dana.com.br\/canaldana\/2017\/06\/28\/criacao-da-area-de-atendimento-ao-cliente-da-ford-recebe-premio-especializado-call-center\/","title":{"rendered":"Cria\u00e7\u00e3o da \u00e1rea de Atendimento ao Cliente da Ford recebe pr\u00eamio especializado &#8220;call center&#8221;"},"content":{"rendered":"<p><em>O Brasil Sobre Rodas <\/em><\/p>\n<p>&nbsp;<\/p>\n<p>A Ford colocou em funcionamento em seu &#8220;call center&#8221; um novo setor chamado de c\u00e9lula de atendimento preventivo ao cliente para o acompanhamento\u00a0 de solicita\u00e7\u00f5es, buscando sempre uma solu\u00e7\u00e3o coerente para a sua satisfa\u00e7\u00e3o. Essa inova\u00e7\u00e3o foi destacada no Pr\u00eamio ABEMD 2017, considerado o principal reconhecimento do marketing direto brasileiro no trabalho de resolu\u00e7\u00e3o de casos de clientes.<\/p>\n<p>&nbsp;<\/p>\n<p>Esse novo setor do Centro de Atendimento ao Cliente da Ford, conhecido como CAF, \u00e9 formado por uma equipe de 15 profissionais especialistas de v\u00e1rias \u00e1reas, como Servi\u00e7o ao Cliente, Engenharia, Log\u00edstica e Jur\u00eddico. De atua\u00e7\u00e3o exclusiva, a c\u00e9lula de atendimento preventivo foi criada em novembro do ano passado e, desde ent\u00e3o, tem obtido um alto \u00edndice de solu\u00e7\u00e3o para os clientes.<\/p>\n<p>&nbsp;<\/p>\n<p>\u201cTrata-se de um time multifuncional cuja responsabilidade \u00e9 agilizar o atendimento de clientes com algum tipo de insatisfa\u00e7\u00e3o. Totalmente dedicada a essa fun\u00e7\u00e3o, tem total autonomia para buscar solu\u00e7\u00f5es coerentes e r\u00e1pidas\u201d, diz Joaquim Pereira, diretor de Servi\u00e7o ao Cliente da Ford.<\/p>\n<p>&nbsp;<\/p>\n<p>A Ford tem sido pioneira dentro da ind\u00fastria automobil\u00edstica na introdu\u00e7\u00e3o de inova\u00e7\u00f5es e melhores pr\u00e1ticas na \u00e1rea de atendimento ao cliente. Com infraestrutura, tecnologia e pessoal treinado, o CAF conta hoje com cerca de 200 profissionais funcionando em parceria com a Atento, empresa especializada em &#8220;call center&#8221;.<\/p>\n<p>&nbsp;<\/p>\n<p>O Pr\u00eamio ABEMD destaca-se hoje por selecionar os melhores cases do mercado em \u00e1reas como campanhas, call center, relacionamento com os clientes e marketing digital, avaliados por um j\u00fari de profissionais renomados no setor. (O Brasil Sobre Rodas)<\/p>\n","protected":false},"excerpt":{"rendered":"<p>O Brasil Sobre Rodas &nbsp; A Ford colocou em funcionamento em seu &#8220;call center&#8221; um novo setor chamado de c\u00e9lula de atendimento preventivo ao cliente para o acompanhamento\u00a0 de solicita\u00e7\u00f5es, buscando sempre uma solu\u00e7\u00e3o coerente para a sua satisfa\u00e7\u00e3o. Essa inova\u00e7\u00e3o foi destacada no Pr\u00eamio ABEMD 2017, considerado o principal reconhecimento do marketing direto brasileiro\u2026 <a class=\"readmore\" href=\"https:\/\/dana.com.br\/canaldana\/2017\/06\/28\/criacao-da-area-de-atendimento-ao-cliente-da-ford-recebe-premio-especializado-call-center\/\">Leia mais \u00bb<\/a><\/p>\n","protected":false},"author":3,"featured_media":0,"comment_status":"closed","ping_status":"closed","sticky":false,"template":"","format":"standard","meta":{"_acf_changed":false,"footnotes":""},"categories":[74],"tags":[],"class_list":["post-17852","post","type-post","status-publish","format-standard","hentry","category-premios"],"acf":[],"yoast_head":"<!-- This site is optimized with the Yoast SEO plugin v27.3 - https:\/\/yoast.com\/product\/yoast-seo-wordpress\/ -->\n<title>Cria\u00e7\u00e3o da \u00e1rea de Atendimento ao Cliente da Ford recebe pr\u00eamio especializado &quot;call center&quot; - Canal Dana<\/title>\n<meta name=\"robots\" content=\"index, follow, max-snippet:-1, max-image-preview:large, max-video-preview:-1\" \/>\n<link rel=\"canonical\" href=\"https:\/\/dana.com.br\/canaldana\/2017\/06\/28\/criacao-da-area-de-atendimento-ao-cliente-da-ford-recebe-premio-especializado-call-center\/\" \/>\n<meta property=\"og:locale\" content=\"pt_BR\" \/>\n<meta property=\"og:type\" content=\"article\" \/>\n<meta property=\"og:title\" content=\"Cria\u00e7\u00e3o da \u00e1rea de Atendimento ao Cliente da Ford recebe pr\u00eamio especializado &quot;call center&quot; - Canal Dana\" \/>\n<meta property=\"og:description\" content=\"O Brasil Sobre Rodas &nbsp; A Ford colocou em funcionamento em seu &#8220;call center&#8221; um novo setor chamado de c\u00e9lula de atendimento preventivo ao cliente para o acompanhamento\u00a0 de solicita\u00e7\u00f5es, buscando sempre uma solu\u00e7\u00e3o coerente para a sua satisfa\u00e7\u00e3o. Essa inova\u00e7\u00e3o foi destacada no Pr\u00eamio ABEMD 2017, considerado o principal reconhecimento do marketing direto brasileiro\u2026 Leia mais \u00bb\" \/>\n<meta property=\"og:url\" content=\"https:\/\/dana.com.br\/canaldana\/2017\/06\/28\/criacao-da-area-de-atendimento-ao-cliente-da-ford-recebe-premio-especializado-call-center\/\" \/>\n<meta property=\"og:site_name\" content=\"Canal Dana\" \/>\n<meta property=\"article:published_time\" content=\"2017-06-28T11:38:04+00:00\" \/>\n<meta name=\"author\" content=\"Canal Dana\" \/>\n<meta name=\"twitter:card\" content=\"summary_large_image\" \/>\n<meta name=\"twitter:label1\" content=\"Escrito por\" \/>\n\t<meta name=\"twitter:data1\" content=\"Canal Dana\" \/>\n\t<meta name=\"twitter:label2\" content=\"Est. tempo de leitura\" \/>\n\t<meta name=\"twitter:data2\" content=\"1 minuto\" \/>\n<script type=\"application\/ld+json\" class=\"yoast-schema-graph\">{\"@context\":\"https:\\\/\\\/schema.org\",\"@graph\":[{\"@type\":\"Article\",\"@id\":\"https:\\\/\\\/dana.com.br\\\/canaldana\\\/2017\\\/06\\\/28\\\/criacao-da-area-de-atendimento-ao-cliente-da-ford-recebe-premio-especializado-call-center\\\/#article\",\"isPartOf\":{\"@id\":\"https:\\\/\\\/dana.com.br\\\/canaldana\\\/2017\\\/06\\\/28\\\/criacao-da-area-de-atendimento-ao-cliente-da-ford-recebe-premio-especializado-call-center\\\/\"},\"author\":{\"name\":\"Canal Dana\",\"@id\":\"https:\\\/\\\/dana.com.br\\\/canaldana\\\/#\\\/schema\\\/person\\\/3c21f22f56fcf3bc46b94bc60ea4fef6\"},\"headline\":\"Cria\u00e7\u00e3o da \u00e1rea de Atendimento ao Cliente da Ford recebe pr\u00eamio especializado &#8220;call center&#8221;\",\"datePublished\":\"2017-06-28T11:38:04+00:00\",\"mainEntityOfPage\":{\"@id\":\"https:\\\/\\\/dana.com.br\\\/canaldana\\\/2017\\\/06\\\/28\\\/criacao-da-area-de-atendimento-ao-cliente-da-ford-recebe-premio-especializado-call-center\\\/\"},\"wordCount\":295,\"articleSection\":[\"Pr\u00eamios\"],\"inLanguage\":\"pt-BR\"},{\"@type\":\"WebPage\",\"@id\":\"https:\\\/\\\/dana.com.br\\\/canaldana\\\/2017\\\/06\\\/28\\\/criacao-da-area-de-atendimento-ao-cliente-da-ford-recebe-premio-especializado-call-center\\\/\",\"url\":\"https:\\\/\\\/dana.com.br\\\/canaldana\\\/2017\\\/06\\\/28\\\/criacao-da-area-de-atendimento-ao-cliente-da-ford-recebe-premio-especializado-call-center\\\/\",\"name\":\"Cria\u00e7\u00e3o da \u00e1rea de Atendimento ao Cliente da Ford recebe pr\u00eamio especializado \\\"call center\\\" - Canal Dana\",\"isPartOf\":{\"@id\":\"https:\\\/\\\/dana.com.br\\\/canaldana\\\/#website\"},\"datePublished\":\"2017-06-28T11:38:04+00:00\",\"author\":{\"@id\":\"https:\\\/\\\/dana.com.br\\\/canaldana\\\/#\\\/schema\\\/person\\\/3c21f22f56fcf3bc46b94bc60ea4fef6\"},\"breadcrumb\":{\"@id\":\"https:\\\/\\\/dana.com.br\\\/canaldana\\\/2017\\\/06\\\/28\\\/criacao-da-area-de-atendimento-ao-cliente-da-ford-recebe-premio-especializado-call-center\\\/#breadcrumb\"},\"inLanguage\":\"pt-BR\",\"potentialAction\":[{\"@type\":\"ReadAction\",\"target\":[\"https:\\\/\\\/dana.com.br\\\/canaldana\\\/2017\\\/06\\\/28\\\/criacao-da-area-de-atendimento-ao-cliente-da-ford-recebe-premio-especializado-call-center\\\/\"]}]},{\"@type\":\"BreadcrumbList\",\"@id\":\"https:\\\/\\\/dana.com.br\\\/canaldana\\\/2017\\\/06\\\/28\\\/criacao-da-area-de-atendimento-ao-cliente-da-ford-recebe-premio-especializado-call-center\\\/#breadcrumb\",\"itemListElement\":[{\"@type\":\"ListItem\",\"position\":1,\"name\":\"Home\",\"item\":\"https:\\\/\\\/dana.com.br\\\/canaldana\\\/\"},{\"@type\":\"ListItem\",\"position\":2,\"name\":\"Pr\u00eamios\",\"item\":\"https:\\\/\\\/dana.com.br\\\/canaldana\\\/premios\\\/\"},{\"@type\":\"ListItem\",\"position\":3,\"name\":\"Cria\u00e7\u00e3o da \u00e1rea de Atendimento ao Cliente da Ford recebe pr\u00eamio especializado &#8220;call center&#8221;\"}]},{\"@type\":\"WebSite\",\"@id\":\"https:\\\/\\\/dana.com.br\\\/canaldana\\\/#website\",\"url\":\"https:\\\/\\\/dana.com.br\\\/canaldana\\\/\",\"name\":\"Canal Dana\",\"description\":\"Informativo com as principais not\u00edcias da ind\u00fastria automotiva\",\"potentialAction\":[{\"@type\":\"SearchAction\",\"target\":{\"@type\":\"EntryPoint\",\"urlTemplate\":\"https:\\\/\\\/dana.com.br\\\/canaldana\\\/?s={search_term_string}\"},\"query-input\":{\"@type\":\"PropertyValueSpecification\",\"valueRequired\":true,\"valueName\":\"search_term_string\"}}],\"inLanguage\":\"pt-BR\"},{\"@type\":\"Person\",\"@id\":\"https:\\\/\\\/dana.com.br\\\/canaldana\\\/#\\\/schema\\\/person\\\/3c21f22f56fcf3bc46b94bc60ea4fef6\",\"name\":\"Canal Dana\",\"image\":{\"@type\":\"ImageObject\",\"inLanguage\":\"pt-BR\",\"@id\":\"https:\\\/\\\/secure.gravatar.com\\\/avatar\\\/420aaf9278582877d9018637c6817617705899d2858d7572ef0fe59a6b6454b4?s=96&d=mm&r=g\",\"url\":\"https:\\\/\\\/secure.gravatar.com\\\/avatar\\\/420aaf9278582877d9018637c6817617705899d2858d7572ef0fe59a6b6454b4?s=96&d=mm&r=g\",\"contentUrl\":\"https:\\\/\\\/secure.gravatar.com\\\/avatar\\\/420aaf9278582877d9018637c6817617705899d2858d7572ef0fe59a6b6454b4?s=96&d=mm&r=g\",\"caption\":\"Canal Dana\"},\"url\":\"https:\\\/\\\/dana.com.br\\\/canaldana\\\/author\\\/cdeditor\\\/\"}]}<\/script>\n<!-- \/ Yoast SEO plugin. -->","yoast_head_json":{"title":"Cria\u00e7\u00e3o da \u00e1rea de Atendimento ao Cliente da Ford recebe pr\u00eamio especializado \"call center\" - Canal Dana","robots":{"index":"index","follow":"follow","max-snippet":"max-snippet:-1","max-image-preview":"max-image-preview:large","max-video-preview":"max-video-preview:-1"},"canonical":"https:\/\/dana.com.br\/canaldana\/2017\/06\/28\/criacao-da-area-de-atendimento-ao-cliente-da-ford-recebe-premio-especializado-call-center\/","og_locale":"pt_BR","og_type":"article","og_title":"Cria\u00e7\u00e3o da \u00e1rea de Atendimento ao Cliente da Ford recebe pr\u00eamio especializado \"call center\" - Canal Dana","og_description":"O Brasil Sobre Rodas &nbsp; A Ford colocou em funcionamento em seu &#8220;call center&#8221; um novo setor chamado de c\u00e9lula de atendimento preventivo ao cliente para o acompanhamento\u00a0 de solicita\u00e7\u00f5es, buscando sempre uma solu\u00e7\u00e3o coerente para a sua satisfa\u00e7\u00e3o. Essa inova\u00e7\u00e3o foi destacada no Pr\u00eamio ABEMD 2017, considerado o principal reconhecimento do marketing direto brasileiro\u2026 Leia mais \u00bb","og_url":"https:\/\/dana.com.br\/canaldana\/2017\/06\/28\/criacao-da-area-de-atendimento-ao-cliente-da-ford-recebe-premio-especializado-call-center\/","og_site_name":"Canal Dana","article_published_time":"2017-06-28T11:38:04+00:00","author":"Canal Dana","twitter_card":"summary_large_image","twitter_misc":{"Escrito por":"Canal Dana","Est. tempo de leitura":"1 minuto"},"schema":{"@context":"https:\/\/schema.org","@graph":[{"@type":"Article","@id":"https:\/\/dana.com.br\/canaldana\/2017\/06\/28\/criacao-da-area-de-atendimento-ao-cliente-da-ford-recebe-premio-especializado-call-center\/#article","isPartOf":{"@id":"https:\/\/dana.com.br\/canaldana\/2017\/06\/28\/criacao-da-area-de-atendimento-ao-cliente-da-ford-recebe-premio-especializado-call-center\/"},"author":{"name":"Canal Dana","@id":"https:\/\/dana.com.br\/canaldana\/#\/schema\/person\/3c21f22f56fcf3bc46b94bc60ea4fef6"},"headline":"Cria\u00e7\u00e3o da \u00e1rea de Atendimento ao Cliente da Ford recebe pr\u00eamio especializado &#8220;call center&#8221;","datePublished":"2017-06-28T11:38:04+00:00","mainEntityOfPage":{"@id":"https:\/\/dana.com.br\/canaldana\/2017\/06\/28\/criacao-da-area-de-atendimento-ao-cliente-da-ford-recebe-premio-especializado-call-center\/"},"wordCount":295,"articleSection":["Pr\u00eamios"],"inLanguage":"pt-BR"},{"@type":"WebPage","@id":"https:\/\/dana.com.br\/canaldana\/2017\/06\/28\/criacao-da-area-de-atendimento-ao-cliente-da-ford-recebe-premio-especializado-call-center\/","url":"https:\/\/dana.com.br\/canaldana\/2017\/06\/28\/criacao-da-area-de-atendimento-ao-cliente-da-ford-recebe-premio-especializado-call-center\/","name":"Cria\u00e7\u00e3o da \u00e1rea de Atendimento ao Cliente da Ford recebe pr\u00eamio especializado \"call center\" - Canal Dana","isPartOf":{"@id":"https:\/\/dana.com.br\/canaldana\/#website"},"datePublished":"2017-06-28T11:38:04+00:00","author":{"@id":"https:\/\/dana.com.br\/canaldana\/#\/schema\/person\/3c21f22f56fcf3bc46b94bc60ea4fef6"},"breadcrumb":{"@id":"https:\/\/dana.com.br\/canaldana\/2017\/06\/28\/criacao-da-area-de-atendimento-ao-cliente-da-ford-recebe-premio-especializado-call-center\/#breadcrumb"},"inLanguage":"pt-BR","potentialAction":[{"@type":"ReadAction","target":["https:\/\/dana.com.br\/canaldana\/2017\/06\/28\/criacao-da-area-de-atendimento-ao-cliente-da-ford-recebe-premio-especializado-call-center\/"]}]},{"@type":"BreadcrumbList","@id":"https:\/\/dana.com.br\/canaldana\/2017\/06\/28\/criacao-da-area-de-atendimento-ao-cliente-da-ford-recebe-premio-especializado-call-center\/#breadcrumb","itemListElement":[{"@type":"ListItem","position":1,"name":"Home","item":"https:\/\/dana.com.br\/canaldana\/"},{"@type":"ListItem","position":2,"name":"Pr\u00eamios","item":"https:\/\/dana.com.br\/canaldana\/premios\/"},{"@type":"ListItem","position":3,"name":"Cria\u00e7\u00e3o da \u00e1rea de Atendimento ao Cliente da Ford recebe pr\u00eamio especializado &#8220;call center&#8221;"}]},{"@type":"WebSite","@id":"https:\/\/dana.com.br\/canaldana\/#website","url":"https:\/\/dana.com.br\/canaldana\/","name":"Canal Dana","description":"Informativo com as principais not\u00edcias da ind\u00fastria automotiva","potentialAction":[{"@type":"SearchAction","target":{"@type":"EntryPoint","urlTemplate":"https:\/\/dana.com.br\/canaldana\/?s={search_term_string}"},"query-input":{"@type":"PropertyValueSpecification","valueRequired":true,"valueName":"search_term_string"}}],"inLanguage":"pt-BR"},{"@type":"Person","@id":"https:\/\/dana.com.br\/canaldana\/#\/schema\/person\/3c21f22f56fcf3bc46b94bc60ea4fef6","name":"Canal Dana","image":{"@type":"ImageObject","inLanguage":"pt-BR","@id":"https:\/\/secure.gravatar.com\/avatar\/420aaf9278582877d9018637c6817617705899d2858d7572ef0fe59a6b6454b4?s=96&d=mm&r=g","url":"https:\/\/secure.gravatar.com\/avatar\/420aaf9278582877d9018637c6817617705899d2858d7572ef0fe59a6b6454b4?s=96&d=mm&r=g","contentUrl":"https:\/\/secure.gravatar.com\/avatar\/420aaf9278582877d9018637c6817617705899d2858d7572ef0fe59a6b6454b4?s=96&d=mm&r=g","caption":"Canal Dana"},"url":"https:\/\/dana.com.br\/canaldana\/author\/cdeditor\/"}]}},"_links":{"self":[{"href":"https:\/\/dana.com.br\/canaldana\/wp-json\/wp\/v2\/posts\/17852","targetHints":{"allow":["GET"]}}],"collection":[{"href":"https:\/\/dana.com.br\/canaldana\/wp-json\/wp\/v2\/posts"}],"about":[{"href":"https:\/\/dana.com.br\/canaldana\/wp-json\/wp\/v2\/types\/post"}],"author":[{"embeddable":true,"href":"https:\/\/dana.com.br\/canaldana\/wp-json\/wp\/v2\/users\/3"}],"replies":[{"embeddable":true,"href":"https:\/\/dana.com.br\/canaldana\/wp-json\/wp\/v2\/comments?post=17852"}],"version-history":[{"count":0,"href":"https:\/\/dana.com.br\/canaldana\/wp-json\/wp\/v2\/posts\/17852\/revisions"}],"wp:attachment":[{"href":"https:\/\/dana.com.br\/canaldana\/wp-json\/wp\/v2\/media?parent=17852"}],"wp:term":[{"taxonomy":"category","embeddable":true,"href":"https:\/\/dana.com.br\/canaldana\/wp-json\/wp\/v2\/categories?post=17852"},{"taxonomy":"post_tag","embeddable":true,"href":"https:\/\/dana.com.br\/canaldana\/wp-json\/wp\/v2\/tags?post=17852"}],"curies":[{"name":"wp","href":"https:\/\/api.w.org\/{rel}","templated":true}]}}