{"id":17492,"date":"2017-06-12T09:24:56","date_gmt":"2017-06-12T12:24:56","guid":{"rendered":"http:\/\/dana.com.br\/canaldana\/?p=17492"},"modified":"2017-06-12T09:24:56","modified_gmt":"2017-06-12T12:24:56","slug":"sao-paulo-coloca-em-operacao-primeiros-geradores-de-energia-eolica-do-estado","status":"publish","type":"post","link":"https:\/\/dana.com.br\/canaldana\/2017\/06\/12\/sao-paulo-coloca-em-operacao-primeiros-geradores-de-energia-eolica-do-estado\/","title":{"rendered":"S\u00e3o Paulo coloca em opera\u00e7\u00e3o primeiros geradores de energia e\u00f3lica do estado"},"content":{"rendered":"<p style=\"text-align: justify;\"><em><span style=\"font-family: 'Arial','sans-serif';\">Ag\u00eancia Brasil<\/span><\/em><\/p>\n<p style=\"text-align: justify;\"><span style=\"font-family: 'Arial','sans-serif';\">\u00a0<\/span><\/p>\n<p style=\"text-align: justify;\"><span style=\"font-family: 'Arial','sans-serif';\">Os dois primeiros geradores de energia e\u00f3lica do estado de S\u00e3o Paulo foram colocados em opera\u00e7\u00e3o hoje (9) no munic\u00edpio de Rosana (SP), regi\u00e3o de Presidente Prudente (distante 58 quil\u00f4metros da capital paulista). Eles est\u00e3o instalados dentro da \u00e1rea pertencente a Usina Engenheiro S\u00e9rgio Motta, conhecida tamb\u00e9m como Porto Primavera.<\/span><\/p>\n<p style=\"text-align: justify;\"><span style=\"font-family: 'Arial','sans-serif';\">\u00a0<\/span><\/p>\n<p style=\"text-align: justify;\"><span style=\"font-family: 'Arial','sans-serif';\">Em um primeiro momento, ser\u00e3o feitos testes el\u00e9tricos e mec\u00e2nicos, que devem durar cerca de 20 dias. Quando em funcionamento, os equipamentos v\u00e3o produzir aproximadamente 620 megawatts-hora (MWh) por ano, energia que ser\u00e1 utilizada no consumo interno da usina Porto Primavera.<\/span><\/p>\n<p style=\"text-align: justify;\"><span style=\"font-family: 'Arial','sans-serif';\">\u00a0<\/span><\/p>\n<p style=\"text-align: justify;\"><span style=\"font-family: 'Arial','sans-serif';\">\u201cA implanta\u00e7\u00e3o de centrais fotovoltaicas e e\u00f3licas junto a usinas hidrel\u00e9tricas existentes apresenta vantagens devido ao espa\u00e7o f\u00edsico e infraestrutura de transmiss\u00e3o no local, o que pode propiciar uma redu\u00e7\u00e3o significativa no custo da energia gerada\u201d, disse o subsecret\u00e1rio de Energias Renov\u00e1veis, Antonio Celso de Abreu Junior.<\/span><\/p>\n<p style=\"text-align: justify;\"><span style=\"font-family: 'Arial','sans-serif';\">\u00a0<\/span><\/p>\n<p style=\"text-align: justify;\"><span style=\"font-family: 'Arial','sans-serif';\">Os geradores e\u00f3licos fazem parte de um programa de pesquisa e desenvolvimento da Ag\u00eancia Nacional de Energia El\u00e9trica (Aneel) que pretende estudar a complementaridade energ\u00e9tica das fontes solar, e\u00f3lica e hidr\u00e1ulica. As torres, que t\u00eam 30 metros de altura e p\u00e1s de 10 metros de comprimento, foram desenvolvidas pela Companhia Energ\u00e9tica de S\u00e3o Paulo (Cesp), com o apoio da Secretaria Estadual de Energia e Minera\u00e7\u00e3o.<\/span><\/p>\n<p style=\"text-align: justify;\"><span style=\"font-family: 'Arial','sans-serif';\">\u00a0<\/span><\/p>\n<p style=\"text-align: justify;\"><span style=\"font-family: 'Arial','sans-serif';\">O projeto de uso complementar das energias solar e e\u00f3lica \u00e0 energia hidrel\u00e9trica tem sua conclus\u00e3o prevista para agosto de 2018 a um custo estimado de R$ 31 milh\u00f5es. Tamb\u00e9m na \u00e1rea de Porto Primavera, desde o final de 2016, j\u00e1 est\u00e1 em opera\u00e7\u00e3o a primeira usina fotovoltaica do Brasil a utilizar a tecnologia de placas flex\u00edveis e r\u00edgidas em sistema flutuante. (Ag\u00eancia Brasil\/Bruno Bocchini)<\/span><\/p>\n","protected":false},"excerpt":{"rendered":"<p>Ag\u00eancia Brasil \u00a0 Os dois primeiros geradores de energia e\u00f3lica do estado de S\u00e3o Paulo foram colocados em opera\u00e7\u00e3o hoje (9) no munic\u00edpio de Rosana (SP), regi\u00e3o de Presidente Prudente (distante 58 quil\u00f4metros da capital paulista). Eles est\u00e3o instalados dentro da \u00e1rea pertencente a Usina Engenheiro S\u00e9rgio Motta, conhecida tamb\u00e9m como Porto Primavera. \u00a0 Em\u2026 <a class=\"readmore\" href=\"https:\/\/dana.com.br\/canaldana\/2017\/06\/12\/sao-paulo-coloca-em-operacao-primeiros-geradores-de-energia-eolica-do-estado\/\">Leia mais \u00bb<\/a><\/p>\n","protected":false},"author":3,"featured_media":0,"comment_status":"closed","ping_status":"closed","sticky":false,"template":"","format":"standard","meta":{"_acf_changed":false,"footnotes":""},"categories":[63],"tags":[],"class_list":["post-17492","post","type-post","status-publish","format-standard","hentry","category-meio-ambiente"],"acf":[],"yoast_head":"<!-- This site is optimized with the Yoast SEO plugin v27.3 - https:\/\/yoast.com\/product\/yoast-seo-wordpress\/ -->\n<title>S\u00e3o Paulo coloca em opera\u00e7\u00e3o primeiros geradores de energia e\u00f3lica do estado - Canal Dana<\/title>\n<meta name=\"robots\" content=\"index, follow, max-snippet:-1, max-image-preview:large, max-video-preview:-1\" \/>\n<link rel=\"canonical\" href=\"https:\/\/dana.com.br\/canaldana\/2017\/06\/12\/sao-paulo-coloca-em-operacao-primeiros-geradores-de-energia-eolica-do-estado\/\" \/>\n<meta property=\"og:locale\" content=\"pt_BR\" \/>\n<meta property=\"og:type\" content=\"article\" \/>\n<meta property=\"og:title\" content=\"S\u00e3o Paulo coloca em opera\u00e7\u00e3o primeiros geradores de energia e\u00f3lica do estado - Canal Dana\" \/>\n<meta property=\"og:description\" content=\"Ag\u00eancia Brasil \u00a0 Os dois primeiros geradores de energia e\u00f3lica do estado de S\u00e3o Paulo foram colocados em opera\u00e7\u00e3o hoje (9) no munic\u00edpio de Rosana (SP), regi\u00e3o de Presidente Prudente (distante 58 quil\u00f4metros da capital paulista). Eles est\u00e3o instalados dentro da \u00e1rea pertencente a Usina Engenheiro S\u00e9rgio Motta, conhecida tamb\u00e9m como Porto Primavera. \u00a0 Em\u2026 Leia mais \u00bb\" \/>\n<meta property=\"og:url\" content=\"https:\/\/dana.com.br\/canaldana\/2017\/06\/12\/sao-paulo-coloca-em-operacao-primeiros-geradores-de-energia-eolica-do-estado\/\" \/>\n<meta property=\"og:site_name\" content=\"Canal Dana\" \/>\n<meta property=\"article:published_time\" content=\"2017-06-12T12:24:56+00:00\" \/>\n<meta name=\"author\" content=\"Canal Dana\" \/>\n<meta name=\"twitter:card\" content=\"summary_large_image\" \/>\n<meta name=\"twitter:label1\" content=\"Escrito por\" \/>\n\t<meta name=\"twitter:data1\" content=\"Canal Dana\" \/>\n\t<meta name=\"twitter:label2\" content=\"Est. tempo de leitura\" \/>\n\t<meta name=\"twitter:data2\" content=\"2 minutos\" \/>\n<script type=\"application\/ld+json\" class=\"yoast-schema-graph\">{\"@context\":\"https:\\\/\\\/schema.org\",\"@graph\":[{\"@type\":\"Article\",\"@id\":\"https:\\\/\\\/dana.com.br\\\/canaldana\\\/2017\\\/06\\\/12\\\/sao-paulo-coloca-em-operacao-primeiros-geradores-de-energia-eolica-do-estado\\\/#article\",\"isPartOf\":{\"@id\":\"https:\\\/\\\/dana.com.br\\\/canaldana\\\/2017\\\/06\\\/12\\\/sao-paulo-coloca-em-operacao-primeiros-geradores-de-energia-eolica-do-estado\\\/\"},\"author\":{\"name\":\"Canal Dana\",\"@id\":\"https:\\\/\\\/dana.com.br\\\/canaldana\\\/#\\\/schema\\\/person\\\/3c21f22f56fcf3bc46b94bc60ea4fef6\"},\"headline\":\"S\u00e3o Paulo coloca em opera\u00e7\u00e3o primeiros geradores de energia e\u00f3lica do estado\",\"datePublished\":\"2017-06-12T12:24:56+00:00\",\"mainEntityOfPage\":{\"@id\":\"https:\\\/\\\/dana.com.br\\\/canaldana\\\/2017\\\/06\\\/12\\\/sao-paulo-coloca-em-operacao-primeiros-geradores-de-energia-eolica-do-estado\\\/\"},\"wordCount\":319,\"articleSection\":[\"Meio Ambiente\"],\"inLanguage\":\"pt-BR\"},{\"@type\":\"WebPage\",\"@id\":\"https:\\\/\\\/dana.com.br\\\/canaldana\\\/2017\\\/06\\\/12\\\/sao-paulo-coloca-em-operacao-primeiros-geradores-de-energia-eolica-do-estado\\\/\",\"url\":\"https:\\\/\\\/dana.com.br\\\/canaldana\\\/2017\\\/06\\\/12\\\/sao-paulo-coloca-em-operacao-primeiros-geradores-de-energia-eolica-do-estado\\\/\",\"name\":\"S\u00e3o Paulo coloca em opera\u00e7\u00e3o primeiros geradores de energia e\u00f3lica do estado - Canal Dana\",\"isPartOf\":{\"@id\":\"https:\\\/\\\/dana.com.br\\\/canaldana\\\/#website\"},\"datePublished\":\"2017-06-12T12:24:56+00:00\",\"author\":{\"@id\":\"https:\\\/\\\/dana.com.br\\\/canaldana\\\/#\\\/schema\\\/person\\\/3c21f22f56fcf3bc46b94bc60ea4fef6\"},\"breadcrumb\":{\"@id\":\"https:\\\/\\\/dana.com.br\\\/canaldana\\\/2017\\\/06\\\/12\\\/sao-paulo-coloca-em-operacao-primeiros-geradores-de-energia-eolica-do-estado\\\/#breadcrumb\"},\"inLanguage\":\"pt-BR\",\"potentialAction\":[{\"@type\":\"ReadAction\",\"target\":[\"https:\\\/\\\/dana.com.br\\\/canaldana\\\/2017\\\/06\\\/12\\\/sao-paulo-coloca-em-operacao-primeiros-geradores-de-energia-eolica-do-estado\\\/\"]}]},{\"@type\":\"BreadcrumbList\",\"@id\":\"https:\\\/\\\/dana.com.br\\\/canaldana\\\/2017\\\/06\\\/12\\\/sao-paulo-coloca-em-operacao-primeiros-geradores-de-energia-eolica-do-estado\\\/#breadcrumb\",\"itemListElement\":[{\"@type\":\"ListItem\",\"position\":1,\"name\":\"Home\",\"item\":\"https:\\\/\\\/dana.com.br\\\/canaldana\\\/\"},{\"@type\":\"ListItem\",\"position\":2,\"name\":\"Meio Ambiente\",\"item\":\"https:\\\/\\\/dana.com.br\\\/canaldana\\\/meio-ambiente\\\/\"},{\"@type\":\"ListItem\",\"position\":3,\"name\":\"S\u00e3o Paulo coloca em opera\u00e7\u00e3o primeiros geradores de energia e\u00f3lica do estado\"}]},{\"@type\":\"WebSite\",\"@id\":\"https:\\\/\\\/dana.com.br\\\/canaldana\\\/#website\",\"url\":\"https:\\\/\\\/dana.com.br\\\/canaldana\\\/\",\"name\":\"Canal Dana\",\"description\":\"Informativo com as principais not\u00edcias da ind\u00fastria automotiva\",\"potentialAction\":[{\"@type\":\"SearchAction\",\"target\":{\"@type\":\"EntryPoint\",\"urlTemplate\":\"https:\\\/\\\/dana.com.br\\\/canaldana\\\/?s={search_term_string}\"},\"query-input\":{\"@type\":\"PropertyValueSpecification\",\"valueRequired\":true,\"valueName\":\"search_term_string\"}}],\"inLanguage\":\"pt-BR\"},{\"@type\":\"Person\",\"@id\":\"https:\\\/\\\/dana.com.br\\\/canaldana\\\/#\\\/schema\\\/person\\\/3c21f22f56fcf3bc46b94bc60ea4fef6\",\"name\":\"Canal Dana\",\"image\":{\"@type\":\"ImageObject\",\"inLanguage\":\"pt-BR\",\"@id\":\"https:\\\/\\\/secure.gravatar.com\\\/avatar\\\/420aaf9278582877d9018637c6817617705899d2858d7572ef0fe59a6b6454b4?s=96&d=mm&r=g\",\"url\":\"https:\\\/\\\/secure.gravatar.com\\\/avatar\\\/420aaf9278582877d9018637c6817617705899d2858d7572ef0fe59a6b6454b4?s=96&d=mm&r=g\",\"contentUrl\":\"https:\\\/\\\/secure.gravatar.com\\\/avatar\\\/420aaf9278582877d9018637c6817617705899d2858d7572ef0fe59a6b6454b4?s=96&d=mm&r=g\",\"caption\":\"Canal Dana\"},\"url\":\"https:\\\/\\\/dana.com.br\\\/canaldana\\\/author\\\/cdeditor\\\/\"}]}<\/script>\n<!-- \/ Yoast SEO plugin. -->","yoast_head_json":{"title":"S\u00e3o Paulo coloca em opera\u00e7\u00e3o primeiros geradores de energia e\u00f3lica do estado - Canal Dana","robots":{"index":"index","follow":"follow","max-snippet":"max-snippet:-1","max-image-preview":"max-image-preview:large","max-video-preview":"max-video-preview:-1"},"canonical":"https:\/\/dana.com.br\/canaldana\/2017\/06\/12\/sao-paulo-coloca-em-operacao-primeiros-geradores-de-energia-eolica-do-estado\/","og_locale":"pt_BR","og_type":"article","og_title":"S\u00e3o Paulo coloca em opera\u00e7\u00e3o primeiros geradores de energia e\u00f3lica do estado - Canal Dana","og_description":"Ag\u00eancia Brasil \u00a0 Os dois primeiros geradores de energia e\u00f3lica do estado de S\u00e3o Paulo foram colocados em opera\u00e7\u00e3o hoje (9) no munic\u00edpio de Rosana (SP), regi\u00e3o de Presidente Prudente (distante 58 quil\u00f4metros da capital paulista). Eles est\u00e3o instalados dentro da \u00e1rea pertencente a Usina Engenheiro S\u00e9rgio Motta, conhecida tamb\u00e9m como Porto Primavera. \u00a0 Em\u2026 Leia mais \u00bb","og_url":"https:\/\/dana.com.br\/canaldana\/2017\/06\/12\/sao-paulo-coloca-em-operacao-primeiros-geradores-de-energia-eolica-do-estado\/","og_site_name":"Canal Dana","article_published_time":"2017-06-12T12:24:56+00:00","author":"Canal Dana","twitter_card":"summary_large_image","twitter_misc":{"Escrito por":"Canal Dana","Est. tempo de leitura":"2 minutos"},"schema":{"@context":"https:\/\/schema.org","@graph":[{"@type":"Article","@id":"https:\/\/dana.com.br\/canaldana\/2017\/06\/12\/sao-paulo-coloca-em-operacao-primeiros-geradores-de-energia-eolica-do-estado\/#article","isPartOf":{"@id":"https:\/\/dana.com.br\/canaldana\/2017\/06\/12\/sao-paulo-coloca-em-operacao-primeiros-geradores-de-energia-eolica-do-estado\/"},"author":{"name":"Canal Dana","@id":"https:\/\/dana.com.br\/canaldana\/#\/schema\/person\/3c21f22f56fcf3bc46b94bc60ea4fef6"},"headline":"S\u00e3o Paulo coloca em opera\u00e7\u00e3o primeiros geradores de energia e\u00f3lica do estado","datePublished":"2017-06-12T12:24:56+00:00","mainEntityOfPage":{"@id":"https:\/\/dana.com.br\/canaldana\/2017\/06\/12\/sao-paulo-coloca-em-operacao-primeiros-geradores-de-energia-eolica-do-estado\/"},"wordCount":319,"articleSection":["Meio Ambiente"],"inLanguage":"pt-BR"},{"@type":"WebPage","@id":"https:\/\/dana.com.br\/canaldana\/2017\/06\/12\/sao-paulo-coloca-em-operacao-primeiros-geradores-de-energia-eolica-do-estado\/","url":"https:\/\/dana.com.br\/canaldana\/2017\/06\/12\/sao-paulo-coloca-em-operacao-primeiros-geradores-de-energia-eolica-do-estado\/","name":"S\u00e3o Paulo coloca em opera\u00e7\u00e3o primeiros geradores de energia e\u00f3lica do estado - Canal Dana","isPartOf":{"@id":"https:\/\/dana.com.br\/canaldana\/#website"},"datePublished":"2017-06-12T12:24:56+00:00","author":{"@id":"https:\/\/dana.com.br\/canaldana\/#\/schema\/person\/3c21f22f56fcf3bc46b94bc60ea4fef6"},"breadcrumb":{"@id":"https:\/\/dana.com.br\/canaldana\/2017\/06\/12\/sao-paulo-coloca-em-operacao-primeiros-geradores-de-energia-eolica-do-estado\/#breadcrumb"},"inLanguage":"pt-BR","potentialAction":[{"@type":"ReadAction","target":["https:\/\/dana.com.br\/canaldana\/2017\/06\/12\/sao-paulo-coloca-em-operacao-primeiros-geradores-de-energia-eolica-do-estado\/"]}]},{"@type":"BreadcrumbList","@id":"https:\/\/dana.com.br\/canaldana\/2017\/06\/12\/sao-paulo-coloca-em-operacao-primeiros-geradores-de-energia-eolica-do-estado\/#breadcrumb","itemListElement":[{"@type":"ListItem","position":1,"name":"Home","item":"https:\/\/dana.com.br\/canaldana\/"},{"@type":"ListItem","position":2,"name":"Meio Ambiente","item":"https:\/\/dana.com.br\/canaldana\/meio-ambiente\/"},{"@type":"ListItem","position":3,"name":"S\u00e3o Paulo coloca em opera\u00e7\u00e3o primeiros geradores de energia e\u00f3lica do estado"}]},{"@type":"WebSite","@id":"https:\/\/dana.com.br\/canaldana\/#website","url":"https:\/\/dana.com.br\/canaldana\/","name":"Canal Dana","description":"Informativo com as principais not\u00edcias da ind\u00fastria automotiva","potentialAction":[{"@type":"SearchAction","target":{"@type":"EntryPoint","urlTemplate":"https:\/\/dana.com.br\/canaldana\/?s={search_term_string}"},"query-input":{"@type":"PropertyValueSpecification","valueRequired":true,"valueName":"search_term_string"}}],"inLanguage":"pt-BR"},{"@type":"Person","@id":"https:\/\/dana.com.br\/canaldana\/#\/schema\/person\/3c21f22f56fcf3bc46b94bc60ea4fef6","name":"Canal Dana","image":{"@type":"ImageObject","inLanguage":"pt-BR","@id":"https:\/\/secure.gravatar.com\/avatar\/420aaf9278582877d9018637c6817617705899d2858d7572ef0fe59a6b6454b4?s=96&d=mm&r=g","url":"https:\/\/secure.gravatar.com\/avatar\/420aaf9278582877d9018637c6817617705899d2858d7572ef0fe59a6b6454b4?s=96&d=mm&r=g","contentUrl":"https:\/\/secure.gravatar.com\/avatar\/420aaf9278582877d9018637c6817617705899d2858d7572ef0fe59a6b6454b4?s=96&d=mm&r=g","caption":"Canal Dana"},"url":"https:\/\/dana.com.br\/canaldana\/author\/cdeditor\/"}]}},"_links":{"self":[{"href":"https:\/\/dana.com.br\/canaldana\/wp-json\/wp\/v2\/posts\/17492","targetHints":{"allow":["GET"]}}],"collection":[{"href":"https:\/\/dana.com.br\/canaldana\/wp-json\/wp\/v2\/posts"}],"about":[{"href":"https:\/\/dana.com.br\/canaldana\/wp-json\/wp\/v2\/types\/post"}],"author":[{"embeddable":true,"href":"https:\/\/dana.com.br\/canaldana\/wp-json\/wp\/v2\/users\/3"}],"replies":[{"embeddable":true,"href":"https:\/\/dana.com.br\/canaldana\/wp-json\/wp\/v2\/comments?post=17492"}],"version-history":[{"count":0,"href":"https:\/\/dana.com.br\/canaldana\/wp-json\/wp\/v2\/posts\/17492\/revisions"}],"wp:attachment":[{"href":"https:\/\/dana.com.br\/canaldana\/wp-json\/wp\/v2\/media?parent=17492"}],"wp:term":[{"taxonomy":"category","embeddable":true,"href":"https:\/\/dana.com.br\/canaldana\/wp-json\/wp\/v2\/categories?post=17492"},{"taxonomy":"post_tag","embeddable":true,"href":"https:\/\/dana.com.br\/canaldana\/wp-json\/wp\/v2\/tags?post=17492"}],"curies":[{"name":"wp","href":"https:\/\/api.w.org\/{rel}","templated":true}]}}