{"id":17242,"date":"2017-05-31T08:46:23","date_gmt":"2017-05-31T11:46:23","guid":{"rendered":"http:\/\/dana.com.br\/canaldana\/?p=17242"},"modified":"2017-05-31T08:46:23","modified_gmt":"2017-05-31T11:46:23","slug":"metra-comemora-20-anos-de-atividades-como-operadora-modelo-de-transportes-no-brasil","status":"publish","type":"post","link":"https:\/\/dana.com.br\/canaldana\/2017\/05\/31\/metra-comemora-20-anos-de-atividades-como-operadora-modelo-de-transportes-no-brasil\/","title":{"rendered":"Metra comemora 20 anos de atividades como operadora-modelo de transportes no brasil"},"content":{"rendered":"<p><em>Maxpress Net<\/em><\/p>\n<p>&nbsp;<\/p>\n<p>A Metra Transportes completou, em maio, 20 anos de atividades. A operadora do Corredor ABD, em S\u00e3o Paulo, \u00e9 respons\u00e1vel por um dos mais avan\u00e7ados servi\u00e7os de transporte de passageiros e reconhecida mundialmente, pelo padr\u00e3o de qualidade, investimentos em sustentabilidade e nas mais avan\u00e7adas tecnologias.<\/p>\n<p>&nbsp;<\/p>\n<p>No dia 24 de maio de 1997, a Metra come\u00e7ou a operar o sistema e foi a primeira concess\u00e3o de transportes no Estado de S\u00e3o Paulo. Hoje est\u00e3o em opera\u00e7\u00e3o aproximadamente 260 ve\u00edculos, entre \u00f4nibus a diesel, h\u00edbridos, el\u00e9tricos com bateria e os tr\u00f3lebus, e a concession\u00e1ria possui um quadro de aproximadamente 1.700 funcion\u00e1rios.<\/p>\n<p>&nbsp;<\/p>\n<p>Os servi\u00e7os da Metra no Corredor ABD s\u00e3o os mais bem avaliados em toda a regi\u00e3o metropolitana de S\u00e3o Paulo com 85% de avalia\u00e7\u00f5es positivas. Diariamente, o corredor atende mais de 300 mil passageiros, tem velocidade m\u00e9dia operacional de 21 km \/h e intervalo m\u00e9dio das partidas nos dias da semana de tr\u00eas minutos.<\/p>\n<p>&nbsp;<\/p>\n<p>Para atender a todas as necessidades dos clientes e passageiros, a Metra investe continuamente em melhorias operacionais, frota, gest\u00e3o, forma\u00e7\u00e3o profissional e ainda em preserva\u00e7\u00e3o ambiental. O respeito ao meio ambiente \u00e9 um de seus principais direcionadores. Para isso, al\u00e9m do investimento na renova\u00e7\u00e3o, moderniza\u00e7\u00e3o e aquisi\u00e7\u00e3o de ve\u00edculos com emiss\u00e3o ZERO de CO\u00b2, tamb\u00e9m mantem o Corredor ABD totalmente arborizado, com \u00e1rvores como o manac\u00e1 da serra, que s\u00e3o reconhecidas por sequestrar o g\u00e1s carb\u00f4nico da atmosfera.<\/p>\n<p>&nbsp;<\/p>\n<p>Esse foco da empresa na preserva\u00e7\u00e3o ambiental motivou a cria\u00e7\u00e3o de programas e a\u00e7\u00f5es para a conscientiza\u00e7\u00e3o da sociedade e que motivou os pr\u00f3prios colaboradores a atuar na manuten\u00e7\u00e3o e embelezamento dos corredores, com o plantio de \u00e1rvores ao longo dos 33 quil\u00f4metros do corredor ABD. Com esse projeto, de 2008 at\u00e9 hoje, os colaboradores volunt\u00e1rios j\u00e1 plantaram mais de 10.000 \u00e1rvores, que neutralizam a emiss\u00e3o de CO\u00b2 lan\u00e7ado na atmosfera pelos \u00f4nibus e outros ve\u00edculos.<\/p>\n<p>&nbsp;<\/p>\n<p>A consci\u00eancia ambiental e na escassez dos recursos h\u00eddricos fez com que a Metra, tamb\u00e9m desde 2008, percebesse a necessidade de criar a\u00e7\u00f5es visando \u00e0 conserva\u00e7\u00e3o desse recurso natural. Foi quando surgiu o projeto de reciclagem da \u00e1gua utilizada pela empresa, por interm\u00e9dio do sistema de reuso. A sua ado\u00e7\u00e3o permite que sejam economizados 10 milh\u00f5es de litros de \u00e1gua utilizados na lavagem da frota de ve\u00edculos, depend\u00eancias da empresa, terminais e \u00e1reas dos corredores.<\/p>\n<p>&nbsp;<\/p>\n<p>Para conhecer mais sobre a Metra, seus projetos e programas, curta a p\u00e1gina da empresa no Facebook (<a href=\"http:\/\/facebook.com\/metratransportes\" target=\"_blank\">http:\/\/facebook.com\/metratransportes<\/a>) ou visite a webpage (<a href=\"http:\/\/www.metra.com.br\" target=\"_blank\">http:\/\/www.metra.com.br<\/a>). (Maxpress Net)<\/p>\n","protected":false},"excerpt":{"rendered":"<p>Maxpress Net &nbsp; A Metra Transportes completou, em maio, 20 anos de atividades. A operadora do Corredor ABD, em S\u00e3o Paulo, \u00e9 respons\u00e1vel por um dos mais avan\u00e7ados servi\u00e7os de transporte de passageiros e reconhecida mundialmente, pelo padr\u00e3o de qualidade, investimentos em sustentabilidade e nas mais avan\u00e7adas tecnologias. &nbsp; No dia 24 de maio de\u2026 <a class=\"readmore\" href=\"https:\/\/dana.com.br\/canaldana\/2017\/05\/31\/metra-comemora-20-anos-de-atividades-como-operadora-modelo-de-transportes-no-brasil\/\">Leia mais \u00bb<\/a><\/p>\n","protected":false},"author":3,"featured_media":0,"comment_status":"closed","ping_status":"closed","sticky":false,"template":"","format":"standard","meta":{"_acf_changed":false,"footnotes":""},"categories":[79],"tags":[],"class_list":["post-17242","post","type-post","status-publish","format-standard","hentry","category-mercado"],"acf":[],"yoast_head":"<!-- This site is optimized with the Yoast SEO plugin v27.5 - https:\/\/yoast.com\/product\/yoast-seo-wordpress\/ -->\n<title>Metra comemora 20 anos de atividades como operadora-modelo de transportes no brasil - Canal Dana<\/title>\n<meta name=\"robots\" content=\"index, follow, max-snippet:-1, max-image-preview:large, max-video-preview:-1\" \/>\n<link rel=\"canonical\" href=\"https:\/\/dana.com.br\/canaldana\/2017\/05\/31\/metra-comemora-20-anos-de-atividades-como-operadora-modelo-de-transportes-no-brasil\/\" \/>\n<meta property=\"og:locale\" content=\"pt_BR\" \/>\n<meta property=\"og:type\" content=\"article\" \/>\n<meta property=\"og:title\" content=\"Metra comemora 20 anos de atividades como operadora-modelo de transportes no brasil - Canal Dana\" \/>\n<meta property=\"og:description\" content=\"Maxpress Net &nbsp; A Metra Transportes completou, em maio, 20 anos de atividades. A operadora do Corredor ABD, em S\u00e3o Paulo, \u00e9 respons\u00e1vel por um dos mais avan\u00e7ados servi\u00e7os de transporte de passageiros e reconhecida mundialmente, pelo padr\u00e3o de qualidade, investimentos em sustentabilidade e nas mais avan\u00e7adas tecnologias. &nbsp; No dia 24 de maio de\u2026 Leia mais \u00bb\" \/>\n<meta property=\"og:url\" content=\"https:\/\/dana.com.br\/canaldana\/2017\/05\/31\/metra-comemora-20-anos-de-atividades-como-operadora-modelo-de-transportes-no-brasil\/\" \/>\n<meta property=\"og:site_name\" content=\"Canal Dana\" \/>\n<meta property=\"article:published_time\" content=\"2017-05-31T11:46:23+00:00\" \/>\n<meta name=\"author\" content=\"Canal Dana\" \/>\n<meta name=\"twitter:card\" content=\"summary_large_image\" \/>\n<meta name=\"twitter:label1\" content=\"Escrito por\" \/>\n\t<meta name=\"twitter:data1\" content=\"Canal Dana\" \/>\n\t<meta name=\"twitter:label2\" content=\"Est. tempo de leitura\" \/>\n\t<meta name=\"twitter:data2\" content=\"2 minutos\" \/>\n<script type=\"application\/ld+json\" class=\"yoast-schema-graph\">{\"@context\":\"https:\\\/\\\/schema.org\",\"@graph\":[{\"@type\":\"Article\",\"@id\":\"https:\\\/\\\/dana.com.br\\\/canaldana\\\/2017\\\/05\\\/31\\\/metra-comemora-20-anos-de-atividades-como-operadora-modelo-de-transportes-no-brasil\\\/#article\",\"isPartOf\":{\"@id\":\"https:\\\/\\\/dana.com.br\\\/canaldana\\\/2017\\\/05\\\/31\\\/metra-comemora-20-anos-de-atividades-como-operadora-modelo-de-transportes-no-brasil\\\/\"},\"author\":{\"name\":\"Canal Dana\",\"@id\":\"https:\\\/\\\/dana.com.br\\\/canaldana\\\/#\\\/schema\\\/person\\\/3c21f22f56fcf3bc46b94bc60ea4fef6\"},\"headline\":\"Metra comemora 20 anos de atividades como operadora-modelo de transportes no brasil\",\"datePublished\":\"2017-05-31T11:46:23+00:00\",\"mainEntityOfPage\":{\"@id\":\"https:\\\/\\\/dana.com.br\\\/canaldana\\\/2017\\\/05\\\/31\\\/metra-comemora-20-anos-de-atividades-como-operadora-modelo-de-transportes-no-brasil\\\/\"},\"wordCount\":478,\"articleSection\":[\"Mercado\"],\"inLanguage\":\"pt-BR\"},{\"@type\":\"WebPage\",\"@id\":\"https:\\\/\\\/dana.com.br\\\/canaldana\\\/2017\\\/05\\\/31\\\/metra-comemora-20-anos-de-atividades-como-operadora-modelo-de-transportes-no-brasil\\\/\",\"url\":\"https:\\\/\\\/dana.com.br\\\/canaldana\\\/2017\\\/05\\\/31\\\/metra-comemora-20-anos-de-atividades-como-operadora-modelo-de-transportes-no-brasil\\\/\",\"name\":\"Metra comemora 20 anos de atividades como operadora-modelo de transportes no brasil - Canal Dana\",\"isPartOf\":{\"@id\":\"https:\\\/\\\/dana.com.br\\\/canaldana\\\/#website\"},\"datePublished\":\"2017-05-31T11:46:23+00:00\",\"author\":{\"@id\":\"https:\\\/\\\/dana.com.br\\\/canaldana\\\/#\\\/schema\\\/person\\\/3c21f22f56fcf3bc46b94bc60ea4fef6\"},\"breadcrumb\":{\"@id\":\"https:\\\/\\\/dana.com.br\\\/canaldana\\\/2017\\\/05\\\/31\\\/metra-comemora-20-anos-de-atividades-como-operadora-modelo-de-transportes-no-brasil\\\/#breadcrumb\"},\"inLanguage\":\"pt-BR\",\"potentialAction\":[{\"@type\":\"ReadAction\",\"target\":[\"https:\\\/\\\/dana.com.br\\\/canaldana\\\/2017\\\/05\\\/31\\\/metra-comemora-20-anos-de-atividades-como-operadora-modelo-de-transportes-no-brasil\\\/\"]}]},{\"@type\":\"BreadcrumbList\",\"@id\":\"https:\\\/\\\/dana.com.br\\\/canaldana\\\/2017\\\/05\\\/31\\\/metra-comemora-20-anos-de-atividades-como-operadora-modelo-de-transportes-no-brasil\\\/#breadcrumb\",\"itemListElement\":[{\"@type\":\"ListItem\",\"position\":1,\"name\":\"Home\",\"item\":\"https:\\\/\\\/dana.com.br\\\/canaldana\\\/\"},{\"@type\":\"ListItem\",\"position\":2,\"name\":\"Mercado\",\"item\":\"https:\\\/\\\/dana.com.br\\\/canaldana\\\/mercado\\\/\"},{\"@type\":\"ListItem\",\"position\":3,\"name\":\"Metra comemora 20 anos de atividades como operadora-modelo de transportes no brasil\"}]},{\"@type\":\"WebSite\",\"@id\":\"https:\\\/\\\/dana.com.br\\\/canaldana\\\/#website\",\"url\":\"https:\\\/\\\/dana.com.br\\\/canaldana\\\/\",\"name\":\"Canal Dana\",\"description\":\"Informativo com as principais not\u00edcias da ind\u00fastria automotiva\",\"potentialAction\":[{\"@type\":\"SearchAction\",\"target\":{\"@type\":\"EntryPoint\",\"urlTemplate\":\"https:\\\/\\\/dana.com.br\\\/canaldana\\\/?s={search_term_string}\"},\"query-input\":{\"@type\":\"PropertyValueSpecification\",\"valueRequired\":true,\"valueName\":\"search_term_string\"}}],\"inLanguage\":\"pt-BR\"},{\"@type\":\"Person\",\"@id\":\"https:\\\/\\\/dana.com.br\\\/canaldana\\\/#\\\/schema\\\/person\\\/3c21f22f56fcf3bc46b94bc60ea4fef6\",\"name\":\"Canal Dana\",\"image\":{\"@type\":\"ImageObject\",\"inLanguage\":\"pt-BR\",\"@id\":\"https:\\\/\\\/secure.gravatar.com\\\/avatar\\\/420aaf9278582877d9018637c6817617705899d2858d7572ef0fe59a6b6454b4?s=96&d=mm&r=g\",\"url\":\"https:\\\/\\\/secure.gravatar.com\\\/avatar\\\/420aaf9278582877d9018637c6817617705899d2858d7572ef0fe59a6b6454b4?s=96&d=mm&r=g\",\"contentUrl\":\"https:\\\/\\\/secure.gravatar.com\\\/avatar\\\/420aaf9278582877d9018637c6817617705899d2858d7572ef0fe59a6b6454b4?s=96&d=mm&r=g\",\"caption\":\"Canal Dana\"},\"url\":\"https:\\\/\\\/dana.com.br\\\/canaldana\\\/author\\\/cdeditor\\\/\"}]}<\/script>\n<!-- \/ Yoast SEO plugin. -->","yoast_head_json":{"title":"Metra comemora 20 anos de atividades como operadora-modelo de transportes no brasil - Canal Dana","robots":{"index":"index","follow":"follow","max-snippet":"max-snippet:-1","max-image-preview":"max-image-preview:large","max-video-preview":"max-video-preview:-1"},"canonical":"https:\/\/dana.com.br\/canaldana\/2017\/05\/31\/metra-comemora-20-anos-de-atividades-como-operadora-modelo-de-transportes-no-brasil\/","og_locale":"pt_BR","og_type":"article","og_title":"Metra comemora 20 anos de atividades como operadora-modelo de transportes no brasil - Canal Dana","og_description":"Maxpress Net &nbsp; A Metra Transportes completou, em maio, 20 anos de atividades. A operadora do Corredor ABD, em S\u00e3o Paulo, \u00e9 respons\u00e1vel por um dos mais avan\u00e7ados servi\u00e7os de transporte de passageiros e reconhecida mundialmente, pelo padr\u00e3o de qualidade, investimentos em sustentabilidade e nas mais avan\u00e7adas tecnologias. &nbsp; No dia 24 de maio de\u2026 Leia mais \u00bb","og_url":"https:\/\/dana.com.br\/canaldana\/2017\/05\/31\/metra-comemora-20-anos-de-atividades-como-operadora-modelo-de-transportes-no-brasil\/","og_site_name":"Canal Dana","article_published_time":"2017-05-31T11:46:23+00:00","author":"Canal Dana","twitter_card":"summary_large_image","twitter_misc":{"Escrito por":"Canal Dana","Est. tempo de leitura":"2 minutos"},"schema":{"@context":"https:\/\/schema.org","@graph":[{"@type":"Article","@id":"https:\/\/dana.com.br\/canaldana\/2017\/05\/31\/metra-comemora-20-anos-de-atividades-como-operadora-modelo-de-transportes-no-brasil\/#article","isPartOf":{"@id":"https:\/\/dana.com.br\/canaldana\/2017\/05\/31\/metra-comemora-20-anos-de-atividades-como-operadora-modelo-de-transportes-no-brasil\/"},"author":{"name":"Canal Dana","@id":"https:\/\/dana.com.br\/canaldana\/#\/schema\/person\/3c21f22f56fcf3bc46b94bc60ea4fef6"},"headline":"Metra comemora 20 anos de atividades como operadora-modelo de transportes no brasil","datePublished":"2017-05-31T11:46:23+00:00","mainEntityOfPage":{"@id":"https:\/\/dana.com.br\/canaldana\/2017\/05\/31\/metra-comemora-20-anos-de-atividades-como-operadora-modelo-de-transportes-no-brasil\/"},"wordCount":478,"articleSection":["Mercado"],"inLanguage":"pt-BR"},{"@type":"WebPage","@id":"https:\/\/dana.com.br\/canaldana\/2017\/05\/31\/metra-comemora-20-anos-de-atividades-como-operadora-modelo-de-transportes-no-brasil\/","url":"https:\/\/dana.com.br\/canaldana\/2017\/05\/31\/metra-comemora-20-anos-de-atividades-como-operadora-modelo-de-transportes-no-brasil\/","name":"Metra comemora 20 anos de atividades como operadora-modelo de transportes no brasil - Canal Dana","isPartOf":{"@id":"https:\/\/dana.com.br\/canaldana\/#website"},"datePublished":"2017-05-31T11:46:23+00:00","author":{"@id":"https:\/\/dana.com.br\/canaldana\/#\/schema\/person\/3c21f22f56fcf3bc46b94bc60ea4fef6"},"breadcrumb":{"@id":"https:\/\/dana.com.br\/canaldana\/2017\/05\/31\/metra-comemora-20-anos-de-atividades-como-operadora-modelo-de-transportes-no-brasil\/#breadcrumb"},"inLanguage":"pt-BR","potentialAction":[{"@type":"ReadAction","target":["https:\/\/dana.com.br\/canaldana\/2017\/05\/31\/metra-comemora-20-anos-de-atividades-como-operadora-modelo-de-transportes-no-brasil\/"]}]},{"@type":"BreadcrumbList","@id":"https:\/\/dana.com.br\/canaldana\/2017\/05\/31\/metra-comemora-20-anos-de-atividades-como-operadora-modelo-de-transportes-no-brasil\/#breadcrumb","itemListElement":[{"@type":"ListItem","position":1,"name":"Home","item":"https:\/\/dana.com.br\/canaldana\/"},{"@type":"ListItem","position":2,"name":"Mercado","item":"https:\/\/dana.com.br\/canaldana\/mercado\/"},{"@type":"ListItem","position":3,"name":"Metra comemora 20 anos de atividades como operadora-modelo de transportes no brasil"}]},{"@type":"WebSite","@id":"https:\/\/dana.com.br\/canaldana\/#website","url":"https:\/\/dana.com.br\/canaldana\/","name":"Canal Dana","description":"Informativo com as principais not\u00edcias da ind\u00fastria automotiva","potentialAction":[{"@type":"SearchAction","target":{"@type":"EntryPoint","urlTemplate":"https:\/\/dana.com.br\/canaldana\/?s={search_term_string}"},"query-input":{"@type":"PropertyValueSpecification","valueRequired":true,"valueName":"search_term_string"}}],"inLanguage":"pt-BR"},{"@type":"Person","@id":"https:\/\/dana.com.br\/canaldana\/#\/schema\/person\/3c21f22f56fcf3bc46b94bc60ea4fef6","name":"Canal Dana","image":{"@type":"ImageObject","inLanguage":"pt-BR","@id":"https:\/\/secure.gravatar.com\/avatar\/420aaf9278582877d9018637c6817617705899d2858d7572ef0fe59a6b6454b4?s=96&d=mm&r=g","url":"https:\/\/secure.gravatar.com\/avatar\/420aaf9278582877d9018637c6817617705899d2858d7572ef0fe59a6b6454b4?s=96&d=mm&r=g","contentUrl":"https:\/\/secure.gravatar.com\/avatar\/420aaf9278582877d9018637c6817617705899d2858d7572ef0fe59a6b6454b4?s=96&d=mm&r=g","caption":"Canal Dana"},"url":"https:\/\/dana.com.br\/canaldana\/author\/cdeditor\/"}]}},"_links":{"self":[{"href":"https:\/\/dana.com.br\/canaldana\/wp-json\/wp\/v2\/posts\/17242","targetHints":{"allow":["GET"]}}],"collection":[{"href":"https:\/\/dana.com.br\/canaldana\/wp-json\/wp\/v2\/posts"}],"about":[{"href":"https:\/\/dana.com.br\/canaldana\/wp-json\/wp\/v2\/types\/post"}],"author":[{"embeddable":true,"href":"https:\/\/dana.com.br\/canaldana\/wp-json\/wp\/v2\/users\/3"}],"replies":[{"embeddable":true,"href":"https:\/\/dana.com.br\/canaldana\/wp-json\/wp\/v2\/comments?post=17242"}],"version-history":[{"count":0,"href":"https:\/\/dana.com.br\/canaldana\/wp-json\/wp\/v2\/posts\/17242\/revisions"}],"wp:attachment":[{"href":"https:\/\/dana.com.br\/canaldana\/wp-json\/wp\/v2\/media?parent=17242"}],"wp:term":[{"taxonomy":"category","embeddable":true,"href":"https:\/\/dana.com.br\/canaldana\/wp-json\/wp\/v2\/categories?post=17242"},{"taxonomy":"post_tag","embeddable":true,"href":"https:\/\/dana.com.br\/canaldana\/wp-json\/wp\/v2\/tags?post=17242"}],"curies":[{"name":"wp","href":"https:\/\/api.w.org\/{rel}","templated":true}]}}