{"id":17190,"date":"2017-05-29T09:01:50","date_gmt":"2017-05-29T12:01:50","guid":{"rendered":"http:\/\/dana.com.br\/canaldana\/?p=17190"},"modified":"2017-05-29T09:01:50","modified_gmt":"2017-05-29T12:01:50","slug":"vendas-de-carros-apresentam-primeira-alta-anual","status":"publish","type":"post","link":"https:\/\/dana.com.br\/canaldana\/2017\/05\/29\/vendas-de-carros-apresentam-primeira-alta-anual\/","title":{"rendered":"Vendas de carros apresentam primeira alta anual"},"content":{"rendered":"<p><em>O Estado de S. Paulo<\/em><\/p>\n<p>&nbsp;<\/p>\n<p>Pela primeira vez em mais de tr\u00eas anos as vendas acumuladas de ve\u00edculos no ano devem ser levemente positivas na compara\u00e7\u00e3o com o ano anterior. Dados preliminares mostram que at\u00e9 sexta-feira, 26, foram emplacados quase 790 mil ve\u00edculos, pouco acima dos 784 mil registrados em igual intervalo de 2016. Se a m\u00e9dia di\u00e1ria de vendas se manter at\u00e9 o fim do m\u00eas, como espera a Associa\u00e7\u00e3o Nacional dos Fabricantes de Ve\u00edculos Automotores (Anfavea), as vendas nos cinco meses v\u00e3o superar, ainda que timidamente, o resultado de 2016.<\/p>\n<p>&nbsp;<\/p>\n<p>&#8220;Tivemos na \u00faltima sexta-feira, 26\/5, a virada para n\u00fameros positivos&#8221;, informou o presidente da Associa\u00e7\u00e3o Nacional dos Fabricantes de Ve\u00edculos Automotores (Anfavea), Antonio Megale. Ele receia, contudo, que a crise pol\u00edtica possa reverter os dados positivos. &#8220;Caso se prolongue, pode levar de novo \u00e0 queda do n\u00edvel de confian\u00e7a de consumidores e investidores&#8221;, diz.<\/p>\n<p>&nbsp;<\/p>\n<p>Nos dois primeiros dias logo ap\u00f3s a divulga\u00e7\u00e3o das den\u00fancias, o mercado retraiu, mas depois voltou a crescer, disse Megale. At\u00e9 sexta-feira, 26, foram vendidos pouco mais de 152 mil ve\u00edculos, cerca de 23% acima dos resultados de abril (que teve menos dias \u00fateis) e quase 9% melhor que o mesmo m\u00eas de 2016.<\/p>\n<p>&nbsp;<\/p>\n<p>No acumulado do ano, autom\u00f3veis e comerciais leves j\u00e1 apresentam alta nas vendas na compara\u00e7\u00e3o anual, de 0,3%, mas caminh\u00f5es e \u00f4nibus &#8211; que representam 25% das vendas totais &#8211; seguem com queda elevada, de 22,3%.<\/p>\n<p>&nbsp;<\/p>\n<p><strong>Futuro<\/strong><\/p>\n<p>&nbsp;<\/p>\n<p>Megale afirmou que, apesar da crise atual, o setor segue trabalhando &#8220;como se nada estivesse acontecendo&#8221;, com representantes do governo para definir as novas diretrizes para o setor automotivo que v\u00e3o entrar em vigor em 1\u00ba de janeiro, em substitui\u00e7\u00e3o ao Inovar-Auto, que teve sua vig\u00eancia nos \u00faltimos cinco anos.<\/p>\n<p>&nbsp;<\/p>\n<p>O objetivo \u00e9 ter um esbo\u00e7o das medidas at\u00e9 o fim deste m\u00eas e, em agosto, o texto final que dever\u00e1 ser adotado por Medida Provis\u00f3ria ou decreto. Os principais\u00a0 pontos que devem constar dessa nova pol\u00edtica, segundo a Anfavea, s\u00e3o:<\/p>\n<p>&nbsp;<\/p>\n<p>&#8211; Recupera\u00e7\u00e3o da cadeia de autope\u00e7as para amplia\u00e7\u00e3o da nacionaliza\u00e7\u00e3o de componentes, por meio de linha especial de financiamento;<\/p>\n<p>&#8211; Estabelecer um cronograma para a instala\u00e7\u00e3o de itens de seguran\u00e7a nos ve\u00edculos;<\/p>\n<p>&#8211; Definir metas de continuidade da melhora da efici\u00eancia energ\u00e9tica dos ve\u00edculos, mas dessa vez sincronizadas com a redu\u00e7\u00e3o de emiss\u00f5es de poluentes;<\/p>\n<p>&#8211; Programas para estimular pesquisa e desenvolvimento para a nacionaliza\u00e7\u00e3o de novas tecnologias, como a de carros h\u00edbridos e el\u00e9tricos, mas sem esquecer os avan\u00e7os do etanol e a limita\u00e7\u00e3o do consumidor brasileiro em rela\u00e7\u00e3o a renda;<\/p>\n<p>&#8211; Plano de simplifica\u00e7\u00e3o dos impostos.<\/p>\n<p>&nbsp;<\/p>\n<p><strong>Plano mais amplo<\/strong><\/p>\n<p>&nbsp;<\/p>\n<p>Esses itens seriam a primeira parte de um programa nacional mais amplo, para todos os setores, chamado de Rota 2030. Nele, entram tamb\u00e9m a reforma tribut\u00e1ria, come\u00e7ando pela revis\u00e3o da cobran\u00e7a do IPVA, sem que isso implique em corte de impostos. Tamb\u00e9m inspe\u00e7\u00e3o veicular (em substitui\u00e7\u00e3o ao programa de renova\u00e7\u00e3o da frota) e um plano de melhora na log\u00edstica do Pa\u00eds.<\/p>\n<p>&nbsp;<\/p>\n<p>O plano visa sobre tudo a previsibilidade, que \u00e9 muito importante para os investidores, ressaltou Megale. Ele ressaltou que, mesmo que o presidente Michel Temer n\u00e3o permane\u00e7a no cargo, seria importante manter o quadro t\u00e9cnico nos minist\u00e9rios para que o assunto seja levado adiante. &#8220;O Pa\u00eds passa por um problema violento de competitividade e, se n\u00e3o enfrentar esse desafio, o dia em que a economia brasileira se abrir para o mundo, a ind\u00fastria brasileira vai sucumbir&#8221;. (O Estado de S. Paulo\/Cleide Silva)<\/p>\n","protected":false},"excerpt":{"rendered":"<p>O Estado de S. Paulo &nbsp; Pela primeira vez em mais de tr\u00eas anos as vendas acumuladas de ve\u00edculos no ano devem ser levemente positivas na compara\u00e7\u00e3o com o ano anterior. Dados preliminares mostram que at\u00e9 sexta-feira, 26, foram emplacados quase 790 mil ve\u00edculos, pouco acima dos 784 mil registrados em igual intervalo de 2016.\u2026 <a class=\"readmore\" href=\"https:\/\/dana.com.br\/canaldana\/2017\/05\/29\/vendas-de-carros-apresentam-primeira-alta-anual\/\">Leia mais \u00bb<\/a><\/p>\n","protected":false},"author":3,"featured_media":0,"comment_status":"closed","ping_status":"closed","sticky":false,"template":"","format":"standard","meta":{"_acf_changed":false,"footnotes":""},"categories":[61],"tags":[],"class_list":["post-17190","post","type-post","status-publish","format-standard","hentry","category-destaques"],"acf":[],"yoast_head":"<!-- This site is optimized with the Yoast SEO plugin v27.3 - https:\/\/yoast.com\/product\/yoast-seo-wordpress\/ -->\n<title>Vendas de carros apresentam primeira alta anual - Canal Dana<\/title>\n<meta name=\"robots\" content=\"index, follow, max-snippet:-1, max-image-preview:large, max-video-preview:-1\" \/>\n<link rel=\"canonical\" href=\"https:\/\/dana.com.br\/canaldana\/2017\/05\/29\/vendas-de-carros-apresentam-primeira-alta-anual\/\" \/>\n<meta property=\"og:locale\" content=\"pt_BR\" \/>\n<meta property=\"og:type\" content=\"article\" \/>\n<meta property=\"og:title\" content=\"Vendas de carros apresentam primeira alta anual - Canal Dana\" \/>\n<meta property=\"og:description\" content=\"O Estado de S. Paulo &nbsp; Pela primeira vez em mais de tr\u00eas anos as vendas acumuladas de ve\u00edculos no ano devem ser levemente positivas na compara\u00e7\u00e3o com o ano anterior. Dados preliminares mostram que at\u00e9 sexta-feira, 26, foram emplacados quase 790 mil ve\u00edculos, pouco acima dos 784 mil registrados em igual intervalo de 2016.\u2026 Leia mais \u00bb\" \/>\n<meta property=\"og:url\" content=\"https:\/\/dana.com.br\/canaldana\/2017\/05\/29\/vendas-de-carros-apresentam-primeira-alta-anual\/\" \/>\n<meta property=\"og:site_name\" content=\"Canal Dana\" \/>\n<meta property=\"article:published_time\" content=\"2017-05-29T12:01:50+00:00\" \/>\n<meta name=\"author\" content=\"Canal Dana\" \/>\n<meta name=\"twitter:card\" content=\"summary_large_image\" \/>\n<meta name=\"twitter:label1\" content=\"Escrito por\" \/>\n\t<meta name=\"twitter:data1\" content=\"Canal Dana\" \/>\n\t<meta name=\"twitter:label2\" content=\"Est. tempo de leitura\" \/>\n\t<meta name=\"twitter:data2\" content=\"3 minutos\" \/>\n<script type=\"application\/ld+json\" class=\"yoast-schema-graph\">{\"@context\":\"https:\\\/\\\/schema.org\",\"@graph\":[{\"@type\":\"Article\",\"@id\":\"https:\\\/\\\/dana.com.br\\\/canaldana\\\/2017\\\/05\\\/29\\\/vendas-de-carros-apresentam-primeira-alta-anual\\\/#article\",\"isPartOf\":{\"@id\":\"https:\\\/\\\/dana.com.br\\\/canaldana\\\/2017\\\/05\\\/29\\\/vendas-de-carros-apresentam-primeira-alta-anual\\\/\"},\"author\":{\"name\":\"Canal Dana\",\"@id\":\"https:\\\/\\\/dana.com.br\\\/canaldana\\\/#\\\/schema\\\/person\\\/3c21f22f56fcf3bc46b94bc60ea4fef6\"},\"headline\":\"Vendas de carros apresentam primeira alta anual\",\"datePublished\":\"2017-05-29T12:01:50+00:00\",\"mainEntityOfPage\":{\"@id\":\"https:\\\/\\\/dana.com.br\\\/canaldana\\\/2017\\\/05\\\/29\\\/vendas-de-carros-apresentam-primeira-alta-anual\\\/\"},\"wordCount\":641,\"articleSection\":[\"Destaques\"],\"inLanguage\":\"pt-BR\"},{\"@type\":\"WebPage\",\"@id\":\"https:\\\/\\\/dana.com.br\\\/canaldana\\\/2017\\\/05\\\/29\\\/vendas-de-carros-apresentam-primeira-alta-anual\\\/\",\"url\":\"https:\\\/\\\/dana.com.br\\\/canaldana\\\/2017\\\/05\\\/29\\\/vendas-de-carros-apresentam-primeira-alta-anual\\\/\",\"name\":\"Vendas de carros apresentam primeira alta anual - Canal Dana\",\"isPartOf\":{\"@id\":\"https:\\\/\\\/dana.com.br\\\/canaldana\\\/#website\"},\"datePublished\":\"2017-05-29T12:01:50+00:00\",\"author\":{\"@id\":\"https:\\\/\\\/dana.com.br\\\/canaldana\\\/#\\\/schema\\\/person\\\/3c21f22f56fcf3bc46b94bc60ea4fef6\"},\"breadcrumb\":{\"@id\":\"https:\\\/\\\/dana.com.br\\\/canaldana\\\/2017\\\/05\\\/29\\\/vendas-de-carros-apresentam-primeira-alta-anual\\\/#breadcrumb\"},\"inLanguage\":\"pt-BR\",\"potentialAction\":[{\"@type\":\"ReadAction\",\"target\":[\"https:\\\/\\\/dana.com.br\\\/canaldana\\\/2017\\\/05\\\/29\\\/vendas-de-carros-apresentam-primeira-alta-anual\\\/\"]}]},{\"@type\":\"BreadcrumbList\",\"@id\":\"https:\\\/\\\/dana.com.br\\\/canaldana\\\/2017\\\/05\\\/29\\\/vendas-de-carros-apresentam-primeira-alta-anual\\\/#breadcrumb\",\"itemListElement\":[{\"@type\":\"ListItem\",\"position\":1,\"name\":\"Home\",\"item\":\"https:\\\/\\\/dana.com.br\\\/canaldana\\\/\"},{\"@type\":\"ListItem\",\"position\":2,\"name\":\"Destaques\",\"item\":\"https:\\\/\\\/dana.com.br\\\/canaldana\\\/destaques\\\/\"},{\"@type\":\"ListItem\",\"position\":3,\"name\":\"Vendas de carros apresentam primeira alta anual\"}]},{\"@type\":\"WebSite\",\"@id\":\"https:\\\/\\\/dana.com.br\\\/canaldana\\\/#website\",\"url\":\"https:\\\/\\\/dana.com.br\\\/canaldana\\\/\",\"name\":\"Canal Dana\",\"description\":\"Informativo com as principais not\u00edcias da ind\u00fastria automotiva\",\"potentialAction\":[{\"@type\":\"SearchAction\",\"target\":{\"@type\":\"EntryPoint\",\"urlTemplate\":\"https:\\\/\\\/dana.com.br\\\/canaldana\\\/?s={search_term_string}\"},\"query-input\":{\"@type\":\"PropertyValueSpecification\",\"valueRequired\":true,\"valueName\":\"search_term_string\"}}],\"inLanguage\":\"pt-BR\"},{\"@type\":\"Person\",\"@id\":\"https:\\\/\\\/dana.com.br\\\/canaldana\\\/#\\\/schema\\\/person\\\/3c21f22f56fcf3bc46b94bc60ea4fef6\",\"name\":\"Canal Dana\",\"image\":{\"@type\":\"ImageObject\",\"inLanguage\":\"pt-BR\",\"@id\":\"https:\\\/\\\/secure.gravatar.com\\\/avatar\\\/420aaf9278582877d9018637c6817617705899d2858d7572ef0fe59a6b6454b4?s=96&d=mm&r=g\",\"url\":\"https:\\\/\\\/secure.gravatar.com\\\/avatar\\\/420aaf9278582877d9018637c6817617705899d2858d7572ef0fe59a6b6454b4?s=96&d=mm&r=g\",\"contentUrl\":\"https:\\\/\\\/secure.gravatar.com\\\/avatar\\\/420aaf9278582877d9018637c6817617705899d2858d7572ef0fe59a6b6454b4?s=96&d=mm&r=g\",\"caption\":\"Canal Dana\"},\"url\":\"https:\\\/\\\/dana.com.br\\\/canaldana\\\/author\\\/cdeditor\\\/\"}]}<\/script>\n<!-- \/ Yoast SEO plugin. -->","yoast_head_json":{"title":"Vendas de carros apresentam primeira alta anual - Canal Dana","robots":{"index":"index","follow":"follow","max-snippet":"max-snippet:-1","max-image-preview":"max-image-preview:large","max-video-preview":"max-video-preview:-1"},"canonical":"https:\/\/dana.com.br\/canaldana\/2017\/05\/29\/vendas-de-carros-apresentam-primeira-alta-anual\/","og_locale":"pt_BR","og_type":"article","og_title":"Vendas de carros apresentam primeira alta anual - Canal Dana","og_description":"O Estado de S. Paulo &nbsp; Pela primeira vez em mais de tr\u00eas anos as vendas acumuladas de ve\u00edculos no ano devem ser levemente positivas na compara\u00e7\u00e3o com o ano anterior. Dados preliminares mostram que at\u00e9 sexta-feira, 26, foram emplacados quase 790 mil ve\u00edculos, pouco acima dos 784 mil registrados em igual intervalo de 2016.\u2026 Leia mais \u00bb","og_url":"https:\/\/dana.com.br\/canaldana\/2017\/05\/29\/vendas-de-carros-apresentam-primeira-alta-anual\/","og_site_name":"Canal Dana","article_published_time":"2017-05-29T12:01:50+00:00","author":"Canal Dana","twitter_card":"summary_large_image","twitter_misc":{"Escrito por":"Canal Dana","Est. tempo de leitura":"3 minutos"},"schema":{"@context":"https:\/\/schema.org","@graph":[{"@type":"Article","@id":"https:\/\/dana.com.br\/canaldana\/2017\/05\/29\/vendas-de-carros-apresentam-primeira-alta-anual\/#article","isPartOf":{"@id":"https:\/\/dana.com.br\/canaldana\/2017\/05\/29\/vendas-de-carros-apresentam-primeira-alta-anual\/"},"author":{"name":"Canal Dana","@id":"https:\/\/dana.com.br\/canaldana\/#\/schema\/person\/3c21f22f56fcf3bc46b94bc60ea4fef6"},"headline":"Vendas de carros apresentam primeira alta anual","datePublished":"2017-05-29T12:01:50+00:00","mainEntityOfPage":{"@id":"https:\/\/dana.com.br\/canaldana\/2017\/05\/29\/vendas-de-carros-apresentam-primeira-alta-anual\/"},"wordCount":641,"articleSection":["Destaques"],"inLanguage":"pt-BR"},{"@type":"WebPage","@id":"https:\/\/dana.com.br\/canaldana\/2017\/05\/29\/vendas-de-carros-apresentam-primeira-alta-anual\/","url":"https:\/\/dana.com.br\/canaldana\/2017\/05\/29\/vendas-de-carros-apresentam-primeira-alta-anual\/","name":"Vendas de carros apresentam primeira alta anual - Canal Dana","isPartOf":{"@id":"https:\/\/dana.com.br\/canaldana\/#website"},"datePublished":"2017-05-29T12:01:50+00:00","author":{"@id":"https:\/\/dana.com.br\/canaldana\/#\/schema\/person\/3c21f22f56fcf3bc46b94bc60ea4fef6"},"breadcrumb":{"@id":"https:\/\/dana.com.br\/canaldana\/2017\/05\/29\/vendas-de-carros-apresentam-primeira-alta-anual\/#breadcrumb"},"inLanguage":"pt-BR","potentialAction":[{"@type":"ReadAction","target":["https:\/\/dana.com.br\/canaldana\/2017\/05\/29\/vendas-de-carros-apresentam-primeira-alta-anual\/"]}]},{"@type":"BreadcrumbList","@id":"https:\/\/dana.com.br\/canaldana\/2017\/05\/29\/vendas-de-carros-apresentam-primeira-alta-anual\/#breadcrumb","itemListElement":[{"@type":"ListItem","position":1,"name":"Home","item":"https:\/\/dana.com.br\/canaldana\/"},{"@type":"ListItem","position":2,"name":"Destaques","item":"https:\/\/dana.com.br\/canaldana\/destaques\/"},{"@type":"ListItem","position":3,"name":"Vendas de carros apresentam primeira alta anual"}]},{"@type":"WebSite","@id":"https:\/\/dana.com.br\/canaldana\/#website","url":"https:\/\/dana.com.br\/canaldana\/","name":"Canal Dana","description":"Informativo com as principais not\u00edcias da ind\u00fastria automotiva","potentialAction":[{"@type":"SearchAction","target":{"@type":"EntryPoint","urlTemplate":"https:\/\/dana.com.br\/canaldana\/?s={search_term_string}"},"query-input":{"@type":"PropertyValueSpecification","valueRequired":true,"valueName":"search_term_string"}}],"inLanguage":"pt-BR"},{"@type":"Person","@id":"https:\/\/dana.com.br\/canaldana\/#\/schema\/person\/3c21f22f56fcf3bc46b94bc60ea4fef6","name":"Canal Dana","image":{"@type":"ImageObject","inLanguage":"pt-BR","@id":"https:\/\/secure.gravatar.com\/avatar\/420aaf9278582877d9018637c6817617705899d2858d7572ef0fe59a6b6454b4?s=96&d=mm&r=g","url":"https:\/\/secure.gravatar.com\/avatar\/420aaf9278582877d9018637c6817617705899d2858d7572ef0fe59a6b6454b4?s=96&d=mm&r=g","contentUrl":"https:\/\/secure.gravatar.com\/avatar\/420aaf9278582877d9018637c6817617705899d2858d7572ef0fe59a6b6454b4?s=96&d=mm&r=g","caption":"Canal Dana"},"url":"https:\/\/dana.com.br\/canaldana\/author\/cdeditor\/"}]}},"_links":{"self":[{"href":"https:\/\/dana.com.br\/canaldana\/wp-json\/wp\/v2\/posts\/17190","targetHints":{"allow":["GET"]}}],"collection":[{"href":"https:\/\/dana.com.br\/canaldana\/wp-json\/wp\/v2\/posts"}],"about":[{"href":"https:\/\/dana.com.br\/canaldana\/wp-json\/wp\/v2\/types\/post"}],"author":[{"embeddable":true,"href":"https:\/\/dana.com.br\/canaldana\/wp-json\/wp\/v2\/users\/3"}],"replies":[{"embeddable":true,"href":"https:\/\/dana.com.br\/canaldana\/wp-json\/wp\/v2\/comments?post=17190"}],"version-history":[{"count":0,"href":"https:\/\/dana.com.br\/canaldana\/wp-json\/wp\/v2\/posts\/17190\/revisions"}],"wp:attachment":[{"href":"https:\/\/dana.com.br\/canaldana\/wp-json\/wp\/v2\/media?parent=17190"}],"wp:term":[{"taxonomy":"category","embeddable":true,"href":"https:\/\/dana.com.br\/canaldana\/wp-json\/wp\/v2\/categories?post=17190"},{"taxonomy":"post_tag","embeddable":true,"href":"https:\/\/dana.com.br\/canaldana\/wp-json\/wp\/v2\/tags?post=17190"}],"curies":[{"name":"wp","href":"https:\/\/api.w.org\/{rel}","templated":true}]}}