{"id":16924,"date":"2017-05-17T08:40:09","date_gmt":"2017-05-17T11:40:09","guid":{"rendered":"http:\/\/dana.com.br\/canaldana\/?p=16924"},"modified":"2017-05-17T08:40:09","modified_gmt":"2017-05-17T11:40:09","slug":"range-rover-velar-chega-ao-brasil","status":"publish","type":"post","link":"https:\/\/dana.com.br\/canaldana\/2017\/05\/17\/range-rover-velar-chega-ao-brasil\/","title":{"rendered":"Range Rover Velar chega ao Brasil"},"content":{"rendered":"<p><em>Revista Torque<\/em><\/p>\n<p>&nbsp;<\/p>\n<p>O Range Rover Velar, mais novo ve\u00edculo apresentado pela Land Rover, est\u00e1 confirmado para chegar ao mercado brasileiro a partir de Outubro. At\u00e9 l\u00e1, os interessados j\u00e1 podem fazer suas reservas junto \u00e0 rede de concession\u00e1rios em todo o Brasil. As vers\u00f5es dispon\u00edveis para reservas a partir de hoje s\u00e3o equipadas com motor 3.0 V6 Supercharged de 380 cavalos, a gasolina, cujos pre\u00e7os iniciais partem de R$383.100 (R-Dynamic S), R$405.400 (R-Dynamic SE), R$445.500 (R-Dynamic HSE) e R$513.900 (First Edition, limitada no Brasil a 20 unidades).<\/p>\n<p>&nbsp;<\/p>\n<p>Quando as vendas se iniciarem oficialmente em 31 de Outubro, outras vers\u00f5es ser\u00e3o disponibilizadas para reservas e vendas. Estas ser\u00e3o as vers\u00f5es equipadas com o 2.0 Ingenium a gasolina de 250 cavalos \u2013 partindo de R$291.000 \u2013 e as abastecidas com o Ingenium a diesel de 180 cavalos \u2013 essas partindo de R$311.000.<\/p>\n<p>&nbsp;<\/p>\n<p>Esta ser\u00e1 a primeira vez que a Land Rover abre totalmente a personaliza\u00e7\u00e3o de um modelo ao cliente final. O Range Rover Velar estar\u00e1 dispon\u00edvel com uma s\u00e9rie de vers\u00f5es e pacotes que variam a partir do motor escolhido pelo cliente. Cada vers\u00e3o ter\u00e1 pre\u00e7os configur\u00e1veis gra\u00e7as a itens de s\u00e9rie distintos para atender aos mais variados perfis de clientes, portanto com diferentes prazos de entrega a partir do pedido.<\/p>\n<p>&nbsp;<\/p>\n<p>Produzido na unidade industrial de Solihull, no Reino Unido, o modelo \u00e9 o quarto membro da fam\u00edlia Range Rover e chega para ficar posicionado entre o Range Rover Evoque e o Range Rover Sport.<\/p>\n<p>&nbsp;<\/p>\n<p>O Range Rover Velar estar\u00e1 dispon\u00edvel no mercado brasileiro acompanhado do j\u00e1 conhecido sistema de transmiss\u00e3o ZF de oito velocidades, com op\u00e7\u00e3o para trocas sequenciais no volante.<\/p>\n<p>&nbsp;<\/p>\n<p>As primeiras unidades do Range Rover Velar a serem comercializadas no Brasil ser\u00e3o equipadas com o potente motor V6 Supercharged de 380 cv, que leva o Range Rover Velar da imobilidade aos 100 km\/h em 5,7 segundos e aos 250 km\/h de velocidade m\u00e1xima, limitada eletronicamente. O propulsor, que entrega 450 Nm de torque, \u00e9 o mesmo motor utilizado no superesportivo Jaguar F-TYPE e entrega agilidade e efici\u00eancia. Baseado no hist\u00f3rico de demanda da Land Rover, essas s\u00e3o as primeiras unidades dispon\u00edveis para reserva.<\/p>\n<p>&nbsp;<\/p>\n<p>No entanto, outras vers\u00f5es ser\u00e3o disponibilizadas a partir de 31 de Outubro, quando come\u00e7arem as entregas das reservas e as vendas na rede de concession\u00e1rias.<\/p>\n<p>&nbsp;<\/p>\n<p>Na op\u00e7\u00e3o a diesel, o modelo contar\u00e1 com o motor Ingenium de 2,0 litros Turbo de 180 cv, que desenvolve 430 Nm de torque a 1.500 rota\u00e7\u00f5es, for\u00e7a suficiente para retomadas r\u00e1pidas de velocidade ou mesmo para transpor os mais desafiadores obst\u00e1culos fora de estrada, como um leg\u00edtimo Land Rover.<\/p>\n<p>&nbsp;<\/p>\n<p>J\u00e1 equipado com o motor Ingenium de 2,0 litros a gasolina, o Velar desenvolve 250 cv de pot\u00eancia, com 217 km\/h de velocidade m\u00e1xima. O motor \u00e9 o mais novo membro da fam\u00edlia Ingenium, produzido pela Jaguar Land Rover no Reino Unido.<\/p>\n<p>&nbsp;<\/p>\n<p>O Range Rover Velar \u00e9 o modelo com mais possibilidades de personaliza\u00e7\u00e3o j\u00e1 produzido pela Land Rover em toda a hist\u00f3ria da marca. S\u00e3o centenas de estilos de acabamento, cores, texturas, itens opcionais e acess\u00f3rios \u00e0 escolha dos clientes. A variedade de configura\u00e7\u00e3o nos itens de s\u00e9rie atender\u00e1 aos mais diferentes perfis de clientes e podem ser equipados com todos os tipos de motores citados acima.<\/p>\n<p>&nbsp;<\/p>\n<p>Basicamente, o cliente poder\u00e1 customizar seu ve\u00edculo ao m\u00e1ximo: partindo do motor, ele poder\u00e1 escolher no site <a href=\"http:\/\/www.landrover.com.br\" target=\"_blank\">www.landrover.com.br<\/a> ou diretamente com o concession\u00e1rio tudo o que sempre quis num Range Rover. (Revista Torque)<\/p>\n","protected":false},"excerpt":{"rendered":"<p>Revista Torque &nbsp; O Range Rover Velar, mais novo ve\u00edculo apresentado pela Land Rover, est\u00e1 confirmado para chegar ao mercado brasileiro a partir de Outubro. At\u00e9 l\u00e1, os interessados j\u00e1 podem fazer suas reservas junto \u00e0 rede de concession\u00e1rios em todo o Brasil. As vers\u00f5es dispon\u00edveis para reservas a partir de hoje s\u00e3o equipadas com\u2026 <a class=\"readmore\" href=\"https:\/\/dana.com.br\/canaldana\/2017\/05\/17\/range-rover-velar-chega-ao-brasil\/\">Leia mais \u00bb<\/a><\/p>\n","protected":false},"author":3,"featured_media":0,"comment_status":"closed","ping_status":"closed","sticky":false,"template":"","format":"standard","meta":{"_acf_changed":false,"footnotes":""},"categories":[79],"tags":[],"class_list":["post-16924","post","type-post","status-publish","format-standard","hentry","category-mercado"],"acf":[],"yoast_head":"<!-- This site is optimized with the Yoast SEO plugin v27.5 - https:\/\/yoast.com\/product\/yoast-seo-wordpress\/ -->\n<title>Range Rover Velar chega ao Brasil - Canal Dana<\/title>\n<meta name=\"robots\" content=\"index, follow, max-snippet:-1, max-image-preview:large, max-video-preview:-1\" \/>\n<link rel=\"canonical\" href=\"https:\/\/dana.com.br\/canaldana\/2017\/05\/17\/range-rover-velar-chega-ao-brasil\/\" \/>\n<meta property=\"og:locale\" content=\"pt_BR\" \/>\n<meta property=\"og:type\" content=\"article\" \/>\n<meta property=\"og:title\" content=\"Range Rover Velar chega ao Brasil - Canal Dana\" \/>\n<meta property=\"og:description\" content=\"Revista Torque &nbsp; O Range Rover Velar, mais novo ve\u00edculo apresentado pela Land Rover, est\u00e1 confirmado para chegar ao mercado brasileiro a partir de Outubro. At\u00e9 l\u00e1, os interessados j\u00e1 podem fazer suas reservas junto \u00e0 rede de concession\u00e1rios em todo o Brasil. As vers\u00f5es dispon\u00edveis para reservas a partir de hoje s\u00e3o equipadas com\u2026 Leia mais \u00bb\" \/>\n<meta property=\"og:url\" content=\"https:\/\/dana.com.br\/canaldana\/2017\/05\/17\/range-rover-velar-chega-ao-brasil\/\" \/>\n<meta property=\"og:site_name\" content=\"Canal Dana\" \/>\n<meta property=\"article:published_time\" content=\"2017-05-17T11:40:09+00:00\" \/>\n<meta name=\"author\" content=\"Canal Dana\" \/>\n<meta name=\"twitter:card\" content=\"summary_large_image\" \/>\n<meta name=\"twitter:label1\" content=\"Escrito por\" \/>\n\t<meta name=\"twitter:data1\" content=\"Canal Dana\" \/>\n\t<meta name=\"twitter:label2\" content=\"Est. tempo de leitura\" \/>\n\t<meta name=\"twitter:data2\" content=\"3 minutos\" \/>\n<script type=\"application\/ld+json\" class=\"yoast-schema-graph\">{\"@context\":\"https:\\\/\\\/schema.org\",\"@graph\":[{\"@type\":\"Article\",\"@id\":\"https:\\\/\\\/dana.com.br\\\/canaldana\\\/2017\\\/05\\\/17\\\/range-rover-velar-chega-ao-brasil\\\/#article\",\"isPartOf\":{\"@id\":\"https:\\\/\\\/dana.com.br\\\/canaldana\\\/2017\\\/05\\\/17\\\/range-rover-velar-chega-ao-brasil\\\/\"},\"author\":{\"name\":\"Canal Dana\",\"@id\":\"https:\\\/\\\/dana.com.br\\\/canaldana\\\/#\\\/schema\\\/person\\\/3c21f22f56fcf3bc46b94bc60ea4fef6\"},\"headline\":\"Range Rover Velar chega ao Brasil\",\"datePublished\":\"2017-05-17T11:40:09+00:00\",\"mainEntityOfPage\":{\"@id\":\"https:\\\/\\\/dana.com.br\\\/canaldana\\\/2017\\\/05\\\/17\\\/range-rover-velar-chega-ao-brasil\\\/\"},\"wordCount\":616,\"articleSection\":[\"Mercado\"],\"inLanguage\":\"pt-BR\"},{\"@type\":\"WebPage\",\"@id\":\"https:\\\/\\\/dana.com.br\\\/canaldana\\\/2017\\\/05\\\/17\\\/range-rover-velar-chega-ao-brasil\\\/\",\"url\":\"https:\\\/\\\/dana.com.br\\\/canaldana\\\/2017\\\/05\\\/17\\\/range-rover-velar-chega-ao-brasil\\\/\",\"name\":\"Range Rover Velar chega ao Brasil - Canal Dana\",\"isPartOf\":{\"@id\":\"https:\\\/\\\/dana.com.br\\\/canaldana\\\/#website\"},\"datePublished\":\"2017-05-17T11:40:09+00:00\",\"author\":{\"@id\":\"https:\\\/\\\/dana.com.br\\\/canaldana\\\/#\\\/schema\\\/person\\\/3c21f22f56fcf3bc46b94bc60ea4fef6\"},\"breadcrumb\":{\"@id\":\"https:\\\/\\\/dana.com.br\\\/canaldana\\\/2017\\\/05\\\/17\\\/range-rover-velar-chega-ao-brasil\\\/#breadcrumb\"},\"inLanguage\":\"pt-BR\",\"potentialAction\":[{\"@type\":\"ReadAction\",\"target\":[\"https:\\\/\\\/dana.com.br\\\/canaldana\\\/2017\\\/05\\\/17\\\/range-rover-velar-chega-ao-brasil\\\/\"]}]},{\"@type\":\"BreadcrumbList\",\"@id\":\"https:\\\/\\\/dana.com.br\\\/canaldana\\\/2017\\\/05\\\/17\\\/range-rover-velar-chega-ao-brasil\\\/#breadcrumb\",\"itemListElement\":[{\"@type\":\"ListItem\",\"position\":1,\"name\":\"Home\",\"item\":\"https:\\\/\\\/dana.com.br\\\/canaldana\\\/\"},{\"@type\":\"ListItem\",\"position\":2,\"name\":\"Mercado\",\"item\":\"https:\\\/\\\/dana.com.br\\\/canaldana\\\/mercado\\\/\"},{\"@type\":\"ListItem\",\"position\":3,\"name\":\"Range Rover Velar chega ao Brasil\"}]},{\"@type\":\"WebSite\",\"@id\":\"https:\\\/\\\/dana.com.br\\\/canaldana\\\/#website\",\"url\":\"https:\\\/\\\/dana.com.br\\\/canaldana\\\/\",\"name\":\"Canal Dana\",\"description\":\"Informativo com as principais not\u00edcias da ind\u00fastria automotiva\",\"potentialAction\":[{\"@type\":\"SearchAction\",\"target\":{\"@type\":\"EntryPoint\",\"urlTemplate\":\"https:\\\/\\\/dana.com.br\\\/canaldana\\\/?s={search_term_string}\"},\"query-input\":{\"@type\":\"PropertyValueSpecification\",\"valueRequired\":true,\"valueName\":\"search_term_string\"}}],\"inLanguage\":\"pt-BR\"},{\"@type\":\"Person\",\"@id\":\"https:\\\/\\\/dana.com.br\\\/canaldana\\\/#\\\/schema\\\/person\\\/3c21f22f56fcf3bc46b94bc60ea4fef6\",\"name\":\"Canal Dana\",\"image\":{\"@type\":\"ImageObject\",\"inLanguage\":\"pt-BR\",\"@id\":\"https:\\\/\\\/secure.gravatar.com\\\/avatar\\\/420aaf9278582877d9018637c6817617705899d2858d7572ef0fe59a6b6454b4?s=96&d=mm&r=g\",\"url\":\"https:\\\/\\\/secure.gravatar.com\\\/avatar\\\/420aaf9278582877d9018637c6817617705899d2858d7572ef0fe59a6b6454b4?s=96&d=mm&r=g\",\"contentUrl\":\"https:\\\/\\\/secure.gravatar.com\\\/avatar\\\/420aaf9278582877d9018637c6817617705899d2858d7572ef0fe59a6b6454b4?s=96&d=mm&r=g\",\"caption\":\"Canal Dana\"},\"url\":\"https:\\\/\\\/dana.com.br\\\/canaldana\\\/author\\\/cdeditor\\\/\"}]}<\/script>\n<!-- \/ Yoast SEO plugin. -->","yoast_head_json":{"title":"Range Rover Velar chega ao Brasil - Canal Dana","robots":{"index":"index","follow":"follow","max-snippet":"max-snippet:-1","max-image-preview":"max-image-preview:large","max-video-preview":"max-video-preview:-1"},"canonical":"https:\/\/dana.com.br\/canaldana\/2017\/05\/17\/range-rover-velar-chega-ao-brasil\/","og_locale":"pt_BR","og_type":"article","og_title":"Range Rover Velar chega ao Brasil - Canal Dana","og_description":"Revista Torque &nbsp; O Range Rover Velar, mais novo ve\u00edculo apresentado pela Land Rover, est\u00e1 confirmado para chegar ao mercado brasileiro a partir de Outubro. At\u00e9 l\u00e1, os interessados j\u00e1 podem fazer suas reservas junto \u00e0 rede de concession\u00e1rios em todo o Brasil. As vers\u00f5es dispon\u00edveis para reservas a partir de hoje s\u00e3o equipadas com\u2026 Leia mais \u00bb","og_url":"https:\/\/dana.com.br\/canaldana\/2017\/05\/17\/range-rover-velar-chega-ao-brasil\/","og_site_name":"Canal Dana","article_published_time":"2017-05-17T11:40:09+00:00","author":"Canal Dana","twitter_card":"summary_large_image","twitter_misc":{"Escrito por":"Canal Dana","Est. tempo de leitura":"3 minutos"},"schema":{"@context":"https:\/\/schema.org","@graph":[{"@type":"Article","@id":"https:\/\/dana.com.br\/canaldana\/2017\/05\/17\/range-rover-velar-chega-ao-brasil\/#article","isPartOf":{"@id":"https:\/\/dana.com.br\/canaldana\/2017\/05\/17\/range-rover-velar-chega-ao-brasil\/"},"author":{"name":"Canal Dana","@id":"https:\/\/dana.com.br\/canaldana\/#\/schema\/person\/3c21f22f56fcf3bc46b94bc60ea4fef6"},"headline":"Range Rover Velar chega ao Brasil","datePublished":"2017-05-17T11:40:09+00:00","mainEntityOfPage":{"@id":"https:\/\/dana.com.br\/canaldana\/2017\/05\/17\/range-rover-velar-chega-ao-brasil\/"},"wordCount":616,"articleSection":["Mercado"],"inLanguage":"pt-BR"},{"@type":"WebPage","@id":"https:\/\/dana.com.br\/canaldana\/2017\/05\/17\/range-rover-velar-chega-ao-brasil\/","url":"https:\/\/dana.com.br\/canaldana\/2017\/05\/17\/range-rover-velar-chega-ao-brasil\/","name":"Range Rover Velar chega ao Brasil - Canal Dana","isPartOf":{"@id":"https:\/\/dana.com.br\/canaldana\/#website"},"datePublished":"2017-05-17T11:40:09+00:00","author":{"@id":"https:\/\/dana.com.br\/canaldana\/#\/schema\/person\/3c21f22f56fcf3bc46b94bc60ea4fef6"},"breadcrumb":{"@id":"https:\/\/dana.com.br\/canaldana\/2017\/05\/17\/range-rover-velar-chega-ao-brasil\/#breadcrumb"},"inLanguage":"pt-BR","potentialAction":[{"@type":"ReadAction","target":["https:\/\/dana.com.br\/canaldana\/2017\/05\/17\/range-rover-velar-chega-ao-brasil\/"]}]},{"@type":"BreadcrumbList","@id":"https:\/\/dana.com.br\/canaldana\/2017\/05\/17\/range-rover-velar-chega-ao-brasil\/#breadcrumb","itemListElement":[{"@type":"ListItem","position":1,"name":"Home","item":"https:\/\/dana.com.br\/canaldana\/"},{"@type":"ListItem","position":2,"name":"Mercado","item":"https:\/\/dana.com.br\/canaldana\/mercado\/"},{"@type":"ListItem","position":3,"name":"Range Rover Velar chega ao Brasil"}]},{"@type":"WebSite","@id":"https:\/\/dana.com.br\/canaldana\/#website","url":"https:\/\/dana.com.br\/canaldana\/","name":"Canal Dana","description":"Informativo com as principais not\u00edcias da ind\u00fastria automotiva","potentialAction":[{"@type":"SearchAction","target":{"@type":"EntryPoint","urlTemplate":"https:\/\/dana.com.br\/canaldana\/?s={search_term_string}"},"query-input":{"@type":"PropertyValueSpecification","valueRequired":true,"valueName":"search_term_string"}}],"inLanguage":"pt-BR"},{"@type":"Person","@id":"https:\/\/dana.com.br\/canaldana\/#\/schema\/person\/3c21f22f56fcf3bc46b94bc60ea4fef6","name":"Canal Dana","image":{"@type":"ImageObject","inLanguage":"pt-BR","@id":"https:\/\/secure.gravatar.com\/avatar\/420aaf9278582877d9018637c6817617705899d2858d7572ef0fe59a6b6454b4?s=96&d=mm&r=g","url":"https:\/\/secure.gravatar.com\/avatar\/420aaf9278582877d9018637c6817617705899d2858d7572ef0fe59a6b6454b4?s=96&d=mm&r=g","contentUrl":"https:\/\/secure.gravatar.com\/avatar\/420aaf9278582877d9018637c6817617705899d2858d7572ef0fe59a6b6454b4?s=96&d=mm&r=g","caption":"Canal Dana"},"url":"https:\/\/dana.com.br\/canaldana\/author\/cdeditor\/"}]}},"_links":{"self":[{"href":"https:\/\/dana.com.br\/canaldana\/wp-json\/wp\/v2\/posts\/16924","targetHints":{"allow":["GET"]}}],"collection":[{"href":"https:\/\/dana.com.br\/canaldana\/wp-json\/wp\/v2\/posts"}],"about":[{"href":"https:\/\/dana.com.br\/canaldana\/wp-json\/wp\/v2\/types\/post"}],"author":[{"embeddable":true,"href":"https:\/\/dana.com.br\/canaldana\/wp-json\/wp\/v2\/users\/3"}],"replies":[{"embeddable":true,"href":"https:\/\/dana.com.br\/canaldana\/wp-json\/wp\/v2\/comments?post=16924"}],"version-history":[{"count":0,"href":"https:\/\/dana.com.br\/canaldana\/wp-json\/wp\/v2\/posts\/16924\/revisions"}],"wp:attachment":[{"href":"https:\/\/dana.com.br\/canaldana\/wp-json\/wp\/v2\/media?parent=16924"}],"wp:term":[{"taxonomy":"category","embeddable":true,"href":"https:\/\/dana.com.br\/canaldana\/wp-json\/wp\/v2\/categories?post=16924"},{"taxonomy":"post_tag","embeddable":true,"href":"https:\/\/dana.com.br\/canaldana\/wp-json\/wp\/v2\/tags?post=16924"}],"curies":[{"name":"wp","href":"https:\/\/api.w.org\/{rel}","templated":true}]}}