{"id":16577,"date":"2017-05-02T08:20:05","date_gmt":"2017-05-02T11:20:05","guid":{"rendered":"http:\/\/dana.com.br\/canaldana\/?p=16577"},"modified":"2017-05-02T08:20:05","modified_gmt":"2017-05-02T11:20:05","slug":"polo-da-jeep-em-goiana-completa-dois-anos-em-operacao","status":"publish","type":"post","link":"https:\/\/dana.com.br\/canaldana\/2017\/05\/02\/polo-da-jeep-em-goiana-completa-dois-anos-em-operacao\/","title":{"rendered":"Polo da Jeep em Goiana completa dois anos em opera\u00e7\u00e3o"},"content":{"rendered":"<p><em>Jornal do Com\u00e9rcio\/PE<\/em><\/p>\n<p>&nbsp;<\/p>\n<p>O polo automotivo da Jeep em Goiana, na Mata Norte, completa dois anos com perspectiva de aumento da produ\u00e7\u00e3o mesmo com a turbul\u00eancia que praticamente paralisou a economia. A f\u00e1brica produziu cerca de 122,4 mil ve\u00edculos em 2016. A expectativa \u00e9 de alcan\u00e7ar 150 mil unidades este ano. \u201cO Renegade, o Compass e o Fiat Toro n\u00e3o est\u00e3o sendo afetados pela crise. O consumo deles est\u00e1 crescendo e o SUV \u00e9 um segmento em expans\u00e3o\u201d, conta o gerente da planta da Fiat Chrysler Automobiles (FCA) em Goiana, Glauber Fullana.<\/p>\n<p>&nbsp;<\/p>\n<p>O SUV significa carros utilit\u00e1rios.&lt;\/DC&gt; O Renegade e o Compass t\u00eam a marca Jeep e o Toro \u00e9 uma picape da Fiat. Os tr\u00eas s\u00e3o utilit\u00e1rios e produzidos na f\u00e1brica de Goiana. A unidade foi instalada para fazer mais de 200 mil ve\u00edculos por ano. Quando vai atingir esse total? \u201cA expans\u00e3o da produ\u00e7\u00e3o para um patamar maior vai depender do mercado\u201d, explica Glauber. Do in\u00edcio da opera\u00e7\u00e3o at\u00e9 agora, foram manufaturados mais de 220 mil ve\u00edculos.<\/p>\n<p>&nbsp;<\/p>\n<p>Desse total, mais de 30 mil foram exportados para pa\u00edses da Am\u00e9rica Latina como Argentina, Col\u00f4mbia, Chile, Paraguai e Uruguai. \u201cAt\u00e9 o final do ano, vamos passar a exportar o Compass para toda a Am\u00e9rica Latina\u201d, afirma Glauber. Um dos problemas enfrentados pela empresa foi escoar a produ\u00e7\u00e3o at\u00e9 o Porto de Suape. Antes da f\u00e1brica se instalar, o governo do Estado se comprometeu a implantar o Arco Metropolitano, uma al\u00e7a vi\u00e1ria que ligaria a Mata Morte a Suape sem passar pela congestionada BR-101. \u201cA configura\u00e7\u00e3o ideal era ter o arco, mas o governo do Estado fez uma melhoria nas vias que d\u00e3o acesso a Suape\u201d, resume Glauber. Nesse per\u00edodo de opera\u00e7\u00e3o, 23.375 carretas fizeram o escoamento dos produtos.<\/p>\n<p>&nbsp;<\/p>\n<p>Atualmente, a f\u00e1brica da Jeep e o seu parque de fornecedores empregam cerca de 8 mil pessoas, sendo 90% nordestinos e 80% pernambucanos. Os funcion\u00e1rios trabalham em dois turnos. A unidade tamb\u00e9m foi planejada para ser ambientalmente correta. Cerca de 100% dos res\u00edduos gerados s\u00e3o enviados para reciclagem. Comparando com uma f\u00e1brica convencional, a f\u00e1brica de Goiana apresenta uma redu\u00e7\u00e3o, respectivamente, de 82% do consumo de \u00e1gua e 50% no uso da energia por ve\u00edculo produzido.<\/p>\n<p>&nbsp;<\/p>\n<p><strong>Porto de Suape\u00a0<\/strong><\/p>\n<p>&nbsp;<\/p>\n<p>Neste m\u00eas, a empresa iniciou a exporta\u00e7\u00e3o do Jeep Renegade para o M\u00e9xico, saindo pelo Porto de Suape, embarcando 2014 ve\u00edculos para aquele destino. As opera\u00e7\u00f5es de ve\u00edculos cresceram 31% no 1\u00ba trimestre de 2017 em Suape, comparando com o mesmo per\u00edodo de 2016. No total, j\u00e1 passaram pelo porto 10.698 ve\u00edculos das montadoras General Motors, Toyota, Fiat e Jeep nos tr\u00eas primeiros meses do ano. Desse total, 8.338 foram exportados, superando a importa\u00e7\u00e3o que movimentou 2.360 ve\u00edculos. (Jornal do Com\u00e9rcio\/PE)<\/p>\n","protected":false},"excerpt":{"rendered":"<p>Jornal do Com\u00e9rcio\/PE &nbsp; O polo automotivo da Jeep em Goiana, na Mata Norte, completa dois anos com perspectiva de aumento da produ\u00e7\u00e3o mesmo com a turbul\u00eancia que praticamente paralisou a economia. A f\u00e1brica produziu cerca de 122,4 mil ve\u00edculos em 2016. A expectativa \u00e9 de alcan\u00e7ar 150 mil unidades este ano. \u201cO Renegade, o\u2026 <a class=\"readmore\" href=\"https:\/\/dana.com.br\/canaldana\/2017\/05\/02\/polo-da-jeep-em-goiana-completa-dois-anos-em-operacao\/\">Leia mais \u00bb<\/a><\/p>\n","protected":false},"author":3,"featured_media":0,"comment_status":"closed","ping_status":"closed","sticky":false,"template":"","format":"standard","meta":{"_acf_changed":false,"footnotes":""},"categories":[61],"tags":[],"class_list":["post-16577","post","type-post","status-publish","format-standard","hentry","category-destaques"],"acf":[],"yoast_head":"<!-- This site is optimized with the Yoast SEO plugin v27.3 - https:\/\/yoast.com\/product\/yoast-seo-wordpress\/ -->\n<title>Polo da Jeep em Goiana completa dois anos em opera\u00e7\u00e3o - Canal Dana<\/title>\n<meta name=\"robots\" content=\"index, follow, max-snippet:-1, max-image-preview:large, max-video-preview:-1\" \/>\n<link rel=\"canonical\" href=\"https:\/\/dana.com.br\/canaldana\/2017\/05\/02\/polo-da-jeep-em-goiana-completa-dois-anos-em-operacao\/\" \/>\n<meta property=\"og:locale\" content=\"pt_BR\" \/>\n<meta property=\"og:type\" content=\"article\" \/>\n<meta property=\"og:title\" content=\"Polo da Jeep em Goiana completa dois anos em opera\u00e7\u00e3o - Canal Dana\" \/>\n<meta property=\"og:description\" content=\"Jornal do Com\u00e9rcio\/PE &nbsp; O polo automotivo da Jeep em Goiana, na Mata Norte, completa dois anos com perspectiva de aumento da produ\u00e7\u00e3o mesmo com a turbul\u00eancia que praticamente paralisou a economia. A f\u00e1brica produziu cerca de 122,4 mil ve\u00edculos em 2016. A expectativa \u00e9 de alcan\u00e7ar 150 mil unidades este ano. \u201cO Renegade, o\u2026 Leia mais \u00bb\" \/>\n<meta property=\"og:url\" content=\"https:\/\/dana.com.br\/canaldana\/2017\/05\/02\/polo-da-jeep-em-goiana-completa-dois-anos-em-operacao\/\" \/>\n<meta property=\"og:site_name\" content=\"Canal Dana\" \/>\n<meta property=\"article:published_time\" content=\"2017-05-02T11:20:05+00:00\" \/>\n<meta name=\"author\" content=\"Canal Dana\" \/>\n<meta name=\"twitter:card\" content=\"summary_large_image\" \/>\n<meta name=\"twitter:label1\" content=\"Escrito por\" \/>\n\t<meta name=\"twitter:data1\" content=\"Canal Dana\" \/>\n\t<meta name=\"twitter:label2\" content=\"Est. tempo de leitura\" \/>\n\t<meta name=\"twitter:data2\" content=\"2 minutos\" \/>\n<script type=\"application\/ld+json\" class=\"yoast-schema-graph\">{\"@context\":\"https:\\\/\\\/schema.org\",\"@graph\":[{\"@type\":\"Article\",\"@id\":\"https:\\\/\\\/dana.com.br\\\/canaldana\\\/2017\\\/05\\\/02\\\/polo-da-jeep-em-goiana-completa-dois-anos-em-operacao\\\/#article\",\"isPartOf\":{\"@id\":\"https:\\\/\\\/dana.com.br\\\/canaldana\\\/2017\\\/05\\\/02\\\/polo-da-jeep-em-goiana-completa-dois-anos-em-operacao\\\/\"},\"author\":{\"name\":\"Canal Dana\",\"@id\":\"https:\\\/\\\/dana.com.br\\\/canaldana\\\/#\\\/schema\\\/person\\\/3c21f22f56fcf3bc46b94bc60ea4fef6\"},\"headline\":\"Polo da Jeep em Goiana completa dois anos em opera\u00e7\u00e3o\",\"datePublished\":\"2017-05-02T11:20:05+00:00\",\"mainEntityOfPage\":{\"@id\":\"https:\\\/\\\/dana.com.br\\\/canaldana\\\/2017\\\/05\\\/02\\\/polo-da-jeep-em-goiana-completa-dois-anos-em-operacao\\\/\"},\"wordCount\":500,\"articleSection\":[\"Destaques\"],\"inLanguage\":\"pt-BR\"},{\"@type\":\"WebPage\",\"@id\":\"https:\\\/\\\/dana.com.br\\\/canaldana\\\/2017\\\/05\\\/02\\\/polo-da-jeep-em-goiana-completa-dois-anos-em-operacao\\\/\",\"url\":\"https:\\\/\\\/dana.com.br\\\/canaldana\\\/2017\\\/05\\\/02\\\/polo-da-jeep-em-goiana-completa-dois-anos-em-operacao\\\/\",\"name\":\"Polo da Jeep em Goiana completa dois anos em opera\u00e7\u00e3o - Canal Dana\",\"isPartOf\":{\"@id\":\"https:\\\/\\\/dana.com.br\\\/canaldana\\\/#website\"},\"datePublished\":\"2017-05-02T11:20:05+00:00\",\"author\":{\"@id\":\"https:\\\/\\\/dana.com.br\\\/canaldana\\\/#\\\/schema\\\/person\\\/3c21f22f56fcf3bc46b94bc60ea4fef6\"},\"breadcrumb\":{\"@id\":\"https:\\\/\\\/dana.com.br\\\/canaldana\\\/2017\\\/05\\\/02\\\/polo-da-jeep-em-goiana-completa-dois-anos-em-operacao\\\/#breadcrumb\"},\"inLanguage\":\"pt-BR\",\"potentialAction\":[{\"@type\":\"ReadAction\",\"target\":[\"https:\\\/\\\/dana.com.br\\\/canaldana\\\/2017\\\/05\\\/02\\\/polo-da-jeep-em-goiana-completa-dois-anos-em-operacao\\\/\"]}]},{\"@type\":\"BreadcrumbList\",\"@id\":\"https:\\\/\\\/dana.com.br\\\/canaldana\\\/2017\\\/05\\\/02\\\/polo-da-jeep-em-goiana-completa-dois-anos-em-operacao\\\/#breadcrumb\",\"itemListElement\":[{\"@type\":\"ListItem\",\"position\":1,\"name\":\"Home\",\"item\":\"https:\\\/\\\/dana.com.br\\\/canaldana\\\/\"},{\"@type\":\"ListItem\",\"position\":2,\"name\":\"Destaques\",\"item\":\"https:\\\/\\\/dana.com.br\\\/canaldana\\\/destaques\\\/\"},{\"@type\":\"ListItem\",\"position\":3,\"name\":\"Polo da Jeep em Goiana completa dois anos em opera\u00e7\u00e3o\"}]},{\"@type\":\"WebSite\",\"@id\":\"https:\\\/\\\/dana.com.br\\\/canaldana\\\/#website\",\"url\":\"https:\\\/\\\/dana.com.br\\\/canaldana\\\/\",\"name\":\"Canal Dana\",\"description\":\"Informativo com as principais not\u00edcias da ind\u00fastria automotiva\",\"potentialAction\":[{\"@type\":\"SearchAction\",\"target\":{\"@type\":\"EntryPoint\",\"urlTemplate\":\"https:\\\/\\\/dana.com.br\\\/canaldana\\\/?s={search_term_string}\"},\"query-input\":{\"@type\":\"PropertyValueSpecification\",\"valueRequired\":true,\"valueName\":\"search_term_string\"}}],\"inLanguage\":\"pt-BR\"},{\"@type\":\"Person\",\"@id\":\"https:\\\/\\\/dana.com.br\\\/canaldana\\\/#\\\/schema\\\/person\\\/3c21f22f56fcf3bc46b94bc60ea4fef6\",\"name\":\"Canal Dana\",\"image\":{\"@type\":\"ImageObject\",\"inLanguage\":\"pt-BR\",\"@id\":\"https:\\\/\\\/secure.gravatar.com\\\/avatar\\\/420aaf9278582877d9018637c6817617705899d2858d7572ef0fe59a6b6454b4?s=96&d=mm&r=g\",\"url\":\"https:\\\/\\\/secure.gravatar.com\\\/avatar\\\/420aaf9278582877d9018637c6817617705899d2858d7572ef0fe59a6b6454b4?s=96&d=mm&r=g\",\"contentUrl\":\"https:\\\/\\\/secure.gravatar.com\\\/avatar\\\/420aaf9278582877d9018637c6817617705899d2858d7572ef0fe59a6b6454b4?s=96&d=mm&r=g\",\"caption\":\"Canal Dana\"},\"url\":\"https:\\\/\\\/dana.com.br\\\/canaldana\\\/author\\\/cdeditor\\\/\"}]}<\/script>\n<!-- \/ Yoast SEO plugin. -->","yoast_head_json":{"title":"Polo da Jeep em Goiana completa dois anos em opera\u00e7\u00e3o - Canal Dana","robots":{"index":"index","follow":"follow","max-snippet":"max-snippet:-1","max-image-preview":"max-image-preview:large","max-video-preview":"max-video-preview:-1"},"canonical":"https:\/\/dana.com.br\/canaldana\/2017\/05\/02\/polo-da-jeep-em-goiana-completa-dois-anos-em-operacao\/","og_locale":"pt_BR","og_type":"article","og_title":"Polo da Jeep em Goiana completa dois anos em opera\u00e7\u00e3o - Canal Dana","og_description":"Jornal do Com\u00e9rcio\/PE &nbsp; O polo automotivo da Jeep em Goiana, na Mata Norte, completa dois anos com perspectiva de aumento da produ\u00e7\u00e3o mesmo com a turbul\u00eancia que praticamente paralisou a economia. A f\u00e1brica produziu cerca de 122,4 mil ve\u00edculos em 2016. A expectativa \u00e9 de alcan\u00e7ar 150 mil unidades este ano. \u201cO Renegade, o\u2026 Leia mais \u00bb","og_url":"https:\/\/dana.com.br\/canaldana\/2017\/05\/02\/polo-da-jeep-em-goiana-completa-dois-anos-em-operacao\/","og_site_name":"Canal Dana","article_published_time":"2017-05-02T11:20:05+00:00","author":"Canal Dana","twitter_card":"summary_large_image","twitter_misc":{"Escrito por":"Canal Dana","Est. tempo de leitura":"2 minutos"},"schema":{"@context":"https:\/\/schema.org","@graph":[{"@type":"Article","@id":"https:\/\/dana.com.br\/canaldana\/2017\/05\/02\/polo-da-jeep-em-goiana-completa-dois-anos-em-operacao\/#article","isPartOf":{"@id":"https:\/\/dana.com.br\/canaldana\/2017\/05\/02\/polo-da-jeep-em-goiana-completa-dois-anos-em-operacao\/"},"author":{"name":"Canal Dana","@id":"https:\/\/dana.com.br\/canaldana\/#\/schema\/person\/3c21f22f56fcf3bc46b94bc60ea4fef6"},"headline":"Polo da Jeep em Goiana completa dois anos em opera\u00e7\u00e3o","datePublished":"2017-05-02T11:20:05+00:00","mainEntityOfPage":{"@id":"https:\/\/dana.com.br\/canaldana\/2017\/05\/02\/polo-da-jeep-em-goiana-completa-dois-anos-em-operacao\/"},"wordCount":500,"articleSection":["Destaques"],"inLanguage":"pt-BR"},{"@type":"WebPage","@id":"https:\/\/dana.com.br\/canaldana\/2017\/05\/02\/polo-da-jeep-em-goiana-completa-dois-anos-em-operacao\/","url":"https:\/\/dana.com.br\/canaldana\/2017\/05\/02\/polo-da-jeep-em-goiana-completa-dois-anos-em-operacao\/","name":"Polo da Jeep em Goiana completa dois anos em opera\u00e7\u00e3o - Canal Dana","isPartOf":{"@id":"https:\/\/dana.com.br\/canaldana\/#website"},"datePublished":"2017-05-02T11:20:05+00:00","author":{"@id":"https:\/\/dana.com.br\/canaldana\/#\/schema\/person\/3c21f22f56fcf3bc46b94bc60ea4fef6"},"breadcrumb":{"@id":"https:\/\/dana.com.br\/canaldana\/2017\/05\/02\/polo-da-jeep-em-goiana-completa-dois-anos-em-operacao\/#breadcrumb"},"inLanguage":"pt-BR","potentialAction":[{"@type":"ReadAction","target":["https:\/\/dana.com.br\/canaldana\/2017\/05\/02\/polo-da-jeep-em-goiana-completa-dois-anos-em-operacao\/"]}]},{"@type":"BreadcrumbList","@id":"https:\/\/dana.com.br\/canaldana\/2017\/05\/02\/polo-da-jeep-em-goiana-completa-dois-anos-em-operacao\/#breadcrumb","itemListElement":[{"@type":"ListItem","position":1,"name":"Home","item":"https:\/\/dana.com.br\/canaldana\/"},{"@type":"ListItem","position":2,"name":"Destaques","item":"https:\/\/dana.com.br\/canaldana\/destaques\/"},{"@type":"ListItem","position":3,"name":"Polo da Jeep em Goiana completa dois anos em opera\u00e7\u00e3o"}]},{"@type":"WebSite","@id":"https:\/\/dana.com.br\/canaldana\/#website","url":"https:\/\/dana.com.br\/canaldana\/","name":"Canal Dana","description":"Informativo com as principais not\u00edcias da ind\u00fastria automotiva","potentialAction":[{"@type":"SearchAction","target":{"@type":"EntryPoint","urlTemplate":"https:\/\/dana.com.br\/canaldana\/?s={search_term_string}"},"query-input":{"@type":"PropertyValueSpecification","valueRequired":true,"valueName":"search_term_string"}}],"inLanguage":"pt-BR"},{"@type":"Person","@id":"https:\/\/dana.com.br\/canaldana\/#\/schema\/person\/3c21f22f56fcf3bc46b94bc60ea4fef6","name":"Canal Dana","image":{"@type":"ImageObject","inLanguage":"pt-BR","@id":"https:\/\/secure.gravatar.com\/avatar\/420aaf9278582877d9018637c6817617705899d2858d7572ef0fe59a6b6454b4?s=96&d=mm&r=g","url":"https:\/\/secure.gravatar.com\/avatar\/420aaf9278582877d9018637c6817617705899d2858d7572ef0fe59a6b6454b4?s=96&d=mm&r=g","contentUrl":"https:\/\/secure.gravatar.com\/avatar\/420aaf9278582877d9018637c6817617705899d2858d7572ef0fe59a6b6454b4?s=96&d=mm&r=g","caption":"Canal Dana"},"url":"https:\/\/dana.com.br\/canaldana\/author\/cdeditor\/"}]}},"_links":{"self":[{"href":"https:\/\/dana.com.br\/canaldana\/wp-json\/wp\/v2\/posts\/16577","targetHints":{"allow":["GET"]}}],"collection":[{"href":"https:\/\/dana.com.br\/canaldana\/wp-json\/wp\/v2\/posts"}],"about":[{"href":"https:\/\/dana.com.br\/canaldana\/wp-json\/wp\/v2\/types\/post"}],"author":[{"embeddable":true,"href":"https:\/\/dana.com.br\/canaldana\/wp-json\/wp\/v2\/users\/3"}],"replies":[{"embeddable":true,"href":"https:\/\/dana.com.br\/canaldana\/wp-json\/wp\/v2\/comments?post=16577"}],"version-history":[{"count":0,"href":"https:\/\/dana.com.br\/canaldana\/wp-json\/wp\/v2\/posts\/16577\/revisions"}],"wp:attachment":[{"href":"https:\/\/dana.com.br\/canaldana\/wp-json\/wp\/v2\/media?parent=16577"}],"wp:term":[{"taxonomy":"category","embeddable":true,"href":"https:\/\/dana.com.br\/canaldana\/wp-json\/wp\/v2\/categories?post=16577"},{"taxonomy":"post_tag","embeddable":true,"href":"https:\/\/dana.com.br\/canaldana\/wp-json\/wp\/v2\/tags?post=16577"}],"curies":[{"name":"wp","href":"https:\/\/api.w.org\/{rel}","templated":true}]}}