{"id":16105,"date":"2017-04-10T08:11:39","date_gmt":"2017-04-10T11:11:39","guid":{"rendered":"http:\/\/dana.com.br\/canaldana\/?p=16105"},"modified":"2017-04-10T08:11:39","modified_gmt":"2017-04-10T11:11:39","slug":"vendas-de-implementos-tem-retracao-de-2682-no-trimestre","status":"publish","type":"post","link":"https:\/\/dana.com.br\/canaldana\/2017\/04\/10\/vendas-de-implementos-tem-retracao-de-2682-no-trimestre\/","title":{"rendered":"Vendas de implementos tem retra\u00e7\u00e3o de 26,82% no trimestre"},"content":{"rendered":"<p><em>Frota &amp; Cia<\/em><\/p>\n<p>&nbsp;<\/p>\n<p>A Associa\u00e7\u00e3o Nacional dos Fabricantes de Implementos Rodovi\u00e1rios (Anfir) registrou no primeiro trimestre de 2017 retra\u00e7\u00e3o de 26,82% no volume de emplacamentos de produtos com rela\u00e7\u00e3o aos tr\u00eas primeiros meses de 2016. A ind\u00fastria entregou ao mercado dom\u00e9stico 11.445 unidades ante 15.640 registrados no primeiro trimestre de 2016.<\/p>\n<p>&nbsp;<\/p>\n<p>No entanto, o presidente da entidade, Alcides Braga, entende que o percentual inferior ao registrado no bimestre, recuo de 30,42% sobre janeiro e fevereiro do ano passado, representa uma boa not\u00edcia. \u201cS\u00e3o os primeiros sinais de recupera\u00e7\u00e3o. Ainda \u00e9 cedo para afirmar que esse ritmo vai se sustentar, mas eles est\u00e3o a\u00ed\u201d.<\/p>\n<p>&nbsp;<\/p>\n<p>De janeiro a mar\u00e7o as vendas de produtos do segmento de Reboques e Semirreboques foram de 4.905 unidades ante 6.150 produtos no primeiro trimestre de 2016. No setor de carroceria sobre chassis as vendas no primeiro trimestre de 2017 foram de 6.540 unidades contra 9.490 produtos do mesmo per\u00edodo do ano passado.<\/p>\n<p>&nbsp;<\/p>\n<p>\u201cO primeiro segmento a dar sinais de recupera\u00e7\u00e3o \u00e9 o Pesado (Reboques e Semirreboques) porque est\u00e1 ligado aos setores da economia conectados aos grandes neg\u00f3cios nacionais como o agribusiness\u201d, explica Braga.<\/p>\n<p>&nbsp;<\/p>\n<p>Para entender os rumos da economia, a Anfir solicitou \u00e0 consultoria Parallaxis um estudo para avaliar quais setores dever\u00e3o apresentar melhor desempenho no processo de retomada. O levantamento realizado aponta que os setores de papel e celulose, minera\u00e7\u00e3o, \u00f3leo e g\u00e1s e gr\u00e3os devem influenciar na retomada econ\u00f4mica. (Frota &amp; Cia)<\/p>\n","protected":false},"excerpt":{"rendered":"<p>Frota &amp; Cia &nbsp; A Associa\u00e7\u00e3o Nacional dos Fabricantes de Implementos Rodovi\u00e1rios (Anfir) registrou no primeiro trimestre de 2017 retra\u00e7\u00e3o de 26,82% no volume de emplacamentos de produtos com rela\u00e7\u00e3o aos tr\u00eas primeiros meses de 2016. A ind\u00fastria entregou ao mercado dom\u00e9stico 11.445 unidades ante 15.640 registrados no primeiro trimestre de 2016. &nbsp; No entanto,\u2026 <a class=\"readmore\" href=\"https:\/\/dana.com.br\/canaldana\/2017\/04\/10\/vendas-de-implementos-tem-retracao-de-2682-no-trimestre\/\">Leia mais \u00bb<\/a><\/p>\n","protected":false},"author":3,"featured_media":0,"comment_status":"closed","ping_status":"closed","sticky":false,"template":"","format":"standard","meta":{"_acf_changed":false,"footnotes":""},"categories":[79],"tags":[],"class_list":["post-16105","post","type-post","status-publish","format-standard","hentry","category-mercado"],"acf":[],"yoast_head":"<!-- This site is optimized with the Yoast SEO plugin v27.3 - https:\/\/yoast.com\/product\/yoast-seo-wordpress\/ -->\n<title>Vendas de implementos tem retra\u00e7\u00e3o de 26,82% no trimestre - Canal Dana<\/title>\n<meta name=\"robots\" content=\"index, follow, max-snippet:-1, max-image-preview:large, max-video-preview:-1\" \/>\n<link rel=\"canonical\" href=\"https:\/\/dana.com.br\/canaldana\/2017\/04\/10\/vendas-de-implementos-tem-retracao-de-2682-no-trimestre\/\" \/>\n<meta property=\"og:locale\" content=\"pt_BR\" \/>\n<meta property=\"og:type\" content=\"article\" \/>\n<meta property=\"og:title\" content=\"Vendas de implementos tem retra\u00e7\u00e3o de 26,82% no trimestre - Canal Dana\" \/>\n<meta property=\"og:description\" content=\"Frota &amp; Cia &nbsp; A Associa\u00e7\u00e3o Nacional dos Fabricantes de Implementos Rodovi\u00e1rios (Anfir) registrou no primeiro trimestre de 2017 retra\u00e7\u00e3o de 26,82% no volume de emplacamentos de produtos com rela\u00e7\u00e3o aos tr\u00eas primeiros meses de 2016. A ind\u00fastria entregou ao mercado dom\u00e9stico 11.445 unidades ante 15.640 registrados no primeiro trimestre de 2016. &nbsp; No entanto,\u2026 Leia mais \u00bb\" \/>\n<meta property=\"og:url\" content=\"https:\/\/dana.com.br\/canaldana\/2017\/04\/10\/vendas-de-implementos-tem-retracao-de-2682-no-trimestre\/\" \/>\n<meta property=\"og:site_name\" content=\"Canal Dana\" \/>\n<meta property=\"article:published_time\" content=\"2017-04-10T11:11:39+00:00\" \/>\n<meta name=\"author\" content=\"Canal Dana\" \/>\n<meta name=\"twitter:card\" content=\"summary_large_image\" \/>\n<meta name=\"twitter:label1\" content=\"Escrito por\" \/>\n\t<meta name=\"twitter:data1\" content=\"Canal Dana\" \/>\n\t<meta name=\"twitter:label2\" content=\"Est. tempo de leitura\" \/>\n\t<meta name=\"twitter:data2\" content=\"1 minuto\" \/>\n<script type=\"application\/ld+json\" class=\"yoast-schema-graph\">{\"@context\":\"https:\\\/\\\/schema.org\",\"@graph\":[{\"@type\":\"Article\",\"@id\":\"https:\\\/\\\/dana.com.br\\\/canaldana\\\/2017\\\/04\\\/10\\\/vendas-de-implementos-tem-retracao-de-2682-no-trimestre\\\/#article\",\"isPartOf\":{\"@id\":\"https:\\\/\\\/dana.com.br\\\/canaldana\\\/2017\\\/04\\\/10\\\/vendas-de-implementos-tem-retracao-de-2682-no-trimestre\\\/\"},\"author\":{\"name\":\"Canal Dana\",\"@id\":\"https:\\\/\\\/dana.com.br\\\/canaldana\\\/#\\\/schema\\\/person\\\/3c21f22f56fcf3bc46b94bc60ea4fef6\"},\"headline\":\"Vendas de implementos tem retra\u00e7\u00e3o de 26,82% no trimestre\",\"datePublished\":\"2017-04-10T11:11:39+00:00\",\"mainEntityOfPage\":{\"@id\":\"https:\\\/\\\/dana.com.br\\\/canaldana\\\/2017\\\/04\\\/10\\\/vendas-de-implementos-tem-retracao-de-2682-no-trimestre\\\/\"},\"wordCount\":255,\"articleSection\":[\"Mercado\"],\"inLanguage\":\"pt-BR\"},{\"@type\":\"WebPage\",\"@id\":\"https:\\\/\\\/dana.com.br\\\/canaldana\\\/2017\\\/04\\\/10\\\/vendas-de-implementos-tem-retracao-de-2682-no-trimestre\\\/\",\"url\":\"https:\\\/\\\/dana.com.br\\\/canaldana\\\/2017\\\/04\\\/10\\\/vendas-de-implementos-tem-retracao-de-2682-no-trimestre\\\/\",\"name\":\"Vendas de implementos tem retra\u00e7\u00e3o de 26,82% no trimestre - Canal Dana\",\"isPartOf\":{\"@id\":\"https:\\\/\\\/dana.com.br\\\/canaldana\\\/#website\"},\"datePublished\":\"2017-04-10T11:11:39+00:00\",\"author\":{\"@id\":\"https:\\\/\\\/dana.com.br\\\/canaldana\\\/#\\\/schema\\\/person\\\/3c21f22f56fcf3bc46b94bc60ea4fef6\"},\"breadcrumb\":{\"@id\":\"https:\\\/\\\/dana.com.br\\\/canaldana\\\/2017\\\/04\\\/10\\\/vendas-de-implementos-tem-retracao-de-2682-no-trimestre\\\/#breadcrumb\"},\"inLanguage\":\"pt-BR\",\"potentialAction\":[{\"@type\":\"ReadAction\",\"target\":[\"https:\\\/\\\/dana.com.br\\\/canaldana\\\/2017\\\/04\\\/10\\\/vendas-de-implementos-tem-retracao-de-2682-no-trimestre\\\/\"]}]},{\"@type\":\"BreadcrumbList\",\"@id\":\"https:\\\/\\\/dana.com.br\\\/canaldana\\\/2017\\\/04\\\/10\\\/vendas-de-implementos-tem-retracao-de-2682-no-trimestre\\\/#breadcrumb\",\"itemListElement\":[{\"@type\":\"ListItem\",\"position\":1,\"name\":\"Home\",\"item\":\"https:\\\/\\\/dana.com.br\\\/canaldana\\\/\"},{\"@type\":\"ListItem\",\"position\":2,\"name\":\"Mercado\",\"item\":\"https:\\\/\\\/dana.com.br\\\/canaldana\\\/mercado\\\/\"},{\"@type\":\"ListItem\",\"position\":3,\"name\":\"Vendas de implementos tem retra\u00e7\u00e3o de 26,82% no trimestre\"}]},{\"@type\":\"WebSite\",\"@id\":\"https:\\\/\\\/dana.com.br\\\/canaldana\\\/#website\",\"url\":\"https:\\\/\\\/dana.com.br\\\/canaldana\\\/\",\"name\":\"Canal Dana\",\"description\":\"Informativo com as principais not\u00edcias da ind\u00fastria automotiva\",\"potentialAction\":[{\"@type\":\"SearchAction\",\"target\":{\"@type\":\"EntryPoint\",\"urlTemplate\":\"https:\\\/\\\/dana.com.br\\\/canaldana\\\/?s={search_term_string}\"},\"query-input\":{\"@type\":\"PropertyValueSpecification\",\"valueRequired\":true,\"valueName\":\"search_term_string\"}}],\"inLanguage\":\"pt-BR\"},{\"@type\":\"Person\",\"@id\":\"https:\\\/\\\/dana.com.br\\\/canaldana\\\/#\\\/schema\\\/person\\\/3c21f22f56fcf3bc46b94bc60ea4fef6\",\"name\":\"Canal Dana\",\"image\":{\"@type\":\"ImageObject\",\"inLanguage\":\"pt-BR\",\"@id\":\"https:\\\/\\\/secure.gravatar.com\\\/avatar\\\/420aaf9278582877d9018637c6817617705899d2858d7572ef0fe59a6b6454b4?s=96&d=mm&r=g\",\"url\":\"https:\\\/\\\/secure.gravatar.com\\\/avatar\\\/420aaf9278582877d9018637c6817617705899d2858d7572ef0fe59a6b6454b4?s=96&d=mm&r=g\",\"contentUrl\":\"https:\\\/\\\/secure.gravatar.com\\\/avatar\\\/420aaf9278582877d9018637c6817617705899d2858d7572ef0fe59a6b6454b4?s=96&d=mm&r=g\",\"caption\":\"Canal Dana\"},\"url\":\"https:\\\/\\\/dana.com.br\\\/canaldana\\\/author\\\/cdeditor\\\/\"}]}<\/script>\n<!-- \/ Yoast SEO plugin. -->","yoast_head_json":{"title":"Vendas de implementos tem retra\u00e7\u00e3o de 26,82% no trimestre - Canal Dana","robots":{"index":"index","follow":"follow","max-snippet":"max-snippet:-1","max-image-preview":"max-image-preview:large","max-video-preview":"max-video-preview:-1"},"canonical":"https:\/\/dana.com.br\/canaldana\/2017\/04\/10\/vendas-de-implementos-tem-retracao-de-2682-no-trimestre\/","og_locale":"pt_BR","og_type":"article","og_title":"Vendas de implementos tem retra\u00e7\u00e3o de 26,82% no trimestre - Canal Dana","og_description":"Frota &amp; Cia &nbsp; A Associa\u00e7\u00e3o Nacional dos Fabricantes de Implementos Rodovi\u00e1rios (Anfir) registrou no primeiro trimestre de 2017 retra\u00e7\u00e3o de 26,82% no volume de emplacamentos de produtos com rela\u00e7\u00e3o aos tr\u00eas primeiros meses de 2016. A ind\u00fastria entregou ao mercado dom\u00e9stico 11.445 unidades ante 15.640 registrados no primeiro trimestre de 2016. &nbsp; No entanto,\u2026 Leia mais \u00bb","og_url":"https:\/\/dana.com.br\/canaldana\/2017\/04\/10\/vendas-de-implementos-tem-retracao-de-2682-no-trimestre\/","og_site_name":"Canal Dana","article_published_time":"2017-04-10T11:11:39+00:00","author":"Canal Dana","twitter_card":"summary_large_image","twitter_misc":{"Escrito por":"Canal Dana","Est. tempo de leitura":"1 minuto"},"schema":{"@context":"https:\/\/schema.org","@graph":[{"@type":"Article","@id":"https:\/\/dana.com.br\/canaldana\/2017\/04\/10\/vendas-de-implementos-tem-retracao-de-2682-no-trimestre\/#article","isPartOf":{"@id":"https:\/\/dana.com.br\/canaldana\/2017\/04\/10\/vendas-de-implementos-tem-retracao-de-2682-no-trimestre\/"},"author":{"name":"Canal Dana","@id":"https:\/\/dana.com.br\/canaldana\/#\/schema\/person\/3c21f22f56fcf3bc46b94bc60ea4fef6"},"headline":"Vendas de implementos tem retra\u00e7\u00e3o de 26,82% no trimestre","datePublished":"2017-04-10T11:11:39+00:00","mainEntityOfPage":{"@id":"https:\/\/dana.com.br\/canaldana\/2017\/04\/10\/vendas-de-implementos-tem-retracao-de-2682-no-trimestre\/"},"wordCount":255,"articleSection":["Mercado"],"inLanguage":"pt-BR"},{"@type":"WebPage","@id":"https:\/\/dana.com.br\/canaldana\/2017\/04\/10\/vendas-de-implementos-tem-retracao-de-2682-no-trimestre\/","url":"https:\/\/dana.com.br\/canaldana\/2017\/04\/10\/vendas-de-implementos-tem-retracao-de-2682-no-trimestre\/","name":"Vendas de implementos tem retra\u00e7\u00e3o de 26,82% no trimestre - Canal Dana","isPartOf":{"@id":"https:\/\/dana.com.br\/canaldana\/#website"},"datePublished":"2017-04-10T11:11:39+00:00","author":{"@id":"https:\/\/dana.com.br\/canaldana\/#\/schema\/person\/3c21f22f56fcf3bc46b94bc60ea4fef6"},"breadcrumb":{"@id":"https:\/\/dana.com.br\/canaldana\/2017\/04\/10\/vendas-de-implementos-tem-retracao-de-2682-no-trimestre\/#breadcrumb"},"inLanguage":"pt-BR","potentialAction":[{"@type":"ReadAction","target":["https:\/\/dana.com.br\/canaldana\/2017\/04\/10\/vendas-de-implementos-tem-retracao-de-2682-no-trimestre\/"]}]},{"@type":"BreadcrumbList","@id":"https:\/\/dana.com.br\/canaldana\/2017\/04\/10\/vendas-de-implementos-tem-retracao-de-2682-no-trimestre\/#breadcrumb","itemListElement":[{"@type":"ListItem","position":1,"name":"Home","item":"https:\/\/dana.com.br\/canaldana\/"},{"@type":"ListItem","position":2,"name":"Mercado","item":"https:\/\/dana.com.br\/canaldana\/mercado\/"},{"@type":"ListItem","position":3,"name":"Vendas de implementos tem retra\u00e7\u00e3o de 26,82% no trimestre"}]},{"@type":"WebSite","@id":"https:\/\/dana.com.br\/canaldana\/#website","url":"https:\/\/dana.com.br\/canaldana\/","name":"Canal Dana","description":"Informativo com as principais not\u00edcias da ind\u00fastria automotiva","potentialAction":[{"@type":"SearchAction","target":{"@type":"EntryPoint","urlTemplate":"https:\/\/dana.com.br\/canaldana\/?s={search_term_string}"},"query-input":{"@type":"PropertyValueSpecification","valueRequired":true,"valueName":"search_term_string"}}],"inLanguage":"pt-BR"},{"@type":"Person","@id":"https:\/\/dana.com.br\/canaldana\/#\/schema\/person\/3c21f22f56fcf3bc46b94bc60ea4fef6","name":"Canal Dana","image":{"@type":"ImageObject","inLanguage":"pt-BR","@id":"https:\/\/secure.gravatar.com\/avatar\/420aaf9278582877d9018637c6817617705899d2858d7572ef0fe59a6b6454b4?s=96&d=mm&r=g","url":"https:\/\/secure.gravatar.com\/avatar\/420aaf9278582877d9018637c6817617705899d2858d7572ef0fe59a6b6454b4?s=96&d=mm&r=g","contentUrl":"https:\/\/secure.gravatar.com\/avatar\/420aaf9278582877d9018637c6817617705899d2858d7572ef0fe59a6b6454b4?s=96&d=mm&r=g","caption":"Canal Dana"},"url":"https:\/\/dana.com.br\/canaldana\/author\/cdeditor\/"}]}},"_links":{"self":[{"href":"https:\/\/dana.com.br\/canaldana\/wp-json\/wp\/v2\/posts\/16105","targetHints":{"allow":["GET"]}}],"collection":[{"href":"https:\/\/dana.com.br\/canaldana\/wp-json\/wp\/v2\/posts"}],"about":[{"href":"https:\/\/dana.com.br\/canaldana\/wp-json\/wp\/v2\/types\/post"}],"author":[{"embeddable":true,"href":"https:\/\/dana.com.br\/canaldana\/wp-json\/wp\/v2\/users\/3"}],"replies":[{"embeddable":true,"href":"https:\/\/dana.com.br\/canaldana\/wp-json\/wp\/v2\/comments?post=16105"}],"version-history":[{"count":0,"href":"https:\/\/dana.com.br\/canaldana\/wp-json\/wp\/v2\/posts\/16105\/revisions"}],"wp:attachment":[{"href":"https:\/\/dana.com.br\/canaldana\/wp-json\/wp\/v2\/media?parent=16105"}],"wp:term":[{"taxonomy":"category","embeddable":true,"href":"https:\/\/dana.com.br\/canaldana\/wp-json\/wp\/v2\/categories?post=16105"},{"taxonomy":"post_tag","embeddable":true,"href":"https:\/\/dana.com.br\/canaldana\/wp-json\/wp\/v2\/tags?post=16105"}],"curies":[{"name":"wp","href":"https:\/\/api.w.org\/{rel}","templated":true}]}}