{"id":16098,"date":"2017-04-07T08:32:28","date_gmt":"2017-04-07T11:32:28","guid":{"rendered":"http:\/\/dana.com.br\/canaldana\/?p=16098"},"modified":"2017-04-07T08:32:28","modified_gmt":"2017-04-07T11:32:28","slug":"producao-de-veiculos-no-brasil-cresceu-24","status":"publish","type":"post","link":"https:\/\/dana.com.br\/canaldana\/2017\/04\/07\/producao-de-veiculos-no-brasil-cresceu-24\/","title":{"rendered":"Produ\u00e7\u00e3o de ve\u00edculos no Brasil cresceu 24%"},"content":{"rendered":"<p><em>O Estado de S. Paulo<\/em><\/p>\n<p>&nbsp;<\/p>\n<p>Com alta de 70% nas exporta\u00e7\u00f5es no primeiro trimestre em rela\u00e7\u00e3o a 2016, puxada principalmente pelo mercado argentino, as montadoras registraram crescimento de 24% na produ\u00e7\u00e3o, para 609,8 mil ve\u00edculos. S\u00f3 em mar\u00e7o foram produzidas 234,7 mil unidades, o melhor resultado mensal em dois anos.<\/p>\n<p>&nbsp;<\/p>\n<p>O presidente da Associa\u00e7\u00e3o Nacional dos Fabricantes de Ve\u00edculos Automotores (Anfavea), Antonio Megale, comemora o resultado anunciado ontem, mas ressalta que ainda est\u00e1 longe de reduzir a ociosidade das f\u00e1bricas, na casa dos 50% para o setor como um todo e de mais de 70% s\u00f3 para o segmento de caminh\u00f5es.<\/p>\n<p>&nbsp;<\/p>\n<p>Apesar de crescer pelo terceiro m\u00eas seguido, a produ\u00e7\u00e3o n\u00e3o teve impacto no n\u00edvel de emprego. Em 12 meses, as montadoras de ve\u00edculos fecharam quase 10 mil postos, n\u00famero que cai para 7,8 mil quando considerado o segmento de m\u00e1quinas agr\u00edcolas, que gerou 2,1 mil postos.<\/p>\n<p>&nbsp;<\/p>\n<p>Segundo Megale, a ind\u00fastria realiza forte trabalho de aumento da produtividade para melhorar sua competitividade. Ressalta ainda ser necess\u00e1rio mais alguns meses de crescimento robusto de produ\u00e7\u00e3o para que a queda de vagas se reverta.<\/p>\n<p>&nbsp;<\/p>\n<p>O setor emprega 121 mil trabalhadores, dos quais 9.074 operam com jornada de trabalho reduzida e 1.562 est\u00e3o com os contratos suspensos (lay-off).<\/p>\n<p>&nbsp;<\/p>\n<p>As vendas internas tamb\u00e9m melhoraram em mar\u00e7o e somaram 189,1 mil ve\u00edculos. Foi a primeira alta anual em 26 meses. O resultado do trimestre, contudo, \u00e9 o pior em dez anos, com 472 mil autom\u00f3veis, comerciais leves, caminh\u00f5es e \u00f4nibus vendidos, queda de 1,9% ante 2016.<\/p>\n<p>&nbsp;<\/p>\n<p><strong>Argentina<\/strong><\/p>\n<p>&nbsp;<\/p>\n<p>As exporta\u00e7\u00f5es somam 172,7 mil unidades de janeiro a mar\u00e7o, o equivalente a 28% da produ\u00e7\u00e3o do per\u00edodo. \u201cFoi o melhor trimestre da hist\u00f3ria\u201d, diz Megale, para quem os acordos comerciais fechados com Uruguai e Chile ajudam no desempenho. Mas o grosso dos neg\u00f3cios vem da Argentina, mercado que este ano deve registrar consumo recorde de cerca de 900 mil ve\u00edculos.<\/p>\n<p>&nbsp;<\/p>\n<p>Mantendo o ritmo atual e com novos acordos, a Anfavea acredita que as exporta\u00e7\u00f5es brasileiras ser\u00e3o recorde. Em valores, h\u00e1 um crescimento de 51% at\u00e9 agora, para US$ 3,3 bilh\u00f5es.<\/p>\n<p>&nbsp;<\/p>\n<p>Megale ressalta que o desempenho do setor depende do cen\u00e1rio econ\u00f4mico e pol\u00edtico e torce para que as reformas sejam aprovadas. Tamb\u00e9m espera que o presidente Michel Temer permane\u00e7a no cargo, pois sua sa\u00edda levaria a um novo cen\u00e1rio de desconfian\u00e7a de investidores e queda de investimentos.<\/p>\n<p>&nbsp;<\/p>\n<p>A Anfavea negocia com o governo\u00a0 a nova politica industrial em substitui\u00e7\u00e3o ao Inovar-Auto, que vence em dezembro. Um dos pontos em discuss\u00e3o \u00e9 o corte de imposto para pe\u00e7as importadas pelas f\u00e1bricas rec\u00e9m-instaladas (Audi, BMW, Land Rover e Mercedes-Benz). As marcas de luxo temem que o fim da isen\u00e7\u00e3o de 30 pontos porcentuais do IPI para carros feito no Pa\u00eds inviabilize novos projetos. (O Estado de S. Paulo\/Cleide Silva)<\/p>\n","protected":false},"excerpt":{"rendered":"<p>O Estado de S. Paulo &nbsp; Com alta de 70% nas exporta\u00e7\u00f5es no primeiro trimestre em rela\u00e7\u00e3o a 2016, puxada principalmente pelo mercado argentino, as montadoras registraram crescimento de 24% na produ\u00e7\u00e3o, para 609,8 mil ve\u00edculos. S\u00f3 em mar\u00e7o foram produzidas 234,7 mil unidades, o melhor resultado mensal em dois anos. &nbsp; O presidente da\u2026 <a class=\"readmore\" href=\"https:\/\/dana.com.br\/canaldana\/2017\/04\/07\/producao-de-veiculos-no-brasil-cresceu-24\/\">Leia mais \u00bb<\/a><\/p>\n","protected":false},"author":3,"featured_media":0,"comment_status":"closed","ping_status":"closed","sticky":false,"template":"","format":"standard","meta":{"_acf_changed":false,"footnotes":""},"categories":[61],"tags":[],"class_list":["post-16098","post","type-post","status-publish","format-standard","hentry","category-destaques"],"acf":[],"yoast_head":"<!-- This site is optimized with the Yoast SEO plugin v27.3 - https:\/\/yoast.com\/product\/yoast-seo-wordpress\/ -->\n<title>Produ\u00e7\u00e3o de ve\u00edculos no Brasil cresceu 24% - Canal Dana<\/title>\n<meta name=\"robots\" content=\"index, follow, max-snippet:-1, max-image-preview:large, max-video-preview:-1\" \/>\n<link rel=\"canonical\" href=\"https:\/\/dana.com.br\/canaldana\/2017\/04\/07\/producao-de-veiculos-no-brasil-cresceu-24\/\" \/>\n<meta property=\"og:locale\" content=\"pt_BR\" \/>\n<meta property=\"og:type\" content=\"article\" \/>\n<meta property=\"og:title\" content=\"Produ\u00e7\u00e3o de ve\u00edculos no Brasil cresceu 24% - Canal Dana\" \/>\n<meta property=\"og:description\" content=\"O Estado de S. Paulo &nbsp; Com alta de 70% nas exporta\u00e7\u00f5es no primeiro trimestre em rela\u00e7\u00e3o a 2016, puxada principalmente pelo mercado argentino, as montadoras registraram crescimento de 24% na produ\u00e7\u00e3o, para 609,8 mil ve\u00edculos. S\u00f3 em mar\u00e7o foram produzidas 234,7 mil unidades, o melhor resultado mensal em dois anos. &nbsp; O presidente da\u2026 Leia mais \u00bb\" \/>\n<meta property=\"og:url\" content=\"https:\/\/dana.com.br\/canaldana\/2017\/04\/07\/producao-de-veiculos-no-brasil-cresceu-24\/\" \/>\n<meta property=\"og:site_name\" content=\"Canal Dana\" \/>\n<meta property=\"article:published_time\" content=\"2017-04-07T11:32:28+00:00\" \/>\n<meta name=\"author\" content=\"Canal Dana\" \/>\n<meta name=\"twitter:card\" content=\"summary_large_image\" \/>\n<meta name=\"twitter:label1\" content=\"Escrito por\" \/>\n\t<meta name=\"twitter:data1\" content=\"Canal Dana\" \/>\n\t<meta name=\"twitter:label2\" content=\"Est. tempo de leitura\" \/>\n\t<meta name=\"twitter:data2\" content=\"2 minutos\" \/>\n<script type=\"application\/ld+json\" class=\"yoast-schema-graph\">{\"@context\":\"https:\\\/\\\/schema.org\",\"@graph\":[{\"@type\":\"Article\",\"@id\":\"https:\\\/\\\/dana.com.br\\\/canaldana\\\/2017\\\/04\\\/07\\\/producao-de-veiculos-no-brasil-cresceu-24\\\/#article\",\"isPartOf\":{\"@id\":\"https:\\\/\\\/dana.com.br\\\/canaldana\\\/2017\\\/04\\\/07\\\/producao-de-veiculos-no-brasil-cresceu-24\\\/\"},\"author\":{\"name\":\"Canal Dana\",\"@id\":\"https:\\\/\\\/dana.com.br\\\/canaldana\\\/#\\\/schema\\\/person\\\/3c21f22f56fcf3bc46b94bc60ea4fef6\"},\"headline\":\"Produ\u00e7\u00e3o de ve\u00edculos no Brasil cresceu 24%\",\"datePublished\":\"2017-04-07T11:32:28+00:00\",\"mainEntityOfPage\":{\"@id\":\"https:\\\/\\\/dana.com.br\\\/canaldana\\\/2017\\\/04\\\/07\\\/producao-de-veiculos-no-brasil-cresceu-24\\\/\"},\"wordCount\":504,\"articleSection\":[\"Destaques\"],\"inLanguage\":\"pt-BR\"},{\"@type\":\"WebPage\",\"@id\":\"https:\\\/\\\/dana.com.br\\\/canaldana\\\/2017\\\/04\\\/07\\\/producao-de-veiculos-no-brasil-cresceu-24\\\/\",\"url\":\"https:\\\/\\\/dana.com.br\\\/canaldana\\\/2017\\\/04\\\/07\\\/producao-de-veiculos-no-brasil-cresceu-24\\\/\",\"name\":\"Produ\u00e7\u00e3o de ve\u00edculos no Brasil cresceu 24% - Canal Dana\",\"isPartOf\":{\"@id\":\"https:\\\/\\\/dana.com.br\\\/canaldana\\\/#website\"},\"datePublished\":\"2017-04-07T11:32:28+00:00\",\"author\":{\"@id\":\"https:\\\/\\\/dana.com.br\\\/canaldana\\\/#\\\/schema\\\/person\\\/3c21f22f56fcf3bc46b94bc60ea4fef6\"},\"breadcrumb\":{\"@id\":\"https:\\\/\\\/dana.com.br\\\/canaldana\\\/2017\\\/04\\\/07\\\/producao-de-veiculos-no-brasil-cresceu-24\\\/#breadcrumb\"},\"inLanguage\":\"pt-BR\",\"potentialAction\":[{\"@type\":\"ReadAction\",\"target\":[\"https:\\\/\\\/dana.com.br\\\/canaldana\\\/2017\\\/04\\\/07\\\/producao-de-veiculos-no-brasil-cresceu-24\\\/\"]}]},{\"@type\":\"BreadcrumbList\",\"@id\":\"https:\\\/\\\/dana.com.br\\\/canaldana\\\/2017\\\/04\\\/07\\\/producao-de-veiculos-no-brasil-cresceu-24\\\/#breadcrumb\",\"itemListElement\":[{\"@type\":\"ListItem\",\"position\":1,\"name\":\"Home\",\"item\":\"https:\\\/\\\/dana.com.br\\\/canaldana\\\/\"},{\"@type\":\"ListItem\",\"position\":2,\"name\":\"Destaques\",\"item\":\"https:\\\/\\\/dana.com.br\\\/canaldana\\\/destaques\\\/\"},{\"@type\":\"ListItem\",\"position\":3,\"name\":\"Produ\u00e7\u00e3o de ve\u00edculos no Brasil cresceu 24%\"}]},{\"@type\":\"WebSite\",\"@id\":\"https:\\\/\\\/dana.com.br\\\/canaldana\\\/#website\",\"url\":\"https:\\\/\\\/dana.com.br\\\/canaldana\\\/\",\"name\":\"Canal Dana\",\"description\":\"Informativo com as principais not\u00edcias da ind\u00fastria automotiva\",\"potentialAction\":[{\"@type\":\"SearchAction\",\"target\":{\"@type\":\"EntryPoint\",\"urlTemplate\":\"https:\\\/\\\/dana.com.br\\\/canaldana\\\/?s={search_term_string}\"},\"query-input\":{\"@type\":\"PropertyValueSpecification\",\"valueRequired\":true,\"valueName\":\"search_term_string\"}}],\"inLanguage\":\"pt-BR\"},{\"@type\":\"Person\",\"@id\":\"https:\\\/\\\/dana.com.br\\\/canaldana\\\/#\\\/schema\\\/person\\\/3c21f22f56fcf3bc46b94bc60ea4fef6\",\"name\":\"Canal Dana\",\"image\":{\"@type\":\"ImageObject\",\"inLanguage\":\"pt-BR\",\"@id\":\"https:\\\/\\\/secure.gravatar.com\\\/avatar\\\/420aaf9278582877d9018637c6817617705899d2858d7572ef0fe59a6b6454b4?s=96&d=mm&r=g\",\"url\":\"https:\\\/\\\/secure.gravatar.com\\\/avatar\\\/420aaf9278582877d9018637c6817617705899d2858d7572ef0fe59a6b6454b4?s=96&d=mm&r=g\",\"contentUrl\":\"https:\\\/\\\/secure.gravatar.com\\\/avatar\\\/420aaf9278582877d9018637c6817617705899d2858d7572ef0fe59a6b6454b4?s=96&d=mm&r=g\",\"caption\":\"Canal Dana\"},\"url\":\"https:\\\/\\\/dana.com.br\\\/canaldana\\\/author\\\/cdeditor\\\/\"}]}<\/script>\n<!-- \/ Yoast SEO plugin. -->","yoast_head_json":{"title":"Produ\u00e7\u00e3o de ve\u00edculos no Brasil cresceu 24% - Canal Dana","robots":{"index":"index","follow":"follow","max-snippet":"max-snippet:-1","max-image-preview":"max-image-preview:large","max-video-preview":"max-video-preview:-1"},"canonical":"https:\/\/dana.com.br\/canaldana\/2017\/04\/07\/producao-de-veiculos-no-brasil-cresceu-24\/","og_locale":"pt_BR","og_type":"article","og_title":"Produ\u00e7\u00e3o de ve\u00edculos no Brasil cresceu 24% - Canal Dana","og_description":"O Estado de S. Paulo &nbsp; Com alta de 70% nas exporta\u00e7\u00f5es no primeiro trimestre em rela\u00e7\u00e3o a 2016, puxada principalmente pelo mercado argentino, as montadoras registraram crescimento de 24% na produ\u00e7\u00e3o, para 609,8 mil ve\u00edculos. S\u00f3 em mar\u00e7o foram produzidas 234,7 mil unidades, o melhor resultado mensal em dois anos. &nbsp; O presidente da\u2026 Leia mais \u00bb","og_url":"https:\/\/dana.com.br\/canaldana\/2017\/04\/07\/producao-de-veiculos-no-brasil-cresceu-24\/","og_site_name":"Canal Dana","article_published_time":"2017-04-07T11:32:28+00:00","author":"Canal Dana","twitter_card":"summary_large_image","twitter_misc":{"Escrito por":"Canal Dana","Est. tempo de leitura":"2 minutos"},"schema":{"@context":"https:\/\/schema.org","@graph":[{"@type":"Article","@id":"https:\/\/dana.com.br\/canaldana\/2017\/04\/07\/producao-de-veiculos-no-brasil-cresceu-24\/#article","isPartOf":{"@id":"https:\/\/dana.com.br\/canaldana\/2017\/04\/07\/producao-de-veiculos-no-brasil-cresceu-24\/"},"author":{"name":"Canal Dana","@id":"https:\/\/dana.com.br\/canaldana\/#\/schema\/person\/3c21f22f56fcf3bc46b94bc60ea4fef6"},"headline":"Produ\u00e7\u00e3o de ve\u00edculos no Brasil cresceu 24%","datePublished":"2017-04-07T11:32:28+00:00","mainEntityOfPage":{"@id":"https:\/\/dana.com.br\/canaldana\/2017\/04\/07\/producao-de-veiculos-no-brasil-cresceu-24\/"},"wordCount":504,"articleSection":["Destaques"],"inLanguage":"pt-BR"},{"@type":"WebPage","@id":"https:\/\/dana.com.br\/canaldana\/2017\/04\/07\/producao-de-veiculos-no-brasil-cresceu-24\/","url":"https:\/\/dana.com.br\/canaldana\/2017\/04\/07\/producao-de-veiculos-no-brasil-cresceu-24\/","name":"Produ\u00e7\u00e3o de ve\u00edculos no Brasil cresceu 24% - Canal Dana","isPartOf":{"@id":"https:\/\/dana.com.br\/canaldana\/#website"},"datePublished":"2017-04-07T11:32:28+00:00","author":{"@id":"https:\/\/dana.com.br\/canaldana\/#\/schema\/person\/3c21f22f56fcf3bc46b94bc60ea4fef6"},"breadcrumb":{"@id":"https:\/\/dana.com.br\/canaldana\/2017\/04\/07\/producao-de-veiculos-no-brasil-cresceu-24\/#breadcrumb"},"inLanguage":"pt-BR","potentialAction":[{"@type":"ReadAction","target":["https:\/\/dana.com.br\/canaldana\/2017\/04\/07\/producao-de-veiculos-no-brasil-cresceu-24\/"]}]},{"@type":"BreadcrumbList","@id":"https:\/\/dana.com.br\/canaldana\/2017\/04\/07\/producao-de-veiculos-no-brasil-cresceu-24\/#breadcrumb","itemListElement":[{"@type":"ListItem","position":1,"name":"Home","item":"https:\/\/dana.com.br\/canaldana\/"},{"@type":"ListItem","position":2,"name":"Destaques","item":"https:\/\/dana.com.br\/canaldana\/destaques\/"},{"@type":"ListItem","position":3,"name":"Produ\u00e7\u00e3o de ve\u00edculos no Brasil cresceu 24%"}]},{"@type":"WebSite","@id":"https:\/\/dana.com.br\/canaldana\/#website","url":"https:\/\/dana.com.br\/canaldana\/","name":"Canal Dana","description":"Informativo com as principais not\u00edcias da ind\u00fastria automotiva","potentialAction":[{"@type":"SearchAction","target":{"@type":"EntryPoint","urlTemplate":"https:\/\/dana.com.br\/canaldana\/?s={search_term_string}"},"query-input":{"@type":"PropertyValueSpecification","valueRequired":true,"valueName":"search_term_string"}}],"inLanguage":"pt-BR"},{"@type":"Person","@id":"https:\/\/dana.com.br\/canaldana\/#\/schema\/person\/3c21f22f56fcf3bc46b94bc60ea4fef6","name":"Canal Dana","image":{"@type":"ImageObject","inLanguage":"pt-BR","@id":"https:\/\/secure.gravatar.com\/avatar\/420aaf9278582877d9018637c6817617705899d2858d7572ef0fe59a6b6454b4?s=96&d=mm&r=g","url":"https:\/\/secure.gravatar.com\/avatar\/420aaf9278582877d9018637c6817617705899d2858d7572ef0fe59a6b6454b4?s=96&d=mm&r=g","contentUrl":"https:\/\/secure.gravatar.com\/avatar\/420aaf9278582877d9018637c6817617705899d2858d7572ef0fe59a6b6454b4?s=96&d=mm&r=g","caption":"Canal Dana"},"url":"https:\/\/dana.com.br\/canaldana\/author\/cdeditor\/"}]}},"_links":{"self":[{"href":"https:\/\/dana.com.br\/canaldana\/wp-json\/wp\/v2\/posts\/16098","targetHints":{"allow":["GET"]}}],"collection":[{"href":"https:\/\/dana.com.br\/canaldana\/wp-json\/wp\/v2\/posts"}],"about":[{"href":"https:\/\/dana.com.br\/canaldana\/wp-json\/wp\/v2\/types\/post"}],"author":[{"embeddable":true,"href":"https:\/\/dana.com.br\/canaldana\/wp-json\/wp\/v2\/users\/3"}],"replies":[{"embeddable":true,"href":"https:\/\/dana.com.br\/canaldana\/wp-json\/wp\/v2\/comments?post=16098"}],"version-history":[{"count":0,"href":"https:\/\/dana.com.br\/canaldana\/wp-json\/wp\/v2\/posts\/16098\/revisions"}],"wp:attachment":[{"href":"https:\/\/dana.com.br\/canaldana\/wp-json\/wp\/v2\/media?parent=16098"}],"wp:term":[{"taxonomy":"category","embeddable":true,"href":"https:\/\/dana.com.br\/canaldana\/wp-json\/wp\/v2\/categories?post=16098"},{"taxonomy":"post_tag","embeddable":true,"href":"https:\/\/dana.com.br\/canaldana\/wp-json\/wp\/v2\/tags?post=16098"}],"curies":[{"name":"wp","href":"https:\/\/api.w.org\/{rel}","templated":true}]}}