{"id":16096,"date":"2017-04-07T08:30:09","date_gmt":"2017-04-07T11:30:09","guid":{"rendered":"http:\/\/dana.com.br\/canaldana\/?p=16096"},"modified":"2017-04-07T08:30:09","modified_gmt":"2017-04-07T11:30:09","slug":"venda-de-carros-importados-cai-26-em-marco","status":"publish","type":"post","link":"https:\/\/dana.com.br\/canaldana\/2017\/04\/07\/venda-de-carros-importados-cai-26-em-marco\/","title":{"rendered":"Venda de carros importados cai 26% em mar\u00e7o"},"content":{"rendered":"<p><em>Gazeta do Povo<\/em><\/p>\n<p>&nbsp;<\/p>\n<p>As dezoito marcas de ve\u00edculos importados filiadas \u00e0 Abeifa (Associa\u00e7\u00e3o Brasileira das Empresas Importadoras e Fabricantes de Ve\u00edculos Automotores) tiveram uma redu\u00e7\u00e3o de 26% nas vendas em mar\u00e7o. Foram comercializadas 2.453 unidades contra 3.317 de mar\u00e7o de 2016. No acumulado do ano (janeiro-mar\u00e7o), a retra\u00e7\u00e3o foi de 38,3%, 6.084 unidades em 2017 contra 9.860 nos tr\u00eas primeiros tr\u00eas meses do ano passado.<\/p>\n<p>&nbsp;<\/p>\n<p>Comparado a fevereiro deste ano, o volume de vendas de mar\u00e7o representou uma alta de 45,5%, mas isso n\u00e3o animou o setor porque o m\u00eas passado teve 18 dias \u00fateis contra 23 de mar\u00e7o, o que significaram vendas di\u00e1rias \u2013 respectivamente \u2013 de 93,6 unidades e 106,6 ve\u00edculos, alta proporcional de apenas 13,9%, segundo a Abeifa. Entre as marcas associadas \u00e0 entidade, que tamb\u00e9m t\u00eam produ\u00e7\u00e3o nacional, est\u00e3o BMW, Chery, Land Rover, Mini e Suzuki.<\/p>\n<p>&nbsp;<\/p>\n<p>Proporcionalmente, Curitiba \u00e9 a capital onde mais se vendem carros importados. De acordo com um empres\u00e1rio do ramo ouvido pelo blog, que s\u00f3 trabalha com marcas premium, toda crise no setor \u00e9 mais suave aqui. \u201cO curitibano curte autom\u00f3vel importado e tem poder aquisitivo maior do que outras capitais, como Porto Alegre e Rio de Janeiro\u201d, diz. (Gazeta do Povo\/Reinaldo Bessa)<\/p>\n","protected":false},"excerpt":{"rendered":"<p>Gazeta do Povo &nbsp; As dezoito marcas de ve\u00edculos importados filiadas \u00e0 Abeifa (Associa\u00e7\u00e3o Brasileira das Empresas Importadoras e Fabricantes de Ve\u00edculos Automotores) tiveram uma redu\u00e7\u00e3o de 26% nas vendas em mar\u00e7o. Foram comercializadas 2.453 unidades contra 3.317 de mar\u00e7o de 2016. No acumulado do ano (janeiro-mar\u00e7o), a retra\u00e7\u00e3o foi de 38,3%, 6.084 unidades em\u2026 <a class=\"readmore\" href=\"https:\/\/dana.com.br\/canaldana\/2017\/04\/07\/venda-de-carros-importados-cai-26-em-marco\/\">Leia mais \u00bb<\/a><\/p>\n","protected":false},"author":3,"featured_media":0,"comment_status":"closed","ping_status":"closed","sticky":false,"template":"","format":"standard","meta":{"_acf_changed":false,"footnotes":""},"categories":[61],"tags":[],"class_list":["post-16096","post","type-post","status-publish","format-standard","hentry","category-destaques"],"acf":[],"yoast_head":"<!-- This site is optimized with the Yoast SEO plugin v27.3 - https:\/\/yoast.com\/product\/yoast-seo-wordpress\/ -->\n<title>Venda de carros importados cai 26% em mar\u00e7o - Canal Dana<\/title>\n<meta name=\"robots\" content=\"index, follow, max-snippet:-1, max-image-preview:large, max-video-preview:-1\" \/>\n<link rel=\"canonical\" href=\"https:\/\/dana.com.br\/canaldana\/2017\/04\/07\/venda-de-carros-importados-cai-26-em-marco\/\" \/>\n<meta property=\"og:locale\" content=\"pt_BR\" \/>\n<meta property=\"og:type\" content=\"article\" \/>\n<meta property=\"og:title\" content=\"Venda de carros importados cai 26% em mar\u00e7o - Canal Dana\" \/>\n<meta property=\"og:description\" content=\"Gazeta do Povo &nbsp; As dezoito marcas de ve\u00edculos importados filiadas \u00e0 Abeifa (Associa\u00e7\u00e3o Brasileira das Empresas Importadoras e Fabricantes de Ve\u00edculos Automotores) tiveram uma redu\u00e7\u00e3o de 26% nas vendas em mar\u00e7o. Foram comercializadas 2.453 unidades contra 3.317 de mar\u00e7o de 2016. No acumulado do ano (janeiro-mar\u00e7o), a retra\u00e7\u00e3o foi de 38,3%, 6.084 unidades em\u2026 Leia mais \u00bb\" \/>\n<meta property=\"og:url\" content=\"https:\/\/dana.com.br\/canaldana\/2017\/04\/07\/venda-de-carros-importados-cai-26-em-marco\/\" \/>\n<meta property=\"og:site_name\" content=\"Canal Dana\" \/>\n<meta property=\"article:published_time\" content=\"2017-04-07T11:30:09+00:00\" \/>\n<meta name=\"author\" content=\"Canal Dana\" \/>\n<meta name=\"twitter:card\" content=\"summary_large_image\" \/>\n<meta name=\"twitter:label1\" content=\"Escrito por\" \/>\n\t<meta name=\"twitter:data1\" content=\"Canal Dana\" \/>\n\t<meta name=\"twitter:label2\" content=\"Est. tempo de leitura\" \/>\n\t<meta name=\"twitter:data2\" content=\"1 minuto\" \/>\n<script type=\"application\/ld+json\" class=\"yoast-schema-graph\">{\"@context\":\"https:\\\/\\\/schema.org\",\"@graph\":[{\"@type\":\"Article\",\"@id\":\"https:\\\/\\\/dana.com.br\\\/canaldana\\\/2017\\\/04\\\/07\\\/venda-de-carros-importados-cai-26-em-marco\\\/#article\",\"isPartOf\":{\"@id\":\"https:\\\/\\\/dana.com.br\\\/canaldana\\\/2017\\\/04\\\/07\\\/venda-de-carros-importados-cai-26-em-marco\\\/\"},\"author\":{\"name\":\"Canal Dana\",\"@id\":\"https:\\\/\\\/dana.com.br\\\/canaldana\\\/#\\\/schema\\\/person\\\/3c21f22f56fcf3bc46b94bc60ea4fef6\"},\"headline\":\"Venda de carros importados cai 26% em mar\u00e7o\",\"datePublished\":\"2017-04-07T11:30:09+00:00\",\"mainEntityOfPage\":{\"@id\":\"https:\\\/\\\/dana.com.br\\\/canaldana\\\/2017\\\/04\\\/07\\\/venda-de-carros-importados-cai-26-em-marco\\\/\"},\"wordCount\":215,\"articleSection\":[\"Destaques\"],\"inLanguage\":\"pt-BR\"},{\"@type\":\"WebPage\",\"@id\":\"https:\\\/\\\/dana.com.br\\\/canaldana\\\/2017\\\/04\\\/07\\\/venda-de-carros-importados-cai-26-em-marco\\\/\",\"url\":\"https:\\\/\\\/dana.com.br\\\/canaldana\\\/2017\\\/04\\\/07\\\/venda-de-carros-importados-cai-26-em-marco\\\/\",\"name\":\"Venda de carros importados cai 26% em mar\u00e7o - Canal Dana\",\"isPartOf\":{\"@id\":\"https:\\\/\\\/dana.com.br\\\/canaldana\\\/#website\"},\"datePublished\":\"2017-04-07T11:30:09+00:00\",\"author\":{\"@id\":\"https:\\\/\\\/dana.com.br\\\/canaldana\\\/#\\\/schema\\\/person\\\/3c21f22f56fcf3bc46b94bc60ea4fef6\"},\"breadcrumb\":{\"@id\":\"https:\\\/\\\/dana.com.br\\\/canaldana\\\/2017\\\/04\\\/07\\\/venda-de-carros-importados-cai-26-em-marco\\\/#breadcrumb\"},\"inLanguage\":\"pt-BR\",\"potentialAction\":[{\"@type\":\"ReadAction\",\"target\":[\"https:\\\/\\\/dana.com.br\\\/canaldana\\\/2017\\\/04\\\/07\\\/venda-de-carros-importados-cai-26-em-marco\\\/\"]}]},{\"@type\":\"BreadcrumbList\",\"@id\":\"https:\\\/\\\/dana.com.br\\\/canaldana\\\/2017\\\/04\\\/07\\\/venda-de-carros-importados-cai-26-em-marco\\\/#breadcrumb\",\"itemListElement\":[{\"@type\":\"ListItem\",\"position\":1,\"name\":\"Home\",\"item\":\"https:\\\/\\\/dana.com.br\\\/canaldana\\\/\"},{\"@type\":\"ListItem\",\"position\":2,\"name\":\"Destaques\",\"item\":\"https:\\\/\\\/dana.com.br\\\/canaldana\\\/destaques\\\/\"},{\"@type\":\"ListItem\",\"position\":3,\"name\":\"Venda de carros importados cai 26% em mar\u00e7o\"}]},{\"@type\":\"WebSite\",\"@id\":\"https:\\\/\\\/dana.com.br\\\/canaldana\\\/#website\",\"url\":\"https:\\\/\\\/dana.com.br\\\/canaldana\\\/\",\"name\":\"Canal Dana\",\"description\":\"Informativo com as principais not\u00edcias da ind\u00fastria automotiva\",\"potentialAction\":[{\"@type\":\"SearchAction\",\"target\":{\"@type\":\"EntryPoint\",\"urlTemplate\":\"https:\\\/\\\/dana.com.br\\\/canaldana\\\/?s={search_term_string}\"},\"query-input\":{\"@type\":\"PropertyValueSpecification\",\"valueRequired\":true,\"valueName\":\"search_term_string\"}}],\"inLanguage\":\"pt-BR\"},{\"@type\":\"Person\",\"@id\":\"https:\\\/\\\/dana.com.br\\\/canaldana\\\/#\\\/schema\\\/person\\\/3c21f22f56fcf3bc46b94bc60ea4fef6\",\"name\":\"Canal Dana\",\"image\":{\"@type\":\"ImageObject\",\"inLanguage\":\"pt-BR\",\"@id\":\"https:\\\/\\\/secure.gravatar.com\\\/avatar\\\/420aaf9278582877d9018637c6817617705899d2858d7572ef0fe59a6b6454b4?s=96&d=mm&r=g\",\"url\":\"https:\\\/\\\/secure.gravatar.com\\\/avatar\\\/420aaf9278582877d9018637c6817617705899d2858d7572ef0fe59a6b6454b4?s=96&d=mm&r=g\",\"contentUrl\":\"https:\\\/\\\/secure.gravatar.com\\\/avatar\\\/420aaf9278582877d9018637c6817617705899d2858d7572ef0fe59a6b6454b4?s=96&d=mm&r=g\",\"caption\":\"Canal Dana\"},\"url\":\"https:\\\/\\\/dana.com.br\\\/canaldana\\\/author\\\/cdeditor\\\/\"}]}<\/script>\n<!-- \/ Yoast SEO plugin. -->","yoast_head_json":{"title":"Venda de carros importados cai 26% em mar\u00e7o - Canal Dana","robots":{"index":"index","follow":"follow","max-snippet":"max-snippet:-1","max-image-preview":"max-image-preview:large","max-video-preview":"max-video-preview:-1"},"canonical":"https:\/\/dana.com.br\/canaldana\/2017\/04\/07\/venda-de-carros-importados-cai-26-em-marco\/","og_locale":"pt_BR","og_type":"article","og_title":"Venda de carros importados cai 26% em mar\u00e7o - Canal Dana","og_description":"Gazeta do Povo &nbsp; As dezoito marcas de ve\u00edculos importados filiadas \u00e0 Abeifa (Associa\u00e7\u00e3o Brasileira das Empresas Importadoras e Fabricantes de Ve\u00edculos Automotores) tiveram uma redu\u00e7\u00e3o de 26% nas vendas em mar\u00e7o. Foram comercializadas 2.453 unidades contra 3.317 de mar\u00e7o de 2016. No acumulado do ano (janeiro-mar\u00e7o), a retra\u00e7\u00e3o foi de 38,3%, 6.084 unidades em\u2026 Leia mais \u00bb","og_url":"https:\/\/dana.com.br\/canaldana\/2017\/04\/07\/venda-de-carros-importados-cai-26-em-marco\/","og_site_name":"Canal Dana","article_published_time":"2017-04-07T11:30:09+00:00","author":"Canal Dana","twitter_card":"summary_large_image","twitter_misc":{"Escrito por":"Canal Dana","Est. tempo de leitura":"1 minuto"},"schema":{"@context":"https:\/\/schema.org","@graph":[{"@type":"Article","@id":"https:\/\/dana.com.br\/canaldana\/2017\/04\/07\/venda-de-carros-importados-cai-26-em-marco\/#article","isPartOf":{"@id":"https:\/\/dana.com.br\/canaldana\/2017\/04\/07\/venda-de-carros-importados-cai-26-em-marco\/"},"author":{"name":"Canal Dana","@id":"https:\/\/dana.com.br\/canaldana\/#\/schema\/person\/3c21f22f56fcf3bc46b94bc60ea4fef6"},"headline":"Venda de carros importados cai 26% em mar\u00e7o","datePublished":"2017-04-07T11:30:09+00:00","mainEntityOfPage":{"@id":"https:\/\/dana.com.br\/canaldana\/2017\/04\/07\/venda-de-carros-importados-cai-26-em-marco\/"},"wordCount":215,"articleSection":["Destaques"],"inLanguage":"pt-BR"},{"@type":"WebPage","@id":"https:\/\/dana.com.br\/canaldana\/2017\/04\/07\/venda-de-carros-importados-cai-26-em-marco\/","url":"https:\/\/dana.com.br\/canaldana\/2017\/04\/07\/venda-de-carros-importados-cai-26-em-marco\/","name":"Venda de carros importados cai 26% em mar\u00e7o - Canal Dana","isPartOf":{"@id":"https:\/\/dana.com.br\/canaldana\/#website"},"datePublished":"2017-04-07T11:30:09+00:00","author":{"@id":"https:\/\/dana.com.br\/canaldana\/#\/schema\/person\/3c21f22f56fcf3bc46b94bc60ea4fef6"},"breadcrumb":{"@id":"https:\/\/dana.com.br\/canaldana\/2017\/04\/07\/venda-de-carros-importados-cai-26-em-marco\/#breadcrumb"},"inLanguage":"pt-BR","potentialAction":[{"@type":"ReadAction","target":["https:\/\/dana.com.br\/canaldana\/2017\/04\/07\/venda-de-carros-importados-cai-26-em-marco\/"]}]},{"@type":"BreadcrumbList","@id":"https:\/\/dana.com.br\/canaldana\/2017\/04\/07\/venda-de-carros-importados-cai-26-em-marco\/#breadcrumb","itemListElement":[{"@type":"ListItem","position":1,"name":"Home","item":"https:\/\/dana.com.br\/canaldana\/"},{"@type":"ListItem","position":2,"name":"Destaques","item":"https:\/\/dana.com.br\/canaldana\/destaques\/"},{"@type":"ListItem","position":3,"name":"Venda de carros importados cai 26% em mar\u00e7o"}]},{"@type":"WebSite","@id":"https:\/\/dana.com.br\/canaldana\/#website","url":"https:\/\/dana.com.br\/canaldana\/","name":"Canal Dana","description":"Informativo com as principais not\u00edcias da ind\u00fastria automotiva","potentialAction":[{"@type":"SearchAction","target":{"@type":"EntryPoint","urlTemplate":"https:\/\/dana.com.br\/canaldana\/?s={search_term_string}"},"query-input":{"@type":"PropertyValueSpecification","valueRequired":true,"valueName":"search_term_string"}}],"inLanguage":"pt-BR"},{"@type":"Person","@id":"https:\/\/dana.com.br\/canaldana\/#\/schema\/person\/3c21f22f56fcf3bc46b94bc60ea4fef6","name":"Canal Dana","image":{"@type":"ImageObject","inLanguage":"pt-BR","@id":"https:\/\/secure.gravatar.com\/avatar\/420aaf9278582877d9018637c6817617705899d2858d7572ef0fe59a6b6454b4?s=96&d=mm&r=g","url":"https:\/\/secure.gravatar.com\/avatar\/420aaf9278582877d9018637c6817617705899d2858d7572ef0fe59a6b6454b4?s=96&d=mm&r=g","contentUrl":"https:\/\/secure.gravatar.com\/avatar\/420aaf9278582877d9018637c6817617705899d2858d7572ef0fe59a6b6454b4?s=96&d=mm&r=g","caption":"Canal Dana"},"url":"https:\/\/dana.com.br\/canaldana\/author\/cdeditor\/"}]}},"_links":{"self":[{"href":"https:\/\/dana.com.br\/canaldana\/wp-json\/wp\/v2\/posts\/16096","targetHints":{"allow":["GET"]}}],"collection":[{"href":"https:\/\/dana.com.br\/canaldana\/wp-json\/wp\/v2\/posts"}],"about":[{"href":"https:\/\/dana.com.br\/canaldana\/wp-json\/wp\/v2\/types\/post"}],"author":[{"embeddable":true,"href":"https:\/\/dana.com.br\/canaldana\/wp-json\/wp\/v2\/users\/3"}],"replies":[{"embeddable":true,"href":"https:\/\/dana.com.br\/canaldana\/wp-json\/wp\/v2\/comments?post=16096"}],"version-history":[{"count":0,"href":"https:\/\/dana.com.br\/canaldana\/wp-json\/wp\/v2\/posts\/16096\/revisions"}],"wp:attachment":[{"href":"https:\/\/dana.com.br\/canaldana\/wp-json\/wp\/v2\/media?parent=16096"}],"wp:term":[{"taxonomy":"category","embeddable":true,"href":"https:\/\/dana.com.br\/canaldana\/wp-json\/wp\/v2\/categories?post=16096"},{"taxonomy":"post_tag","embeddable":true,"href":"https:\/\/dana.com.br\/canaldana\/wp-json\/wp\/v2\/tags?post=16096"}],"curies":[{"name":"wp","href":"https:\/\/api.w.org\/{rel}","templated":true}]}}