{"id":16079,"date":"2017-04-07T08:24:03","date_gmt":"2017-04-07T11:24:03","guid":{"rendered":"http:\/\/dana.com.br\/canaldana\/?p=16079"},"modified":"2017-04-07T08:24:03","modified_gmt":"2017-04-07T11:24:03","slug":"jeep-deve-apresentar-conceito-inedito-no-salao-de-xangai","status":"publish","type":"post","link":"https:\/\/dana.com.br\/canaldana\/2017\/04\/07\/jeep-deve-apresentar-conceito-inedito-no-salao-de-xangai\/","title":{"rendered":"Jeep deve apresentar conceito in\u00e9dito no Sal\u00e3o de Xangai"},"content":{"rendered":"<p><em>Carplace<\/em><\/p>\n<p>&nbsp;<\/p>\n<p>As primeiras imagens deste cara apareceram no dia 1\u00ba de abril. E vinham com uma marca d\u2019\u00e1gua do site Autohome, o maior da China, em sua base direita. Desde ent\u00e3o est\u00e1vamos tentando verificar se elas eram verdadeiras ou falsas, com a ajuda inclusive de nosso time chin\u00eas, mas a confirma\u00e7\u00e3o oficial s\u00f3 veio nesta quinta (6). E finalmente podemos dizer que a Jeep apresentar\u00e1 um conceito mundialmente in\u00e9dito no dia 19 de abril, durante a abertura para a imprensa do Sal\u00e3o de Xangai.<\/p>\n<p>&nbsp;<\/p>\n<p>A primeira imagem, a que voc\u00ea v\u00ea acima, traz o convite para a apresenta\u00e7\u00e3o em chin\u00eas. Algo como \u201cSal\u00e3o de Xangai, 19 de abril. Nos vemos por l\u00e1\u201d. E mostra far\u00f3is finos, como os do Cherokee, e uma grade dianteira bem fina. A segunda, que voc\u00ea pode ver abaixo, foi a que nos deixou ainda mais com a pulga atr\u00e1s da orelha. O aviso em chin\u00eas diz: \u201cIsso n\u00e3o \u00e9 uma pegadinha de 1\u00ba de abril\u201d. Podia ser apenas uma express\u00e3o da verdade, mas por que refor\u00e7\u00e1-la? A coluna C bem retra\u00edda, atr\u00e1s do final da roda traseira, d\u00e1 a ideia de que ele ter\u00e1 3 fileiras de bancos. E as lanternas traseiras, finas como os far\u00f3is, invadem a lateral.<\/p>\n<p>&nbsp;<\/p>\n<p>Quem nos ajudou na tradu\u00e7\u00e3o foi Jun Qian, do Motorsport China. E ele desde o in\u00edcio refor\u00e7ou que n\u00e3o devia ser nada relacionado ao Dia da Mentira. \u201cAqui na China n\u00e3o temos este costume, ent\u00e3o deve ser verdadeiro\u201d, disse nosso colega do outro lado do mundo. Mas era preciso confirmar.<\/p>\n<p>&nbsp;<\/p>\n<p>Tentamos contato com Frances Yu, diretora de comunica\u00e7\u00e3o da FCA APAC, ao longo dos \u00faltimos dias, mas o fuso hor\u00e1rio deve ter atrapalhado. Ela s\u00f3 nos deu retorno nesta quinta. \u201cSim, a Jeep apresentar\u00e1 um novo conceito no Sal\u00e3o de Xangai, mas ele ser\u00e1 apenas para a China\u201d, disse Yu.<\/p>\n<p>&nbsp;<\/p>\n<p>Segundo o pessoal do Indian Autos Blog, o novo conceito se encaixaria como um \u201cNew Energy Vehicle\u201d, o que pressup\u00f5e, no m\u00ednimo, que ele seja h\u00edbrido. No m\u00e1ximo, que seja totalmente el\u00e9trico. Isso n\u00f3s ainda n\u00e3o conseguimos confirmar, mas traremos mais informa\u00e7\u00f5es assim que Yu responder a nossas outras d\u00favidas. Ou quando virmos o carro pessoalmente no Sal\u00e3o de Xangai, no dia 21 de abril. (Carplace\/Gustavo Henrique Ruffo)<\/p>\n","protected":false},"excerpt":{"rendered":"<p>Carplace &nbsp; As primeiras imagens deste cara apareceram no dia 1\u00ba de abril. E vinham com uma marca d\u2019\u00e1gua do site Autohome, o maior da China, em sua base direita. Desde ent\u00e3o est\u00e1vamos tentando verificar se elas eram verdadeiras ou falsas, com a ajuda inclusive de nosso time chin\u00eas, mas a confirma\u00e7\u00e3o oficial s\u00f3 veio\u2026 <a class=\"readmore\" href=\"https:\/\/dana.com.br\/canaldana\/2017\/04\/07\/jeep-deve-apresentar-conceito-inedito-no-salao-de-xangai\/\">Leia mais \u00bb<\/a><\/p>\n","protected":false},"author":3,"featured_media":0,"comment_status":"closed","ping_status":"closed","sticky":false,"template":"","format":"standard","meta":{"_acf_changed":false,"footnotes":""},"categories":[55],"tags":[],"class_list":["post-16079","post","type-post","status-publish","format-standard","hentry","category-saloes-internacionais"],"acf":[],"yoast_head":"<!-- This site is optimized with the Yoast SEO plugin v27.3 - https:\/\/yoast.com\/product\/yoast-seo-wordpress\/ -->\n<title>Jeep deve apresentar conceito in\u00e9dito no Sal\u00e3o de Xangai - Canal Dana<\/title>\n<meta name=\"robots\" content=\"index, follow, max-snippet:-1, max-image-preview:large, max-video-preview:-1\" \/>\n<link rel=\"canonical\" href=\"https:\/\/dana.com.br\/canaldana\/2017\/04\/07\/jeep-deve-apresentar-conceito-inedito-no-salao-de-xangai\/\" \/>\n<meta property=\"og:locale\" content=\"pt_BR\" \/>\n<meta property=\"og:type\" content=\"article\" \/>\n<meta property=\"og:title\" content=\"Jeep deve apresentar conceito in\u00e9dito no Sal\u00e3o de Xangai - Canal Dana\" \/>\n<meta property=\"og:description\" content=\"Carplace &nbsp; As primeiras imagens deste cara apareceram no dia 1\u00ba de abril. E vinham com uma marca d\u2019\u00e1gua do site Autohome, o maior da China, em sua base direita. Desde ent\u00e3o est\u00e1vamos tentando verificar se elas eram verdadeiras ou falsas, com a ajuda inclusive de nosso time chin\u00eas, mas a confirma\u00e7\u00e3o oficial s\u00f3 veio\u2026 Leia mais \u00bb\" \/>\n<meta property=\"og:url\" content=\"https:\/\/dana.com.br\/canaldana\/2017\/04\/07\/jeep-deve-apresentar-conceito-inedito-no-salao-de-xangai\/\" \/>\n<meta property=\"og:site_name\" content=\"Canal Dana\" \/>\n<meta property=\"article:published_time\" content=\"2017-04-07T11:24:03+00:00\" \/>\n<meta name=\"author\" content=\"Canal Dana\" \/>\n<meta name=\"twitter:card\" content=\"summary_large_image\" \/>\n<meta name=\"twitter:label1\" content=\"Escrito por\" \/>\n\t<meta name=\"twitter:data1\" content=\"Canal Dana\" \/>\n\t<meta name=\"twitter:label2\" content=\"Est. tempo de leitura\" \/>\n\t<meta name=\"twitter:data2\" content=\"2 minutos\" \/>\n<script type=\"application\/ld+json\" class=\"yoast-schema-graph\">{\"@context\":\"https:\\\/\\\/schema.org\",\"@graph\":[{\"@type\":\"Article\",\"@id\":\"https:\\\/\\\/dana.com.br\\\/canaldana\\\/2017\\\/04\\\/07\\\/jeep-deve-apresentar-conceito-inedito-no-salao-de-xangai\\\/#article\",\"isPartOf\":{\"@id\":\"https:\\\/\\\/dana.com.br\\\/canaldana\\\/2017\\\/04\\\/07\\\/jeep-deve-apresentar-conceito-inedito-no-salao-de-xangai\\\/\"},\"author\":{\"name\":\"Canal Dana\",\"@id\":\"https:\\\/\\\/dana.com.br\\\/canaldana\\\/#\\\/schema\\\/person\\\/3c21f22f56fcf3bc46b94bc60ea4fef6\"},\"headline\":\"Jeep deve apresentar conceito in\u00e9dito no Sal\u00e3o de Xangai\",\"datePublished\":\"2017-04-07T11:24:03+00:00\",\"mainEntityOfPage\":{\"@id\":\"https:\\\/\\\/dana.com.br\\\/canaldana\\\/2017\\\/04\\\/07\\\/jeep-deve-apresentar-conceito-inedito-no-salao-de-xangai\\\/\"},\"wordCount\":419,\"articleSection\":[\"Sal\u00f5es Internacionais\"],\"inLanguage\":\"pt-BR\"},{\"@type\":\"WebPage\",\"@id\":\"https:\\\/\\\/dana.com.br\\\/canaldana\\\/2017\\\/04\\\/07\\\/jeep-deve-apresentar-conceito-inedito-no-salao-de-xangai\\\/\",\"url\":\"https:\\\/\\\/dana.com.br\\\/canaldana\\\/2017\\\/04\\\/07\\\/jeep-deve-apresentar-conceito-inedito-no-salao-de-xangai\\\/\",\"name\":\"Jeep deve apresentar conceito in\u00e9dito no Sal\u00e3o de Xangai - Canal Dana\",\"isPartOf\":{\"@id\":\"https:\\\/\\\/dana.com.br\\\/canaldana\\\/#website\"},\"datePublished\":\"2017-04-07T11:24:03+00:00\",\"author\":{\"@id\":\"https:\\\/\\\/dana.com.br\\\/canaldana\\\/#\\\/schema\\\/person\\\/3c21f22f56fcf3bc46b94bc60ea4fef6\"},\"breadcrumb\":{\"@id\":\"https:\\\/\\\/dana.com.br\\\/canaldana\\\/2017\\\/04\\\/07\\\/jeep-deve-apresentar-conceito-inedito-no-salao-de-xangai\\\/#breadcrumb\"},\"inLanguage\":\"pt-BR\",\"potentialAction\":[{\"@type\":\"ReadAction\",\"target\":[\"https:\\\/\\\/dana.com.br\\\/canaldana\\\/2017\\\/04\\\/07\\\/jeep-deve-apresentar-conceito-inedito-no-salao-de-xangai\\\/\"]}]},{\"@type\":\"BreadcrumbList\",\"@id\":\"https:\\\/\\\/dana.com.br\\\/canaldana\\\/2017\\\/04\\\/07\\\/jeep-deve-apresentar-conceito-inedito-no-salao-de-xangai\\\/#breadcrumb\",\"itemListElement\":[{\"@type\":\"ListItem\",\"position\":1,\"name\":\"Home\",\"item\":\"https:\\\/\\\/dana.com.br\\\/canaldana\\\/\"},{\"@type\":\"ListItem\",\"position\":2,\"name\":\"Sal\u00f5es Internacionais\",\"item\":\"https:\\\/\\\/dana.com.br\\\/canaldana\\\/saloes-internacionais\\\/\"},{\"@type\":\"ListItem\",\"position\":3,\"name\":\"Jeep deve apresentar conceito in\u00e9dito no Sal\u00e3o de Xangai\"}]},{\"@type\":\"WebSite\",\"@id\":\"https:\\\/\\\/dana.com.br\\\/canaldana\\\/#website\",\"url\":\"https:\\\/\\\/dana.com.br\\\/canaldana\\\/\",\"name\":\"Canal Dana\",\"description\":\"Informativo com as principais not\u00edcias da ind\u00fastria automotiva\",\"potentialAction\":[{\"@type\":\"SearchAction\",\"target\":{\"@type\":\"EntryPoint\",\"urlTemplate\":\"https:\\\/\\\/dana.com.br\\\/canaldana\\\/?s={search_term_string}\"},\"query-input\":{\"@type\":\"PropertyValueSpecification\",\"valueRequired\":true,\"valueName\":\"search_term_string\"}}],\"inLanguage\":\"pt-BR\"},{\"@type\":\"Person\",\"@id\":\"https:\\\/\\\/dana.com.br\\\/canaldana\\\/#\\\/schema\\\/person\\\/3c21f22f56fcf3bc46b94bc60ea4fef6\",\"name\":\"Canal Dana\",\"image\":{\"@type\":\"ImageObject\",\"inLanguage\":\"pt-BR\",\"@id\":\"https:\\\/\\\/secure.gravatar.com\\\/avatar\\\/420aaf9278582877d9018637c6817617705899d2858d7572ef0fe59a6b6454b4?s=96&d=mm&r=g\",\"url\":\"https:\\\/\\\/secure.gravatar.com\\\/avatar\\\/420aaf9278582877d9018637c6817617705899d2858d7572ef0fe59a6b6454b4?s=96&d=mm&r=g\",\"contentUrl\":\"https:\\\/\\\/secure.gravatar.com\\\/avatar\\\/420aaf9278582877d9018637c6817617705899d2858d7572ef0fe59a6b6454b4?s=96&d=mm&r=g\",\"caption\":\"Canal Dana\"},\"url\":\"https:\\\/\\\/dana.com.br\\\/canaldana\\\/author\\\/cdeditor\\\/\"}]}<\/script>\n<!-- \/ Yoast SEO plugin. -->","yoast_head_json":{"title":"Jeep deve apresentar conceito in\u00e9dito no Sal\u00e3o de Xangai - Canal Dana","robots":{"index":"index","follow":"follow","max-snippet":"max-snippet:-1","max-image-preview":"max-image-preview:large","max-video-preview":"max-video-preview:-1"},"canonical":"https:\/\/dana.com.br\/canaldana\/2017\/04\/07\/jeep-deve-apresentar-conceito-inedito-no-salao-de-xangai\/","og_locale":"pt_BR","og_type":"article","og_title":"Jeep deve apresentar conceito in\u00e9dito no Sal\u00e3o de Xangai - Canal Dana","og_description":"Carplace &nbsp; As primeiras imagens deste cara apareceram no dia 1\u00ba de abril. E vinham com uma marca d\u2019\u00e1gua do site Autohome, o maior da China, em sua base direita. Desde ent\u00e3o est\u00e1vamos tentando verificar se elas eram verdadeiras ou falsas, com a ajuda inclusive de nosso time chin\u00eas, mas a confirma\u00e7\u00e3o oficial s\u00f3 veio\u2026 Leia mais \u00bb","og_url":"https:\/\/dana.com.br\/canaldana\/2017\/04\/07\/jeep-deve-apresentar-conceito-inedito-no-salao-de-xangai\/","og_site_name":"Canal Dana","article_published_time":"2017-04-07T11:24:03+00:00","author":"Canal Dana","twitter_card":"summary_large_image","twitter_misc":{"Escrito por":"Canal Dana","Est. tempo de leitura":"2 minutos"},"schema":{"@context":"https:\/\/schema.org","@graph":[{"@type":"Article","@id":"https:\/\/dana.com.br\/canaldana\/2017\/04\/07\/jeep-deve-apresentar-conceito-inedito-no-salao-de-xangai\/#article","isPartOf":{"@id":"https:\/\/dana.com.br\/canaldana\/2017\/04\/07\/jeep-deve-apresentar-conceito-inedito-no-salao-de-xangai\/"},"author":{"name":"Canal Dana","@id":"https:\/\/dana.com.br\/canaldana\/#\/schema\/person\/3c21f22f56fcf3bc46b94bc60ea4fef6"},"headline":"Jeep deve apresentar conceito in\u00e9dito no Sal\u00e3o de Xangai","datePublished":"2017-04-07T11:24:03+00:00","mainEntityOfPage":{"@id":"https:\/\/dana.com.br\/canaldana\/2017\/04\/07\/jeep-deve-apresentar-conceito-inedito-no-salao-de-xangai\/"},"wordCount":419,"articleSection":["Sal\u00f5es Internacionais"],"inLanguage":"pt-BR"},{"@type":"WebPage","@id":"https:\/\/dana.com.br\/canaldana\/2017\/04\/07\/jeep-deve-apresentar-conceito-inedito-no-salao-de-xangai\/","url":"https:\/\/dana.com.br\/canaldana\/2017\/04\/07\/jeep-deve-apresentar-conceito-inedito-no-salao-de-xangai\/","name":"Jeep deve apresentar conceito in\u00e9dito no Sal\u00e3o de Xangai - Canal Dana","isPartOf":{"@id":"https:\/\/dana.com.br\/canaldana\/#website"},"datePublished":"2017-04-07T11:24:03+00:00","author":{"@id":"https:\/\/dana.com.br\/canaldana\/#\/schema\/person\/3c21f22f56fcf3bc46b94bc60ea4fef6"},"breadcrumb":{"@id":"https:\/\/dana.com.br\/canaldana\/2017\/04\/07\/jeep-deve-apresentar-conceito-inedito-no-salao-de-xangai\/#breadcrumb"},"inLanguage":"pt-BR","potentialAction":[{"@type":"ReadAction","target":["https:\/\/dana.com.br\/canaldana\/2017\/04\/07\/jeep-deve-apresentar-conceito-inedito-no-salao-de-xangai\/"]}]},{"@type":"BreadcrumbList","@id":"https:\/\/dana.com.br\/canaldana\/2017\/04\/07\/jeep-deve-apresentar-conceito-inedito-no-salao-de-xangai\/#breadcrumb","itemListElement":[{"@type":"ListItem","position":1,"name":"Home","item":"https:\/\/dana.com.br\/canaldana\/"},{"@type":"ListItem","position":2,"name":"Sal\u00f5es Internacionais","item":"https:\/\/dana.com.br\/canaldana\/saloes-internacionais\/"},{"@type":"ListItem","position":3,"name":"Jeep deve apresentar conceito in\u00e9dito no Sal\u00e3o de Xangai"}]},{"@type":"WebSite","@id":"https:\/\/dana.com.br\/canaldana\/#website","url":"https:\/\/dana.com.br\/canaldana\/","name":"Canal Dana","description":"Informativo com as principais not\u00edcias da ind\u00fastria automotiva","potentialAction":[{"@type":"SearchAction","target":{"@type":"EntryPoint","urlTemplate":"https:\/\/dana.com.br\/canaldana\/?s={search_term_string}"},"query-input":{"@type":"PropertyValueSpecification","valueRequired":true,"valueName":"search_term_string"}}],"inLanguage":"pt-BR"},{"@type":"Person","@id":"https:\/\/dana.com.br\/canaldana\/#\/schema\/person\/3c21f22f56fcf3bc46b94bc60ea4fef6","name":"Canal Dana","image":{"@type":"ImageObject","inLanguage":"pt-BR","@id":"https:\/\/secure.gravatar.com\/avatar\/420aaf9278582877d9018637c6817617705899d2858d7572ef0fe59a6b6454b4?s=96&d=mm&r=g","url":"https:\/\/secure.gravatar.com\/avatar\/420aaf9278582877d9018637c6817617705899d2858d7572ef0fe59a6b6454b4?s=96&d=mm&r=g","contentUrl":"https:\/\/secure.gravatar.com\/avatar\/420aaf9278582877d9018637c6817617705899d2858d7572ef0fe59a6b6454b4?s=96&d=mm&r=g","caption":"Canal Dana"},"url":"https:\/\/dana.com.br\/canaldana\/author\/cdeditor\/"}]}},"_links":{"self":[{"href":"https:\/\/dana.com.br\/canaldana\/wp-json\/wp\/v2\/posts\/16079","targetHints":{"allow":["GET"]}}],"collection":[{"href":"https:\/\/dana.com.br\/canaldana\/wp-json\/wp\/v2\/posts"}],"about":[{"href":"https:\/\/dana.com.br\/canaldana\/wp-json\/wp\/v2\/types\/post"}],"author":[{"embeddable":true,"href":"https:\/\/dana.com.br\/canaldana\/wp-json\/wp\/v2\/users\/3"}],"replies":[{"embeddable":true,"href":"https:\/\/dana.com.br\/canaldana\/wp-json\/wp\/v2\/comments?post=16079"}],"version-history":[{"count":0,"href":"https:\/\/dana.com.br\/canaldana\/wp-json\/wp\/v2\/posts\/16079\/revisions"}],"wp:attachment":[{"href":"https:\/\/dana.com.br\/canaldana\/wp-json\/wp\/v2\/media?parent=16079"}],"wp:term":[{"taxonomy":"category","embeddable":true,"href":"https:\/\/dana.com.br\/canaldana\/wp-json\/wp\/v2\/categories?post=16079"},{"taxonomy":"post_tag","embeddable":true,"href":"https:\/\/dana.com.br\/canaldana\/wp-json\/wp\/v2\/tags?post=16079"}],"curies":[{"name":"wp","href":"https:\/\/api.w.org\/{rel}","templated":true}]}}