{"id":16068,"date":"2017-04-06T08:48:49","date_gmt":"2017-04-06T11:48:49","guid":{"rendered":"http:\/\/dana.com.br\/canaldana\/?p=16068"},"modified":"2017-04-06T08:48:49","modified_gmt":"2017-04-06T11:48:49","slug":"melhora-da-atividade-no-1o-bimestre-ainda-nao-indica-reversao-do-cenario","status":"publish","type":"post","link":"https:\/\/dana.com.br\/canaldana\/2017\/04\/06\/melhora-da-atividade-no-1o-bimestre-ainda-nao-indica-reversao-do-cenario\/","title":{"rendered":"Melhora da atividade no 1\u00ba bimestre ainda n\u00e3o indica revers\u00e3o do cen\u00e1rio"},"content":{"rendered":"<p><em>DCI<\/em><\/p>\n<p>&nbsp;<\/p>\n<p>A produ\u00e7\u00e3o industrial brasileira teve discreta alta de 0,3% o primeiro bimestre deste ano em rela\u00e7\u00e3o ao mesmo per\u00edodo de 2016. Apesar do avan\u00e7o, ainda \u00e9 cedo para afirmar que a crise foi revertida, avaliam fontes ouvidas pelo DCI.<\/p>\n<p>&nbsp;<\/p>\n<p>Nos primeiros dois meses do ano, 14 dos 26 ramos de atividade acompanhados pelo Instituto Brasileiro de Geografia e Estat\u00edstica (IBGE) tiveram aumento de atividade.<\/p>\n<p>&nbsp;<\/p>\n<p>&#8220;Temos sim uma leitura do primeiro bimestre com varia\u00e7\u00e3o positiva, mas \u00e9 preciso considerar o efeito da base fraca de compara\u00e7\u00e3o sobre esse avan\u00e7o&#8221;, disse o gerente da coordena\u00e7\u00e3o de ind\u00fastria do IBGE, Andr\u00e9 Macedo.<\/p>\n<p>&nbsp;<\/p>\n<p>Ele lembrou que, no primeiro bimestre de 2016, a ind\u00fastria recuou 11,5% e a magnitude dessa queda ajuda a explicar o aumento de at\u00e9 dois d\u00edgitos em alguns dos ramos e categorias acompanhados pelo IBGE.<\/p>\n<p>&nbsp;<\/p>\n<p>J\u00e1 para o professor de economia do Insper, Otto Nogami, a tend\u00eancia para a produ\u00e7\u00e3o ainda \u00e9 de queda, embora as s\u00e9ries do IBGE com ajuste sazonal apresentem n\u00fameros positivos. &#8220;Na s\u00e9rie sem ajuste, a indica\u00e7\u00e3o ainda \u00e9 de queda&#8221;, citou ele.<\/p>\n<p>&nbsp;<\/p>\n<p>Em fevereiro a atividade recuou 0,8% em rela\u00e7\u00e3o ao mesmo m\u00eas do ano passado. Na compara\u00e7\u00e3o com janeiro, a produ\u00e7\u00e3o registrou modesta alta de 0,1% em fevereiro. Mas nos \u00faltimos doze meses a ind\u00fastria brasileira ainda acumula queda de 4,8%.<\/p>\n<p>&nbsp;<\/p>\n<p>O sinal positivo nos dois primeiros meses de 2017 veio, em partes, confec\u00e7\u00e3o de artigos de vestu\u00e1rio e acess\u00f3rios &#8211; alta de 8,4% sobre um ano antes. No entanto, o hist\u00f3rico de quedas do setor \u00e9 a principal explica\u00e7\u00e3o para a melhora, avalia o presidente da Associa\u00e7\u00e3o Brasileira da Ind\u00fastria T\u00eaxtil e de Confec\u00e7\u00e3o (Abit), Fernando Pimentel. &#8220;N\u00e3o podemos negar que houve uma mudan\u00e7a no sinal, o que \u00e9 sempre bom, mas a ind\u00fastria caiu muito nos dois \u00faltimos anos e n\u00e3o podemos garantir que esse ritmo de recupera\u00e7\u00e3o vai se manter nos meses seguintes&#8221;, observou.<\/p>\n<p>&nbsp;<\/p>\n<p>Segundo Pimentel, o n\u00edvel de encomendas do varejo para a ind\u00fastria nos tr\u00eas primeiros meses ficou aqu\u00e9m do esperado e o varejo continua evitando a forma\u00e7\u00e3o de estoques. &#8220;N\u00e3o temos recomposi\u00e7\u00e3o dos pedidos, s\u00f3 encomenda quem est\u00e1 com o estoque quase zerado&#8221;, disse Pimentel.<\/p>\n<p>&nbsp;<\/p>\n<p>Por\u00e9m, a expectativa de um inverno rigoroso no Sul e Sudeste do Brasil, aliada a queda da infla\u00e7\u00e3o, pode contribuir para o aumento das encomendas nos pr\u00f3ximos meses. &#8220;Se o inverno for bom neste ano, isso pode fazer a perspectiva do varejista melhorar, estimulando as encomendas. Mas ainda vai depender do clima&#8221;, afirmou o presidente da Abit.<\/p>\n<p>&nbsp;<\/p>\n<p>Segundo ele, o desempenho da cole\u00e7\u00e3o de Inverno tamb\u00e9m vai definir o ritmo de atividade na cole\u00e7\u00e3o de Primavera\/Ver\u00e3o, a mais importante para o setor. &#8220;O inverno, em volume, pode ser pouco significativo. Mas \u00e9 o giro dos produtos nessa esta\u00e7\u00e3o que define as compras do varejo no per\u00edodo seguinte&#8221;, explicou o dirigente.<\/p>\n<p>&nbsp;<\/p>\n<p>De acordo com a pesquisa do IBGE, tamb\u00e9m se destacaram em janeiro e fevereiro os ramos de equipamentos de inform\u00e1tica, produtos eletr\u00f4nicos e \u00f3pticos (+18,5%), ve\u00edculos automotores, reboques e carrocerias (+12,0%) e ind\u00fastrias extrativas (+8,7%).<\/p>\n<p>&nbsp;<\/p>\n<p>&#8220;Al\u00e9m da base de compara\u00e7\u00e3o ruim, temos algum incremento nessas atividades. Na ind\u00fastria extrativa, \u00e9 importante lembrar que esse setor vinha operando em um n\u00edvel ainda baixo no in\u00edcio de 2016, como reflexo do acidente ocorrido em Mariana (MG)&#8221;, destacou Macedo, do IBGE.<\/p>\n<p>&nbsp;<\/p>\n<p><strong>Perspectiva<\/strong><\/p>\n<p>&nbsp;<\/p>\n<p>&#8220;Apesar das incertezas pol\u00edticas e econ\u00f4micas do Pa\u00eds, acreditamos que a curva de queda no acumulado deve arrefecer para que possamos ter um crescimento moderado at\u00e9 o fim deste ano&#8221;, disse na segunda-feira (3), em nota, o presidente da Federa\u00e7\u00e3o Nacional da Distribui\u00e7\u00e3o de Ve\u00edculos Automotores (Fenabrave), Alarico Assump\u00e7\u00e3o J\u00fanior.<\/p>\n<p>&nbsp;<\/p>\n<p>Em mar\u00e7o, as vendas de ve\u00edculos novos subiram 5,5% sobre um ano antes, totalizando 189.143 unidades.<\/p>\n<p>&nbsp;<\/p>\n<p>J\u00e1 Otto Nogami, do Insper, v\u00ea alguma chance de mudan\u00e7a em outros ramos &#8211; como Equipamentos de transporte, Coque, produtos derivados do petr\u00f3leo e biocombust\u00edvel e Impress\u00e3o e reprodu\u00e7\u00e3o de grava\u00e7\u00f5es &#8211; se o consumo interno voltar a crescer nos pr\u00f3ximos meses de 2017.<\/p>\n<p>&nbsp;<\/p>\n<p>&#8220;Se o consumo retomar, podemos ter melhora na atividade de derivados de petr\u00f3leo&#8221;, exemplificou ele. (DCI\/J\u00e9ssica Kruckenfellner)<\/p>\n","protected":false},"excerpt":{"rendered":"<p>DCI &nbsp; A produ\u00e7\u00e3o industrial brasileira teve discreta alta de 0,3% o primeiro bimestre deste ano em rela\u00e7\u00e3o ao mesmo per\u00edodo de 2016. Apesar do avan\u00e7o, ainda \u00e9 cedo para afirmar que a crise foi revertida, avaliam fontes ouvidas pelo DCI. &nbsp; Nos primeiros dois meses do ano, 14 dos 26 ramos de atividade acompanhados\u2026 <a class=\"readmore\" href=\"https:\/\/dana.com.br\/canaldana\/2017\/04\/06\/melhora-da-atividade-no-1o-bimestre-ainda-nao-indica-reversao-do-cenario\/\">Leia mais \u00bb<\/a><\/p>\n","protected":false},"author":3,"featured_media":0,"comment_status":"closed","ping_status":"closed","sticky":false,"template":"","format":"standard","meta":{"_acf_changed":false,"footnotes":""},"categories":[61],"tags":[],"class_list":["post-16068","post","type-post","status-publish","format-standard","hentry","category-destaques"],"acf":[],"yoast_head":"<!-- This site is optimized with the Yoast SEO plugin v27.3 - https:\/\/yoast.com\/product\/yoast-seo-wordpress\/ -->\n<title>Melhora da atividade no 1\u00ba bimestre ainda n\u00e3o indica revers\u00e3o do cen\u00e1rio - Canal Dana<\/title>\n<meta name=\"robots\" content=\"index, follow, max-snippet:-1, max-image-preview:large, max-video-preview:-1\" \/>\n<link rel=\"canonical\" href=\"https:\/\/dana.com.br\/canaldana\/2017\/04\/06\/melhora-da-atividade-no-1o-bimestre-ainda-nao-indica-reversao-do-cenario\/\" \/>\n<meta property=\"og:locale\" content=\"pt_BR\" \/>\n<meta property=\"og:type\" content=\"article\" \/>\n<meta property=\"og:title\" content=\"Melhora da atividade no 1\u00ba bimestre ainda n\u00e3o indica revers\u00e3o do cen\u00e1rio - Canal Dana\" \/>\n<meta property=\"og:description\" content=\"DCI &nbsp; A produ\u00e7\u00e3o industrial brasileira teve discreta alta de 0,3% o primeiro bimestre deste ano em rela\u00e7\u00e3o ao mesmo per\u00edodo de 2016. Apesar do avan\u00e7o, ainda \u00e9 cedo para afirmar que a crise foi revertida, avaliam fontes ouvidas pelo DCI. &nbsp; Nos primeiros dois meses do ano, 14 dos 26 ramos de atividade acompanhados\u2026 Leia mais \u00bb\" \/>\n<meta property=\"og:url\" content=\"https:\/\/dana.com.br\/canaldana\/2017\/04\/06\/melhora-da-atividade-no-1o-bimestre-ainda-nao-indica-reversao-do-cenario\/\" \/>\n<meta property=\"og:site_name\" content=\"Canal Dana\" \/>\n<meta property=\"article:published_time\" content=\"2017-04-06T11:48:49+00:00\" \/>\n<meta name=\"author\" content=\"Canal Dana\" \/>\n<meta name=\"twitter:card\" content=\"summary_large_image\" \/>\n<meta name=\"twitter:label1\" content=\"Escrito por\" \/>\n\t<meta name=\"twitter:data1\" content=\"Canal Dana\" \/>\n\t<meta name=\"twitter:label2\" content=\"Est. tempo de leitura\" \/>\n\t<meta name=\"twitter:data2\" content=\"4 minutos\" \/>\n<script type=\"application\/ld+json\" class=\"yoast-schema-graph\">{\"@context\":\"https:\\\/\\\/schema.org\",\"@graph\":[{\"@type\":\"Article\",\"@id\":\"https:\\\/\\\/dana.com.br\\\/canaldana\\\/2017\\\/04\\\/06\\\/melhora-da-atividade-no-1o-bimestre-ainda-nao-indica-reversao-do-cenario\\\/#article\",\"isPartOf\":{\"@id\":\"https:\\\/\\\/dana.com.br\\\/canaldana\\\/2017\\\/04\\\/06\\\/melhora-da-atividade-no-1o-bimestre-ainda-nao-indica-reversao-do-cenario\\\/\"},\"author\":{\"name\":\"Canal Dana\",\"@id\":\"https:\\\/\\\/dana.com.br\\\/canaldana\\\/#\\\/schema\\\/person\\\/3c21f22f56fcf3bc46b94bc60ea4fef6\"},\"headline\":\"Melhora da atividade no 1\u00ba bimestre ainda n\u00e3o indica revers\u00e3o do cen\u00e1rio\",\"datePublished\":\"2017-04-06T11:48:49+00:00\",\"mainEntityOfPage\":{\"@id\":\"https:\\\/\\\/dana.com.br\\\/canaldana\\\/2017\\\/04\\\/06\\\/melhora-da-atividade-no-1o-bimestre-ainda-nao-indica-reversao-do-cenario\\\/\"},\"wordCount\":761,\"articleSection\":[\"Destaques\"],\"inLanguage\":\"pt-BR\"},{\"@type\":\"WebPage\",\"@id\":\"https:\\\/\\\/dana.com.br\\\/canaldana\\\/2017\\\/04\\\/06\\\/melhora-da-atividade-no-1o-bimestre-ainda-nao-indica-reversao-do-cenario\\\/\",\"url\":\"https:\\\/\\\/dana.com.br\\\/canaldana\\\/2017\\\/04\\\/06\\\/melhora-da-atividade-no-1o-bimestre-ainda-nao-indica-reversao-do-cenario\\\/\",\"name\":\"Melhora da atividade no 1\u00ba bimestre ainda n\u00e3o indica revers\u00e3o do cen\u00e1rio - Canal Dana\",\"isPartOf\":{\"@id\":\"https:\\\/\\\/dana.com.br\\\/canaldana\\\/#website\"},\"datePublished\":\"2017-04-06T11:48:49+00:00\",\"author\":{\"@id\":\"https:\\\/\\\/dana.com.br\\\/canaldana\\\/#\\\/schema\\\/person\\\/3c21f22f56fcf3bc46b94bc60ea4fef6\"},\"breadcrumb\":{\"@id\":\"https:\\\/\\\/dana.com.br\\\/canaldana\\\/2017\\\/04\\\/06\\\/melhora-da-atividade-no-1o-bimestre-ainda-nao-indica-reversao-do-cenario\\\/#breadcrumb\"},\"inLanguage\":\"pt-BR\",\"potentialAction\":[{\"@type\":\"ReadAction\",\"target\":[\"https:\\\/\\\/dana.com.br\\\/canaldana\\\/2017\\\/04\\\/06\\\/melhora-da-atividade-no-1o-bimestre-ainda-nao-indica-reversao-do-cenario\\\/\"]}]},{\"@type\":\"BreadcrumbList\",\"@id\":\"https:\\\/\\\/dana.com.br\\\/canaldana\\\/2017\\\/04\\\/06\\\/melhora-da-atividade-no-1o-bimestre-ainda-nao-indica-reversao-do-cenario\\\/#breadcrumb\",\"itemListElement\":[{\"@type\":\"ListItem\",\"position\":1,\"name\":\"Home\",\"item\":\"https:\\\/\\\/dana.com.br\\\/canaldana\\\/\"},{\"@type\":\"ListItem\",\"position\":2,\"name\":\"Destaques\",\"item\":\"https:\\\/\\\/dana.com.br\\\/canaldana\\\/destaques\\\/\"},{\"@type\":\"ListItem\",\"position\":3,\"name\":\"Melhora da atividade no 1\u00ba bimestre ainda n\u00e3o indica revers\u00e3o do cen\u00e1rio\"}]},{\"@type\":\"WebSite\",\"@id\":\"https:\\\/\\\/dana.com.br\\\/canaldana\\\/#website\",\"url\":\"https:\\\/\\\/dana.com.br\\\/canaldana\\\/\",\"name\":\"Canal Dana\",\"description\":\"Informativo com as principais not\u00edcias da ind\u00fastria automotiva\",\"potentialAction\":[{\"@type\":\"SearchAction\",\"target\":{\"@type\":\"EntryPoint\",\"urlTemplate\":\"https:\\\/\\\/dana.com.br\\\/canaldana\\\/?s={search_term_string}\"},\"query-input\":{\"@type\":\"PropertyValueSpecification\",\"valueRequired\":true,\"valueName\":\"search_term_string\"}}],\"inLanguage\":\"pt-BR\"},{\"@type\":\"Person\",\"@id\":\"https:\\\/\\\/dana.com.br\\\/canaldana\\\/#\\\/schema\\\/person\\\/3c21f22f56fcf3bc46b94bc60ea4fef6\",\"name\":\"Canal Dana\",\"image\":{\"@type\":\"ImageObject\",\"inLanguage\":\"pt-BR\",\"@id\":\"https:\\\/\\\/secure.gravatar.com\\\/avatar\\\/420aaf9278582877d9018637c6817617705899d2858d7572ef0fe59a6b6454b4?s=96&d=mm&r=g\",\"url\":\"https:\\\/\\\/secure.gravatar.com\\\/avatar\\\/420aaf9278582877d9018637c6817617705899d2858d7572ef0fe59a6b6454b4?s=96&d=mm&r=g\",\"contentUrl\":\"https:\\\/\\\/secure.gravatar.com\\\/avatar\\\/420aaf9278582877d9018637c6817617705899d2858d7572ef0fe59a6b6454b4?s=96&d=mm&r=g\",\"caption\":\"Canal Dana\"},\"url\":\"https:\\\/\\\/dana.com.br\\\/canaldana\\\/author\\\/cdeditor\\\/\"}]}<\/script>\n<!-- \/ Yoast SEO plugin. -->","yoast_head_json":{"title":"Melhora da atividade no 1\u00ba bimestre ainda n\u00e3o indica revers\u00e3o do cen\u00e1rio - Canal Dana","robots":{"index":"index","follow":"follow","max-snippet":"max-snippet:-1","max-image-preview":"max-image-preview:large","max-video-preview":"max-video-preview:-1"},"canonical":"https:\/\/dana.com.br\/canaldana\/2017\/04\/06\/melhora-da-atividade-no-1o-bimestre-ainda-nao-indica-reversao-do-cenario\/","og_locale":"pt_BR","og_type":"article","og_title":"Melhora da atividade no 1\u00ba bimestre ainda n\u00e3o indica revers\u00e3o do cen\u00e1rio - Canal Dana","og_description":"DCI &nbsp; A produ\u00e7\u00e3o industrial brasileira teve discreta alta de 0,3% o primeiro bimestre deste ano em rela\u00e7\u00e3o ao mesmo per\u00edodo de 2016. Apesar do avan\u00e7o, ainda \u00e9 cedo para afirmar que a crise foi revertida, avaliam fontes ouvidas pelo DCI. &nbsp; Nos primeiros dois meses do ano, 14 dos 26 ramos de atividade acompanhados\u2026 Leia mais \u00bb","og_url":"https:\/\/dana.com.br\/canaldana\/2017\/04\/06\/melhora-da-atividade-no-1o-bimestre-ainda-nao-indica-reversao-do-cenario\/","og_site_name":"Canal Dana","article_published_time":"2017-04-06T11:48:49+00:00","author":"Canal Dana","twitter_card":"summary_large_image","twitter_misc":{"Escrito por":"Canal Dana","Est. tempo de leitura":"4 minutos"},"schema":{"@context":"https:\/\/schema.org","@graph":[{"@type":"Article","@id":"https:\/\/dana.com.br\/canaldana\/2017\/04\/06\/melhora-da-atividade-no-1o-bimestre-ainda-nao-indica-reversao-do-cenario\/#article","isPartOf":{"@id":"https:\/\/dana.com.br\/canaldana\/2017\/04\/06\/melhora-da-atividade-no-1o-bimestre-ainda-nao-indica-reversao-do-cenario\/"},"author":{"name":"Canal Dana","@id":"https:\/\/dana.com.br\/canaldana\/#\/schema\/person\/3c21f22f56fcf3bc46b94bc60ea4fef6"},"headline":"Melhora da atividade no 1\u00ba bimestre ainda n\u00e3o indica revers\u00e3o do cen\u00e1rio","datePublished":"2017-04-06T11:48:49+00:00","mainEntityOfPage":{"@id":"https:\/\/dana.com.br\/canaldana\/2017\/04\/06\/melhora-da-atividade-no-1o-bimestre-ainda-nao-indica-reversao-do-cenario\/"},"wordCount":761,"articleSection":["Destaques"],"inLanguage":"pt-BR"},{"@type":"WebPage","@id":"https:\/\/dana.com.br\/canaldana\/2017\/04\/06\/melhora-da-atividade-no-1o-bimestre-ainda-nao-indica-reversao-do-cenario\/","url":"https:\/\/dana.com.br\/canaldana\/2017\/04\/06\/melhora-da-atividade-no-1o-bimestre-ainda-nao-indica-reversao-do-cenario\/","name":"Melhora da atividade no 1\u00ba bimestre ainda n\u00e3o indica revers\u00e3o do cen\u00e1rio - Canal Dana","isPartOf":{"@id":"https:\/\/dana.com.br\/canaldana\/#website"},"datePublished":"2017-04-06T11:48:49+00:00","author":{"@id":"https:\/\/dana.com.br\/canaldana\/#\/schema\/person\/3c21f22f56fcf3bc46b94bc60ea4fef6"},"breadcrumb":{"@id":"https:\/\/dana.com.br\/canaldana\/2017\/04\/06\/melhora-da-atividade-no-1o-bimestre-ainda-nao-indica-reversao-do-cenario\/#breadcrumb"},"inLanguage":"pt-BR","potentialAction":[{"@type":"ReadAction","target":["https:\/\/dana.com.br\/canaldana\/2017\/04\/06\/melhora-da-atividade-no-1o-bimestre-ainda-nao-indica-reversao-do-cenario\/"]}]},{"@type":"BreadcrumbList","@id":"https:\/\/dana.com.br\/canaldana\/2017\/04\/06\/melhora-da-atividade-no-1o-bimestre-ainda-nao-indica-reversao-do-cenario\/#breadcrumb","itemListElement":[{"@type":"ListItem","position":1,"name":"Home","item":"https:\/\/dana.com.br\/canaldana\/"},{"@type":"ListItem","position":2,"name":"Destaques","item":"https:\/\/dana.com.br\/canaldana\/destaques\/"},{"@type":"ListItem","position":3,"name":"Melhora da atividade no 1\u00ba bimestre ainda n\u00e3o indica revers\u00e3o do cen\u00e1rio"}]},{"@type":"WebSite","@id":"https:\/\/dana.com.br\/canaldana\/#website","url":"https:\/\/dana.com.br\/canaldana\/","name":"Canal Dana","description":"Informativo com as principais not\u00edcias da ind\u00fastria automotiva","potentialAction":[{"@type":"SearchAction","target":{"@type":"EntryPoint","urlTemplate":"https:\/\/dana.com.br\/canaldana\/?s={search_term_string}"},"query-input":{"@type":"PropertyValueSpecification","valueRequired":true,"valueName":"search_term_string"}}],"inLanguage":"pt-BR"},{"@type":"Person","@id":"https:\/\/dana.com.br\/canaldana\/#\/schema\/person\/3c21f22f56fcf3bc46b94bc60ea4fef6","name":"Canal Dana","image":{"@type":"ImageObject","inLanguage":"pt-BR","@id":"https:\/\/secure.gravatar.com\/avatar\/420aaf9278582877d9018637c6817617705899d2858d7572ef0fe59a6b6454b4?s=96&d=mm&r=g","url":"https:\/\/secure.gravatar.com\/avatar\/420aaf9278582877d9018637c6817617705899d2858d7572ef0fe59a6b6454b4?s=96&d=mm&r=g","contentUrl":"https:\/\/secure.gravatar.com\/avatar\/420aaf9278582877d9018637c6817617705899d2858d7572ef0fe59a6b6454b4?s=96&d=mm&r=g","caption":"Canal Dana"},"url":"https:\/\/dana.com.br\/canaldana\/author\/cdeditor\/"}]}},"_links":{"self":[{"href":"https:\/\/dana.com.br\/canaldana\/wp-json\/wp\/v2\/posts\/16068","targetHints":{"allow":["GET"]}}],"collection":[{"href":"https:\/\/dana.com.br\/canaldana\/wp-json\/wp\/v2\/posts"}],"about":[{"href":"https:\/\/dana.com.br\/canaldana\/wp-json\/wp\/v2\/types\/post"}],"author":[{"embeddable":true,"href":"https:\/\/dana.com.br\/canaldana\/wp-json\/wp\/v2\/users\/3"}],"replies":[{"embeddable":true,"href":"https:\/\/dana.com.br\/canaldana\/wp-json\/wp\/v2\/comments?post=16068"}],"version-history":[{"count":0,"href":"https:\/\/dana.com.br\/canaldana\/wp-json\/wp\/v2\/posts\/16068\/revisions"}],"wp:attachment":[{"href":"https:\/\/dana.com.br\/canaldana\/wp-json\/wp\/v2\/media?parent=16068"}],"wp:term":[{"taxonomy":"category","embeddable":true,"href":"https:\/\/dana.com.br\/canaldana\/wp-json\/wp\/v2\/categories?post=16068"},{"taxonomy":"post_tag","embeddable":true,"href":"https:\/\/dana.com.br\/canaldana\/wp-json\/wp\/v2\/tags?post=16068"}],"curies":[{"name":"wp","href":"https:\/\/api.w.org\/{rel}","templated":true}]}}