{"id":15936,"date":"2017-03-31T08:42:16","date_gmt":"2017-03-31T11:42:16","guid":{"rendered":"http:\/\/dana.com.br\/canaldana\/?p=15936"},"modified":"2017-03-31T08:42:16","modified_gmt":"2017-03-31T11:42:16","slug":"transporte-rodoviario-ferroviario-e-metroferroviario-nao-sofrerao-alteracoes","status":"publish","type":"post","link":"https:\/\/dana.com.br\/canaldana\/2017\/03\/31\/transporte-rodoviario-ferroviario-e-metroferroviario-nao-sofrerao-alteracoes\/","title":{"rendered":"Transporte rodovi\u00e1rio, ferrovi\u00e1rio e metroferrovi\u00e1rio n\u00e3o sofrer\u00e3o altera\u00e7\u00f5es"},"content":{"rendered":"<p><em>Ag\u00eancia CNT de Not\u00edcias<\/em><\/p>\n<p>&nbsp;<\/p>\n<p>A partir de agosto, os setores de transporte rodovi\u00e1rio de cargas, ferrovi\u00e1rio de cargas, a\u00e9reo de cargas e de passageiros, mar\u00edtimo e o de armazenamento de cont\u00eaineres n\u00e3o ter\u00e3o mais acesso \u00e0 desonera\u00e7\u00e3o da folha de pagamentos.<\/p>\n<p>&nbsp;<\/p>\n<p>A altera\u00e7\u00e3o integra um conjunto de medidas anunciadas pelo governo federal na \u00faltima quarta-feira, 29, para recuperar o rombo de R$ 58,2 bilh\u00f5es no or\u00e7amento. O objetivo \u00e9 estimular a gera\u00e7\u00e3o de empregos e melhorar a competitividade do pa\u00eds. A expectativa do governo \u00e9 que a medida, que vale tamb\u00e9m para outros 50 setores da economia, gere recupera\u00e7\u00e3o das contas da ordem de R$ 4,8 bilh\u00f5es ainda em 2017.<\/p>\n<p>&nbsp;<\/p>\n<p>Na pr\u00e1tica, empresas que podiam escolher pela forma mais vantajosa de pagar a contribui\u00e7\u00e3o previdenci\u00e1ria, recolhendo 20% sobre os pagamentos dos funcion\u00e1rios e contribuintes individuais (s\u00f3cios e aut\u00f4nomos) ou recolhendo uma al\u00edquota sobre a receita bruta (cujo percentual variava entre diferentes setores da economia), ficar\u00e3o restritas \u00e0 primeira op\u00e7\u00e3o.<\/p>\n<p>&nbsp;<\/p>\n<p>Os modais rodovi\u00e1rio, ferrovi\u00e1rio e metrovi\u00e1rio, n\u00e3o dever\u00e3o sofrer altera\u00e7\u00f5es. Como o governo decidiu poup\u00e1-los, as empresas mant\u00eam as duas possibilidades de recolhimento, ou seja, tanto 20% da folha de pagamento quanto 2% sobre a receita bruta.<\/p>\n<p>&nbsp;<\/p>\n<p>A mudan\u00e7a est\u00e1 prevista em uma medida provis\u00f3ria, que deve ser enviada ao Congresso Nacional. As altera\u00e7\u00f5es come\u00e7am a valer no segundo semestre, por isso, a previs\u00e3o \u00e9 que a entrada de recursos para este ano seja restrita apenas aos meses de agosto a dezembro. (Ag\u00eancia CNT de Not\u00edcias)<\/p>\n","protected":false},"excerpt":{"rendered":"<p>Ag\u00eancia CNT de Not\u00edcias &nbsp; A partir de agosto, os setores de transporte rodovi\u00e1rio de cargas, ferrovi\u00e1rio de cargas, a\u00e9reo de cargas e de passageiros, mar\u00edtimo e o de armazenamento de cont\u00eaineres n\u00e3o ter\u00e3o mais acesso \u00e0 desonera\u00e7\u00e3o da folha de pagamentos. &nbsp; A altera\u00e7\u00e3o integra um conjunto de medidas anunciadas pelo governo federal na\u2026 <a class=\"readmore\" href=\"https:\/\/dana.com.br\/canaldana\/2017\/03\/31\/transporte-rodoviario-ferroviario-e-metroferroviario-nao-sofrerao-alteracoes\/\">Leia mais \u00bb<\/a><\/p>\n","protected":false},"author":3,"featured_media":0,"comment_status":"closed","ping_status":"closed","sticky":false,"template":"","format":"standard","meta":{"_acf_changed":false,"footnotes":""},"categories":[61],"tags":[],"class_list":["post-15936","post","type-post","status-publish","format-standard","hentry","category-destaques"],"acf":[],"yoast_head":"<!-- This site is optimized with the Yoast SEO plugin v27.3 - https:\/\/yoast.com\/product\/yoast-seo-wordpress\/ -->\n<title>Transporte rodovi\u00e1rio, ferrovi\u00e1rio e metroferrovi\u00e1rio n\u00e3o sofrer\u00e3o altera\u00e7\u00f5es - Canal Dana<\/title>\n<meta name=\"robots\" content=\"index, follow, max-snippet:-1, max-image-preview:large, max-video-preview:-1\" \/>\n<link rel=\"canonical\" href=\"https:\/\/dana.com.br\/canaldana\/2017\/03\/31\/transporte-rodoviario-ferroviario-e-metroferroviario-nao-sofrerao-alteracoes\/\" \/>\n<meta property=\"og:locale\" content=\"pt_BR\" \/>\n<meta property=\"og:type\" content=\"article\" \/>\n<meta property=\"og:title\" content=\"Transporte rodovi\u00e1rio, ferrovi\u00e1rio e metroferrovi\u00e1rio n\u00e3o sofrer\u00e3o altera\u00e7\u00f5es - Canal Dana\" \/>\n<meta property=\"og:description\" content=\"Ag\u00eancia CNT de Not\u00edcias &nbsp; A partir de agosto, os setores de transporte rodovi\u00e1rio de cargas, ferrovi\u00e1rio de cargas, a\u00e9reo de cargas e de passageiros, mar\u00edtimo e o de armazenamento de cont\u00eaineres n\u00e3o ter\u00e3o mais acesso \u00e0 desonera\u00e7\u00e3o da folha de pagamentos. &nbsp; A altera\u00e7\u00e3o integra um conjunto de medidas anunciadas pelo governo federal na\u2026 Leia mais \u00bb\" \/>\n<meta property=\"og:url\" content=\"https:\/\/dana.com.br\/canaldana\/2017\/03\/31\/transporte-rodoviario-ferroviario-e-metroferroviario-nao-sofrerao-alteracoes\/\" \/>\n<meta property=\"og:site_name\" content=\"Canal Dana\" \/>\n<meta property=\"article:published_time\" content=\"2017-03-31T11:42:16+00:00\" \/>\n<meta name=\"author\" content=\"Canal Dana\" \/>\n<meta name=\"twitter:card\" content=\"summary_large_image\" \/>\n<meta name=\"twitter:label1\" content=\"Escrito por\" \/>\n\t<meta name=\"twitter:data1\" content=\"Canal Dana\" \/>\n\t<meta name=\"twitter:label2\" content=\"Est. tempo de leitura\" \/>\n\t<meta name=\"twitter:data2\" content=\"1 minuto\" \/>\n<script type=\"application\/ld+json\" class=\"yoast-schema-graph\">{\"@context\":\"https:\\\/\\\/schema.org\",\"@graph\":[{\"@type\":\"Article\",\"@id\":\"https:\\\/\\\/dana.com.br\\\/canaldana\\\/2017\\\/03\\\/31\\\/transporte-rodoviario-ferroviario-e-metroferroviario-nao-sofrerao-alteracoes\\\/#article\",\"isPartOf\":{\"@id\":\"https:\\\/\\\/dana.com.br\\\/canaldana\\\/2017\\\/03\\\/31\\\/transporte-rodoviario-ferroviario-e-metroferroviario-nao-sofrerao-alteracoes\\\/\"},\"author\":{\"name\":\"Canal Dana\",\"@id\":\"https:\\\/\\\/dana.com.br\\\/canaldana\\\/#\\\/schema\\\/person\\\/3c21f22f56fcf3bc46b94bc60ea4fef6\"},\"headline\":\"Transporte rodovi\u00e1rio, ferrovi\u00e1rio e metroferrovi\u00e1rio n\u00e3o sofrer\u00e3o altera\u00e7\u00f5es\",\"datePublished\":\"2017-03-31T11:42:16+00:00\",\"mainEntityOfPage\":{\"@id\":\"https:\\\/\\\/dana.com.br\\\/canaldana\\\/2017\\\/03\\\/31\\\/transporte-rodoviario-ferroviario-e-metroferroviario-nao-sofrerao-alteracoes\\\/\"},\"wordCount\":293,\"articleSection\":[\"Destaques\"],\"inLanguage\":\"pt-BR\"},{\"@type\":\"WebPage\",\"@id\":\"https:\\\/\\\/dana.com.br\\\/canaldana\\\/2017\\\/03\\\/31\\\/transporte-rodoviario-ferroviario-e-metroferroviario-nao-sofrerao-alteracoes\\\/\",\"url\":\"https:\\\/\\\/dana.com.br\\\/canaldana\\\/2017\\\/03\\\/31\\\/transporte-rodoviario-ferroviario-e-metroferroviario-nao-sofrerao-alteracoes\\\/\",\"name\":\"Transporte rodovi\u00e1rio, ferrovi\u00e1rio e metroferrovi\u00e1rio n\u00e3o sofrer\u00e3o altera\u00e7\u00f5es - Canal Dana\",\"isPartOf\":{\"@id\":\"https:\\\/\\\/dana.com.br\\\/canaldana\\\/#website\"},\"datePublished\":\"2017-03-31T11:42:16+00:00\",\"author\":{\"@id\":\"https:\\\/\\\/dana.com.br\\\/canaldana\\\/#\\\/schema\\\/person\\\/3c21f22f56fcf3bc46b94bc60ea4fef6\"},\"breadcrumb\":{\"@id\":\"https:\\\/\\\/dana.com.br\\\/canaldana\\\/2017\\\/03\\\/31\\\/transporte-rodoviario-ferroviario-e-metroferroviario-nao-sofrerao-alteracoes\\\/#breadcrumb\"},\"inLanguage\":\"pt-BR\",\"potentialAction\":[{\"@type\":\"ReadAction\",\"target\":[\"https:\\\/\\\/dana.com.br\\\/canaldana\\\/2017\\\/03\\\/31\\\/transporte-rodoviario-ferroviario-e-metroferroviario-nao-sofrerao-alteracoes\\\/\"]}]},{\"@type\":\"BreadcrumbList\",\"@id\":\"https:\\\/\\\/dana.com.br\\\/canaldana\\\/2017\\\/03\\\/31\\\/transporte-rodoviario-ferroviario-e-metroferroviario-nao-sofrerao-alteracoes\\\/#breadcrumb\",\"itemListElement\":[{\"@type\":\"ListItem\",\"position\":1,\"name\":\"Home\",\"item\":\"https:\\\/\\\/dana.com.br\\\/canaldana\\\/\"},{\"@type\":\"ListItem\",\"position\":2,\"name\":\"Destaques\",\"item\":\"https:\\\/\\\/dana.com.br\\\/canaldana\\\/destaques\\\/\"},{\"@type\":\"ListItem\",\"position\":3,\"name\":\"Transporte rodovi\u00e1rio, ferrovi\u00e1rio e metroferrovi\u00e1rio n\u00e3o sofrer\u00e3o altera\u00e7\u00f5es\"}]},{\"@type\":\"WebSite\",\"@id\":\"https:\\\/\\\/dana.com.br\\\/canaldana\\\/#website\",\"url\":\"https:\\\/\\\/dana.com.br\\\/canaldana\\\/\",\"name\":\"Canal Dana\",\"description\":\"Informativo com as principais not\u00edcias da ind\u00fastria automotiva\",\"potentialAction\":[{\"@type\":\"SearchAction\",\"target\":{\"@type\":\"EntryPoint\",\"urlTemplate\":\"https:\\\/\\\/dana.com.br\\\/canaldana\\\/?s={search_term_string}\"},\"query-input\":{\"@type\":\"PropertyValueSpecification\",\"valueRequired\":true,\"valueName\":\"search_term_string\"}}],\"inLanguage\":\"pt-BR\"},{\"@type\":\"Person\",\"@id\":\"https:\\\/\\\/dana.com.br\\\/canaldana\\\/#\\\/schema\\\/person\\\/3c21f22f56fcf3bc46b94bc60ea4fef6\",\"name\":\"Canal Dana\",\"image\":{\"@type\":\"ImageObject\",\"inLanguage\":\"pt-BR\",\"@id\":\"https:\\\/\\\/secure.gravatar.com\\\/avatar\\\/420aaf9278582877d9018637c6817617705899d2858d7572ef0fe59a6b6454b4?s=96&d=mm&r=g\",\"url\":\"https:\\\/\\\/secure.gravatar.com\\\/avatar\\\/420aaf9278582877d9018637c6817617705899d2858d7572ef0fe59a6b6454b4?s=96&d=mm&r=g\",\"contentUrl\":\"https:\\\/\\\/secure.gravatar.com\\\/avatar\\\/420aaf9278582877d9018637c6817617705899d2858d7572ef0fe59a6b6454b4?s=96&d=mm&r=g\",\"caption\":\"Canal Dana\"},\"url\":\"https:\\\/\\\/dana.com.br\\\/canaldana\\\/author\\\/cdeditor\\\/\"}]}<\/script>\n<!-- \/ Yoast SEO plugin. -->","yoast_head_json":{"title":"Transporte rodovi\u00e1rio, ferrovi\u00e1rio e metroferrovi\u00e1rio n\u00e3o sofrer\u00e3o altera\u00e7\u00f5es - Canal Dana","robots":{"index":"index","follow":"follow","max-snippet":"max-snippet:-1","max-image-preview":"max-image-preview:large","max-video-preview":"max-video-preview:-1"},"canonical":"https:\/\/dana.com.br\/canaldana\/2017\/03\/31\/transporte-rodoviario-ferroviario-e-metroferroviario-nao-sofrerao-alteracoes\/","og_locale":"pt_BR","og_type":"article","og_title":"Transporte rodovi\u00e1rio, ferrovi\u00e1rio e metroferrovi\u00e1rio n\u00e3o sofrer\u00e3o altera\u00e7\u00f5es - Canal Dana","og_description":"Ag\u00eancia CNT de Not\u00edcias &nbsp; A partir de agosto, os setores de transporte rodovi\u00e1rio de cargas, ferrovi\u00e1rio de cargas, a\u00e9reo de cargas e de passageiros, mar\u00edtimo e o de armazenamento de cont\u00eaineres n\u00e3o ter\u00e3o mais acesso \u00e0 desonera\u00e7\u00e3o da folha de pagamentos. &nbsp; A altera\u00e7\u00e3o integra um conjunto de medidas anunciadas pelo governo federal na\u2026 Leia mais \u00bb","og_url":"https:\/\/dana.com.br\/canaldana\/2017\/03\/31\/transporte-rodoviario-ferroviario-e-metroferroviario-nao-sofrerao-alteracoes\/","og_site_name":"Canal Dana","article_published_time":"2017-03-31T11:42:16+00:00","author":"Canal Dana","twitter_card":"summary_large_image","twitter_misc":{"Escrito por":"Canal Dana","Est. tempo de leitura":"1 minuto"},"schema":{"@context":"https:\/\/schema.org","@graph":[{"@type":"Article","@id":"https:\/\/dana.com.br\/canaldana\/2017\/03\/31\/transporte-rodoviario-ferroviario-e-metroferroviario-nao-sofrerao-alteracoes\/#article","isPartOf":{"@id":"https:\/\/dana.com.br\/canaldana\/2017\/03\/31\/transporte-rodoviario-ferroviario-e-metroferroviario-nao-sofrerao-alteracoes\/"},"author":{"name":"Canal Dana","@id":"https:\/\/dana.com.br\/canaldana\/#\/schema\/person\/3c21f22f56fcf3bc46b94bc60ea4fef6"},"headline":"Transporte rodovi\u00e1rio, ferrovi\u00e1rio e metroferrovi\u00e1rio n\u00e3o sofrer\u00e3o altera\u00e7\u00f5es","datePublished":"2017-03-31T11:42:16+00:00","mainEntityOfPage":{"@id":"https:\/\/dana.com.br\/canaldana\/2017\/03\/31\/transporte-rodoviario-ferroviario-e-metroferroviario-nao-sofrerao-alteracoes\/"},"wordCount":293,"articleSection":["Destaques"],"inLanguage":"pt-BR"},{"@type":"WebPage","@id":"https:\/\/dana.com.br\/canaldana\/2017\/03\/31\/transporte-rodoviario-ferroviario-e-metroferroviario-nao-sofrerao-alteracoes\/","url":"https:\/\/dana.com.br\/canaldana\/2017\/03\/31\/transporte-rodoviario-ferroviario-e-metroferroviario-nao-sofrerao-alteracoes\/","name":"Transporte rodovi\u00e1rio, ferrovi\u00e1rio e metroferrovi\u00e1rio n\u00e3o sofrer\u00e3o altera\u00e7\u00f5es - Canal Dana","isPartOf":{"@id":"https:\/\/dana.com.br\/canaldana\/#website"},"datePublished":"2017-03-31T11:42:16+00:00","author":{"@id":"https:\/\/dana.com.br\/canaldana\/#\/schema\/person\/3c21f22f56fcf3bc46b94bc60ea4fef6"},"breadcrumb":{"@id":"https:\/\/dana.com.br\/canaldana\/2017\/03\/31\/transporte-rodoviario-ferroviario-e-metroferroviario-nao-sofrerao-alteracoes\/#breadcrumb"},"inLanguage":"pt-BR","potentialAction":[{"@type":"ReadAction","target":["https:\/\/dana.com.br\/canaldana\/2017\/03\/31\/transporte-rodoviario-ferroviario-e-metroferroviario-nao-sofrerao-alteracoes\/"]}]},{"@type":"BreadcrumbList","@id":"https:\/\/dana.com.br\/canaldana\/2017\/03\/31\/transporte-rodoviario-ferroviario-e-metroferroviario-nao-sofrerao-alteracoes\/#breadcrumb","itemListElement":[{"@type":"ListItem","position":1,"name":"Home","item":"https:\/\/dana.com.br\/canaldana\/"},{"@type":"ListItem","position":2,"name":"Destaques","item":"https:\/\/dana.com.br\/canaldana\/destaques\/"},{"@type":"ListItem","position":3,"name":"Transporte rodovi\u00e1rio, ferrovi\u00e1rio e metroferrovi\u00e1rio n\u00e3o sofrer\u00e3o altera\u00e7\u00f5es"}]},{"@type":"WebSite","@id":"https:\/\/dana.com.br\/canaldana\/#website","url":"https:\/\/dana.com.br\/canaldana\/","name":"Canal Dana","description":"Informativo com as principais not\u00edcias da ind\u00fastria automotiva","potentialAction":[{"@type":"SearchAction","target":{"@type":"EntryPoint","urlTemplate":"https:\/\/dana.com.br\/canaldana\/?s={search_term_string}"},"query-input":{"@type":"PropertyValueSpecification","valueRequired":true,"valueName":"search_term_string"}}],"inLanguage":"pt-BR"},{"@type":"Person","@id":"https:\/\/dana.com.br\/canaldana\/#\/schema\/person\/3c21f22f56fcf3bc46b94bc60ea4fef6","name":"Canal Dana","image":{"@type":"ImageObject","inLanguage":"pt-BR","@id":"https:\/\/secure.gravatar.com\/avatar\/420aaf9278582877d9018637c6817617705899d2858d7572ef0fe59a6b6454b4?s=96&d=mm&r=g","url":"https:\/\/secure.gravatar.com\/avatar\/420aaf9278582877d9018637c6817617705899d2858d7572ef0fe59a6b6454b4?s=96&d=mm&r=g","contentUrl":"https:\/\/secure.gravatar.com\/avatar\/420aaf9278582877d9018637c6817617705899d2858d7572ef0fe59a6b6454b4?s=96&d=mm&r=g","caption":"Canal Dana"},"url":"https:\/\/dana.com.br\/canaldana\/author\/cdeditor\/"}]}},"_links":{"self":[{"href":"https:\/\/dana.com.br\/canaldana\/wp-json\/wp\/v2\/posts\/15936","targetHints":{"allow":["GET"]}}],"collection":[{"href":"https:\/\/dana.com.br\/canaldana\/wp-json\/wp\/v2\/posts"}],"about":[{"href":"https:\/\/dana.com.br\/canaldana\/wp-json\/wp\/v2\/types\/post"}],"author":[{"embeddable":true,"href":"https:\/\/dana.com.br\/canaldana\/wp-json\/wp\/v2\/users\/3"}],"replies":[{"embeddable":true,"href":"https:\/\/dana.com.br\/canaldana\/wp-json\/wp\/v2\/comments?post=15936"}],"version-history":[{"count":0,"href":"https:\/\/dana.com.br\/canaldana\/wp-json\/wp\/v2\/posts\/15936\/revisions"}],"wp:attachment":[{"href":"https:\/\/dana.com.br\/canaldana\/wp-json\/wp\/v2\/media?parent=15936"}],"wp:term":[{"taxonomy":"category","embeddable":true,"href":"https:\/\/dana.com.br\/canaldana\/wp-json\/wp\/v2\/categories?post=15936"},{"taxonomy":"post_tag","embeddable":true,"href":"https:\/\/dana.com.br\/canaldana\/wp-json\/wp\/v2\/tags?post=15936"}],"curies":[{"name":"wp","href":"https:\/\/api.w.org\/{rel}","templated":true}]}}