{"id":15841,"date":"2017-03-28T08:20:50","date_gmt":"2017-03-28T11:20:50","guid":{"rendered":"http:\/\/dana.com.br\/canaldana\/?p=15841"},"modified":"2017-03-28T08:20:50","modified_gmt":"2017-03-28T11:20:50","slug":"chevrolet-confirma-equinox-para-o-brasil","status":"publish","type":"post","link":"https:\/\/dana.com.br\/canaldana\/2017\/03\/28\/chevrolet-confirma-equinox-para-o-brasil\/","title":{"rendered":"Chevrolet confirma Equinox para o Brasil"},"content":{"rendered":"<p><em>Jornal do Carro<\/em><\/p>\n<p>&nbsp;<\/p>\n<p>A GM confirmou que ir\u00e1 lan\u00e7ar o utilit\u00e1rio Equinox no Brasil no segundo semestre deste ano, conforme antecipado pelo Jornal do Carro em janeiro durante o Sal\u00e3o de Detroit. O utilit\u00e1rio-esportivo ser\u00e1 a principal novidade da Chevrolet para o mercado brasileiro em 2017 e apenas o Pa\u00eds receber\u00e1 o carro ainda este ano. Ele dever\u00e1 ser feito na Argentina, substituir\u00e1 o Captiva e ficar\u00e1 posicionado entre o Tracker e o Trailblazer.<\/p>\n<p>&nbsp;<\/p>\n<p>No fim de 2016, o vice-presidente da GM do Brasil, Marcos Munhoz, disse que a Chevrolet teria entre quatro e cinco novidades no mercado brasileiro em 2017, inclusive um modelo in\u00e9dito. Mostrada no pr\u00f3prio Sal\u00e3o de Detroit, nos EUA, a terceira gera\u00e7\u00e3o do Equinox traz a nova identidade visual da marca, j\u00e1 presente em carros como o Cruze, com a qual o utilit\u00e1rio compartilha a plataforma.<\/p>\n<p>&nbsp;<\/p>\n<p>A expectativa \u00e9 que o modelo seja oferecido com os mesmos motores dispon\u00edveis nos EUA. No mercado norte-americano, o modelo tem tr\u00eas op\u00e7\u00f5es de quatro cilindros: 1.5 turbo de 172 cv e 28 mkgf e 2.0 turbo de 255 cv e 32,6 mkgf, ambos a gasolina, que podem receber tecnologia flex\u00edvel se vierem mesmo ao Brasil. H\u00e1 ainda o 1.6 diesel de 138 cv e 36 mkgf utilizado na Europa em carros como o Astra, da Opel, divis\u00e3o alem\u00e3 da GM.<\/p>\n<p>&nbsp;<\/p>\n<p>Nova tamb\u00e9m ser\u00e1 a caixa de c\u00e2mbio \u2013 autom\u00e1tica de nove marchas. As vers\u00f5es de topo dever\u00e3o oferecer tra\u00e7\u00e3o nas quatro rodas como item opcional.<\/p>\n<p>&nbsp;<\/p>\n<p>Na terceira gera\u00e7\u00e3o, o Equinox passou a ser um produto global. O fato de ser constru\u00eddo sobre a plataforma Delta2, a mesma do Cruze feito na f\u00e1brica da GM em Ros\u00e1rio desde o ano passado, deve viabilizar sua produ\u00e7\u00e3o na Argentina, de onde ser\u00e1 enviado ao Brasil.<\/p>\n<p>&nbsp;<\/p>\n<p>Ali\u00e1s, gra\u00e7as \u00e0 ado\u00e7\u00e3o da plataforma Delta2, o Equinox perdeu cerca de 180 kg em rela\u00e7\u00e3o \u00e0 gera\u00e7\u00e3o anterior. Agora, ele pesa aproximadamente 1.500 kg. Segundo informa\u00e7\u00f5es da GM, isso tamb\u00e9m resultou em melhorias no comportamento din\u00e2mico.<\/p>\n<p>&nbsp;<\/p>\n<p>Na dianteira, o Equinox passa a ter far\u00f3is com luzes de LEDs de uso diurno e rodas de 17, 18 e 19 polegadas, dependendo da vers\u00e3o. Na cabine, o utilit\u00e1rio-esportivo traz itens que remetem ao Cruze, como volante e alguns detalhes do acabamento e do painel de instrumentos.<\/p>\n<p>&nbsp;<\/p>\n<p>Bem equipado de s\u00e9rie, o Equinox traz novo sistema multim\u00eddia MyLink, com tela de sete ou oito polegadas. O dispositivo \u00e9 compat\u00edvel com as plataformas Andoid Auto e Apple Carplay e h\u00e1 ainda o servi\u00e7o de conciege OnStar, j\u00e1 oferecido em alguns carros da Chevrolet vendidos no Brasil.<\/p>\n<p>&nbsp;<\/p>\n<p>O utilit\u00e1rio-esportivo tamb\u00e9m incorpora sistema de preven\u00e7\u00e3o de colis\u00e3o dianteira, que mant\u00e9m a dist\u00e2ncia em rela\u00e7\u00e3o ao ve\u00edculo \u00e0 frente. H\u00e1 ainda alerta de mudan\u00e7a involunt\u00e1ria de faixa de rolamento e de ponto cego e c\u00e2mera com vis\u00e3o de 360 graus, como a oferecida no Nissan Kicks.<\/p>\n<p>&nbsp;<\/p>\n<p>Ainda n\u00e3o h\u00e1 informa\u00e7\u00f5es sobre pre\u00e7os, mas o Equinox dever\u00e1 custar mais que o Captiva. O utilit\u00e1rio feito no M\u00e9xico j\u00e1 n\u00e3o tem mais pre\u00e7o tabelado no site da montadora (o que pode indicar sua aposentadoria), mas at\u00e9 fevereiro tinha tabela partindo de R$ 108.190. (Jornal do Carro)<\/p>\n","protected":false},"excerpt":{"rendered":"<p>Jornal do Carro &nbsp; A GM confirmou que ir\u00e1 lan\u00e7ar o utilit\u00e1rio Equinox no Brasil no segundo semestre deste ano, conforme antecipado pelo Jornal do Carro em janeiro durante o Sal\u00e3o de Detroit. O utilit\u00e1rio-esportivo ser\u00e1 a principal novidade da Chevrolet para o mercado brasileiro em 2017 e apenas o Pa\u00eds receber\u00e1 o carro ainda\u2026 <a class=\"readmore\" href=\"https:\/\/dana.com.br\/canaldana\/2017\/03\/28\/chevrolet-confirma-equinox-para-o-brasil\/\">Leia mais \u00bb<\/a><\/p>\n","protected":false},"author":3,"featured_media":0,"comment_status":"closed","ping_status":"closed","sticky":false,"template":"","format":"standard","meta":{"_acf_changed":false,"footnotes":""},"categories":[61],"tags":[],"class_list":["post-15841","post","type-post","status-publish","format-standard","hentry","category-destaques"],"acf":[],"yoast_head":"<!-- This site is optimized with the Yoast SEO plugin v27.3 - https:\/\/yoast.com\/product\/yoast-seo-wordpress\/ -->\n<title>Chevrolet confirma Equinox para o Brasil - Canal Dana<\/title>\n<meta name=\"robots\" content=\"index, follow, max-snippet:-1, max-image-preview:large, max-video-preview:-1\" \/>\n<link rel=\"canonical\" href=\"https:\/\/dana.com.br\/canaldana\/2017\/03\/28\/chevrolet-confirma-equinox-para-o-brasil\/\" \/>\n<meta property=\"og:locale\" content=\"pt_BR\" \/>\n<meta property=\"og:type\" content=\"article\" \/>\n<meta property=\"og:title\" content=\"Chevrolet confirma Equinox para o Brasil - Canal Dana\" \/>\n<meta property=\"og:description\" content=\"Jornal do Carro &nbsp; A GM confirmou que ir\u00e1 lan\u00e7ar o utilit\u00e1rio Equinox no Brasil no segundo semestre deste ano, conforme antecipado pelo Jornal do Carro em janeiro durante o Sal\u00e3o de Detroit. O utilit\u00e1rio-esportivo ser\u00e1 a principal novidade da Chevrolet para o mercado brasileiro em 2017 e apenas o Pa\u00eds receber\u00e1 o carro ainda\u2026 Leia mais \u00bb\" \/>\n<meta property=\"og:url\" content=\"https:\/\/dana.com.br\/canaldana\/2017\/03\/28\/chevrolet-confirma-equinox-para-o-brasil\/\" \/>\n<meta property=\"og:site_name\" content=\"Canal Dana\" \/>\n<meta property=\"article:published_time\" content=\"2017-03-28T11:20:50+00:00\" \/>\n<meta name=\"author\" content=\"Canal Dana\" \/>\n<meta name=\"twitter:card\" content=\"summary_large_image\" \/>\n<meta name=\"twitter:label1\" content=\"Escrito por\" \/>\n\t<meta name=\"twitter:data1\" content=\"Canal Dana\" \/>\n\t<meta name=\"twitter:label2\" content=\"Est. tempo de leitura\" \/>\n\t<meta name=\"twitter:data2\" content=\"3 minutos\" \/>\n<script type=\"application\/ld+json\" class=\"yoast-schema-graph\">{\"@context\":\"https:\\\/\\\/schema.org\",\"@graph\":[{\"@type\":\"Article\",\"@id\":\"https:\\\/\\\/dana.com.br\\\/canaldana\\\/2017\\\/03\\\/28\\\/chevrolet-confirma-equinox-para-o-brasil\\\/#article\",\"isPartOf\":{\"@id\":\"https:\\\/\\\/dana.com.br\\\/canaldana\\\/2017\\\/03\\\/28\\\/chevrolet-confirma-equinox-para-o-brasil\\\/\"},\"author\":{\"name\":\"Canal Dana\",\"@id\":\"https:\\\/\\\/dana.com.br\\\/canaldana\\\/#\\\/schema\\\/person\\\/3c21f22f56fcf3bc46b94bc60ea4fef6\"},\"headline\":\"Chevrolet confirma Equinox para o Brasil\",\"datePublished\":\"2017-03-28T11:20:50+00:00\",\"mainEntityOfPage\":{\"@id\":\"https:\\\/\\\/dana.com.br\\\/canaldana\\\/2017\\\/03\\\/28\\\/chevrolet-confirma-equinox-para-o-brasil\\\/\"},\"wordCount\":572,\"articleSection\":[\"Destaques\"],\"inLanguage\":\"pt-BR\"},{\"@type\":\"WebPage\",\"@id\":\"https:\\\/\\\/dana.com.br\\\/canaldana\\\/2017\\\/03\\\/28\\\/chevrolet-confirma-equinox-para-o-brasil\\\/\",\"url\":\"https:\\\/\\\/dana.com.br\\\/canaldana\\\/2017\\\/03\\\/28\\\/chevrolet-confirma-equinox-para-o-brasil\\\/\",\"name\":\"Chevrolet confirma Equinox para o Brasil - Canal Dana\",\"isPartOf\":{\"@id\":\"https:\\\/\\\/dana.com.br\\\/canaldana\\\/#website\"},\"datePublished\":\"2017-03-28T11:20:50+00:00\",\"author\":{\"@id\":\"https:\\\/\\\/dana.com.br\\\/canaldana\\\/#\\\/schema\\\/person\\\/3c21f22f56fcf3bc46b94bc60ea4fef6\"},\"breadcrumb\":{\"@id\":\"https:\\\/\\\/dana.com.br\\\/canaldana\\\/2017\\\/03\\\/28\\\/chevrolet-confirma-equinox-para-o-brasil\\\/#breadcrumb\"},\"inLanguage\":\"pt-BR\",\"potentialAction\":[{\"@type\":\"ReadAction\",\"target\":[\"https:\\\/\\\/dana.com.br\\\/canaldana\\\/2017\\\/03\\\/28\\\/chevrolet-confirma-equinox-para-o-brasil\\\/\"]}]},{\"@type\":\"BreadcrumbList\",\"@id\":\"https:\\\/\\\/dana.com.br\\\/canaldana\\\/2017\\\/03\\\/28\\\/chevrolet-confirma-equinox-para-o-brasil\\\/#breadcrumb\",\"itemListElement\":[{\"@type\":\"ListItem\",\"position\":1,\"name\":\"Home\",\"item\":\"https:\\\/\\\/dana.com.br\\\/canaldana\\\/\"},{\"@type\":\"ListItem\",\"position\":2,\"name\":\"Destaques\",\"item\":\"https:\\\/\\\/dana.com.br\\\/canaldana\\\/destaques\\\/\"},{\"@type\":\"ListItem\",\"position\":3,\"name\":\"Chevrolet confirma Equinox para o Brasil\"}]},{\"@type\":\"WebSite\",\"@id\":\"https:\\\/\\\/dana.com.br\\\/canaldana\\\/#website\",\"url\":\"https:\\\/\\\/dana.com.br\\\/canaldana\\\/\",\"name\":\"Canal Dana\",\"description\":\"Informativo com as principais not\u00edcias da ind\u00fastria automotiva\",\"potentialAction\":[{\"@type\":\"SearchAction\",\"target\":{\"@type\":\"EntryPoint\",\"urlTemplate\":\"https:\\\/\\\/dana.com.br\\\/canaldana\\\/?s={search_term_string}\"},\"query-input\":{\"@type\":\"PropertyValueSpecification\",\"valueRequired\":true,\"valueName\":\"search_term_string\"}}],\"inLanguage\":\"pt-BR\"},{\"@type\":\"Person\",\"@id\":\"https:\\\/\\\/dana.com.br\\\/canaldana\\\/#\\\/schema\\\/person\\\/3c21f22f56fcf3bc46b94bc60ea4fef6\",\"name\":\"Canal Dana\",\"image\":{\"@type\":\"ImageObject\",\"inLanguage\":\"pt-BR\",\"@id\":\"https:\\\/\\\/secure.gravatar.com\\\/avatar\\\/420aaf9278582877d9018637c6817617705899d2858d7572ef0fe59a6b6454b4?s=96&d=mm&r=g\",\"url\":\"https:\\\/\\\/secure.gravatar.com\\\/avatar\\\/420aaf9278582877d9018637c6817617705899d2858d7572ef0fe59a6b6454b4?s=96&d=mm&r=g\",\"contentUrl\":\"https:\\\/\\\/secure.gravatar.com\\\/avatar\\\/420aaf9278582877d9018637c6817617705899d2858d7572ef0fe59a6b6454b4?s=96&d=mm&r=g\",\"caption\":\"Canal Dana\"},\"url\":\"https:\\\/\\\/dana.com.br\\\/canaldana\\\/author\\\/cdeditor\\\/\"}]}<\/script>\n<!-- \/ Yoast SEO plugin. -->","yoast_head_json":{"title":"Chevrolet confirma Equinox para o Brasil - Canal Dana","robots":{"index":"index","follow":"follow","max-snippet":"max-snippet:-1","max-image-preview":"max-image-preview:large","max-video-preview":"max-video-preview:-1"},"canonical":"https:\/\/dana.com.br\/canaldana\/2017\/03\/28\/chevrolet-confirma-equinox-para-o-brasil\/","og_locale":"pt_BR","og_type":"article","og_title":"Chevrolet confirma Equinox para o Brasil - Canal Dana","og_description":"Jornal do Carro &nbsp; A GM confirmou que ir\u00e1 lan\u00e7ar o utilit\u00e1rio Equinox no Brasil no segundo semestre deste ano, conforme antecipado pelo Jornal do Carro em janeiro durante o Sal\u00e3o de Detroit. O utilit\u00e1rio-esportivo ser\u00e1 a principal novidade da Chevrolet para o mercado brasileiro em 2017 e apenas o Pa\u00eds receber\u00e1 o carro ainda\u2026 Leia mais \u00bb","og_url":"https:\/\/dana.com.br\/canaldana\/2017\/03\/28\/chevrolet-confirma-equinox-para-o-brasil\/","og_site_name":"Canal Dana","article_published_time":"2017-03-28T11:20:50+00:00","author":"Canal Dana","twitter_card":"summary_large_image","twitter_misc":{"Escrito por":"Canal Dana","Est. tempo de leitura":"3 minutos"},"schema":{"@context":"https:\/\/schema.org","@graph":[{"@type":"Article","@id":"https:\/\/dana.com.br\/canaldana\/2017\/03\/28\/chevrolet-confirma-equinox-para-o-brasil\/#article","isPartOf":{"@id":"https:\/\/dana.com.br\/canaldana\/2017\/03\/28\/chevrolet-confirma-equinox-para-o-brasil\/"},"author":{"name":"Canal Dana","@id":"https:\/\/dana.com.br\/canaldana\/#\/schema\/person\/3c21f22f56fcf3bc46b94bc60ea4fef6"},"headline":"Chevrolet confirma Equinox para o Brasil","datePublished":"2017-03-28T11:20:50+00:00","mainEntityOfPage":{"@id":"https:\/\/dana.com.br\/canaldana\/2017\/03\/28\/chevrolet-confirma-equinox-para-o-brasil\/"},"wordCount":572,"articleSection":["Destaques"],"inLanguage":"pt-BR"},{"@type":"WebPage","@id":"https:\/\/dana.com.br\/canaldana\/2017\/03\/28\/chevrolet-confirma-equinox-para-o-brasil\/","url":"https:\/\/dana.com.br\/canaldana\/2017\/03\/28\/chevrolet-confirma-equinox-para-o-brasil\/","name":"Chevrolet confirma Equinox para o Brasil - Canal Dana","isPartOf":{"@id":"https:\/\/dana.com.br\/canaldana\/#website"},"datePublished":"2017-03-28T11:20:50+00:00","author":{"@id":"https:\/\/dana.com.br\/canaldana\/#\/schema\/person\/3c21f22f56fcf3bc46b94bc60ea4fef6"},"breadcrumb":{"@id":"https:\/\/dana.com.br\/canaldana\/2017\/03\/28\/chevrolet-confirma-equinox-para-o-brasil\/#breadcrumb"},"inLanguage":"pt-BR","potentialAction":[{"@type":"ReadAction","target":["https:\/\/dana.com.br\/canaldana\/2017\/03\/28\/chevrolet-confirma-equinox-para-o-brasil\/"]}]},{"@type":"BreadcrumbList","@id":"https:\/\/dana.com.br\/canaldana\/2017\/03\/28\/chevrolet-confirma-equinox-para-o-brasil\/#breadcrumb","itemListElement":[{"@type":"ListItem","position":1,"name":"Home","item":"https:\/\/dana.com.br\/canaldana\/"},{"@type":"ListItem","position":2,"name":"Destaques","item":"https:\/\/dana.com.br\/canaldana\/destaques\/"},{"@type":"ListItem","position":3,"name":"Chevrolet confirma Equinox para o Brasil"}]},{"@type":"WebSite","@id":"https:\/\/dana.com.br\/canaldana\/#website","url":"https:\/\/dana.com.br\/canaldana\/","name":"Canal Dana","description":"Informativo com as principais not\u00edcias da ind\u00fastria automotiva","potentialAction":[{"@type":"SearchAction","target":{"@type":"EntryPoint","urlTemplate":"https:\/\/dana.com.br\/canaldana\/?s={search_term_string}"},"query-input":{"@type":"PropertyValueSpecification","valueRequired":true,"valueName":"search_term_string"}}],"inLanguage":"pt-BR"},{"@type":"Person","@id":"https:\/\/dana.com.br\/canaldana\/#\/schema\/person\/3c21f22f56fcf3bc46b94bc60ea4fef6","name":"Canal Dana","image":{"@type":"ImageObject","inLanguage":"pt-BR","@id":"https:\/\/secure.gravatar.com\/avatar\/420aaf9278582877d9018637c6817617705899d2858d7572ef0fe59a6b6454b4?s=96&d=mm&r=g","url":"https:\/\/secure.gravatar.com\/avatar\/420aaf9278582877d9018637c6817617705899d2858d7572ef0fe59a6b6454b4?s=96&d=mm&r=g","contentUrl":"https:\/\/secure.gravatar.com\/avatar\/420aaf9278582877d9018637c6817617705899d2858d7572ef0fe59a6b6454b4?s=96&d=mm&r=g","caption":"Canal Dana"},"url":"https:\/\/dana.com.br\/canaldana\/author\/cdeditor\/"}]}},"_links":{"self":[{"href":"https:\/\/dana.com.br\/canaldana\/wp-json\/wp\/v2\/posts\/15841","targetHints":{"allow":["GET"]}}],"collection":[{"href":"https:\/\/dana.com.br\/canaldana\/wp-json\/wp\/v2\/posts"}],"about":[{"href":"https:\/\/dana.com.br\/canaldana\/wp-json\/wp\/v2\/types\/post"}],"author":[{"embeddable":true,"href":"https:\/\/dana.com.br\/canaldana\/wp-json\/wp\/v2\/users\/3"}],"replies":[{"embeddable":true,"href":"https:\/\/dana.com.br\/canaldana\/wp-json\/wp\/v2\/comments?post=15841"}],"version-history":[{"count":0,"href":"https:\/\/dana.com.br\/canaldana\/wp-json\/wp\/v2\/posts\/15841\/revisions"}],"wp:attachment":[{"href":"https:\/\/dana.com.br\/canaldana\/wp-json\/wp\/v2\/media?parent=15841"}],"wp:term":[{"taxonomy":"category","embeddable":true,"href":"https:\/\/dana.com.br\/canaldana\/wp-json\/wp\/v2\/categories?post=15841"},{"taxonomy":"post_tag","embeddable":true,"href":"https:\/\/dana.com.br\/canaldana\/wp-json\/wp\/v2\/tags?post=15841"}],"curies":[{"name":"wp","href":"https:\/\/api.w.org\/{rel}","templated":true}]}}