{"id":15744,"date":"2017-03-24T08:35:40","date_gmt":"2017-03-24T11:35:40","guid":{"rendered":"http:\/\/dana.com.br\/canaldana\/?p=15744"},"modified":"2017-03-24T08:35:40","modified_gmt":"2017-03-24T11:35:40","slug":"audi-a4-e-convocado-no-brasil-para-reparar-falha-nos-cintos","status":"publish","type":"post","link":"https:\/\/dana.com.br\/canaldana\/2017\/03\/24\/audi-a4-e-convocado-no-brasil-para-reparar-falha-nos-cintos\/","title":{"rendered":"Audi A4 \u00e9 convocado no Brasil para reparar falha nos cintos"},"content":{"rendered":"<p><em>Carplace\u00a0<\/em><\/p>\n<p>&nbsp;<\/p>\n<p>A Audi do Brasil alerta os propriet\u00e1rios do sed\u00e3 A4 sobre a realiza\u00e7\u00e3o de um recall envolvendo 7 unidades. De acordo com a marca, exemplares produzidos entre 18 de julho e 25 de agosto de 2016 devem voltar \u00e0s concession\u00e1rias para reparar um problema de seguran\u00e7a identificado nos cintos dianteiros.<\/p>\n<p>&nbsp;<\/p>\n<p>Em nota, a empresa explica que os agentes detonantes dos tensores destes componentes podem n\u00e3o funcionar de forma correta em caso de acidentes, de modo a n\u00e3o fornecer a prote\u00e7\u00e3o adequada para os ocupantes. O reparo consiste na substitui\u00e7\u00e3o completa dos referidos cintos \u2013 servi\u00e7o que leva em m\u00e9dia 30 minutos para ser conclu\u00eddo.<\/p>\n<p>&nbsp;<\/p>\n<p>Os n\u00fameros de chassis (n\u00e3o sequenciais) v\u00e3o de WAU_F4 038003 a WAU_F4 058379. Informa\u00e7\u00f5es adicionais est\u00e3o dispon\u00edveis pelo telefone 0800 777 2834. (Carplace\/Dyogo Fagundes)<\/p>\n","protected":false},"excerpt":{"rendered":"<p>Carplace\u00a0 &nbsp; A Audi do Brasil alerta os propriet\u00e1rios do sed\u00e3 A4 sobre a realiza\u00e7\u00e3o de um recall envolvendo 7 unidades. De acordo com a marca, exemplares produzidos entre 18 de julho e 25 de agosto de 2016 devem voltar \u00e0s concession\u00e1rias para reparar um problema de seguran\u00e7a identificado nos cintos dianteiros. &nbsp; Em nota,\u2026 <a class=\"readmore\" href=\"https:\/\/dana.com.br\/canaldana\/2017\/03\/24\/audi-a4-e-convocado-no-brasil-para-reparar-falha-nos-cintos\/\">Leia mais \u00bb<\/a><\/p>\n","protected":false},"author":3,"featured_media":0,"comment_status":"closed","ping_status":"closed","sticky":false,"template":"","format":"standard","meta":{"_acf_changed":false,"footnotes":""},"categories":[81],"tags":[],"class_list":["post-15744","post","type-post","status-publish","format-standard","hentry","category-recall"],"acf":[],"yoast_head":"<!-- This site is optimized with the Yoast SEO plugin v27.3 - https:\/\/yoast.com\/product\/yoast-seo-wordpress\/ -->\n<title>Audi A4 \u00e9 convocado no Brasil para reparar falha nos cintos - Canal Dana<\/title>\n<meta name=\"robots\" content=\"index, follow, max-snippet:-1, max-image-preview:large, max-video-preview:-1\" \/>\n<link rel=\"canonical\" href=\"https:\/\/dana.com.br\/canaldana\/2017\/03\/24\/audi-a4-e-convocado-no-brasil-para-reparar-falha-nos-cintos\/\" \/>\n<meta property=\"og:locale\" content=\"pt_BR\" \/>\n<meta property=\"og:type\" content=\"article\" \/>\n<meta property=\"og:title\" content=\"Audi A4 \u00e9 convocado no Brasil para reparar falha nos cintos - Canal Dana\" \/>\n<meta property=\"og:description\" content=\"Carplace\u00a0 &nbsp; A Audi do Brasil alerta os propriet\u00e1rios do sed\u00e3 A4 sobre a realiza\u00e7\u00e3o de um recall envolvendo 7 unidades. De acordo com a marca, exemplares produzidos entre 18 de julho e 25 de agosto de 2016 devem voltar \u00e0s concession\u00e1rias para reparar um problema de seguran\u00e7a identificado nos cintos dianteiros. &nbsp; Em nota,\u2026 Leia mais \u00bb\" \/>\n<meta property=\"og:url\" content=\"https:\/\/dana.com.br\/canaldana\/2017\/03\/24\/audi-a4-e-convocado-no-brasil-para-reparar-falha-nos-cintos\/\" \/>\n<meta property=\"og:site_name\" content=\"Canal Dana\" \/>\n<meta property=\"article:published_time\" content=\"2017-03-24T11:35:40+00:00\" \/>\n<meta name=\"author\" content=\"Canal Dana\" \/>\n<meta name=\"twitter:card\" content=\"summary_large_image\" \/>\n<meta name=\"twitter:label1\" content=\"Escrito por\" \/>\n\t<meta name=\"twitter:data1\" content=\"Canal Dana\" \/>\n\t<meta name=\"twitter:label2\" content=\"Est. tempo de leitura\" \/>\n\t<meta name=\"twitter:data2\" content=\"1 minuto\" \/>\n<script type=\"application\/ld+json\" class=\"yoast-schema-graph\">{\"@context\":\"https:\\\/\\\/schema.org\",\"@graph\":[{\"@type\":\"Article\",\"@id\":\"https:\\\/\\\/dana.com.br\\\/canaldana\\\/2017\\\/03\\\/24\\\/audi-a4-e-convocado-no-brasil-para-reparar-falha-nos-cintos\\\/#article\",\"isPartOf\":{\"@id\":\"https:\\\/\\\/dana.com.br\\\/canaldana\\\/2017\\\/03\\\/24\\\/audi-a4-e-convocado-no-brasil-para-reparar-falha-nos-cintos\\\/\"},\"author\":{\"name\":\"Canal Dana\",\"@id\":\"https:\\\/\\\/dana.com.br\\\/canaldana\\\/#\\\/schema\\\/person\\\/3c21f22f56fcf3bc46b94bc60ea4fef6\"},\"headline\":\"Audi A4 \u00e9 convocado no Brasil para reparar falha nos cintos\",\"datePublished\":\"2017-03-24T11:35:40+00:00\",\"mainEntityOfPage\":{\"@id\":\"https:\\\/\\\/dana.com.br\\\/canaldana\\\/2017\\\/03\\\/24\\\/audi-a4-e-convocado-no-brasil-para-reparar-falha-nos-cintos\\\/\"},\"wordCount\":151,\"articleSection\":[\"Recall\"],\"inLanguage\":\"pt-BR\"},{\"@type\":\"WebPage\",\"@id\":\"https:\\\/\\\/dana.com.br\\\/canaldana\\\/2017\\\/03\\\/24\\\/audi-a4-e-convocado-no-brasil-para-reparar-falha-nos-cintos\\\/\",\"url\":\"https:\\\/\\\/dana.com.br\\\/canaldana\\\/2017\\\/03\\\/24\\\/audi-a4-e-convocado-no-brasil-para-reparar-falha-nos-cintos\\\/\",\"name\":\"Audi A4 \u00e9 convocado no Brasil para reparar falha nos cintos - Canal Dana\",\"isPartOf\":{\"@id\":\"https:\\\/\\\/dana.com.br\\\/canaldana\\\/#website\"},\"datePublished\":\"2017-03-24T11:35:40+00:00\",\"author\":{\"@id\":\"https:\\\/\\\/dana.com.br\\\/canaldana\\\/#\\\/schema\\\/person\\\/3c21f22f56fcf3bc46b94bc60ea4fef6\"},\"breadcrumb\":{\"@id\":\"https:\\\/\\\/dana.com.br\\\/canaldana\\\/2017\\\/03\\\/24\\\/audi-a4-e-convocado-no-brasil-para-reparar-falha-nos-cintos\\\/#breadcrumb\"},\"inLanguage\":\"pt-BR\",\"potentialAction\":[{\"@type\":\"ReadAction\",\"target\":[\"https:\\\/\\\/dana.com.br\\\/canaldana\\\/2017\\\/03\\\/24\\\/audi-a4-e-convocado-no-brasil-para-reparar-falha-nos-cintos\\\/\"]}]},{\"@type\":\"BreadcrumbList\",\"@id\":\"https:\\\/\\\/dana.com.br\\\/canaldana\\\/2017\\\/03\\\/24\\\/audi-a4-e-convocado-no-brasil-para-reparar-falha-nos-cintos\\\/#breadcrumb\",\"itemListElement\":[{\"@type\":\"ListItem\",\"position\":1,\"name\":\"Home\",\"item\":\"https:\\\/\\\/dana.com.br\\\/canaldana\\\/\"},{\"@type\":\"ListItem\",\"position\":2,\"name\":\"Recall\",\"item\":\"https:\\\/\\\/dana.com.br\\\/canaldana\\\/recall\\\/\"},{\"@type\":\"ListItem\",\"position\":3,\"name\":\"Audi A4 \u00e9 convocado no Brasil para reparar falha nos cintos\"}]},{\"@type\":\"WebSite\",\"@id\":\"https:\\\/\\\/dana.com.br\\\/canaldana\\\/#website\",\"url\":\"https:\\\/\\\/dana.com.br\\\/canaldana\\\/\",\"name\":\"Canal Dana\",\"description\":\"Informativo com as principais not\u00edcias da ind\u00fastria automotiva\",\"potentialAction\":[{\"@type\":\"SearchAction\",\"target\":{\"@type\":\"EntryPoint\",\"urlTemplate\":\"https:\\\/\\\/dana.com.br\\\/canaldana\\\/?s={search_term_string}\"},\"query-input\":{\"@type\":\"PropertyValueSpecification\",\"valueRequired\":true,\"valueName\":\"search_term_string\"}}],\"inLanguage\":\"pt-BR\"},{\"@type\":\"Person\",\"@id\":\"https:\\\/\\\/dana.com.br\\\/canaldana\\\/#\\\/schema\\\/person\\\/3c21f22f56fcf3bc46b94bc60ea4fef6\",\"name\":\"Canal Dana\",\"image\":{\"@type\":\"ImageObject\",\"inLanguage\":\"pt-BR\",\"@id\":\"https:\\\/\\\/secure.gravatar.com\\\/avatar\\\/420aaf9278582877d9018637c6817617705899d2858d7572ef0fe59a6b6454b4?s=96&d=mm&r=g\",\"url\":\"https:\\\/\\\/secure.gravatar.com\\\/avatar\\\/420aaf9278582877d9018637c6817617705899d2858d7572ef0fe59a6b6454b4?s=96&d=mm&r=g\",\"contentUrl\":\"https:\\\/\\\/secure.gravatar.com\\\/avatar\\\/420aaf9278582877d9018637c6817617705899d2858d7572ef0fe59a6b6454b4?s=96&d=mm&r=g\",\"caption\":\"Canal Dana\"},\"url\":\"https:\\\/\\\/dana.com.br\\\/canaldana\\\/author\\\/cdeditor\\\/\"}]}<\/script>\n<!-- \/ Yoast SEO plugin. -->","yoast_head_json":{"title":"Audi A4 \u00e9 convocado no Brasil para reparar falha nos cintos - Canal Dana","robots":{"index":"index","follow":"follow","max-snippet":"max-snippet:-1","max-image-preview":"max-image-preview:large","max-video-preview":"max-video-preview:-1"},"canonical":"https:\/\/dana.com.br\/canaldana\/2017\/03\/24\/audi-a4-e-convocado-no-brasil-para-reparar-falha-nos-cintos\/","og_locale":"pt_BR","og_type":"article","og_title":"Audi A4 \u00e9 convocado no Brasil para reparar falha nos cintos - Canal Dana","og_description":"Carplace\u00a0 &nbsp; A Audi do Brasil alerta os propriet\u00e1rios do sed\u00e3 A4 sobre a realiza\u00e7\u00e3o de um recall envolvendo 7 unidades. De acordo com a marca, exemplares produzidos entre 18 de julho e 25 de agosto de 2016 devem voltar \u00e0s concession\u00e1rias para reparar um problema de seguran\u00e7a identificado nos cintos dianteiros. &nbsp; Em nota,\u2026 Leia mais \u00bb","og_url":"https:\/\/dana.com.br\/canaldana\/2017\/03\/24\/audi-a4-e-convocado-no-brasil-para-reparar-falha-nos-cintos\/","og_site_name":"Canal Dana","article_published_time":"2017-03-24T11:35:40+00:00","author":"Canal Dana","twitter_card":"summary_large_image","twitter_misc":{"Escrito por":"Canal Dana","Est. tempo de leitura":"1 minuto"},"schema":{"@context":"https:\/\/schema.org","@graph":[{"@type":"Article","@id":"https:\/\/dana.com.br\/canaldana\/2017\/03\/24\/audi-a4-e-convocado-no-brasil-para-reparar-falha-nos-cintos\/#article","isPartOf":{"@id":"https:\/\/dana.com.br\/canaldana\/2017\/03\/24\/audi-a4-e-convocado-no-brasil-para-reparar-falha-nos-cintos\/"},"author":{"name":"Canal Dana","@id":"https:\/\/dana.com.br\/canaldana\/#\/schema\/person\/3c21f22f56fcf3bc46b94bc60ea4fef6"},"headline":"Audi A4 \u00e9 convocado no Brasil para reparar falha nos cintos","datePublished":"2017-03-24T11:35:40+00:00","mainEntityOfPage":{"@id":"https:\/\/dana.com.br\/canaldana\/2017\/03\/24\/audi-a4-e-convocado-no-brasil-para-reparar-falha-nos-cintos\/"},"wordCount":151,"articleSection":["Recall"],"inLanguage":"pt-BR"},{"@type":"WebPage","@id":"https:\/\/dana.com.br\/canaldana\/2017\/03\/24\/audi-a4-e-convocado-no-brasil-para-reparar-falha-nos-cintos\/","url":"https:\/\/dana.com.br\/canaldana\/2017\/03\/24\/audi-a4-e-convocado-no-brasil-para-reparar-falha-nos-cintos\/","name":"Audi A4 \u00e9 convocado no Brasil para reparar falha nos cintos - Canal Dana","isPartOf":{"@id":"https:\/\/dana.com.br\/canaldana\/#website"},"datePublished":"2017-03-24T11:35:40+00:00","author":{"@id":"https:\/\/dana.com.br\/canaldana\/#\/schema\/person\/3c21f22f56fcf3bc46b94bc60ea4fef6"},"breadcrumb":{"@id":"https:\/\/dana.com.br\/canaldana\/2017\/03\/24\/audi-a4-e-convocado-no-brasil-para-reparar-falha-nos-cintos\/#breadcrumb"},"inLanguage":"pt-BR","potentialAction":[{"@type":"ReadAction","target":["https:\/\/dana.com.br\/canaldana\/2017\/03\/24\/audi-a4-e-convocado-no-brasil-para-reparar-falha-nos-cintos\/"]}]},{"@type":"BreadcrumbList","@id":"https:\/\/dana.com.br\/canaldana\/2017\/03\/24\/audi-a4-e-convocado-no-brasil-para-reparar-falha-nos-cintos\/#breadcrumb","itemListElement":[{"@type":"ListItem","position":1,"name":"Home","item":"https:\/\/dana.com.br\/canaldana\/"},{"@type":"ListItem","position":2,"name":"Recall","item":"https:\/\/dana.com.br\/canaldana\/recall\/"},{"@type":"ListItem","position":3,"name":"Audi A4 \u00e9 convocado no Brasil para reparar falha nos cintos"}]},{"@type":"WebSite","@id":"https:\/\/dana.com.br\/canaldana\/#website","url":"https:\/\/dana.com.br\/canaldana\/","name":"Canal Dana","description":"Informativo com as principais not\u00edcias da ind\u00fastria automotiva","potentialAction":[{"@type":"SearchAction","target":{"@type":"EntryPoint","urlTemplate":"https:\/\/dana.com.br\/canaldana\/?s={search_term_string}"},"query-input":{"@type":"PropertyValueSpecification","valueRequired":true,"valueName":"search_term_string"}}],"inLanguage":"pt-BR"},{"@type":"Person","@id":"https:\/\/dana.com.br\/canaldana\/#\/schema\/person\/3c21f22f56fcf3bc46b94bc60ea4fef6","name":"Canal Dana","image":{"@type":"ImageObject","inLanguage":"pt-BR","@id":"https:\/\/secure.gravatar.com\/avatar\/420aaf9278582877d9018637c6817617705899d2858d7572ef0fe59a6b6454b4?s=96&d=mm&r=g","url":"https:\/\/secure.gravatar.com\/avatar\/420aaf9278582877d9018637c6817617705899d2858d7572ef0fe59a6b6454b4?s=96&d=mm&r=g","contentUrl":"https:\/\/secure.gravatar.com\/avatar\/420aaf9278582877d9018637c6817617705899d2858d7572ef0fe59a6b6454b4?s=96&d=mm&r=g","caption":"Canal Dana"},"url":"https:\/\/dana.com.br\/canaldana\/author\/cdeditor\/"}]}},"_links":{"self":[{"href":"https:\/\/dana.com.br\/canaldana\/wp-json\/wp\/v2\/posts\/15744","targetHints":{"allow":["GET"]}}],"collection":[{"href":"https:\/\/dana.com.br\/canaldana\/wp-json\/wp\/v2\/posts"}],"about":[{"href":"https:\/\/dana.com.br\/canaldana\/wp-json\/wp\/v2\/types\/post"}],"author":[{"embeddable":true,"href":"https:\/\/dana.com.br\/canaldana\/wp-json\/wp\/v2\/users\/3"}],"replies":[{"embeddable":true,"href":"https:\/\/dana.com.br\/canaldana\/wp-json\/wp\/v2\/comments?post=15744"}],"version-history":[{"count":0,"href":"https:\/\/dana.com.br\/canaldana\/wp-json\/wp\/v2\/posts\/15744\/revisions"}],"wp:attachment":[{"href":"https:\/\/dana.com.br\/canaldana\/wp-json\/wp\/v2\/media?parent=15744"}],"wp:term":[{"taxonomy":"category","embeddable":true,"href":"https:\/\/dana.com.br\/canaldana\/wp-json\/wp\/v2\/categories?post=15744"},{"taxonomy":"post_tag","embeddable":true,"href":"https:\/\/dana.com.br\/canaldana\/wp-json\/wp\/v2\/tags?post=15744"}],"curies":[{"name":"wp","href":"https:\/\/api.w.org\/{rel}","templated":true}]}}