{"id":1503,"date":"2015-08-07T08:14:23","date_gmt":"2015-08-07T11:14:23","guid":{"rendered":"http:\/\/dana.com.br\/canaldana\/?p=1503"},"modified":"2015-08-07T08:14:23","modified_gmt":"2015-08-07T11:14:23","slug":"escola-volkswagen-senai-na-regiao-equipara-curso-a-padrao-da-alemanha","status":"publish","type":"post","link":"https:\/\/dana.com.br\/canaldana\/2015\/08\/07\/escola-volkswagen-senai-na-regiao-equipara-curso-a-padrao-da-alemanha\/","title":{"rendered":"Escola Volkswagen Senai na regi\u00e3o equipara curso a padr\u00e3o da Alemanha"},"content":{"rendered":"<p><em>Di\u00e1rio do Grande ABC<\/em><\/p>\n<p>&nbsp;<\/p>\n<p>Para acompanhar a evolu\u00e7\u00e3o tecnol\u00f3gica na \u00e1rea automotiva, que cada vez mais registra o crescimento do uso de componentes eletr\u00f4nicos nos carros, a f\u00e1brica da Volkswagen da Anchieta inicia, em 2016, experi\u00eancia in\u00e9dita no Pa\u00eds: o Centro de Forma\u00e7\u00e3o Profissional do Senai dentro de suas instala\u00e7\u00f5es passar\u00e1 a contar com mais um ano de qualifica\u00e7\u00e3o para o curso de t\u00e9cnico em mecatr\u00f4nica. Em vez de dois anos de aulas, o jovem ter\u00e1 oportunidade de ter tr\u00eas.<\/p>\n<p>&nbsp;<\/p>\n<p>O objetivo \u00e9 equiparar o ensino ao n\u00edvel do que \u00e9 oferecido na Alemanha, assinala o gerente executivo da \u00e1rea de academia e gest\u00e3o de compet\u00eancias corporativas da companhia no Brasil, Raimundo Ramos. Quem fizer os tr\u00eas anos sair\u00e1 com quatro certificados. Isso porque, ao concluir o primeiro ano na escola, o aluno recebe o diploma de mec\u00e2nico industrial. No segundo, tem a forma\u00e7\u00e3o em t\u00e9cnico em mecatr\u00f4nica e agora ganhar\u00e1 ainda, se fizer o terceiro ano, al\u00e9m do diploma de especialista p\u00f3s-t\u00e9cnico em mecatr\u00f4nica do Senai, outro internacional, reconhecido pelo governo alem\u00e3o \u2013 o que foi poss\u00edvel por meio de parceria com a C\u00e2mara de Com\u00e9rcio Brasil-Alemanha.<\/p>\n<p>&nbsp;<\/p>\n<p>A primeira turma desse terceiro ano come\u00e7a em fevereiro, para apenas 20 estudantes \u2013 os dez melhores avaliados nos dois primeiros anos do curso e outros dez que tenham feito mecatr\u00f4nica e que sejam funcion\u00e1rios de empresas fornecedoras que queiram participar do projeto. Entre elas, j\u00e1 est\u00e1 confirmada a participa\u00e7\u00e3o da ind\u00fastria de m\u00e1quinas Grob, de S\u00e3o Bernardo. No caso dos jovens mais bem ranqueados da Volks, ao fazer esse curso, ele j\u00e1 ser\u00e1 efetivado, tornando-se empregado na montadora. Ramos acrescenta que, no futuro, o n\u00famero de vagas pode ser ampliado.<\/p>\n<p>&nbsp;<\/p>\n<p><strong>Tradi\u00e7\u00e3o<\/strong><\/p>\n<p>&nbsp;<\/p>\n<p>O Centro de Forma\u00e7\u00e3o Profissional Volkswagen Senai acaba de completar 42 anos. Nesse per\u00edodo de exist\u00eancia, formou na f\u00e1brica Anchieta cerca de 6.400 alunos, muitos dos quais seguiram carreira na empresa. Neste ano, h\u00e1 121 estudantes matriculados. Enquanto faz curso no local, o jovem \u00e9 registrado em carteira de trabalho como aprendiz de mec\u00e2nico geral da Volkswagen. (Di\u00e1rio do Grande ABC\/Leone Farias)<\/p>\n","protected":false},"excerpt":{"rendered":"<p>Di\u00e1rio do Grande ABC &nbsp; Para acompanhar a evolu\u00e7\u00e3o tecnol\u00f3gica na \u00e1rea automotiva, que cada vez mais registra o crescimento do uso de componentes eletr\u00f4nicos nos carros, a f\u00e1brica da Volkswagen da Anchieta inicia, em 2016, experi\u00eancia in\u00e9dita no Pa\u00eds: o Centro de Forma\u00e7\u00e3o Profissional do Senai dentro de suas instala\u00e7\u00f5es passar\u00e1 a contar com\u2026 <a class=\"readmore\" href=\"https:\/\/dana.com.br\/canaldana\/2015\/08\/07\/escola-volkswagen-senai-na-regiao-equipara-curso-a-padrao-da-alemanha\/\">Leia mais \u00bb<\/a><\/p>\n","protected":false},"author":3,"featured_media":0,"comment_status":"closed","ping_status":"closed","sticky":false,"template":"","format":"standard","meta":{"_acf_changed":false,"footnotes":""},"categories":[68],"tags":[],"class_list":["post-1503","post","type-post","status-publish","format-standard","hentry","category-cursos"],"acf":[],"yoast_head":"<!-- This site is optimized with the Yoast SEO plugin v27.3 - https:\/\/yoast.com\/product\/yoast-seo-wordpress\/ -->\n<title>Escola Volkswagen Senai na regi\u00e3o equipara curso a padr\u00e3o da Alemanha - Canal Dana<\/title>\n<meta name=\"robots\" content=\"index, follow, max-snippet:-1, max-image-preview:large, max-video-preview:-1\" \/>\n<link rel=\"canonical\" href=\"https:\/\/dana.com.br\/canaldana\/2015\/08\/07\/escola-volkswagen-senai-na-regiao-equipara-curso-a-padrao-da-alemanha\/\" \/>\n<meta property=\"og:locale\" content=\"pt_BR\" \/>\n<meta property=\"og:type\" content=\"article\" \/>\n<meta property=\"og:title\" content=\"Escola Volkswagen Senai na regi\u00e3o equipara curso a padr\u00e3o da Alemanha - Canal Dana\" \/>\n<meta property=\"og:description\" content=\"Di\u00e1rio do Grande ABC &nbsp; Para acompanhar a evolu\u00e7\u00e3o tecnol\u00f3gica na \u00e1rea automotiva, que cada vez mais registra o crescimento do uso de componentes eletr\u00f4nicos nos carros, a f\u00e1brica da Volkswagen da Anchieta inicia, em 2016, experi\u00eancia in\u00e9dita no Pa\u00eds: o Centro de Forma\u00e7\u00e3o Profissional do Senai dentro de suas instala\u00e7\u00f5es passar\u00e1 a contar com\u2026 Leia mais \u00bb\" \/>\n<meta property=\"og:url\" content=\"https:\/\/dana.com.br\/canaldana\/2015\/08\/07\/escola-volkswagen-senai-na-regiao-equipara-curso-a-padrao-da-alemanha\/\" \/>\n<meta property=\"og:site_name\" content=\"Canal Dana\" \/>\n<meta property=\"article:published_time\" content=\"2015-08-07T11:14:23+00:00\" \/>\n<meta name=\"author\" content=\"Canal Dana\" \/>\n<meta name=\"twitter:card\" content=\"summary_large_image\" \/>\n<meta name=\"twitter:label1\" content=\"Escrito por\" \/>\n\t<meta name=\"twitter:data1\" content=\"Canal Dana\" \/>\n\t<meta name=\"twitter:label2\" content=\"Est. tempo de leitura\" \/>\n\t<meta name=\"twitter:data2\" content=\"2 minutos\" \/>\n<script type=\"application\/ld+json\" class=\"yoast-schema-graph\">{\"@context\":\"https:\\\/\\\/schema.org\",\"@graph\":[{\"@type\":\"Article\",\"@id\":\"https:\\\/\\\/dana.com.br\\\/canaldana\\\/2015\\\/08\\\/07\\\/escola-volkswagen-senai-na-regiao-equipara-curso-a-padrao-da-alemanha\\\/#article\",\"isPartOf\":{\"@id\":\"https:\\\/\\\/dana.com.br\\\/canaldana\\\/2015\\\/08\\\/07\\\/escola-volkswagen-senai-na-regiao-equipara-curso-a-padrao-da-alemanha\\\/\"},\"author\":{\"name\":\"Canal Dana\",\"@id\":\"https:\\\/\\\/dana.com.br\\\/canaldana\\\/#\\\/schema\\\/person\\\/3c21f22f56fcf3bc46b94bc60ea4fef6\"},\"headline\":\"Escola Volkswagen Senai na regi\u00e3o equipara curso a padr\u00e3o da Alemanha\",\"datePublished\":\"2015-08-07T11:14:23+00:00\",\"mainEntityOfPage\":{\"@id\":\"https:\\\/\\\/dana.com.br\\\/canaldana\\\/2015\\\/08\\\/07\\\/escola-volkswagen-senai-na-regiao-equipara-curso-a-padrao-da-alemanha\\\/\"},\"wordCount\":396,\"articleSection\":[\"Cursos\"],\"inLanguage\":\"pt-BR\"},{\"@type\":\"WebPage\",\"@id\":\"https:\\\/\\\/dana.com.br\\\/canaldana\\\/2015\\\/08\\\/07\\\/escola-volkswagen-senai-na-regiao-equipara-curso-a-padrao-da-alemanha\\\/\",\"url\":\"https:\\\/\\\/dana.com.br\\\/canaldana\\\/2015\\\/08\\\/07\\\/escola-volkswagen-senai-na-regiao-equipara-curso-a-padrao-da-alemanha\\\/\",\"name\":\"Escola Volkswagen Senai na regi\u00e3o equipara curso a padr\u00e3o da Alemanha - Canal Dana\",\"isPartOf\":{\"@id\":\"https:\\\/\\\/dana.com.br\\\/canaldana\\\/#website\"},\"datePublished\":\"2015-08-07T11:14:23+00:00\",\"author\":{\"@id\":\"https:\\\/\\\/dana.com.br\\\/canaldana\\\/#\\\/schema\\\/person\\\/3c21f22f56fcf3bc46b94bc60ea4fef6\"},\"breadcrumb\":{\"@id\":\"https:\\\/\\\/dana.com.br\\\/canaldana\\\/2015\\\/08\\\/07\\\/escola-volkswagen-senai-na-regiao-equipara-curso-a-padrao-da-alemanha\\\/#breadcrumb\"},\"inLanguage\":\"pt-BR\",\"potentialAction\":[{\"@type\":\"ReadAction\",\"target\":[\"https:\\\/\\\/dana.com.br\\\/canaldana\\\/2015\\\/08\\\/07\\\/escola-volkswagen-senai-na-regiao-equipara-curso-a-padrao-da-alemanha\\\/\"]}]},{\"@type\":\"BreadcrumbList\",\"@id\":\"https:\\\/\\\/dana.com.br\\\/canaldana\\\/2015\\\/08\\\/07\\\/escola-volkswagen-senai-na-regiao-equipara-curso-a-padrao-da-alemanha\\\/#breadcrumb\",\"itemListElement\":[{\"@type\":\"ListItem\",\"position\":1,\"name\":\"Home\",\"item\":\"https:\\\/\\\/dana.com.br\\\/canaldana\\\/\"},{\"@type\":\"ListItem\",\"position\":2,\"name\":\"Cursos\",\"item\":\"https:\\\/\\\/dana.com.br\\\/canaldana\\\/cursos\\\/\"},{\"@type\":\"ListItem\",\"position\":3,\"name\":\"Escola Volkswagen Senai na regi\u00e3o equipara curso a padr\u00e3o da Alemanha\"}]},{\"@type\":\"WebSite\",\"@id\":\"https:\\\/\\\/dana.com.br\\\/canaldana\\\/#website\",\"url\":\"https:\\\/\\\/dana.com.br\\\/canaldana\\\/\",\"name\":\"Canal Dana\",\"description\":\"Informativo com as principais not\u00edcias da ind\u00fastria automotiva\",\"potentialAction\":[{\"@type\":\"SearchAction\",\"target\":{\"@type\":\"EntryPoint\",\"urlTemplate\":\"https:\\\/\\\/dana.com.br\\\/canaldana\\\/?s={search_term_string}\"},\"query-input\":{\"@type\":\"PropertyValueSpecification\",\"valueRequired\":true,\"valueName\":\"search_term_string\"}}],\"inLanguage\":\"pt-BR\"},{\"@type\":\"Person\",\"@id\":\"https:\\\/\\\/dana.com.br\\\/canaldana\\\/#\\\/schema\\\/person\\\/3c21f22f56fcf3bc46b94bc60ea4fef6\",\"name\":\"Canal Dana\",\"image\":{\"@type\":\"ImageObject\",\"inLanguage\":\"pt-BR\",\"@id\":\"https:\\\/\\\/secure.gravatar.com\\\/avatar\\\/420aaf9278582877d9018637c6817617705899d2858d7572ef0fe59a6b6454b4?s=96&d=mm&r=g\",\"url\":\"https:\\\/\\\/secure.gravatar.com\\\/avatar\\\/420aaf9278582877d9018637c6817617705899d2858d7572ef0fe59a6b6454b4?s=96&d=mm&r=g\",\"contentUrl\":\"https:\\\/\\\/secure.gravatar.com\\\/avatar\\\/420aaf9278582877d9018637c6817617705899d2858d7572ef0fe59a6b6454b4?s=96&d=mm&r=g\",\"caption\":\"Canal Dana\"},\"url\":\"https:\\\/\\\/dana.com.br\\\/canaldana\\\/author\\\/cdeditor\\\/\"}]}<\/script>\n<!-- \/ Yoast SEO plugin. -->","yoast_head_json":{"title":"Escola Volkswagen Senai na regi\u00e3o equipara curso a padr\u00e3o da Alemanha - Canal Dana","robots":{"index":"index","follow":"follow","max-snippet":"max-snippet:-1","max-image-preview":"max-image-preview:large","max-video-preview":"max-video-preview:-1"},"canonical":"https:\/\/dana.com.br\/canaldana\/2015\/08\/07\/escola-volkswagen-senai-na-regiao-equipara-curso-a-padrao-da-alemanha\/","og_locale":"pt_BR","og_type":"article","og_title":"Escola Volkswagen Senai na regi\u00e3o equipara curso a padr\u00e3o da Alemanha - Canal Dana","og_description":"Di\u00e1rio do Grande ABC &nbsp; Para acompanhar a evolu\u00e7\u00e3o tecnol\u00f3gica na \u00e1rea automotiva, que cada vez mais registra o crescimento do uso de componentes eletr\u00f4nicos nos carros, a f\u00e1brica da Volkswagen da Anchieta inicia, em 2016, experi\u00eancia in\u00e9dita no Pa\u00eds: o Centro de Forma\u00e7\u00e3o Profissional do Senai dentro de suas instala\u00e7\u00f5es passar\u00e1 a contar com\u2026 Leia mais \u00bb","og_url":"https:\/\/dana.com.br\/canaldana\/2015\/08\/07\/escola-volkswagen-senai-na-regiao-equipara-curso-a-padrao-da-alemanha\/","og_site_name":"Canal Dana","article_published_time":"2015-08-07T11:14:23+00:00","author":"Canal Dana","twitter_card":"summary_large_image","twitter_misc":{"Escrito por":"Canal Dana","Est. tempo de leitura":"2 minutos"},"schema":{"@context":"https:\/\/schema.org","@graph":[{"@type":"Article","@id":"https:\/\/dana.com.br\/canaldana\/2015\/08\/07\/escola-volkswagen-senai-na-regiao-equipara-curso-a-padrao-da-alemanha\/#article","isPartOf":{"@id":"https:\/\/dana.com.br\/canaldana\/2015\/08\/07\/escola-volkswagen-senai-na-regiao-equipara-curso-a-padrao-da-alemanha\/"},"author":{"name":"Canal Dana","@id":"https:\/\/dana.com.br\/canaldana\/#\/schema\/person\/3c21f22f56fcf3bc46b94bc60ea4fef6"},"headline":"Escola Volkswagen Senai na regi\u00e3o equipara curso a padr\u00e3o da Alemanha","datePublished":"2015-08-07T11:14:23+00:00","mainEntityOfPage":{"@id":"https:\/\/dana.com.br\/canaldana\/2015\/08\/07\/escola-volkswagen-senai-na-regiao-equipara-curso-a-padrao-da-alemanha\/"},"wordCount":396,"articleSection":["Cursos"],"inLanguage":"pt-BR"},{"@type":"WebPage","@id":"https:\/\/dana.com.br\/canaldana\/2015\/08\/07\/escola-volkswagen-senai-na-regiao-equipara-curso-a-padrao-da-alemanha\/","url":"https:\/\/dana.com.br\/canaldana\/2015\/08\/07\/escola-volkswagen-senai-na-regiao-equipara-curso-a-padrao-da-alemanha\/","name":"Escola Volkswagen Senai na regi\u00e3o equipara curso a padr\u00e3o da Alemanha - Canal Dana","isPartOf":{"@id":"https:\/\/dana.com.br\/canaldana\/#website"},"datePublished":"2015-08-07T11:14:23+00:00","author":{"@id":"https:\/\/dana.com.br\/canaldana\/#\/schema\/person\/3c21f22f56fcf3bc46b94bc60ea4fef6"},"breadcrumb":{"@id":"https:\/\/dana.com.br\/canaldana\/2015\/08\/07\/escola-volkswagen-senai-na-regiao-equipara-curso-a-padrao-da-alemanha\/#breadcrumb"},"inLanguage":"pt-BR","potentialAction":[{"@type":"ReadAction","target":["https:\/\/dana.com.br\/canaldana\/2015\/08\/07\/escola-volkswagen-senai-na-regiao-equipara-curso-a-padrao-da-alemanha\/"]}]},{"@type":"BreadcrumbList","@id":"https:\/\/dana.com.br\/canaldana\/2015\/08\/07\/escola-volkswagen-senai-na-regiao-equipara-curso-a-padrao-da-alemanha\/#breadcrumb","itemListElement":[{"@type":"ListItem","position":1,"name":"Home","item":"https:\/\/dana.com.br\/canaldana\/"},{"@type":"ListItem","position":2,"name":"Cursos","item":"https:\/\/dana.com.br\/canaldana\/cursos\/"},{"@type":"ListItem","position":3,"name":"Escola Volkswagen Senai na regi\u00e3o equipara curso a padr\u00e3o da Alemanha"}]},{"@type":"WebSite","@id":"https:\/\/dana.com.br\/canaldana\/#website","url":"https:\/\/dana.com.br\/canaldana\/","name":"Canal Dana","description":"Informativo com as principais not\u00edcias da ind\u00fastria automotiva","potentialAction":[{"@type":"SearchAction","target":{"@type":"EntryPoint","urlTemplate":"https:\/\/dana.com.br\/canaldana\/?s={search_term_string}"},"query-input":{"@type":"PropertyValueSpecification","valueRequired":true,"valueName":"search_term_string"}}],"inLanguage":"pt-BR"},{"@type":"Person","@id":"https:\/\/dana.com.br\/canaldana\/#\/schema\/person\/3c21f22f56fcf3bc46b94bc60ea4fef6","name":"Canal Dana","image":{"@type":"ImageObject","inLanguage":"pt-BR","@id":"https:\/\/secure.gravatar.com\/avatar\/420aaf9278582877d9018637c6817617705899d2858d7572ef0fe59a6b6454b4?s=96&d=mm&r=g","url":"https:\/\/secure.gravatar.com\/avatar\/420aaf9278582877d9018637c6817617705899d2858d7572ef0fe59a6b6454b4?s=96&d=mm&r=g","contentUrl":"https:\/\/secure.gravatar.com\/avatar\/420aaf9278582877d9018637c6817617705899d2858d7572ef0fe59a6b6454b4?s=96&d=mm&r=g","caption":"Canal Dana"},"url":"https:\/\/dana.com.br\/canaldana\/author\/cdeditor\/"}]}},"_links":{"self":[{"href":"https:\/\/dana.com.br\/canaldana\/wp-json\/wp\/v2\/posts\/1503","targetHints":{"allow":["GET"]}}],"collection":[{"href":"https:\/\/dana.com.br\/canaldana\/wp-json\/wp\/v2\/posts"}],"about":[{"href":"https:\/\/dana.com.br\/canaldana\/wp-json\/wp\/v2\/types\/post"}],"author":[{"embeddable":true,"href":"https:\/\/dana.com.br\/canaldana\/wp-json\/wp\/v2\/users\/3"}],"replies":[{"embeddable":true,"href":"https:\/\/dana.com.br\/canaldana\/wp-json\/wp\/v2\/comments?post=1503"}],"version-history":[{"count":0,"href":"https:\/\/dana.com.br\/canaldana\/wp-json\/wp\/v2\/posts\/1503\/revisions"}],"wp:attachment":[{"href":"https:\/\/dana.com.br\/canaldana\/wp-json\/wp\/v2\/media?parent=1503"}],"wp:term":[{"taxonomy":"category","embeddable":true,"href":"https:\/\/dana.com.br\/canaldana\/wp-json\/wp\/v2\/categories?post=1503"},{"taxonomy":"post_tag","embeddable":true,"href":"https:\/\/dana.com.br\/canaldana\/wp-json\/wp\/v2\/tags?post=1503"}],"curies":[{"name":"wp","href":"https:\/\/api.w.org\/{rel}","templated":true}]}}