{"id":14863,"date":"2017-02-14T08:21:51","date_gmt":"2017-02-14T10:21:51","guid":{"rendered":"http:\/\/dana.com.br\/canaldana\/?p=14863"},"modified":"2017-02-14T08:21:51","modified_gmt":"2017-02-14T10:21:51","slug":"professor-paulo-kaminski-da-poli-usp-e-convidado-para-participar-do-cirst-importante-grupo-de-pesquisadores-do-canada","status":"publish","type":"post","link":"https:\/\/dana.com.br\/canaldana\/2017\/02\/14\/professor-paulo-kaminski-da-poli-usp-e-convidado-para-participar-do-cirst-importante-grupo-de-pesquisadores-do-canada\/","title":{"rendered":"Professor Paulo Kaminski, da Poli-USP, \u00e9 convidado para participar do CIRST, importante grupo de pesquisadores do Canad\u00e1"},"content":{"rendered":"<p><em>CEA &#8211; Poli\/USP<\/em><\/p>\n<p>&nbsp;<\/p>\n<p>O Prof. Dr. Paulo Kaminski, coordenador do Centro de Engenharia Automotiva (CEA) da Poli-USP, foi convidado a fazer parte do time de colaboradores internacionais do Centre interuniversitaire de recherche sur la science et la technologie (CIRST), de Quebec, Canad\u00e1. O CIRST \u00e9 um importante grupo interdisciplinar de pesquisadores daquele pa\u00eds, que promove o avan\u00e7o do conhecimento em diferentes \u00e1reas da ci\u00eancia e da tecnologia e sua aplica\u00e7\u00e3o na resolu\u00e7\u00e3o de problem\u00e1ticas sociais.<\/p>\n<p>&nbsp;<\/p>\n<p>Criado em 1986, o CIRST re\u00fane cerca de 60 pesquisadores de 12 institui\u00e7\u00f5es de ensino, e est\u00e1 localizado no campus principal da Universit\u00e9 du Qu\u00e9bec \u00e0 Montr\u00e9al &#8211; Universidade do Quebec em Montreal (UQAM). \u00c9 reconhecido como unidade de pesquisa pela Universidade de Montreal e pela Universidade de Sherbrooke, al\u00e9m da pr\u00f3pria UQAM.<\/p>\n<p>&nbsp;<\/p>\n<p>O CIRST lan\u00e7ou recentemente o programa de colaboradores internacionais e convidou cerca de 10 pesquisadores de diferentes regi\u00f5es do mundo. O professor Paulo Kaminski recebeu o convite, no final de 2016, em virtude do reconhecimento da qualidade dos trabalhos realizados em parceria com pesquisadores de Quebec.<\/p>\n<p>&nbsp;<\/p>\n<p>\u201d\u00c9 uma honra ser selecionado para fazer parte do CIRST. A iniciativa deve aumentar a colabora\u00e7\u00e3o em projetos de pesquisas cient\u00edficas entre nosso grupo e pesquisadores do Canad\u00e1\u201d, diz o professor Paulo Kaminski.<\/p>\n<p>&nbsp;<\/p>\n<p>Informa\u00e7\u00f5es sobre o CIRST em <a href=\"http:\/\/www.cirst.uqam.ca\/en\/\" target=\"_blank\">http:\/\/www.cirst.uqam.ca\/en\/<\/a> (CEA &#8211; Poli\/USP\/Celia Domingues)<\/p>\n","protected":false},"excerpt":{"rendered":"<p>CEA &#8211; Poli\/USP &nbsp; O Prof. Dr. Paulo Kaminski, coordenador do Centro de Engenharia Automotiva (CEA) da Poli-USP, foi convidado a fazer parte do time de colaboradores internacionais do Centre interuniversitaire de recherche sur la science et la technologie (CIRST), de Quebec, Canad\u00e1. O CIRST \u00e9 um importante grupo interdisciplinar de pesquisadores daquele pa\u00eds, que\u2026 <a class=\"readmore\" href=\"https:\/\/dana.com.br\/canaldana\/2017\/02\/14\/professor-paulo-kaminski-da-poli-usp-e-convidado-para-participar-do-cirst-importante-grupo-de-pesquisadores-do-canada\/\">Leia mais \u00bb<\/a><\/p>\n","protected":false},"author":3,"featured_media":0,"comment_status":"closed","ping_status":"closed","sticky":false,"template":"","format":"standard","meta":{"_acf_changed":false,"footnotes":""},"categories":[68],"tags":[],"class_list":["post-14863","post","type-post","status-publish","format-standard","hentry","category-cursos"],"acf":[],"yoast_head":"<!-- This site is optimized with the Yoast SEO plugin v27.3 - https:\/\/yoast.com\/product\/yoast-seo-wordpress\/ -->\n<title>Professor Paulo Kaminski, da Poli-USP, \u00e9 convidado para participar do CIRST, importante grupo de pesquisadores do Canad\u00e1 - Canal Dana<\/title>\n<meta name=\"robots\" content=\"index, follow, max-snippet:-1, max-image-preview:large, max-video-preview:-1\" \/>\n<link rel=\"canonical\" href=\"https:\/\/dana.com.br\/canaldana\/2017\/02\/14\/professor-paulo-kaminski-da-poli-usp-e-convidado-para-participar-do-cirst-importante-grupo-de-pesquisadores-do-canada\/\" \/>\n<meta property=\"og:locale\" content=\"pt_BR\" \/>\n<meta property=\"og:type\" content=\"article\" \/>\n<meta property=\"og:title\" content=\"Professor Paulo Kaminski, da Poli-USP, \u00e9 convidado para participar do CIRST, importante grupo de pesquisadores do Canad\u00e1 - Canal Dana\" \/>\n<meta property=\"og:description\" content=\"CEA &#8211; Poli\/USP &nbsp; O Prof. Dr. Paulo Kaminski, coordenador do Centro de Engenharia Automotiva (CEA) da Poli-USP, foi convidado a fazer parte do time de colaboradores internacionais do Centre interuniversitaire de recherche sur la science et la technologie (CIRST), de Quebec, Canad\u00e1. O CIRST \u00e9 um importante grupo interdisciplinar de pesquisadores daquele pa\u00eds, que\u2026 Leia mais \u00bb\" \/>\n<meta property=\"og:url\" content=\"https:\/\/dana.com.br\/canaldana\/2017\/02\/14\/professor-paulo-kaminski-da-poli-usp-e-convidado-para-participar-do-cirst-importante-grupo-de-pesquisadores-do-canada\/\" \/>\n<meta property=\"og:site_name\" content=\"Canal Dana\" \/>\n<meta property=\"article:published_time\" content=\"2017-02-14T10:21:51+00:00\" \/>\n<meta name=\"author\" content=\"Canal Dana\" \/>\n<meta name=\"twitter:card\" content=\"summary_large_image\" \/>\n<meta name=\"twitter:label1\" content=\"Escrito por\" \/>\n\t<meta name=\"twitter:data1\" content=\"Canal Dana\" \/>\n\t<meta name=\"twitter:label2\" content=\"Est. tempo de leitura\" \/>\n\t<meta name=\"twitter:data2\" content=\"1 minuto\" \/>\n<script type=\"application\/ld+json\" class=\"yoast-schema-graph\">{\"@context\":\"https:\\\/\\\/schema.org\",\"@graph\":[{\"@type\":\"Article\",\"@id\":\"https:\\\/\\\/dana.com.br\\\/canaldana\\\/2017\\\/02\\\/14\\\/professor-paulo-kaminski-da-poli-usp-e-convidado-para-participar-do-cirst-importante-grupo-de-pesquisadores-do-canada\\\/#article\",\"isPartOf\":{\"@id\":\"https:\\\/\\\/dana.com.br\\\/canaldana\\\/2017\\\/02\\\/14\\\/professor-paulo-kaminski-da-poli-usp-e-convidado-para-participar-do-cirst-importante-grupo-de-pesquisadores-do-canada\\\/\"},\"author\":{\"name\":\"Canal Dana\",\"@id\":\"https:\\\/\\\/dana.com.br\\\/canaldana\\\/#\\\/schema\\\/person\\\/3c21f22f56fcf3bc46b94bc60ea4fef6\"},\"headline\":\"Professor Paulo Kaminski, da Poli-USP, \u00e9 convidado para participar do CIRST, importante grupo de pesquisadores do Canad\u00e1\",\"datePublished\":\"2017-02-14T10:21:51+00:00\",\"mainEntityOfPage\":{\"@id\":\"https:\\\/\\\/dana.com.br\\\/canaldana\\\/2017\\\/02\\\/14\\\/professor-paulo-kaminski-da-poli-usp-e-convidado-para-participar-do-cirst-importante-grupo-de-pesquisadores-do-canada\\\/\"},\"wordCount\":254,\"articleSection\":[\"Cursos\"],\"inLanguage\":\"pt-BR\"},{\"@type\":\"WebPage\",\"@id\":\"https:\\\/\\\/dana.com.br\\\/canaldana\\\/2017\\\/02\\\/14\\\/professor-paulo-kaminski-da-poli-usp-e-convidado-para-participar-do-cirst-importante-grupo-de-pesquisadores-do-canada\\\/\",\"url\":\"https:\\\/\\\/dana.com.br\\\/canaldana\\\/2017\\\/02\\\/14\\\/professor-paulo-kaminski-da-poli-usp-e-convidado-para-participar-do-cirst-importante-grupo-de-pesquisadores-do-canada\\\/\",\"name\":\"Professor Paulo Kaminski, da Poli-USP, \u00e9 convidado para participar do CIRST, importante grupo de pesquisadores do Canad\u00e1 - Canal Dana\",\"isPartOf\":{\"@id\":\"https:\\\/\\\/dana.com.br\\\/canaldana\\\/#website\"},\"datePublished\":\"2017-02-14T10:21:51+00:00\",\"author\":{\"@id\":\"https:\\\/\\\/dana.com.br\\\/canaldana\\\/#\\\/schema\\\/person\\\/3c21f22f56fcf3bc46b94bc60ea4fef6\"},\"breadcrumb\":{\"@id\":\"https:\\\/\\\/dana.com.br\\\/canaldana\\\/2017\\\/02\\\/14\\\/professor-paulo-kaminski-da-poli-usp-e-convidado-para-participar-do-cirst-importante-grupo-de-pesquisadores-do-canada\\\/#breadcrumb\"},\"inLanguage\":\"pt-BR\",\"potentialAction\":[{\"@type\":\"ReadAction\",\"target\":[\"https:\\\/\\\/dana.com.br\\\/canaldana\\\/2017\\\/02\\\/14\\\/professor-paulo-kaminski-da-poli-usp-e-convidado-para-participar-do-cirst-importante-grupo-de-pesquisadores-do-canada\\\/\"]}]},{\"@type\":\"BreadcrumbList\",\"@id\":\"https:\\\/\\\/dana.com.br\\\/canaldana\\\/2017\\\/02\\\/14\\\/professor-paulo-kaminski-da-poli-usp-e-convidado-para-participar-do-cirst-importante-grupo-de-pesquisadores-do-canada\\\/#breadcrumb\",\"itemListElement\":[{\"@type\":\"ListItem\",\"position\":1,\"name\":\"Home\",\"item\":\"https:\\\/\\\/dana.com.br\\\/canaldana\\\/\"},{\"@type\":\"ListItem\",\"position\":2,\"name\":\"Cursos\",\"item\":\"https:\\\/\\\/dana.com.br\\\/canaldana\\\/cursos\\\/\"},{\"@type\":\"ListItem\",\"position\":3,\"name\":\"Professor Paulo Kaminski, da Poli-USP, \u00e9 convidado para participar do CIRST, importante grupo de pesquisadores do Canad\u00e1\"}]},{\"@type\":\"WebSite\",\"@id\":\"https:\\\/\\\/dana.com.br\\\/canaldana\\\/#website\",\"url\":\"https:\\\/\\\/dana.com.br\\\/canaldana\\\/\",\"name\":\"Canal Dana\",\"description\":\"Informativo com as principais not\u00edcias da ind\u00fastria automotiva\",\"potentialAction\":[{\"@type\":\"SearchAction\",\"target\":{\"@type\":\"EntryPoint\",\"urlTemplate\":\"https:\\\/\\\/dana.com.br\\\/canaldana\\\/?s={search_term_string}\"},\"query-input\":{\"@type\":\"PropertyValueSpecification\",\"valueRequired\":true,\"valueName\":\"search_term_string\"}}],\"inLanguage\":\"pt-BR\"},{\"@type\":\"Person\",\"@id\":\"https:\\\/\\\/dana.com.br\\\/canaldana\\\/#\\\/schema\\\/person\\\/3c21f22f56fcf3bc46b94bc60ea4fef6\",\"name\":\"Canal Dana\",\"image\":{\"@type\":\"ImageObject\",\"inLanguage\":\"pt-BR\",\"@id\":\"https:\\\/\\\/secure.gravatar.com\\\/avatar\\\/420aaf9278582877d9018637c6817617705899d2858d7572ef0fe59a6b6454b4?s=96&d=mm&r=g\",\"url\":\"https:\\\/\\\/secure.gravatar.com\\\/avatar\\\/420aaf9278582877d9018637c6817617705899d2858d7572ef0fe59a6b6454b4?s=96&d=mm&r=g\",\"contentUrl\":\"https:\\\/\\\/secure.gravatar.com\\\/avatar\\\/420aaf9278582877d9018637c6817617705899d2858d7572ef0fe59a6b6454b4?s=96&d=mm&r=g\",\"caption\":\"Canal Dana\"},\"url\":\"https:\\\/\\\/dana.com.br\\\/canaldana\\\/author\\\/cdeditor\\\/\"}]}<\/script>\n<!-- \/ Yoast SEO plugin. -->","yoast_head_json":{"title":"Professor Paulo Kaminski, da Poli-USP, \u00e9 convidado para participar do CIRST, importante grupo de pesquisadores do Canad\u00e1 - Canal Dana","robots":{"index":"index","follow":"follow","max-snippet":"max-snippet:-1","max-image-preview":"max-image-preview:large","max-video-preview":"max-video-preview:-1"},"canonical":"https:\/\/dana.com.br\/canaldana\/2017\/02\/14\/professor-paulo-kaminski-da-poli-usp-e-convidado-para-participar-do-cirst-importante-grupo-de-pesquisadores-do-canada\/","og_locale":"pt_BR","og_type":"article","og_title":"Professor Paulo Kaminski, da Poli-USP, \u00e9 convidado para participar do CIRST, importante grupo de pesquisadores do Canad\u00e1 - Canal Dana","og_description":"CEA &#8211; Poli\/USP &nbsp; O Prof. Dr. Paulo Kaminski, coordenador do Centro de Engenharia Automotiva (CEA) da Poli-USP, foi convidado a fazer parte do time de colaboradores internacionais do Centre interuniversitaire de recherche sur la science et la technologie (CIRST), de Quebec, Canad\u00e1. O CIRST \u00e9 um importante grupo interdisciplinar de pesquisadores daquele pa\u00eds, que\u2026 Leia mais \u00bb","og_url":"https:\/\/dana.com.br\/canaldana\/2017\/02\/14\/professor-paulo-kaminski-da-poli-usp-e-convidado-para-participar-do-cirst-importante-grupo-de-pesquisadores-do-canada\/","og_site_name":"Canal Dana","article_published_time":"2017-02-14T10:21:51+00:00","author":"Canal Dana","twitter_card":"summary_large_image","twitter_misc":{"Escrito por":"Canal Dana","Est. tempo de leitura":"1 minuto"},"schema":{"@context":"https:\/\/schema.org","@graph":[{"@type":"Article","@id":"https:\/\/dana.com.br\/canaldana\/2017\/02\/14\/professor-paulo-kaminski-da-poli-usp-e-convidado-para-participar-do-cirst-importante-grupo-de-pesquisadores-do-canada\/#article","isPartOf":{"@id":"https:\/\/dana.com.br\/canaldana\/2017\/02\/14\/professor-paulo-kaminski-da-poli-usp-e-convidado-para-participar-do-cirst-importante-grupo-de-pesquisadores-do-canada\/"},"author":{"name":"Canal Dana","@id":"https:\/\/dana.com.br\/canaldana\/#\/schema\/person\/3c21f22f56fcf3bc46b94bc60ea4fef6"},"headline":"Professor Paulo Kaminski, da Poli-USP, \u00e9 convidado para participar do CIRST, importante grupo de pesquisadores do Canad\u00e1","datePublished":"2017-02-14T10:21:51+00:00","mainEntityOfPage":{"@id":"https:\/\/dana.com.br\/canaldana\/2017\/02\/14\/professor-paulo-kaminski-da-poli-usp-e-convidado-para-participar-do-cirst-importante-grupo-de-pesquisadores-do-canada\/"},"wordCount":254,"articleSection":["Cursos"],"inLanguage":"pt-BR"},{"@type":"WebPage","@id":"https:\/\/dana.com.br\/canaldana\/2017\/02\/14\/professor-paulo-kaminski-da-poli-usp-e-convidado-para-participar-do-cirst-importante-grupo-de-pesquisadores-do-canada\/","url":"https:\/\/dana.com.br\/canaldana\/2017\/02\/14\/professor-paulo-kaminski-da-poli-usp-e-convidado-para-participar-do-cirst-importante-grupo-de-pesquisadores-do-canada\/","name":"Professor Paulo Kaminski, da Poli-USP, \u00e9 convidado para participar do CIRST, importante grupo de pesquisadores do Canad\u00e1 - Canal Dana","isPartOf":{"@id":"https:\/\/dana.com.br\/canaldana\/#website"},"datePublished":"2017-02-14T10:21:51+00:00","author":{"@id":"https:\/\/dana.com.br\/canaldana\/#\/schema\/person\/3c21f22f56fcf3bc46b94bc60ea4fef6"},"breadcrumb":{"@id":"https:\/\/dana.com.br\/canaldana\/2017\/02\/14\/professor-paulo-kaminski-da-poli-usp-e-convidado-para-participar-do-cirst-importante-grupo-de-pesquisadores-do-canada\/#breadcrumb"},"inLanguage":"pt-BR","potentialAction":[{"@type":"ReadAction","target":["https:\/\/dana.com.br\/canaldana\/2017\/02\/14\/professor-paulo-kaminski-da-poli-usp-e-convidado-para-participar-do-cirst-importante-grupo-de-pesquisadores-do-canada\/"]}]},{"@type":"BreadcrumbList","@id":"https:\/\/dana.com.br\/canaldana\/2017\/02\/14\/professor-paulo-kaminski-da-poli-usp-e-convidado-para-participar-do-cirst-importante-grupo-de-pesquisadores-do-canada\/#breadcrumb","itemListElement":[{"@type":"ListItem","position":1,"name":"Home","item":"https:\/\/dana.com.br\/canaldana\/"},{"@type":"ListItem","position":2,"name":"Cursos","item":"https:\/\/dana.com.br\/canaldana\/cursos\/"},{"@type":"ListItem","position":3,"name":"Professor Paulo Kaminski, da Poli-USP, \u00e9 convidado para participar do CIRST, importante grupo de pesquisadores do Canad\u00e1"}]},{"@type":"WebSite","@id":"https:\/\/dana.com.br\/canaldana\/#website","url":"https:\/\/dana.com.br\/canaldana\/","name":"Canal Dana","description":"Informativo com as principais not\u00edcias da ind\u00fastria automotiva","potentialAction":[{"@type":"SearchAction","target":{"@type":"EntryPoint","urlTemplate":"https:\/\/dana.com.br\/canaldana\/?s={search_term_string}"},"query-input":{"@type":"PropertyValueSpecification","valueRequired":true,"valueName":"search_term_string"}}],"inLanguage":"pt-BR"},{"@type":"Person","@id":"https:\/\/dana.com.br\/canaldana\/#\/schema\/person\/3c21f22f56fcf3bc46b94bc60ea4fef6","name":"Canal Dana","image":{"@type":"ImageObject","inLanguage":"pt-BR","@id":"https:\/\/secure.gravatar.com\/avatar\/420aaf9278582877d9018637c6817617705899d2858d7572ef0fe59a6b6454b4?s=96&d=mm&r=g","url":"https:\/\/secure.gravatar.com\/avatar\/420aaf9278582877d9018637c6817617705899d2858d7572ef0fe59a6b6454b4?s=96&d=mm&r=g","contentUrl":"https:\/\/secure.gravatar.com\/avatar\/420aaf9278582877d9018637c6817617705899d2858d7572ef0fe59a6b6454b4?s=96&d=mm&r=g","caption":"Canal Dana"},"url":"https:\/\/dana.com.br\/canaldana\/author\/cdeditor\/"}]}},"_links":{"self":[{"href":"https:\/\/dana.com.br\/canaldana\/wp-json\/wp\/v2\/posts\/14863","targetHints":{"allow":["GET"]}}],"collection":[{"href":"https:\/\/dana.com.br\/canaldana\/wp-json\/wp\/v2\/posts"}],"about":[{"href":"https:\/\/dana.com.br\/canaldana\/wp-json\/wp\/v2\/types\/post"}],"author":[{"embeddable":true,"href":"https:\/\/dana.com.br\/canaldana\/wp-json\/wp\/v2\/users\/3"}],"replies":[{"embeddable":true,"href":"https:\/\/dana.com.br\/canaldana\/wp-json\/wp\/v2\/comments?post=14863"}],"version-history":[{"count":0,"href":"https:\/\/dana.com.br\/canaldana\/wp-json\/wp\/v2\/posts\/14863\/revisions"}],"wp:attachment":[{"href":"https:\/\/dana.com.br\/canaldana\/wp-json\/wp\/v2\/media?parent=14863"}],"wp:term":[{"taxonomy":"category","embeddable":true,"href":"https:\/\/dana.com.br\/canaldana\/wp-json\/wp\/v2\/categories?post=14863"},{"taxonomy":"post_tag","embeddable":true,"href":"https:\/\/dana.com.br\/canaldana\/wp-json\/wp\/v2\/tags?post=14863"}],"curies":[{"name":"wp","href":"https:\/\/api.w.org\/{rel}","templated":true}]}}