{"id":14856,"date":"2017-02-13T08:43:49","date_gmt":"2017-02-13T10:43:49","guid":{"rendered":"http:\/\/dana.com.br\/canaldana\/?p=14856"},"modified":"2017-02-13T08:43:49","modified_gmt":"2017-02-13T10:43:49","slug":"baixas-na-concorrencia-e-melhora-da-economia-dao-novo-gas-a-linha-sprinter","status":"publish","type":"post","link":"https:\/\/dana.com.br\/canaldana\/2017\/02\/13\/baixas-na-concorrencia-e-melhora-da-economia-dao-novo-gas-a-linha-sprinter\/","title":{"rendered":"Baixas na concorr\u00eancia e melhora da economia d\u00e3o novo g\u00e1s \u00e0 linha Sprinter"},"content":{"rendered":"<p><em>Frota &amp; Cia<\/em><\/p>\n<p>&nbsp;<\/p>\n<p>No momento em que a linha Sprinter completa 20 anos de lan\u00e7amento no mercado brasileiro, a Mercedes-Benz projeta uma expans\u00e3o de 5% a 10%\u00a8no mercado de utilit\u00e1rios com capacidade de 3,5 a 5t de PBT. Em 2016, a marca encerrou o ano com um total de 4.814 unidades licenciadas da linha Sprinter, ante 6.915 utilit\u00e1rios do ano anterior. A participa\u00e7\u00e3o da marca no segmento, por sua vez, alcan\u00e7ou uma evolu\u00e7\u00e3o de 2 pontos percentuais em rela\u00e7\u00e3o aos 24,5% de 2015, relata a fabricante.<\/p>\n<p>&nbsp;<\/p>\n<p>\u201cEm apenas cinco anos, aumentamos nosso market share em mais de 12 pontos percentuais, saltando de 14% em 2011 para 26,6% em 2016\u201d, diz Werner Schaal, gerente s\u00eanior de Marketing &amp; Vendas Vans da Mercedes-Benz do Brasil. \u201cEsse resultado \u00e9 muito expressivo, por tratar-se de um segmento extremamente competitivo e com potencial de crescimento no Pa\u00eds nos pr\u00f3ximos anos\u201d.<\/p>\n<p>&nbsp;<\/p>\n<p>O executivo aposta em dias melhores pela frente, diante dos sinais positivos de aquecimento de alguns setores da economia, em especial o e-commerce, que projeta uma expans\u00e3o de 13% neste ano. \u201cEste cen\u00e1rio cria \u00f3timas perspectivas para nossos ve\u00edculos comerciais leves Sprinter. No caso do chassi com cabina, por exemplo, o mercado total deve ter um avan\u00e7o entre 10 e 15% nas vendas em 2017\u201d.<\/p>\n<p>&nbsp;<\/p>\n<p>Segundo o executivo, o crescimento da Mercedes-Benz nesse mercado reflete o atendimento especializado e cada vez mais focado nos neg\u00f3cios de comerciais leves, tanto por parte da f\u00e1brica, quanto da Rede de Concession\u00e1rios, com destaque para o atendimento exclusivo dos Vans Centers. \u201cIsso tamb\u00e9m \u00e9 fruto da parceria com o Cons\u00f3rcio Mercedes-Benz e o Banco Mercedes-Benz, que nos ajudam a oferecer condi\u00e7\u00f5es atrativas para aquisi\u00e7\u00e3o de ve\u00edculos por nossos clientes\u201d, conclui Werner Schaal.<\/p>\n<p>&nbsp;<\/p>\n<p>Embora n\u00e3o fa\u00e7a refer\u00eancia ao fato, o otimismo de Schaal tamb\u00e9m \u00e9 resultado da sa\u00edda de importantes competidores do mercado brasileiro, em decorr\u00eancia da brutal queda das vendas de ve\u00edculos comerciais, desde 2014.\u00a0 Naquele ano, a Ford Caminh\u00f5es comunicou a suspens\u00e3o da importa\u00e7\u00e3o da Transit fabricada na Turquia. E, no final do ano passado, foi a vez da Fiat anunciar o fim da produ\u00e7\u00e3o do Ducato na f\u00e1brica de Sete Lagoas (MG), que tamb\u00e9m fornecia para a Citroen e a Peugeot. (Frota &amp; Cia)<\/p>\n","protected":false},"excerpt":{"rendered":"<p>Frota &amp; Cia &nbsp; No momento em que a linha Sprinter completa 20 anos de lan\u00e7amento no mercado brasileiro, a Mercedes-Benz projeta uma expans\u00e3o de 5% a 10%\u00a8no mercado de utilit\u00e1rios com capacidade de 3,5 a 5t de PBT. Em 2016, a marca encerrou o ano com um total de 4.814 unidades licenciadas da linha\u2026 <a class=\"readmore\" href=\"https:\/\/dana.com.br\/canaldana\/2017\/02\/13\/baixas-na-concorrencia-e-melhora-da-economia-dao-novo-gas-a-linha-sprinter\/\">Leia mais \u00bb<\/a><\/p>\n","protected":false},"author":3,"featured_media":0,"comment_status":"closed","ping_status":"closed","sticky":false,"template":"","format":"standard","meta":{"_acf_changed":false,"footnotes":""},"categories":[61],"tags":[],"class_list":["post-14856","post","type-post","status-publish","format-standard","hentry","category-destaques"],"acf":[],"yoast_head":"<!-- This site is optimized with the Yoast SEO plugin v27.3 - https:\/\/yoast.com\/product\/yoast-seo-wordpress\/ -->\n<title>Baixas na concorr\u00eancia e melhora da economia d\u00e3o novo g\u00e1s \u00e0 linha Sprinter - Canal Dana<\/title>\n<meta name=\"robots\" content=\"index, follow, max-snippet:-1, max-image-preview:large, max-video-preview:-1\" \/>\n<link rel=\"canonical\" href=\"https:\/\/dana.com.br\/canaldana\/2017\/02\/13\/baixas-na-concorrencia-e-melhora-da-economia-dao-novo-gas-a-linha-sprinter\/\" \/>\n<meta property=\"og:locale\" content=\"pt_BR\" \/>\n<meta property=\"og:type\" content=\"article\" \/>\n<meta property=\"og:title\" content=\"Baixas na concorr\u00eancia e melhora da economia d\u00e3o novo g\u00e1s \u00e0 linha Sprinter - Canal Dana\" \/>\n<meta property=\"og:description\" content=\"Frota &amp; Cia &nbsp; No momento em que a linha Sprinter completa 20 anos de lan\u00e7amento no mercado brasileiro, a Mercedes-Benz projeta uma expans\u00e3o de 5% a 10%\u00a8no mercado de utilit\u00e1rios com capacidade de 3,5 a 5t de PBT. Em 2016, a marca encerrou o ano com um total de 4.814 unidades licenciadas da linha\u2026 Leia mais \u00bb\" \/>\n<meta property=\"og:url\" content=\"https:\/\/dana.com.br\/canaldana\/2017\/02\/13\/baixas-na-concorrencia-e-melhora-da-economia-dao-novo-gas-a-linha-sprinter\/\" \/>\n<meta property=\"og:site_name\" content=\"Canal Dana\" \/>\n<meta property=\"article:published_time\" content=\"2017-02-13T10:43:49+00:00\" \/>\n<meta name=\"author\" content=\"Canal Dana\" \/>\n<meta name=\"twitter:card\" content=\"summary_large_image\" \/>\n<meta name=\"twitter:label1\" content=\"Escrito por\" \/>\n\t<meta name=\"twitter:data1\" content=\"Canal Dana\" \/>\n\t<meta name=\"twitter:label2\" content=\"Est. tempo de leitura\" \/>\n\t<meta name=\"twitter:data2\" content=\"2 minutos\" \/>\n<script type=\"application\/ld+json\" class=\"yoast-schema-graph\">{\"@context\":\"https:\\\/\\\/schema.org\",\"@graph\":[{\"@type\":\"Article\",\"@id\":\"https:\\\/\\\/dana.com.br\\\/canaldana\\\/2017\\\/02\\\/13\\\/baixas-na-concorrencia-e-melhora-da-economia-dao-novo-gas-a-linha-sprinter\\\/#article\",\"isPartOf\":{\"@id\":\"https:\\\/\\\/dana.com.br\\\/canaldana\\\/2017\\\/02\\\/13\\\/baixas-na-concorrencia-e-melhora-da-economia-dao-novo-gas-a-linha-sprinter\\\/\"},\"author\":{\"name\":\"Canal Dana\",\"@id\":\"https:\\\/\\\/dana.com.br\\\/canaldana\\\/#\\\/schema\\\/person\\\/3c21f22f56fcf3bc46b94bc60ea4fef6\"},\"headline\":\"Baixas na concorr\u00eancia e melhora da economia d\u00e3o novo g\u00e1s \u00e0 linha Sprinter\",\"datePublished\":\"2017-02-13T10:43:49+00:00\",\"mainEntityOfPage\":{\"@id\":\"https:\\\/\\\/dana.com.br\\\/canaldana\\\/2017\\\/02\\\/13\\\/baixas-na-concorrencia-e-melhora-da-economia-dao-novo-gas-a-linha-sprinter\\\/\"},\"wordCount\":401,\"articleSection\":[\"Destaques\"],\"inLanguage\":\"pt-BR\"},{\"@type\":\"WebPage\",\"@id\":\"https:\\\/\\\/dana.com.br\\\/canaldana\\\/2017\\\/02\\\/13\\\/baixas-na-concorrencia-e-melhora-da-economia-dao-novo-gas-a-linha-sprinter\\\/\",\"url\":\"https:\\\/\\\/dana.com.br\\\/canaldana\\\/2017\\\/02\\\/13\\\/baixas-na-concorrencia-e-melhora-da-economia-dao-novo-gas-a-linha-sprinter\\\/\",\"name\":\"Baixas na concorr\u00eancia e melhora da economia d\u00e3o novo g\u00e1s \u00e0 linha Sprinter - Canal Dana\",\"isPartOf\":{\"@id\":\"https:\\\/\\\/dana.com.br\\\/canaldana\\\/#website\"},\"datePublished\":\"2017-02-13T10:43:49+00:00\",\"author\":{\"@id\":\"https:\\\/\\\/dana.com.br\\\/canaldana\\\/#\\\/schema\\\/person\\\/3c21f22f56fcf3bc46b94bc60ea4fef6\"},\"breadcrumb\":{\"@id\":\"https:\\\/\\\/dana.com.br\\\/canaldana\\\/2017\\\/02\\\/13\\\/baixas-na-concorrencia-e-melhora-da-economia-dao-novo-gas-a-linha-sprinter\\\/#breadcrumb\"},\"inLanguage\":\"pt-BR\",\"potentialAction\":[{\"@type\":\"ReadAction\",\"target\":[\"https:\\\/\\\/dana.com.br\\\/canaldana\\\/2017\\\/02\\\/13\\\/baixas-na-concorrencia-e-melhora-da-economia-dao-novo-gas-a-linha-sprinter\\\/\"]}]},{\"@type\":\"BreadcrumbList\",\"@id\":\"https:\\\/\\\/dana.com.br\\\/canaldana\\\/2017\\\/02\\\/13\\\/baixas-na-concorrencia-e-melhora-da-economia-dao-novo-gas-a-linha-sprinter\\\/#breadcrumb\",\"itemListElement\":[{\"@type\":\"ListItem\",\"position\":1,\"name\":\"Home\",\"item\":\"https:\\\/\\\/dana.com.br\\\/canaldana\\\/\"},{\"@type\":\"ListItem\",\"position\":2,\"name\":\"Destaques\",\"item\":\"https:\\\/\\\/dana.com.br\\\/canaldana\\\/destaques\\\/\"},{\"@type\":\"ListItem\",\"position\":3,\"name\":\"Baixas na concorr\u00eancia e melhora da economia d\u00e3o novo g\u00e1s \u00e0 linha Sprinter\"}]},{\"@type\":\"WebSite\",\"@id\":\"https:\\\/\\\/dana.com.br\\\/canaldana\\\/#website\",\"url\":\"https:\\\/\\\/dana.com.br\\\/canaldana\\\/\",\"name\":\"Canal Dana\",\"description\":\"Informativo com as principais not\u00edcias da ind\u00fastria automotiva\",\"potentialAction\":[{\"@type\":\"SearchAction\",\"target\":{\"@type\":\"EntryPoint\",\"urlTemplate\":\"https:\\\/\\\/dana.com.br\\\/canaldana\\\/?s={search_term_string}\"},\"query-input\":{\"@type\":\"PropertyValueSpecification\",\"valueRequired\":true,\"valueName\":\"search_term_string\"}}],\"inLanguage\":\"pt-BR\"},{\"@type\":\"Person\",\"@id\":\"https:\\\/\\\/dana.com.br\\\/canaldana\\\/#\\\/schema\\\/person\\\/3c21f22f56fcf3bc46b94bc60ea4fef6\",\"name\":\"Canal Dana\",\"image\":{\"@type\":\"ImageObject\",\"inLanguage\":\"pt-BR\",\"@id\":\"https:\\\/\\\/secure.gravatar.com\\\/avatar\\\/420aaf9278582877d9018637c6817617705899d2858d7572ef0fe59a6b6454b4?s=96&d=mm&r=g\",\"url\":\"https:\\\/\\\/secure.gravatar.com\\\/avatar\\\/420aaf9278582877d9018637c6817617705899d2858d7572ef0fe59a6b6454b4?s=96&d=mm&r=g\",\"contentUrl\":\"https:\\\/\\\/secure.gravatar.com\\\/avatar\\\/420aaf9278582877d9018637c6817617705899d2858d7572ef0fe59a6b6454b4?s=96&d=mm&r=g\",\"caption\":\"Canal Dana\"},\"url\":\"https:\\\/\\\/dana.com.br\\\/canaldana\\\/author\\\/cdeditor\\\/\"}]}<\/script>\n<!-- \/ Yoast SEO plugin. -->","yoast_head_json":{"title":"Baixas na concorr\u00eancia e melhora da economia d\u00e3o novo g\u00e1s \u00e0 linha Sprinter - Canal Dana","robots":{"index":"index","follow":"follow","max-snippet":"max-snippet:-1","max-image-preview":"max-image-preview:large","max-video-preview":"max-video-preview:-1"},"canonical":"https:\/\/dana.com.br\/canaldana\/2017\/02\/13\/baixas-na-concorrencia-e-melhora-da-economia-dao-novo-gas-a-linha-sprinter\/","og_locale":"pt_BR","og_type":"article","og_title":"Baixas na concorr\u00eancia e melhora da economia d\u00e3o novo g\u00e1s \u00e0 linha Sprinter - Canal Dana","og_description":"Frota &amp; Cia &nbsp; No momento em que a linha Sprinter completa 20 anos de lan\u00e7amento no mercado brasileiro, a Mercedes-Benz projeta uma expans\u00e3o de 5% a 10%\u00a8no mercado de utilit\u00e1rios com capacidade de 3,5 a 5t de PBT. Em 2016, a marca encerrou o ano com um total de 4.814 unidades licenciadas da linha\u2026 Leia mais \u00bb","og_url":"https:\/\/dana.com.br\/canaldana\/2017\/02\/13\/baixas-na-concorrencia-e-melhora-da-economia-dao-novo-gas-a-linha-sprinter\/","og_site_name":"Canal Dana","article_published_time":"2017-02-13T10:43:49+00:00","author":"Canal Dana","twitter_card":"summary_large_image","twitter_misc":{"Escrito por":"Canal Dana","Est. tempo de leitura":"2 minutos"},"schema":{"@context":"https:\/\/schema.org","@graph":[{"@type":"Article","@id":"https:\/\/dana.com.br\/canaldana\/2017\/02\/13\/baixas-na-concorrencia-e-melhora-da-economia-dao-novo-gas-a-linha-sprinter\/#article","isPartOf":{"@id":"https:\/\/dana.com.br\/canaldana\/2017\/02\/13\/baixas-na-concorrencia-e-melhora-da-economia-dao-novo-gas-a-linha-sprinter\/"},"author":{"name":"Canal Dana","@id":"https:\/\/dana.com.br\/canaldana\/#\/schema\/person\/3c21f22f56fcf3bc46b94bc60ea4fef6"},"headline":"Baixas na concorr\u00eancia e melhora da economia d\u00e3o novo g\u00e1s \u00e0 linha Sprinter","datePublished":"2017-02-13T10:43:49+00:00","mainEntityOfPage":{"@id":"https:\/\/dana.com.br\/canaldana\/2017\/02\/13\/baixas-na-concorrencia-e-melhora-da-economia-dao-novo-gas-a-linha-sprinter\/"},"wordCount":401,"articleSection":["Destaques"],"inLanguage":"pt-BR"},{"@type":"WebPage","@id":"https:\/\/dana.com.br\/canaldana\/2017\/02\/13\/baixas-na-concorrencia-e-melhora-da-economia-dao-novo-gas-a-linha-sprinter\/","url":"https:\/\/dana.com.br\/canaldana\/2017\/02\/13\/baixas-na-concorrencia-e-melhora-da-economia-dao-novo-gas-a-linha-sprinter\/","name":"Baixas na concorr\u00eancia e melhora da economia d\u00e3o novo g\u00e1s \u00e0 linha Sprinter - Canal Dana","isPartOf":{"@id":"https:\/\/dana.com.br\/canaldana\/#website"},"datePublished":"2017-02-13T10:43:49+00:00","author":{"@id":"https:\/\/dana.com.br\/canaldana\/#\/schema\/person\/3c21f22f56fcf3bc46b94bc60ea4fef6"},"breadcrumb":{"@id":"https:\/\/dana.com.br\/canaldana\/2017\/02\/13\/baixas-na-concorrencia-e-melhora-da-economia-dao-novo-gas-a-linha-sprinter\/#breadcrumb"},"inLanguage":"pt-BR","potentialAction":[{"@type":"ReadAction","target":["https:\/\/dana.com.br\/canaldana\/2017\/02\/13\/baixas-na-concorrencia-e-melhora-da-economia-dao-novo-gas-a-linha-sprinter\/"]}]},{"@type":"BreadcrumbList","@id":"https:\/\/dana.com.br\/canaldana\/2017\/02\/13\/baixas-na-concorrencia-e-melhora-da-economia-dao-novo-gas-a-linha-sprinter\/#breadcrumb","itemListElement":[{"@type":"ListItem","position":1,"name":"Home","item":"https:\/\/dana.com.br\/canaldana\/"},{"@type":"ListItem","position":2,"name":"Destaques","item":"https:\/\/dana.com.br\/canaldana\/destaques\/"},{"@type":"ListItem","position":3,"name":"Baixas na concorr\u00eancia e melhora da economia d\u00e3o novo g\u00e1s \u00e0 linha Sprinter"}]},{"@type":"WebSite","@id":"https:\/\/dana.com.br\/canaldana\/#website","url":"https:\/\/dana.com.br\/canaldana\/","name":"Canal Dana","description":"Informativo com as principais not\u00edcias da ind\u00fastria automotiva","potentialAction":[{"@type":"SearchAction","target":{"@type":"EntryPoint","urlTemplate":"https:\/\/dana.com.br\/canaldana\/?s={search_term_string}"},"query-input":{"@type":"PropertyValueSpecification","valueRequired":true,"valueName":"search_term_string"}}],"inLanguage":"pt-BR"},{"@type":"Person","@id":"https:\/\/dana.com.br\/canaldana\/#\/schema\/person\/3c21f22f56fcf3bc46b94bc60ea4fef6","name":"Canal Dana","image":{"@type":"ImageObject","inLanguage":"pt-BR","@id":"https:\/\/secure.gravatar.com\/avatar\/420aaf9278582877d9018637c6817617705899d2858d7572ef0fe59a6b6454b4?s=96&d=mm&r=g","url":"https:\/\/secure.gravatar.com\/avatar\/420aaf9278582877d9018637c6817617705899d2858d7572ef0fe59a6b6454b4?s=96&d=mm&r=g","contentUrl":"https:\/\/secure.gravatar.com\/avatar\/420aaf9278582877d9018637c6817617705899d2858d7572ef0fe59a6b6454b4?s=96&d=mm&r=g","caption":"Canal Dana"},"url":"https:\/\/dana.com.br\/canaldana\/author\/cdeditor\/"}]}},"_links":{"self":[{"href":"https:\/\/dana.com.br\/canaldana\/wp-json\/wp\/v2\/posts\/14856","targetHints":{"allow":["GET"]}}],"collection":[{"href":"https:\/\/dana.com.br\/canaldana\/wp-json\/wp\/v2\/posts"}],"about":[{"href":"https:\/\/dana.com.br\/canaldana\/wp-json\/wp\/v2\/types\/post"}],"author":[{"embeddable":true,"href":"https:\/\/dana.com.br\/canaldana\/wp-json\/wp\/v2\/users\/3"}],"replies":[{"embeddable":true,"href":"https:\/\/dana.com.br\/canaldana\/wp-json\/wp\/v2\/comments?post=14856"}],"version-history":[{"count":0,"href":"https:\/\/dana.com.br\/canaldana\/wp-json\/wp\/v2\/posts\/14856\/revisions"}],"wp:attachment":[{"href":"https:\/\/dana.com.br\/canaldana\/wp-json\/wp\/v2\/media?parent=14856"}],"wp:term":[{"taxonomy":"category","embeddable":true,"href":"https:\/\/dana.com.br\/canaldana\/wp-json\/wp\/v2\/categories?post=14856"},{"taxonomy":"post_tag","embeddable":true,"href":"https:\/\/dana.com.br\/canaldana\/wp-json\/wp\/v2\/tags?post=14856"}],"curies":[{"name":"wp","href":"https:\/\/api.w.org\/{rel}","templated":true}]}}