{"id":14215,"date":"2017-01-18T08:33:22","date_gmt":"2017-01-18T10:33:22","guid":{"rendered":"http:\/\/dana.com.br\/canaldana\/?p=14215"},"modified":"2017-01-18T08:33:22","modified_gmt":"2017-01-18T10:33:22","slug":"vendas-estao-estaveis-em-janeiro-mas-mes-deve-terminar-melhor-diz-anfavea","status":"publish","type":"post","link":"https:\/\/dana.com.br\/canaldana\/2017\/01\/18\/vendas-estao-estaveis-em-janeiro-mas-mes-deve-terminar-melhor-diz-anfavea\/","title":{"rendered":"Vendas est\u00e3o est\u00e1veis em janeiro, mas m\u00eas deve terminar melhor, diz Anfavea"},"content":{"rendered":"<p><em>DCI\/Ag\u00eancia Estado<\/em><\/p>\n<p>&nbsp;<\/p>\n<p>Depois de uma queda de 20% em 2016, o mercado de ve\u00edculos acumula na primeira quinzena de 2017 um desempenho est\u00e1vel em rela\u00e7\u00e3o ao ano passado, estimou nesta ter\u00e7a-feira, 17, o presidente da Associa\u00e7\u00e3o Nacional dos Fabricantes de Ve\u00edculos Automotores (Anfavea), Antonio Megale. Segundo ele, as vendas da primeira metade de janeiro ficaram &#8220;levemente abaixo&#8221; do resultado observado em igual per\u00edodo do ano anterior. &#8220;Mas tudo indica que vamos terminar janeiro um pouco melhor do que janeiro do ano passado&#8221;, disse.<\/p>\n<p>&nbsp;<\/p>\n<p>O primeiro m\u00eas de 2016 terminou com a venda de 155,3 mil ve\u00edculos, entre autom\u00f3veis, comerciais leves, caminh\u00f5es e \u00f4nibus. Na avalia\u00e7\u00e3o de Megale, os resultados parciais de 2017 est\u00e3o em linha com a previs\u00e3o da Anfavea para o ano inteiro. &#8220;Nossa previs\u00e3o para este ano \u00e9 de crescimento de 4%, ent\u00e3o se tivermos uma expans\u00e3o de 4% em janeiro, j\u00e1 estar\u00e1 bom&#8221;, afirmou o executivo, que participou na manh\u00e3 desta ter\u00e7a da abertura da 21\u00aa edi\u00e7\u00e3o da Fenatran, feira de transportes de carga.<\/p>\n<p>&nbsp;<\/p>\n<p><strong>Juros<\/strong><\/p>\n<p>&nbsp;<\/p>\n<p>Sobre a redu\u00e7\u00e3o da taxa b\u00e1sica de juros da economia, a Selic, de 13,75% para 13% ao ano, e a consequente diminui\u00e7\u00e3o dos juros por parte de alguns bancos comerciais, Megale disse que os movimentos ainda n\u00e3o se traduziram em menor rigor das institui\u00e7\u00f5es financeiras para conceder cr\u00e9dito a quem deseja financiar um ve\u00edculo. &#8220;Os bancos ainda est\u00e3o um pouco escaldados com o que aconteceu no passado, ainda est\u00e3o bastante criteriosos, mas eu acredito que \u00e0 medida que a economia vai virando, o humor vai virando, mais gente vai buscando financiando e os bancos v\u00e3o liberando o cr\u00e9dito&#8221;, disse.<\/p>\n<p>&nbsp;<\/p>\n<p>Para Megale, mais importante do que a redu\u00e7\u00e3o da Selic \u00e9 a indica\u00e7\u00e3o de que teremos novas quedas nas pr\u00f3ximas reuni\u00f5es do Banco Central (BC). A \u00fanica preocupa\u00e7\u00e3o, ele ponderou, \u00e9 que o consumidor, com a percep\u00e7\u00e3o de que os juros v\u00e3o continuar caindo, acabe adiando a compra do ve\u00edculo para um momento que ele julgue mais favor\u00e1vel. &#8220;A expectativa futura pode atrapalhar um pouco o presente&#8221;, afirmou.<\/p>\n<p>&nbsp;<\/p>\n<p>De qualquer maneira, ele ressaltou que existe um prazo natural entre as redu\u00e7\u00f5es da Selic e as rea\u00e7\u00f5es do mercado. O executivo mostrou, no entanto, que est\u00e1 otimista com a recupera\u00e7\u00e3o das vendas estimulada pela expans\u00e3o do cr\u00e9dito ainda em 2017. &#8220;\u00c0 medida que os juros v\u00e3o caindo com mais velocidade, isso aumenta a velocidade de chegar na ponta final, e nessa hora esperamos que com um pouco de cr\u00e9dito o mercado comece a reagir&#8221;, avaliou.<\/p>\n<p>&nbsp;<\/p>\n<p>O BC anunciou uma redu\u00e7\u00e3o de 0,75 ponto porcentual (p.p.) na Selic em reuni\u00e3o ocorrida na semana passada, um movimento que surpreendeu a maioria dos analistas do mercado financeiro, que esperava diminui\u00e7\u00e3o de 0,50 p.p. Agora, para as pr\u00f3ximas reuni\u00f5es, as apostas se concentram em nova redu\u00e7\u00e3o de 0,75 p.p, confirmando a intensifica\u00e7\u00e3o do ritmo de flexibiliza\u00e7\u00e3o monet\u00e1ria. Logo ap\u00f3s a redu\u00e7\u00e3o da semana passada, o Bradesco e o Santander anunciaram redu\u00e7\u00f5es de suas taxas de juros, inclusive para financiamento de ve\u00edculos.<\/p>\n<p>&nbsp;<\/p>\n<p><strong>BNDES<\/strong><\/p>\n<p>&nbsp;<\/p>\n<p>O presidente da Anfavea afirmou tamb\u00e9m que as mudan\u00e7as anunciadas h\u00e1 duas semanas pelo BNDES mostram que o banco tem trabalhado para dar previsibilidade aos empres\u00e1rios e aos investidores.<\/p>\n<p>&nbsp;<\/p>\n<p>&#8220;As mudan\u00e7as deram uma vis\u00e3o de longo prazo: o banco avisou como vai ser a composi\u00e7\u00e3o do financiamento nos pr\u00f3ximos tr\u00eas anos, alargou o crit\u00e9rio das empresas que podem ter acesso, o limite de faturamento das micro, pequenas e m\u00e9dias subiu de R$ 90 milh\u00f5es para R$ 300 milh\u00f5es, isso engloba um n\u00famero maior de empresas&#8221;, afirmou o executivo. &#8220;Isso \u00e9 o que temos pedido, os agentes econ\u00f4micas podem olhar para os pr\u00f3ximos tr\u00eas anos e saber o que vai acontecer&#8221;, acrescentou.<\/p>\n<p>&nbsp;<\/p>\n<p>Para incentivar o aumento da frota de ve\u00edculos menos poluentes, o banco anunciou no in\u00edcio do m\u00eas que vai diminuir gradualmente sua participa\u00e7\u00e3o no financiamento para a compra de \u00f4nibus e caminh\u00f5es movidos a diesel por grandes empresas. Ela ir\u00e1 de at\u00e9 50% em TJLP (Taxa de Juros de Longo Prazo) em 2017 para at\u00e9 40% em 2018, caindo a no m\u00e1ximo 30% em 2019.<\/p>\n<p>&nbsp;<\/p>\n<p>Megale disse tamb\u00e9m que, independentemente de uma poss\u00edvel altera\u00e7\u00e3o no c\u00e1lculo da TJLP, o custo do cr\u00e9dito deve cair puxado pela queda da Selic. &#8220;Os financiamentos s\u00e3o compostos em parte pela TJLP e em parte pelo mercado. \u00c0 medida que a Selic cai, a parte do mercado tamb\u00e9m cai, ent\u00e3o acreditamos que o equil\u00edbrio entre as duas taxas v\u00e3o dar certa homogeneidade para os pr\u00f3ximos tr\u00eas anos, o que \u00e9 bom para o setor se programar&#8221;, afirmou. (DCI\/Ag\u00eancia Estado)<\/p>\n","protected":false},"excerpt":{"rendered":"<p>DCI\/Ag\u00eancia Estado &nbsp; Depois de uma queda de 20% em 2016, o mercado de ve\u00edculos acumula na primeira quinzena de 2017 um desempenho est\u00e1vel em rela\u00e7\u00e3o ao ano passado, estimou nesta ter\u00e7a-feira, 17, o presidente da Associa\u00e7\u00e3o Nacional dos Fabricantes de Ve\u00edculos Automotores (Anfavea), Antonio Megale. Segundo ele, as vendas da primeira metade de janeiro\u2026 <a class=\"readmore\" href=\"https:\/\/dana.com.br\/canaldana\/2017\/01\/18\/vendas-estao-estaveis-em-janeiro-mas-mes-deve-terminar-melhor-diz-anfavea\/\">Leia mais \u00bb<\/a><\/p>\n","protected":false},"author":3,"featured_media":0,"comment_status":"closed","ping_status":"closed","sticky":false,"template":"","format":"standard","meta":{"_acf_changed":false,"footnotes":""},"categories":[61],"tags":[],"class_list":["post-14215","post","type-post","status-publish","format-standard","hentry","category-destaques"],"acf":[],"yoast_head":"<!-- This site is optimized with the Yoast SEO plugin v27.3 - https:\/\/yoast.com\/product\/yoast-seo-wordpress\/ -->\n<title>Vendas est\u00e3o est\u00e1veis em janeiro, mas m\u00eas deve terminar melhor, diz Anfavea - Canal Dana<\/title>\n<meta name=\"robots\" content=\"index, follow, max-snippet:-1, max-image-preview:large, max-video-preview:-1\" \/>\n<link rel=\"canonical\" href=\"https:\/\/dana.com.br\/canaldana\/2017\/01\/18\/vendas-estao-estaveis-em-janeiro-mas-mes-deve-terminar-melhor-diz-anfavea\/\" \/>\n<meta property=\"og:locale\" content=\"pt_BR\" \/>\n<meta property=\"og:type\" content=\"article\" \/>\n<meta property=\"og:title\" content=\"Vendas est\u00e3o est\u00e1veis em janeiro, mas m\u00eas deve terminar melhor, diz Anfavea - Canal Dana\" \/>\n<meta property=\"og:description\" content=\"DCI\/Ag\u00eancia Estado &nbsp; Depois de uma queda de 20% em 2016, o mercado de ve\u00edculos acumula na primeira quinzena de 2017 um desempenho est\u00e1vel em rela\u00e7\u00e3o ao ano passado, estimou nesta ter\u00e7a-feira, 17, o presidente da Associa\u00e7\u00e3o Nacional dos Fabricantes de Ve\u00edculos Automotores (Anfavea), Antonio Megale. Segundo ele, as vendas da primeira metade de janeiro\u2026 Leia mais \u00bb\" \/>\n<meta property=\"og:url\" content=\"https:\/\/dana.com.br\/canaldana\/2017\/01\/18\/vendas-estao-estaveis-em-janeiro-mas-mes-deve-terminar-melhor-diz-anfavea\/\" \/>\n<meta property=\"og:site_name\" content=\"Canal Dana\" \/>\n<meta property=\"article:published_time\" content=\"2017-01-18T10:33:22+00:00\" \/>\n<meta name=\"author\" content=\"Canal Dana\" \/>\n<meta name=\"twitter:card\" content=\"summary_large_image\" \/>\n<meta name=\"twitter:label1\" content=\"Escrito por\" \/>\n\t<meta name=\"twitter:data1\" content=\"Canal Dana\" \/>\n\t<meta name=\"twitter:label2\" content=\"Est. tempo de leitura\" \/>\n\t<meta name=\"twitter:data2\" content=\"4 minutos\" \/>\n<script type=\"application\/ld+json\" class=\"yoast-schema-graph\">{\"@context\":\"https:\\\/\\\/schema.org\",\"@graph\":[{\"@type\":\"Article\",\"@id\":\"https:\\\/\\\/dana.com.br\\\/canaldana\\\/2017\\\/01\\\/18\\\/vendas-estao-estaveis-em-janeiro-mas-mes-deve-terminar-melhor-diz-anfavea\\\/#article\",\"isPartOf\":{\"@id\":\"https:\\\/\\\/dana.com.br\\\/canaldana\\\/2017\\\/01\\\/18\\\/vendas-estao-estaveis-em-janeiro-mas-mes-deve-terminar-melhor-diz-anfavea\\\/\"},\"author\":{\"name\":\"Canal Dana\",\"@id\":\"https:\\\/\\\/dana.com.br\\\/canaldana\\\/#\\\/schema\\\/person\\\/3c21f22f56fcf3bc46b94bc60ea4fef6\"},\"headline\":\"Vendas est\u00e3o est\u00e1veis em janeiro, mas m\u00eas deve terminar melhor, diz Anfavea\",\"datePublished\":\"2017-01-18T10:33:22+00:00\",\"mainEntityOfPage\":{\"@id\":\"https:\\\/\\\/dana.com.br\\\/canaldana\\\/2017\\\/01\\\/18\\\/vendas-estao-estaveis-em-janeiro-mas-mes-deve-terminar-melhor-diz-anfavea\\\/\"},\"wordCount\":844,\"articleSection\":[\"Destaques\"],\"inLanguage\":\"pt-BR\"},{\"@type\":\"WebPage\",\"@id\":\"https:\\\/\\\/dana.com.br\\\/canaldana\\\/2017\\\/01\\\/18\\\/vendas-estao-estaveis-em-janeiro-mas-mes-deve-terminar-melhor-diz-anfavea\\\/\",\"url\":\"https:\\\/\\\/dana.com.br\\\/canaldana\\\/2017\\\/01\\\/18\\\/vendas-estao-estaveis-em-janeiro-mas-mes-deve-terminar-melhor-diz-anfavea\\\/\",\"name\":\"Vendas est\u00e3o est\u00e1veis em janeiro, mas m\u00eas deve terminar melhor, diz Anfavea - Canal Dana\",\"isPartOf\":{\"@id\":\"https:\\\/\\\/dana.com.br\\\/canaldana\\\/#website\"},\"datePublished\":\"2017-01-18T10:33:22+00:00\",\"author\":{\"@id\":\"https:\\\/\\\/dana.com.br\\\/canaldana\\\/#\\\/schema\\\/person\\\/3c21f22f56fcf3bc46b94bc60ea4fef6\"},\"breadcrumb\":{\"@id\":\"https:\\\/\\\/dana.com.br\\\/canaldana\\\/2017\\\/01\\\/18\\\/vendas-estao-estaveis-em-janeiro-mas-mes-deve-terminar-melhor-diz-anfavea\\\/#breadcrumb\"},\"inLanguage\":\"pt-BR\",\"potentialAction\":[{\"@type\":\"ReadAction\",\"target\":[\"https:\\\/\\\/dana.com.br\\\/canaldana\\\/2017\\\/01\\\/18\\\/vendas-estao-estaveis-em-janeiro-mas-mes-deve-terminar-melhor-diz-anfavea\\\/\"]}]},{\"@type\":\"BreadcrumbList\",\"@id\":\"https:\\\/\\\/dana.com.br\\\/canaldana\\\/2017\\\/01\\\/18\\\/vendas-estao-estaveis-em-janeiro-mas-mes-deve-terminar-melhor-diz-anfavea\\\/#breadcrumb\",\"itemListElement\":[{\"@type\":\"ListItem\",\"position\":1,\"name\":\"Home\",\"item\":\"https:\\\/\\\/dana.com.br\\\/canaldana\\\/\"},{\"@type\":\"ListItem\",\"position\":2,\"name\":\"Destaques\",\"item\":\"https:\\\/\\\/dana.com.br\\\/canaldana\\\/destaques\\\/\"},{\"@type\":\"ListItem\",\"position\":3,\"name\":\"Vendas est\u00e3o est\u00e1veis em janeiro, mas m\u00eas deve terminar melhor, diz Anfavea\"}]},{\"@type\":\"WebSite\",\"@id\":\"https:\\\/\\\/dana.com.br\\\/canaldana\\\/#website\",\"url\":\"https:\\\/\\\/dana.com.br\\\/canaldana\\\/\",\"name\":\"Canal Dana\",\"description\":\"Informativo com as principais not\u00edcias da ind\u00fastria automotiva\",\"potentialAction\":[{\"@type\":\"SearchAction\",\"target\":{\"@type\":\"EntryPoint\",\"urlTemplate\":\"https:\\\/\\\/dana.com.br\\\/canaldana\\\/?s={search_term_string}\"},\"query-input\":{\"@type\":\"PropertyValueSpecification\",\"valueRequired\":true,\"valueName\":\"search_term_string\"}}],\"inLanguage\":\"pt-BR\"},{\"@type\":\"Person\",\"@id\":\"https:\\\/\\\/dana.com.br\\\/canaldana\\\/#\\\/schema\\\/person\\\/3c21f22f56fcf3bc46b94bc60ea4fef6\",\"name\":\"Canal Dana\",\"image\":{\"@type\":\"ImageObject\",\"inLanguage\":\"pt-BR\",\"@id\":\"https:\\\/\\\/secure.gravatar.com\\\/avatar\\\/420aaf9278582877d9018637c6817617705899d2858d7572ef0fe59a6b6454b4?s=96&d=mm&r=g\",\"url\":\"https:\\\/\\\/secure.gravatar.com\\\/avatar\\\/420aaf9278582877d9018637c6817617705899d2858d7572ef0fe59a6b6454b4?s=96&d=mm&r=g\",\"contentUrl\":\"https:\\\/\\\/secure.gravatar.com\\\/avatar\\\/420aaf9278582877d9018637c6817617705899d2858d7572ef0fe59a6b6454b4?s=96&d=mm&r=g\",\"caption\":\"Canal Dana\"},\"url\":\"https:\\\/\\\/dana.com.br\\\/canaldana\\\/author\\\/cdeditor\\\/\"}]}<\/script>\n<!-- \/ Yoast SEO plugin. -->","yoast_head_json":{"title":"Vendas est\u00e3o est\u00e1veis em janeiro, mas m\u00eas deve terminar melhor, diz Anfavea - Canal Dana","robots":{"index":"index","follow":"follow","max-snippet":"max-snippet:-1","max-image-preview":"max-image-preview:large","max-video-preview":"max-video-preview:-1"},"canonical":"https:\/\/dana.com.br\/canaldana\/2017\/01\/18\/vendas-estao-estaveis-em-janeiro-mas-mes-deve-terminar-melhor-diz-anfavea\/","og_locale":"pt_BR","og_type":"article","og_title":"Vendas est\u00e3o est\u00e1veis em janeiro, mas m\u00eas deve terminar melhor, diz Anfavea - Canal Dana","og_description":"DCI\/Ag\u00eancia Estado &nbsp; Depois de uma queda de 20% em 2016, o mercado de ve\u00edculos acumula na primeira quinzena de 2017 um desempenho est\u00e1vel em rela\u00e7\u00e3o ao ano passado, estimou nesta ter\u00e7a-feira, 17, o presidente da Associa\u00e7\u00e3o Nacional dos Fabricantes de Ve\u00edculos Automotores (Anfavea), Antonio Megale. Segundo ele, as vendas da primeira metade de janeiro\u2026 Leia mais \u00bb","og_url":"https:\/\/dana.com.br\/canaldana\/2017\/01\/18\/vendas-estao-estaveis-em-janeiro-mas-mes-deve-terminar-melhor-diz-anfavea\/","og_site_name":"Canal Dana","article_published_time":"2017-01-18T10:33:22+00:00","author":"Canal Dana","twitter_card":"summary_large_image","twitter_misc":{"Escrito por":"Canal Dana","Est. tempo de leitura":"4 minutos"},"schema":{"@context":"https:\/\/schema.org","@graph":[{"@type":"Article","@id":"https:\/\/dana.com.br\/canaldana\/2017\/01\/18\/vendas-estao-estaveis-em-janeiro-mas-mes-deve-terminar-melhor-diz-anfavea\/#article","isPartOf":{"@id":"https:\/\/dana.com.br\/canaldana\/2017\/01\/18\/vendas-estao-estaveis-em-janeiro-mas-mes-deve-terminar-melhor-diz-anfavea\/"},"author":{"name":"Canal Dana","@id":"https:\/\/dana.com.br\/canaldana\/#\/schema\/person\/3c21f22f56fcf3bc46b94bc60ea4fef6"},"headline":"Vendas est\u00e3o est\u00e1veis em janeiro, mas m\u00eas deve terminar melhor, diz Anfavea","datePublished":"2017-01-18T10:33:22+00:00","mainEntityOfPage":{"@id":"https:\/\/dana.com.br\/canaldana\/2017\/01\/18\/vendas-estao-estaveis-em-janeiro-mas-mes-deve-terminar-melhor-diz-anfavea\/"},"wordCount":844,"articleSection":["Destaques"],"inLanguage":"pt-BR"},{"@type":"WebPage","@id":"https:\/\/dana.com.br\/canaldana\/2017\/01\/18\/vendas-estao-estaveis-em-janeiro-mas-mes-deve-terminar-melhor-diz-anfavea\/","url":"https:\/\/dana.com.br\/canaldana\/2017\/01\/18\/vendas-estao-estaveis-em-janeiro-mas-mes-deve-terminar-melhor-diz-anfavea\/","name":"Vendas est\u00e3o est\u00e1veis em janeiro, mas m\u00eas deve terminar melhor, diz Anfavea - Canal Dana","isPartOf":{"@id":"https:\/\/dana.com.br\/canaldana\/#website"},"datePublished":"2017-01-18T10:33:22+00:00","author":{"@id":"https:\/\/dana.com.br\/canaldana\/#\/schema\/person\/3c21f22f56fcf3bc46b94bc60ea4fef6"},"breadcrumb":{"@id":"https:\/\/dana.com.br\/canaldana\/2017\/01\/18\/vendas-estao-estaveis-em-janeiro-mas-mes-deve-terminar-melhor-diz-anfavea\/#breadcrumb"},"inLanguage":"pt-BR","potentialAction":[{"@type":"ReadAction","target":["https:\/\/dana.com.br\/canaldana\/2017\/01\/18\/vendas-estao-estaveis-em-janeiro-mas-mes-deve-terminar-melhor-diz-anfavea\/"]}]},{"@type":"BreadcrumbList","@id":"https:\/\/dana.com.br\/canaldana\/2017\/01\/18\/vendas-estao-estaveis-em-janeiro-mas-mes-deve-terminar-melhor-diz-anfavea\/#breadcrumb","itemListElement":[{"@type":"ListItem","position":1,"name":"Home","item":"https:\/\/dana.com.br\/canaldana\/"},{"@type":"ListItem","position":2,"name":"Destaques","item":"https:\/\/dana.com.br\/canaldana\/destaques\/"},{"@type":"ListItem","position":3,"name":"Vendas est\u00e3o est\u00e1veis em janeiro, mas m\u00eas deve terminar melhor, diz Anfavea"}]},{"@type":"WebSite","@id":"https:\/\/dana.com.br\/canaldana\/#website","url":"https:\/\/dana.com.br\/canaldana\/","name":"Canal Dana","description":"Informativo com as principais not\u00edcias da ind\u00fastria automotiva","potentialAction":[{"@type":"SearchAction","target":{"@type":"EntryPoint","urlTemplate":"https:\/\/dana.com.br\/canaldana\/?s={search_term_string}"},"query-input":{"@type":"PropertyValueSpecification","valueRequired":true,"valueName":"search_term_string"}}],"inLanguage":"pt-BR"},{"@type":"Person","@id":"https:\/\/dana.com.br\/canaldana\/#\/schema\/person\/3c21f22f56fcf3bc46b94bc60ea4fef6","name":"Canal Dana","image":{"@type":"ImageObject","inLanguage":"pt-BR","@id":"https:\/\/secure.gravatar.com\/avatar\/420aaf9278582877d9018637c6817617705899d2858d7572ef0fe59a6b6454b4?s=96&d=mm&r=g","url":"https:\/\/secure.gravatar.com\/avatar\/420aaf9278582877d9018637c6817617705899d2858d7572ef0fe59a6b6454b4?s=96&d=mm&r=g","contentUrl":"https:\/\/secure.gravatar.com\/avatar\/420aaf9278582877d9018637c6817617705899d2858d7572ef0fe59a6b6454b4?s=96&d=mm&r=g","caption":"Canal Dana"},"url":"https:\/\/dana.com.br\/canaldana\/author\/cdeditor\/"}]}},"_links":{"self":[{"href":"https:\/\/dana.com.br\/canaldana\/wp-json\/wp\/v2\/posts\/14215","targetHints":{"allow":["GET"]}}],"collection":[{"href":"https:\/\/dana.com.br\/canaldana\/wp-json\/wp\/v2\/posts"}],"about":[{"href":"https:\/\/dana.com.br\/canaldana\/wp-json\/wp\/v2\/types\/post"}],"author":[{"embeddable":true,"href":"https:\/\/dana.com.br\/canaldana\/wp-json\/wp\/v2\/users\/3"}],"replies":[{"embeddable":true,"href":"https:\/\/dana.com.br\/canaldana\/wp-json\/wp\/v2\/comments?post=14215"}],"version-history":[{"count":0,"href":"https:\/\/dana.com.br\/canaldana\/wp-json\/wp\/v2\/posts\/14215\/revisions"}],"wp:attachment":[{"href":"https:\/\/dana.com.br\/canaldana\/wp-json\/wp\/v2\/media?parent=14215"}],"wp:term":[{"taxonomy":"category","embeddable":true,"href":"https:\/\/dana.com.br\/canaldana\/wp-json\/wp\/v2\/categories?post=14215"},{"taxonomy":"post_tag","embeddable":true,"href":"https:\/\/dana.com.br\/canaldana\/wp-json\/wp\/v2\/tags?post=14215"}],"curies":[{"name":"wp","href":"https:\/\/api.w.org\/{rel}","templated":true}]}}