{"id":1395,"date":"2015-08-04T08:34:15","date_gmt":"2015-08-04T11:34:15","guid":{"rendered":"http:\/\/dana.com.br\/canaldana\/?p=1395"},"modified":"2015-08-04T08:34:15","modified_gmt":"2015-08-04T11:34:15","slug":"man-comemora-20-anos-de-parceria-pioneira-com-a-abad","status":"publish","type":"post","link":"https:\/\/dana.com.br\/canaldana\/2015\/08\/04\/man-comemora-20-anos-de-parceria-pioneira-com-a-abad\/","title":{"rendered":"MAN comemora 20 anos de parceria pioneira com a ABAD"},"content":{"rendered":"<p><em>Portal R7<\/em><\/p>\n<p>&nbsp;<\/p>\n<p>A MAN Latin America, l\u00edder em vendas de caminh\u00f5es no Brasil h\u00e1 doze anos consecutivos, comemora 20 anos de parceria comercial com a Associa\u00e7\u00e3o Brasileira de Atacadistas e Distribuidores (ABAD) durante sua participa\u00e7\u00e3o na 35\u00aa Conven\u00e7\u00e3o Anual do Atacadista Distribuidor, que acontece de 3 a 6 de agosto, em Fortaleza (CE).<\/p>\n<p>&nbsp;<\/p>\n<p>Primeiro conv\u00eanio de vendas estabelecido entre uma montadora e uma associa\u00e7\u00e3o, a parceria com a ABAD j\u00e1 rendeu para a MAN Latin America a venda de 20 mil ve\u00edculos. O conv\u00eanio garante condi\u00e7\u00f5es diferenciadas de comercializa\u00e7\u00e3o de caminh\u00f5es da marca Volkswagen desde 1995.<\/p>\n<p>&nbsp;<\/p>\n<p>&#8220;Mesmo em momentos de alta demanda do mercado, sempre honramos e garantimos prioridade aos pedidos da ABAD, que representa um importante segmento para o nosso neg\u00f3cio&#8221;, comenta Ricardo Alouche, vice-presidente de Vendas, Marketing e P\u00f3s-Vendas da montadora.<\/p>\n<p>&nbsp;<\/p>\n<p>A conven\u00e7\u00e3o deste ano, que conta com patroc\u00ednio m\u00e1ster da MAN Latin America, \u00e9 considerada um dos maiores encontros de neg\u00f3cios do segmento na Am\u00e9rica Latina e esperar gerar mais de R$ 20 bilh\u00f5es em neg\u00f3cios. Durante a feira, que acontece junto com a conven\u00e7\u00e3o, a empresa ir\u00e1 oferecer condi\u00e7\u00f5es especiais para compra de ve\u00edculos aos associados ABAD.<\/p>\n<p>&nbsp;<\/p>\n<p>Os visitantes da feira que comp\u00f5e o evento poder\u00e3o conhecer de perto alguns dos sucessos de vendas da montadora, como o Delivery 5.150, o campe\u00e3o geral do \u201cPr\u00eamio Maior Valor de Revenda \u2013 Ve\u00edculos Comerciais 2015\u201d, uma iniciativa da Ag\u00eancia Autoinforme, em parceria com a Editora Frota e a Texto Final de Comunica\u00e7\u00e3o Integrada. Al\u00e9m da menor deprecia\u00e7\u00e3o do mercado, o ve\u00edculo se destaca por ser ideal para entregas urbanas com agilidade e rapidez.<\/p>\n<p>&nbsp;<\/p>\n<p>Tamb\u00e9m estar\u00e1 em exposi\u00e7\u00e3o o vers\u00e1til Constellation 13.190, modelo destinado a aplica\u00e7\u00f5es urbanas e tamb\u00e9m servi\u00e7os rodovi\u00e1rios de curtas e m\u00e9dias dist\u00e2ncias. \u201cAl\u00e9m dos modelos expostos, \u00e9 importante destacar a completa gama de ve\u00edculos Volkswagen voltados ao segmento, como o Constellation 24.280, caminh\u00e3o mais vendido do pa\u00eds\u201d, destaca Alouche.<\/p>\n<p>&nbsp;<\/p>\n<p><strong>Sobre a ABAD<\/strong><\/p>\n<p>&nbsp;<\/p>\n<p>A ABAD promove o desenvolvimento e o aprimoramento do com\u00e9rcio atacadista distribuidor e da cadeia de abastecimento em todo o territ\u00f3rio nacional, incentivando o interc\u00e2mbio entre as ind\u00fastrias e as empresas do setor. A entidade representa empresas atacadistas e distribuidores que comercializam itens como alimentos industrializados, bebidas, produtos de higiene pessoal, limpeza dom\u00e9stica, produtos farmac\u00eauticos, de perfumaria, papelaria e material de constru\u00e7\u00e3o.<\/p>\n<p>&nbsp;<\/p>\n<p>Website: <a href=\"http:\/\/www.man-la.com\">http:\/\/www.man-la.com<\/a> (Portal R7)<\/p>\n","protected":false},"excerpt":{"rendered":"<p>Portal R7 &nbsp; A MAN Latin America, l\u00edder em vendas de caminh\u00f5es no Brasil h\u00e1 doze anos consecutivos, comemora 20 anos de parceria comercial com a Associa\u00e7\u00e3o Brasileira de Atacadistas e Distribuidores (ABAD) durante sua participa\u00e7\u00e3o na 35\u00aa Conven\u00e7\u00e3o Anual do Atacadista Distribuidor, que acontece de 3 a 6 de agosto, em Fortaleza (CE). &nbsp;\u2026 <a class=\"readmore\" href=\"https:\/\/dana.com.br\/canaldana\/2015\/08\/04\/man-comemora-20-anos-de-parceria-pioneira-com-a-abad\/\">Leia mais \u00bb<\/a><\/p>\n","protected":false},"author":3,"featured_media":0,"comment_status":"closed","ping_status":"closed","sticky":false,"template":"","format":"standard","meta":{"_acf_changed":false,"footnotes":""},"categories":[79],"tags":[],"class_list":["post-1395","post","type-post","status-publish","format-standard","hentry","category-mercado"],"acf":[],"yoast_head":"<!-- This site is optimized with the Yoast SEO plugin v27.3 - https:\/\/yoast.com\/product\/yoast-seo-wordpress\/ -->\n<title>MAN comemora 20 anos de parceria pioneira com a ABAD - Canal Dana<\/title>\n<meta name=\"robots\" content=\"index, follow, max-snippet:-1, max-image-preview:large, max-video-preview:-1\" \/>\n<link rel=\"canonical\" href=\"https:\/\/dana.com.br\/canaldana\/2015\/08\/04\/man-comemora-20-anos-de-parceria-pioneira-com-a-abad\/\" \/>\n<meta property=\"og:locale\" content=\"pt_BR\" \/>\n<meta property=\"og:type\" content=\"article\" \/>\n<meta property=\"og:title\" content=\"MAN comemora 20 anos de parceria pioneira com a ABAD - Canal Dana\" \/>\n<meta property=\"og:description\" content=\"Portal R7 &nbsp; A MAN Latin America, l\u00edder em vendas de caminh\u00f5es no Brasil h\u00e1 doze anos consecutivos, comemora 20 anos de parceria comercial com a Associa\u00e7\u00e3o Brasileira de Atacadistas e Distribuidores (ABAD) durante sua participa\u00e7\u00e3o na 35\u00aa Conven\u00e7\u00e3o Anual do Atacadista Distribuidor, que acontece de 3 a 6 de agosto, em Fortaleza (CE). &nbsp;\u2026 Leia mais \u00bb\" \/>\n<meta property=\"og:url\" content=\"https:\/\/dana.com.br\/canaldana\/2015\/08\/04\/man-comemora-20-anos-de-parceria-pioneira-com-a-abad\/\" \/>\n<meta property=\"og:site_name\" content=\"Canal Dana\" \/>\n<meta property=\"article:published_time\" content=\"2015-08-04T11:34:15+00:00\" \/>\n<meta name=\"author\" content=\"Canal Dana\" \/>\n<meta name=\"twitter:card\" content=\"summary_large_image\" \/>\n<meta name=\"twitter:label1\" content=\"Escrito por\" \/>\n\t<meta name=\"twitter:data1\" content=\"Canal Dana\" \/>\n\t<meta name=\"twitter:label2\" content=\"Est. tempo de leitura\" \/>\n\t<meta name=\"twitter:data2\" content=\"2 minutos\" \/>\n<script type=\"application\/ld+json\" class=\"yoast-schema-graph\">{\"@context\":\"https:\\\/\\\/schema.org\",\"@graph\":[{\"@type\":\"Article\",\"@id\":\"https:\\\/\\\/dana.com.br\\\/canaldana\\\/2015\\\/08\\\/04\\\/man-comemora-20-anos-de-parceria-pioneira-com-a-abad\\\/#article\",\"isPartOf\":{\"@id\":\"https:\\\/\\\/dana.com.br\\\/canaldana\\\/2015\\\/08\\\/04\\\/man-comemora-20-anos-de-parceria-pioneira-com-a-abad\\\/\"},\"author\":{\"name\":\"Canal Dana\",\"@id\":\"https:\\\/\\\/dana.com.br\\\/canaldana\\\/#\\\/schema\\\/person\\\/3c21f22f56fcf3bc46b94bc60ea4fef6\"},\"headline\":\"MAN comemora 20 anos de parceria pioneira com a ABAD\",\"datePublished\":\"2015-08-04T11:34:15+00:00\",\"mainEntityOfPage\":{\"@id\":\"https:\\\/\\\/dana.com.br\\\/canaldana\\\/2015\\\/08\\\/04\\\/man-comemora-20-anos-de-parceria-pioneira-com-a-abad\\\/\"},\"wordCount\":444,\"articleSection\":[\"Mercado\"],\"inLanguage\":\"pt-BR\"},{\"@type\":\"WebPage\",\"@id\":\"https:\\\/\\\/dana.com.br\\\/canaldana\\\/2015\\\/08\\\/04\\\/man-comemora-20-anos-de-parceria-pioneira-com-a-abad\\\/\",\"url\":\"https:\\\/\\\/dana.com.br\\\/canaldana\\\/2015\\\/08\\\/04\\\/man-comemora-20-anos-de-parceria-pioneira-com-a-abad\\\/\",\"name\":\"MAN comemora 20 anos de parceria pioneira com a ABAD - Canal Dana\",\"isPartOf\":{\"@id\":\"https:\\\/\\\/dana.com.br\\\/canaldana\\\/#website\"},\"datePublished\":\"2015-08-04T11:34:15+00:00\",\"author\":{\"@id\":\"https:\\\/\\\/dana.com.br\\\/canaldana\\\/#\\\/schema\\\/person\\\/3c21f22f56fcf3bc46b94bc60ea4fef6\"},\"breadcrumb\":{\"@id\":\"https:\\\/\\\/dana.com.br\\\/canaldana\\\/2015\\\/08\\\/04\\\/man-comemora-20-anos-de-parceria-pioneira-com-a-abad\\\/#breadcrumb\"},\"inLanguage\":\"pt-BR\",\"potentialAction\":[{\"@type\":\"ReadAction\",\"target\":[\"https:\\\/\\\/dana.com.br\\\/canaldana\\\/2015\\\/08\\\/04\\\/man-comemora-20-anos-de-parceria-pioneira-com-a-abad\\\/\"]}]},{\"@type\":\"BreadcrumbList\",\"@id\":\"https:\\\/\\\/dana.com.br\\\/canaldana\\\/2015\\\/08\\\/04\\\/man-comemora-20-anos-de-parceria-pioneira-com-a-abad\\\/#breadcrumb\",\"itemListElement\":[{\"@type\":\"ListItem\",\"position\":1,\"name\":\"Home\",\"item\":\"https:\\\/\\\/dana.com.br\\\/canaldana\\\/\"},{\"@type\":\"ListItem\",\"position\":2,\"name\":\"Mercado\",\"item\":\"https:\\\/\\\/dana.com.br\\\/canaldana\\\/mercado\\\/\"},{\"@type\":\"ListItem\",\"position\":3,\"name\":\"MAN comemora 20 anos de parceria pioneira com a ABAD\"}]},{\"@type\":\"WebSite\",\"@id\":\"https:\\\/\\\/dana.com.br\\\/canaldana\\\/#website\",\"url\":\"https:\\\/\\\/dana.com.br\\\/canaldana\\\/\",\"name\":\"Canal Dana\",\"description\":\"Informativo com as principais not\u00edcias da ind\u00fastria automotiva\",\"potentialAction\":[{\"@type\":\"SearchAction\",\"target\":{\"@type\":\"EntryPoint\",\"urlTemplate\":\"https:\\\/\\\/dana.com.br\\\/canaldana\\\/?s={search_term_string}\"},\"query-input\":{\"@type\":\"PropertyValueSpecification\",\"valueRequired\":true,\"valueName\":\"search_term_string\"}}],\"inLanguage\":\"pt-BR\"},{\"@type\":\"Person\",\"@id\":\"https:\\\/\\\/dana.com.br\\\/canaldana\\\/#\\\/schema\\\/person\\\/3c21f22f56fcf3bc46b94bc60ea4fef6\",\"name\":\"Canal Dana\",\"image\":{\"@type\":\"ImageObject\",\"inLanguage\":\"pt-BR\",\"@id\":\"https:\\\/\\\/secure.gravatar.com\\\/avatar\\\/420aaf9278582877d9018637c6817617705899d2858d7572ef0fe59a6b6454b4?s=96&d=mm&r=g\",\"url\":\"https:\\\/\\\/secure.gravatar.com\\\/avatar\\\/420aaf9278582877d9018637c6817617705899d2858d7572ef0fe59a6b6454b4?s=96&d=mm&r=g\",\"contentUrl\":\"https:\\\/\\\/secure.gravatar.com\\\/avatar\\\/420aaf9278582877d9018637c6817617705899d2858d7572ef0fe59a6b6454b4?s=96&d=mm&r=g\",\"caption\":\"Canal Dana\"},\"url\":\"https:\\\/\\\/dana.com.br\\\/canaldana\\\/author\\\/cdeditor\\\/\"}]}<\/script>\n<!-- \/ Yoast SEO plugin. -->","yoast_head_json":{"title":"MAN comemora 20 anos de parceria pioneira com a ABAD - Canal Dana","robots":{"index":"index","follow":"follow","max-snippet":"max-snippet:-1","max-image-preview":"max-image-preview:large","max-video-preview":"max-video-preview:-1"},"canonical":"https:\/\/dana.com.br\/canaldana\/2015\/08\/04\/man-comemora-20-anos-de-parceria-pioneira-com-a-abad\/","og_locale":"pt_BR","og_type":"article","og_title":"MAN comemora 20 anos de parceria pioneira com a ABAD - Canal Dana","og_description":"Portal R7 &nbsp; A MAN Latin America, l\u00edder em vendas de caminh\u00f5es no Brasil h\u00e1 doze anos consecutivos, comemora 20 anos de parceria comercial com a Associa\u00e7\u00e3o Brasileira de Atacadistas e Distribuidores (ABAD) durante sua participa\u00e7\u00e3o na 35\u00aa Conven\u00e7\u00e3o Anual do Atacadista Distribuidor, que acontece de 3 a 6 de agosto, em Fortaleza (CE). &nbsp;\u2026 Leia mais \u00bb","og_url":"https:\/\/dana.com.br\/canaldana\/2015\/08\/04\/man-comemora-20-anos-de-parceria-pioneira-com-a-abad\/","og_site_name":"Canal Dana","article_published_time":"2015-08-04T11:34:15+00:00","author":"Canal Dana","twitter_card":"summary_large_image","twitter_misc":{"Escrito por":"Canal Dana","Est. tempo de leitura":"2 minutos"},"schema":{"@context":"https:\/\/schema.org","@graph":[{"@type":"Article","@id":"https:\/\/dana.com.br\/canaldana\/2015\/08\/04\/man-comemora-20-anos-de-parceria-pioneira-com-a-abad\/#article","isPartOf":{"@id":"https:\/\/dana.com.br\/canaldana\/2015\/08\/04\/man-comemora-20-anos-de-parceria-pioneira-com-a-abad\/"},"author":{"name":"Canal Dana","@id":"https:\/\/dana.com.br\/canaldana\/#\/schema\/person\/3c21f22f56fcf3bc46b94bc60ea4fef6"},"headline":"MAN comemora 20 anos de parceria pioneira com a ABAD","datePublished":"2015-08-04T11:34:15+00:00","mainEntityOfPage":{"@id":"https:\/\/dana.com.br\/canaldana\/2015\/08\/04\/man-comemora-20-anos-de-parceria-pioneira-com-a-abad\/"},"wordCount":444,"articleSection":["Mercado"],"inLanguage":"pt-BR"},{"@type":"WebPage","@id":"https:\/\/dana.com.br\/canaldana\/2015\/08\/04\/man-comemora-20-anos-de-parceria-pioneira-com-a-abad\/","url":"https:\/\/dana.com.br\/canaldana\/2015\/08\/04\/man-comemora-20-anos-de-parceria-pioneira-com-a-abad\/","name":"MAN comemora 20 anos de parceria pioneira com a ABAD - Canal Dana","isPartOf":{"@id":"https:\/\/dana.com.br\/canaldana\/#website"},"datePublished":"2015-08-04T11:34:15+00:00","author":{"@id":"https:\/\/dana.com.br\/canaldana\/#\/schema\/person\/3c21f22f56fcf3bc46b94bc60ea4fef6"},"breadcrumb":{"@id":"https:\/\/dana.com.br\/canaldana\/2015\/08\/04\/man-comemora-20-anos-de-parceria-pioneira-com-a-abad\/#breadcrumb"},"inLanguage":"pt-BR","potentialAction":[{"@type":"ReadAction","target":["https:\/\/dana.com.br\/canaldana\/2015\/08\/04\/man-comemora-20-anos-de-parceria-pioneira-com-a-abad\/"]}]},{"@type":"BreadcrumbList","@id":"https:\/\/dana.com.br\/canaldana\/2015\/08\/04\/man-comemora-20-anos-de-parceria-pioneira-com-a-abad\/#breadcrumb","itemListElement":[{"@type":"ListItem","position":1,"name":"Home","item":"https:\/\/dana.com.br\/canaldana\/"},{"@type":"ListItem","position":2,"name":"Mercado","item":"https:\/\/dana.com.br\/canaldana\/mercado\/"},{"@type":"ListItem","position":3,"name":"MAN comemora 20 anos de parceria pioneira com a ABAD"}]},{"@type":"WebSite","@id":"https:\/\/dana.com.br\/canaldana\/#website","url":"https:\/\/dana.com.br\/canaldana\/","name":"Canal Dana","description":"Informativo com as principais not\u00edcias da ind\u00fastria automotiva","potentialAction":[{"@type":"SearchAction","target":{"@type":"EntryPoint","urlTemplate":"https:\/\/dana.com.br\/canaldana\/?s={search_term_string}"},"query-input":{"@type":"PropertyValueSpecification","valueRequired":true,"valueName":"search_term_string"}}],"inLanguage":"pt-BR"},{"@type":"Person","@id":"https:\/\/dana.com.br\/canaldana\/#\/schema\/person\/3c21f22f56fcf3bc46b94bc60ea4fef6","name":"Canal Dana","image":{"@type":"ImageObject","inLanguage":"pt-BR","@id":"https:\/\/secure.gravatar.com\/avatar\/420aaf9278582877d9018637c6817617705899d2858d7572ef0fe59a6b6454b4?s=96&d=mm&r=g","url":"https:\/\/secure.gravatar.com\/avatar\/420aaf9278582877d9018637c6817617705899d2858d7572ef0fe59a6b6454b4?s=96&d=mm&r=g","contentUrl":"https:\/\/secure.gravatar.com\/avatar\/420aaf9278582877d9018637c6817617705899d2858d7572ef0fe59a6b6454b4?s=96&d=mm&r=g","caption":"Canal Dana"},"url":"https:\/\/dana.com.br\/canaldana\/author\/cdeditor\/"}]}},"_links":{"self":[{"href":"https:\/\/dana.com.br\/canaldana\/wp-json\/wp\/v2\/posts\/1395","targetHints":{"allow":["GET"]}}],"collection":[{"href":"https:\/\/dana.com.br\/canaldana\/wp-json\/wp\/v2\/posts"}],"about":[{"href":"https:\/\/dana.com.br\/canaldana\/wp-json\/wp\/v2\/types\/post"}],"author":[{"embeddable":true,"href":"https:\/\/dana.com.br\/canaldana\/wp-json\/wp\/v2\/users\/3"}],"replies":[{"embeddable":true,"href":"https:\/\/dana.com.br\/canaldana\/wp-json\/wp\/v2\/comments?post=1395"}],"version-history":[{"count":0,"href":"https:\/\/dana.com.br\/canaldana\/wp-json\/wp\/v2\/posts\/1395\/revisions"}],"wp:attachment":[{"href":"https:\/\/dana.com.br\/canaldana\/wp-json\/wp\/v2\/media?parent=1395"}],"wp:term":[{"taxonomy":"category","embeddable":true,"href":"https:\/\/dana.com.br\/canaldana\/wp-json\/wp\/v2\/categories?post=1395"},{"taxonomy":"post_tag","embeddable":true,"href":"https:\/\/dana.com.br\/canaldana\/wp-json\/wp\/v2\/tags?post=1395"}],"curies":[{"name":"wp","href":"https:\/\/api.w.org\/{rel}","templated":true}]}}