{"id":1364,"date":"2015-08-03T08:21:14","date_gmt":"2015-08-03T11:21:14","guid":{"rendered":"http:\/\/dana.com.br\/canaldana\/?p=1364"},"modified":"2015-08-03T08:21:14","modified_gmt":"2015-08-03T11:21:14","slug":"mercedes-benz-suspende-producao-pela-2a-vez-em-20-dias-e-demitira-em-setembro","status":"publish","type":"post","link":"https:\/\/dana.com.br\/canaldana\/2015\/08\/03\/mercedes-benz-suspende-producao-pela-2a-vez-em-20-dias-e-demitira-em-setembro\/","title":{"rendered":"Mercedes-Benz suspende produ\u00e7\u00e3o pela 2\u00aa vez em 20 dias e demitir\u00e1 em setembro"},"content":{"rendered":"<p><em>O Estado de S. Paulo<\/em><\/p>\n<p>&nbsp;<\/p>\n<p>A Mercedes\u00adBenz vai interromper toda a produ\u00e7\u00e3o de caminh\u00f5es e \u00f4nibus na f\u00e1brica de S\u00e3o Bernardo do Campo, no ABC paulista, pela segunda vez num prazo de 20 dias. A montadora anunciou ontem que dar\u00e1 licen\u00e7a remunerada aos 7 mil trabalhadores da produ\u00e7\u00e3o entre os dias 7 e 21. Esse mesmo grupo de funcion\u00e1rios retornou de f\u00e9rias coletivas de 20 dias na semana passada. A empresa informou ainda que dever\u00e1 promover demiss\u00f5es a partir de 1\u00ba de setembro.<\/p>\n<p>&nbsp;<\/p>\n<p>A montadora alega ter 2 mil trabalhadores excedentes, de um total de 10 mil (250 deles j\u00e1 est\u00e3o em lay\u00adoff). Sem detalhar n\u00fameros, afirmou que &#8220;est\u00e1 em estudo um ajuste no nosso quadro de colaboradores horistas e mensalistas&#8221;. A Mercedes est\u00e1 com um programa de demiss\u00e3o volunt\u00e1ria (PDV) aberto desde o dia 14, com encerramento previsto para daqui duas semanas. Segundo fontes, a ades\u00e3o, por enquanto, \u00e9 baixa.<\/p>\n<p>&nbsp;<\/p>\n<p>No in\u00edcio do m\u00eas, a empresa prop\u00f4s aos trabalhadores a redu\u00e7\u00e3o da jornada de trabalho em 20% e dos sal\u00e1rios em 10%, por per\u00edodo de um ano. Em troca, oferecia estabilidade no emprego nesse per\u00edodo. A proposta, contudo, foi rejeitada por 74% dos funcion\u00e1rios.<\/p>\n<p>&nbsp;<\/p>\n<p>Em raz\u00e3o da recusa, a empresa n\u00e3o tem planos de aderir ao Programa de Prote\u00e7\u00e3o ao Emprego (PPE), anunciado recentemente pelo governo e que prev\u00ea a redu\u00e7\u00e3o da jornada e dos sal\u00e1rios em at\u00e9 30%, mas 15% dos sal\u00e1rios s\u00e3o bancados pelo Fundo de Amparo ao Trabalhador (FAT). &#8220;O PPE j\u00e1 foi rejeitado por nossos trabalhadores&#8221;, diz o diretor de Comunica\u00e7\u00e3o e Rela\u00e7\u00f5es Institucionais da Mercedes, Luiz Carlos Moraes. Segundo ele, a proposta da empresa seria adaptada ao PPE ap\u00f3s sua oficializa\u00e7\u00e3o.<\/p>\n<p>&nbsp;<\/p>\n<p>O diretor do Sindicato dos Metal\u00fargicos do ABC e secret\u00e1rio\u00adgeral da CUT, S\u00e9rgio Nobre, disse que a entidade vai tentar negociar com a empresa uma alternativa aos cortes. &#8220;Reconhecemos o problema de queda na produ\u00e7\u00e3o, mas precisamos encontrar formas para fazer a travessia at\u00e9 que o mercado volte a melhorar&#8221;, diz ele, que \u00e9 funcion\u00e1rio da Mercedes.<\/p>\n<p>&nbsp;<\/p>\n<p>Nobre admite, contudo, que a rejei\u00e7\u00e3o da proposta que havia sido negociada entre a empresa e o sindicato, da redu\u00e7\u00e3o de jornada e sal\u00e1rios, &#8220;deixa a margem de negocia\u00e7\u00e3o estreita&#8221;. A entidade pretende procurar a dire\u00e7\u00e3o da empresa a partir de segunda\u00adfeira.<\/p>\n<p>&nbsp;<\/p>\n<p>A Mercedes alega que vem adotando, h\u00e1 mais de um ano, medidas como lay\u00adoff, PDV, f\u00e9rias coletivas, licen\u00e7a remunerada e semana reduzida de trabalho. Afirma que, diante da manuten\u00e7\u00e3o da forte queda nas vendas de ve\u00edculos comerciais, e sem outras alternativas no momento para gerenciar o excedente de pessoal, decidiu novamente interromper a produ\u00e7\u00e3o.<\/p>\n<p>&nbsp;<\/p>\n<p>No primeiro semestre, as vendas de caminh\u00f5es da marca ca\u00edram 42,8% em rela\u00e7\u00e3o ao mesmo per\u00edodo de 2014, para 9,5 mil unidades. As vendas de \u00f4nibus recuaram 14,2%, para 4,8 mil unidades. Em julho, o mercado de ve\u00edculos comerciais seguiu em queda.<\/p>\n<p>&nbsp;<\/p>\n<p>Em um ano, a ind\u00fastria automobil\u00edstica demitiu 14,5 mil trabalhadores, dos quais 7,6 mil nos \u00faltimos seis meses. Atualmente h\u00e1 quase 7 mil trabalhadores em lay\u00adoff (contratos suspensos por at\u00e9 cinco meses).<\/p>\n<p>&nbsp;<\/p>\n<p>A General Motors ainda n\u00e3o definiu o que far\u00e1 com o grupo de 778 funcion\u00e1rios da f\u00e1brica de S\u00e3o Jos\u00e9 dos Campos (SP), que est\u00e1 em lay\u00adoff, com retorno previsto para o dia 10. A empresa j\u00e1 manifestou interesse em aderir ao PPE, mas n\u00e3o oficializou a medida.<\/p>\n<p>&nbsp;<\/p>\n<p>Em S\u00e3o Bernardo do Campo, pelo menos tr\u00eas empresas de autope\u00e7as est\u00e3o perto de fechar acordo de ades\u00e3o.<\/p>\n<p>&nbsp;<\/p>\n<p><strong>Contrata\u00e7\u00f5es<\/strong><\/p>\n<p>&nbsp;<\/p>\n<p>Em meio aos an\u00fancios de cortes de produ\u00e7\u00e3o, na quinta\u00adfeira a Toyota anunciou que vai contratar 500 trabalhadores para suas f\u00e1bricas de S\u00e3o Paulo.<\/p>\n<p>&nbsp;<\/p>\n<p>Para a f\u00e1brica de Sorocaba ir\u00e3o 320 novos funcion\u00e1rios. Ela produz o compacto Etios e ter\u00e1 a capacidade ampliada de 74 mil para 108 mil unidades ao ano. A filial de Porto Feliz, que far\u00e1 motores, ser\u00e1 inaugurada no primeiro semestre de 2016 e os 180 funcion\u00e1rios que ser\u00e3o contratados agora v\u00e3o passar por treinamentos nesse per\u00edodo. (O Estado de S. Paulo\/Cleide Silve)<\/p>\n","protected":false},"excerpt":{"rendered":"<p>O Estado de S. Paulo &nbsp; A Mercedes\u00adBenz vai interromper toda a produ\u00e7\u00e3o de caminh\u00f5es e \u00f4nibus na f\u00e1brica de S\u00e3o Bernardo do Campo, no ABC paulista, pela segunda vez num prazo de 20 dias. A montadora anunciou ontem que dar\u00e1 licen\u00e7a remunerada aos 7 mil trabalhadores da produ\u00e7\u00e3o entre os dias 7 e 21.\u2026 <a class=\"readmore\" href=\"https:\/\/dana.com.br\/canaldana\/2015\/08\/03\/mercedes-benz-suspende-producao-pela-2a-vez-em-20-dias-e-demitira-em-setembro\/\">Leia mais \u00bb<\/a><\/p>\n","protected":false},"author":3,"featured_media":0,"comment_status":"closed","ping_status":"closed","sticky":false,"template":"","format":"standard","meta":{"_acf_changed":false,"footnotes":""},"categories":[79],"tags":[],"class_list":["post-1364","post","type-post","status-publish","format-standard","hentry","category-mercado"],"acf":[],"yoast_head":"<!-- This site is optimized with the Yoast SEO plugin v27.3 - https:\/\/yoast.com\/product\/yoast-seo-wordpress\/ -->\n<title>Mercedes-Benz suspende produ\u00e7\u00e3o pela 2\u00aa vez em 20 dias e demitir\u00e1 em setembro - Canal Dana<\/title>\n<meta name=\"robots\" content=\"index, follow, max-snippet:-1, max-image-preview:large, max-video-preview:-1\" \/>\n<link rel=\"canonical\" href=\"https:\/\/dana.com.br\/canaldana\/2015\/08\/03\/mercedes-benz-suspende-producao-pela-2a-vez-em-20-dias-e-demitira-em-setembro\/\" \/>\n<meta property=\"og:locale\" content=\"pt_BR\" \/>\n<meta property=\"og:type\" content=\"article\" \/>\n<meta property=\"og:title\" content=\"Mercedes-Benz suspende produ\u00e7\u00e3o pela 2\u00aa vez em 20 dias e demitir\u00e1 em setembro - Canal Dana\" \/>\n<meta property=\"og:description\" content=\"O Estado de S. Paulo &nbsp; A Mercedes\u00adBenz vai interromper toda a produ\u00e7\u00e3o de caminh\u00f5es e \u00f4nibus na f\u00e1brica de S\u00e3o Bernardo do Campo, no ABC paulista, pela segunda vez num prazo de 20 dias. A montadora anunciou ontem que dar\u00e1 licen\u00e7a remunerada aos 7 mil trabalhadores da produ\u00e7\u00e3o entre os dias 7 e 21.\u2026 Leia mais \u00bb\" \/>\n<meta property=\"og:url\" content=\"https:\/\/dana.com.br\/canaldana\/2015\/08\/03\/mercedes-benz-suspende-producao-pela-2a-vez-em-20-dias-e-demitira-em-setembro\/\" \/>\n<meta property=\"og:site_name\" content=\"Canal Dana\" \/>\n<meta property=\"article:published_time\" content=\"2015-08-03T11:21:14+00:00\" \/>\n<meta name=\"author\" content=\"Canal Dana\" \/>\n<meta name=\"twitter:card\" content=\"summary_large_image\" \/>\n<meta name=\"twitter:label1\" content=\"Escrito por\" \/>\n\t<meta name=\"twitter:data1\" content=\"Canal Dana\" \/>\n\t<meta name=\"twitter:label2\" content=\"Est. tempo de leitura\" \/>\n\t<meta name=\"twitter:data2\" content=\"4 minutos\" \/>\n<script type=\"application\/ld+json\" class=\"yoast-schema-graph\">{\"@context\":\"https:\\\/\\\/schema.org\",\"@graph\":[{\"@type\":\"Article\",\"@id\":\"https:\\\/\\\/dana.com.br\\\/canaldana\\\/2015\\\/08\\\/03\\\/mercedes-benz-suspende-producao-pela-2a-vez-em-20-dias-e-demitira-em-setembro\\\/#article\",\"isPartOf\":{\"@id\":\"https:\\\/\\\/dana.com.br\\\/canaldana\\\/2015\\\/08\\\/03\\\/mercedes-benz-suspende-producao-pela-2a-vez-em-20-dias-e-demitira-em-setembro\\\/\"},\"author\":{\"name\":\"Canal Dana\",\"@id\":\"https:\\\/\\\/dana.com.br\\\/canaldana\\\/#\\\/schema\\\/person\\\/3c21f22f56fcf3bc46b94bc60ea4fef6\"},\"headline\":\"Mercedes-Benz suspende produ\u00e7\u00e3o pela 2\u00aa vez em 20 dias e demitir\u00e1 em setembro\",\"datePublished\":\"2015-08-03T11:21:14+00:00\",\"mainEntityOfPage\":{\"@id\":\"https:\\\/\\\/dana.com.br\\\/canaldana\\\/2015\\\/08\\\/03\\\/mercedes-benz-suspende-producao-pela-2a-vez-em-20-dias-e-demitira-em-setembro\\\/\"},\"wordCount\":737,\"articleSection\":[\"Mercado\"],\"inLanguage\":\"pt-BR\"},{\"@type\":\"WebPage\",\"@id\":\"https:\\\/\\\/dana.com.br\\\/canaldana\\\/2015\\\/08\\\/03\\\/mercedes-benz-suspende-producao-pela-2a-vez-em-20-dias-e-demitira-em-setembro\\\/\",\"url\":\"https:\\\/\\\/dana.com.br\\\/canaldana\\\/2015\\\/08\\\/03\\\/mercedes-benz-suspende-producao-pela-2a-vez-em-20-dias-e-demitira-em-setembro\\\/\",\"name\":\"Mercedes-Benz suspende produ\u00e7\u00e3o pela 2\u00aa vez em 20 dias e demitir\u00e1 em setembro - Canal Dana\",\"isPartOf\":{\"@id\":\"https:\\\/\\\/dana.com.br\\\/canaldana\\\/#website\"},\"datePublished\":\"2015-08-03T11:21:14+00:00\",\"author\":{\"@id\":\"https:\\\/\\\/dana.com.br\\\/canaldana\\\/#\\\/schema\\\/person\\\/3c21f22f56fcf3bc46b94bc60ea4fef6\"},\"breadcrumb\":{\"@id\":\"https:\\\/\\\/dana.com.br\\\/canaldana\\\/2015\\\/08\\\/03\\\/mercedes-benz-suspende-producao-pela-2a-vez-em-20-dias-e-demitira-em-setembro\\\/#breadcrumb\"},\"inLanguage\":\"pt-BR\",\"potentialAction\":[{\"@type\":\"ReadAction\",\"target\":[\"https:\\\/\\\/dana.com.br\\\/canaldana\\\/2015\\\/08\\\/03\\\/mercedes-benz-suspende-producao-pela-2a-vez-em-20-dias-e-demitira-em-setembro\\\/\"]}]},{\"@type\":\"BreadcrumbList\",\"@id\":\"https:\\\/\\\/dana.com.br\\\/canaldana\\\/2015\\\/08\\\/03\\\/mercedes-benz-suspende-producao-pela-2a-vez-em-20-dias-e-demitira-em-setembro\\\/#breadcrumb\",\"itemListElement\":[{\"@type\":\"ListItem\",\"position\":1,\"name\":\"Home\",\"item\":\"https:\\\/\\\/dana.com.br\\\/canaldana\\\/\"},{\"@type\":\"ListItem\",\"position\":2,\"name\":\"Mercado\",\"item\":\"https:\\\/\\\/dana.com.br\\\/canaldana\\\/mercado\\\/\"},{\"@type\":\"ListItem\",\"position\":3,\"name\":\"Mercedes-Benz suspende produ\u00e7\u00e3o pela 2\u00aa vez em 20 dias e demitir\u00e1 em setembro\"}]},{\"@type\":\"WebSite\",\"@id\":\"https:\\\/\\\/dana.com.br\\\/canaldana\\\/#website\",\"url\":\"https:\\\/\\\/dana.com.br\\\/canaldana\\\/\",\"name\":\"Canal Dana\",\"description\":\"Informativo com as principais not\u00edcias da ind\u00fastria automotiva\",\"potentialAction\":[{\"@type\":\"SearchAction\",\"target\":{\"@type\":\"EntryPoint\",\"urlTemplate\":\"https:\\\/\\\/dana.com.br\\\/canaldana\\\/?s={search_term_string}\"},\"query-input\":{\"@type\":\"PropertyValueSpecification\",\"valueRequired\":true,\"valueName\":\"search_term_string\"}}],\"inLanguage\":\"pt-BR\"},{\"@type\":\"Person\",\"@id\":\"https:\\\/\\\/dana.com.br\\\/canaldana\\\/#\\\/schema\\\/person\\\/3c21f22f56fcf3bc46b94bc60ea4fef6\",\"name\":\"Canal Dana\",\"image\":{\"@type\":\"ImageObject\",\"inLanguage\":\"pt-BR\",\"@id\":\"https:\\\/\\\/secure.gravatar.com\\\/avatar\\\/420aaf9278582877d9018637c6817617705899d2858d7572ef0fe59a6b6454b4?s=96&d=mm&r=g\",\"url\":\"https:\\\/\\\/secure.gravatar.com\\\/avatar\\\/420aaf9278582877d9018637c6817617705899d2858d7572ef0fe59a6b6454b4?s=96&d=mm&r=g\",\"contentUrl\":\"https:\\\/\\\/secure.gravatar.com\\\/avatar\\\/420aaf9278582877d9018637c6817617705899d2858d7572ef0fe59a6b6454b4?s=96&d=mm&r=g\",\"caption\":\"Canal Dana\"},\"url\":\"https:\\\/\\\/dana.com.br\\\/canaldana\\\/author\\\/cdeditor\\\/\"}]}<\/script>\n<!-- \/ Yoast SEO plugin. -->","yoast_head_json":{"title":"Mercedes-Benz suspende produ\u00e7\u00e3o pela 2\u00aa vez em 20 dias e demitir\u00e1 em setembro - Canal Dana","robots":{"index":"index","follow":"follow","max-snippet":"max-snippet:-1","max-image-preview":"max-image-preview:large","max-video-preview":"max-video-preview:-1"},"canonical":"https:\/\/dana.com.br\/canaldana\/2015\/08\/03\/mercedes-benz-suspende-producao-pela-2a-vez-em-20-dias-e-demitira-em-setembro\/","og_locale":"pt_BR","og_type":"article","og_title":"Mercedes-Benz suspende produ\u00e7\u00e3o pela 2\u00aa vez em 20 dias e demitir\u00e1 em setembro - Canal Dana","og_description":"O Estado de S. Paulo &nbsp; A Mercedes\u00adBenz vai interromper toda a produ\u00e7\u00e3o de caminh\u00f5es e \u00f4nibus na f\u00e1brica de S\u00e3o Bernardo do Campo, no ABC paulista, pela segunda vez num prazo de 20 dias. A montadora anunciou ontem que dar\u00e1 licen\u00e7a remunerada aos 7 mil trabalhadores da produ\u00e7\u00e3o entre os dias 7 e 21.\u2026 Leia mais \u00bb","og_url":"https:\/\/dana.com.br\/canaldana\/2015\/08\/03\/mercedes-benz-suspende-producao-pela-2a-vez-em-20-dias-e-demitira-em-setembro\/","og_site_name":"Canal Dana","article_published_time":"2015-08-03T11:21:14+00:00","author":"Canal Dana","twitter_card":"summary_large_image","twitter_misc":{"Escrito por":"Canal Dana","Est. tempo de leitura":"4 minutos"},"schema":{"@context":"https:\/\/schema.org","@graph":[{"@type":"Article","@id":"https:\/\/dana.com.br\/canaldana\/2015\/08\/03\/mercedes-benz-suspende-producao-pela-2a-vez-em-20-dias-e-demitira-em-setembro\/#article","isPartOf":{"@id":"https:\/\/dana.com.br\/canaldana\/2015\/08\/03\/mercedes-benz-suspende-producao-pela-2a-vez-em-20-dias-e-demitira-em-setembro\/"},"author":{"name":"Canal Dana","@id":"https:\/\/dana.com.br\/canaldana\/#\/schema\/person\/3c21f22f56fcf3bc46b94bc60ea4fef6"},"headline":"Mercedes-Benz suspende produ\u00e7\u00e3o pela 2\u00aa vez em 20 dias e demitir\u00e1 em setembro","datePublished":"2015-08-03T11:21:14+00:00","mainEntityOfPage":{"@id":"https:\/\/dana.com.br\/canaldana\/2015\/08\/03\/mercedes-benz-suspende-producao-pela-2a-vez-em-20-dias-e-demitira-em-setembro\/"},"wordCount":737,"articleSection":["Mercado"],"inLanguage":"pt-BR"},{"@type":"WebPage","@id":"https:\/\/dana.com.br\/canaldana\/2015\/08\/03\/mercedes-benz-suspende-producao-pela-2a-vez-em-20-dias-e-demitira-em-setembro\/","url":"https:\/\/dana.com.br\/canaldana\/2015\/08\/03\/mercedes-benz-suspende-producao-pela-2a-vez-em-20-dias-e-demitira-em-setembro\/","name":"Mercedes-Benz suspende produ\u00e7\u00e3o pela 2\u00aa vez em 20 dias e demitir\u00e1 em setembro - Canal Dana","isPartOf":{"@id":"https:\/\/dana.com.br\/canaldana\/#website"},"datePublished":"2015-08-03T11:21:14+00:00","author":{"@id":"https:\/\/dana.com.br\/canaldana\/#\/schema\/person\/3c21f22f56fcf3bc46b94bc60ea4fef6"},"breadcrumb":{"@id":"https:\/\/dana.com.br\/canaldana\/2015\/08\/03\/mercedes-benz-suspende-producao-pela-2a-vez-em-20-dias-e-demitira-em-setembro\/#breadcrumb"},"inLanguage":"pt-BR","potentialAction":[{"@type":"ReadAction","target":["https:\/\/dana.com.br\/canaldana\/2015\/08\/03\/mercedes-benz-suspende-producao-pela-2a-vez-em-20-dias-e-demitira-em-setembro\/"]}]},{"@type":"BreadcrumbList","@id":"https:\/\/dana.com.br\/canaldana\/2015\/08\/03\/mercedes-benz-suspende-producao-pela-2a-vez-em-20-dias-e-demitira-em-setembro\/#breadcrumb","itemListElement":[{"@type":"ListItem","position":1,"name":"Home","item":"https:\/\/dana.com.br\/canaldana\/"},{"@type":"ListItem","position":2,"name":"Mercado","item":"https:\/\/dana.com.br\/canaldana\/mercado\/"},{"@type":"ListItem","position":3,"name":"Mercedes-Benz suspende produ\u00e7\u00e3o pela 2\u00aa vez em 20 dias e demitir\u00e1 em setembro"}]},{"@type":"WebSite","@id":"https:\/\/dana.com.br\/canaldana\/#website","url":"https:\/\/dana.com.br\/canaldana\/","name":"Canal Dana","description":"Informativo com as principais not\u00edcias da ind\u00fastria automotiva","potentialAction":[{"@type":"SearchAction","target":{"@type":"EntryPoint","urlTemplate":"https:\/\/dana.com.br\/canaldana\/?s={search_term_string}"},"query-input":{"@type":"PropertyValueSpecification","valueRequired":true,"valueName":"search_term_string"}}],"inLanguage":"pt-BR"},{"@type":"Person","@id":"https:\/\/dana.com.br\/canaldana\/#\/schema\/person\/3c21f22f56fcf3bc46b94bc60ea4fef6","name":"Canal Dana","image":{"@type":"ImageObject","inLanguage":"pt-BR","@id":"https:\/\/secure.gravatar.com\/avatar\/420aaf9278582877d9018637c6817617705899d2858d7572ef0fe59a6b6454b4?s=96&d=mm&r=g","url":"https:\/\/secure.gravatar.com\/avatar\/420aaf9278582877d9018637c6817617705899d2858d7572ef0fe59a6b6454b4?s=96&d=mm&r=g","contentUrl":"https:\/\/secure.gravatar.com\/avatar\/420aaf9278582877d9018637c6817617705899d2858d7572ef0fe59a6b6454b4?s=96&d=mm&r=g","caption":"Canal Dana"},"url":"https:\/\/dana.com.br\/canaldana\/author\/cdeditor\/"}]}},"_links":{"self":[{"href":"https:\/\/dana.com.br\/canaldana\/wp-json\/wp\/v2\/posts\/1364","targetHints":{"allow":["GET"]}}],"collection":[{"href":"https:\/\/dana.com.br\/canaldana\/wp-json\/wp\/v2\/posts"}],"about":[{"href":"https:\/\/dana.com.br\/canaldana\/wp-json\/wp\/v2\/types\/post"}],"author":[{"embeddable":true,"href":"https:\/\/dana.com.br\/canaldana\/wp-json\/wp\/v2\/users\/3"}],"replies":[{"embeddable":true,"href":"https:\/\/dana.com.br\/canaldana\/wp-json\/wp\/v2\/comments?post=1364"}],"version-history":[{"count":0,"href":"https:\/\/dana.com.br\/canaldana\/wp-json\/wp\/v2\/posts\/1364\/revisions"}],"wp:attachment":[{"href":"https:\/\/dana.com.br\/canaldana\/wp-json\/wp\/v2\/media?parent=1364"}],"wp:term":[{"taxonomy":"category","embeddable":true,"href":"https:\/\/dana.com.br\/canaldana\/wp-json\/wp\/v2\/categories?post=1364"},{"taxonomy":"post_tag","embeddable":true,"href":"https:\/\/dana.com.br\/canaldana\/wp-json\/wp\/v2\/tags?post=1364"}],"curies":[{"name":"wp","href":"https:\/\/api.w.org\/{rel}","templated":true}]}}